{"id":218400,"date":"2026-02-19T20:24:00","date_gmt":"2026-02-19T23:24:00","guid":{"rendered":"https:\/\/portaltela.pt\/noticias\/2026\/02\/19\/chega-requer-audicao-de-ex-ministra-da-administracao-interna-na-cpi\/"},"modified":"2026-02-19T20:24:00","modified_gmt":"2026-02-19T23:24:00","slug":"chega-requer-audicao-de-ex-ministra-da-administracao-interna-na-cpi","status":"publish","type":"post","link":"https:\/\/portaltela.pt\/noticias\/politica\/2026\/02\/19\/chega-requer-audicao-de-ex-ministra-da-administracao-interna-na-cpi\/","title":{"rendered":"Chega requer audi\u00e7\u00e3o de ex-ministra da Administra\u00e7\u00e3o Interna na CPI"},"content":{"rendered":"<p>O Chega anunciou que pretende ouvir a ex-ministra da Administra\u00e7\u00e3o Interna, Maria L\u00facia Amaral, na Comiss\u00e3o Parlamentar de Inqu\u00e9rito aos inc\u00eandios do \u00faltimo ver\u00e3o. A audi\u00e7\u00e3o \u00e9 considerada pelo partido fundamental para o apuramento dos factos.<\/p>\n<p>A lista de entidades a ouvir, publicada pelo grupo parlamentar, atribui particular relev\u00e2ncia \u00e0 antiga governante no enquadramento da investiga\u00e7\u00e3o. O Chega sustenta que a audi\u00e7\u00e3o pode esclarecer aspetos da atua\u00e7\u00e3o do Estado durante o per\u00edodo cr\u00edtico.<\/p>\n<p>O partido indica que Maria L\u00facia Amaral foi, na sua perspetiva, uma ministra pouco vis\u00edvel ao longo do mandato, deixando decis\u00f5es cr\u00edticas sem respostas claras. A preferida do Chega \u00e9 ouvir a ex-ministra, que se demitiu recentemente.<\/p>\n<p>Para o Chega, a presen\u00e7a de Amaral \u00e9 essencial para o apuramento completo da verdade sobre a gest\u00e3o p\u00fablica nos inc\u00eandios. O grupo refor\u00e7a a necessidade de transpar\u00eancia na comiss\u00e3o e de expor eventuais falhas graves na resposta estatal.<\/p>\n<p>Andr\u00e9 Ventura, l\u00edder do Chega, enfatiza que a comiss\u00e3o deve cumprir a sua miss\u00e3o sem evasivas, independentemente das consequ\u00eancias pol\u00edticas. O objetivo \u00e9 apresentado como revelar a atua\u00e7\u00e3o do Estado neste per\u00edodo tr\u00e1gico para Portugal.<\/p>\n","protected":false},"excerpt":{"rendered":"<ul>\n<li>O Chega pediu audi\u00e7\u00e3o da antiga ministra da Administra\u00e7\u00e3o Interna, Maria L\u00facia Amaral, na Comiss\u00e3o Parlamentar de Inqu\u00e9rito aos inc\u00eandios do \u00faltimo ver\u00e3o.<\/li>\n<\/ul>\n<p>\u2022<\/p>\n<ul>\n<li>O partido publicou uma lista de entidades a ouvir, destacando Maria L\u00facia Amaral como prioridade.<\/li>\n<\/ul>\n<p>\u2022<\/p>\n<ul>\n<li>O Chega afirma que a ex-ministra foi &#8220;praticamente invis\u00edvel&#8221; durante o mandato, deixando decis\u00f5es cr\u00edticas sem respostas claras.<\/li>\n<\/ul>\n<p>\u2022<\/p>\n<ul>\n<li>A audi\u00e7\u00e3o \u00e9 tida como fundamental para apurar factos e permitir aos portugueses conhecer a verdade sobre a atua\u00e7\u00e3o do Estado em mais um per\u00edodo tr\u00e1gico.<\/li>\n<\/ul>\n<p>\u2022<\/p>\n<ul>\n<li>O Chega rejeita sil\u00eancio ou fuga de responsabilidades e defende que a comiss\u00e3o funcione com total transpar\u00eancia, expondo falhas da gest\u00e3o.<\/li>\n<\/ul>\n","protected":false},"author":2,"featured_media":218406,"comment_status":"closed","ping_status":"closed","sticky":false,"template":"","format":"standard","meta":{"footnotes":""},"categories":[1,5],"tags":[5806,2142,34,2617,2832,1014],"class_list":["post-218400","post","type-post","status-publish","format-standard","has-post-thumbnail","hentry","category-noticias","category-politica","tag-a-administracao-interna","tag-chega","tag-governo","tag-incendios","tag-politica","tag-portugal"],"yoast_head":"<!-- This site is optimized with the Yoast SEO plugin v27.2 - https:\/\/yoast.com\/product\/yoast-seo-wordpress\/ -->\n<title>Chega requer audi\u00e7\u00e3o de ex-ministra da Administra\u00e7\u00e3o Interna na CPI - Portal Tela Portugal<\/title>\n<meta name=\"robots\" content=\"index, follow, max-snippet:-1, max-image-preview:large, max-video-preview:-1\" \/>\n<meta property=\"og:locale\" content=\"pt_PT\" \/>\n<meta property=\"og:type\" content=\"article\" \/>\n<meta property=\"og:title\" content=\"Chega requer audi\u00e7\u00e3o de ex-ministra da Administra\u00e7\u00e3o Interna na CPI - Portal Tela Portugal\" \/>\n<meta property=\"og:description\" content=\"O Chega pediu audi\u00e7\u00e3o da antiga ministra da Administra\u00e7\u00e3o Interna, Maria L\u00facia Amaral, na Comiss\u00e3o Parlamentar de Inqu\u00e9rito aos inc\u00eandios do \u00faltimo ver\u00e3o. \u2022 O partido publicou uma lista de entidades a ouvir, destacando Maria L\u00facia Amaral como prioridade. \u2022 O Chega afirma que a ex-ministra foi &quot;praticamente invis\u00edvel&quot; durante o mandato, deixando decis\u00f5es cr\u00edticas sem respostas claras. \u2022 A audi\u00e7\u00e3o \u00e9 tida como fundamental para apurar factos e permitir aos portugueses conhecer a verdade sobre a atua\u00e7\u00e3o do Estado em mais um per\u00edodo tr\u00e1gico. \u2022 O Chega rejeita sil\u00eancio ou fuga de responsabilidades e defende que a comiss\u00e3o funcione com total transpar\u00eancia, expondo falhas da gest\u00e3o.\" \/>\n<meta property=\"og:url\" content=\"https:\/\/portaltela.pt\/noticias\/2026\/02\/19\/chega-requer-audicao-de-ex-ministra-da-administracao-interna-na-cpi\/\" \/>\n<meta property=\"og:site_name\" content=\"Portal Tela Portugal\" \/>\n<meta property=\"article:published_time\" content=\"2026-02-19T23:24:00+00:00\" \/>\n<meta name=\"author\" content=\"Telinha\" \/>\n<meta name=\"twitter:card\" content=\"summary_large_image\" \/>\n<meta name=\"twitter:label1\" content=\"Escrito por\" \/>\n\t<meta name=\"twitter:data1\" content=\"Telinha\" \/>\n\t<meta name=\"twitter:label2\" content=\"Tempo estimado de leitura\" \/>\n\t<meta name=\"twitter:data2\" content=\"1 minuto\" \/>\n<script type=\"application\/ld+json\" class=\"yoast-schema-graph\">{\"@context\":\"https:\/\/schema.org\",\"@graph\":[{\"@type\":\"Article\",\"@id\":\"https:\/\/portaltela.pt\/noticias\/2026\/02\/19\/chega-requer-audicao-de-ex-ministra-da-administracao-interna-na-cpi\/#article\",\"isPartOf\":{\"@id\":\"https:\/\/portaltela.pt\/noticias\/2026\/02\/19\/chega-requer-audicao-de-ex-ministra-da-administracao-interna-na-cpi\/\"},\"author\":{\"name\":\"Telinha\",\"@id\":\"https:\/\/portaltela.pt\/#\/schema\/person\/c4278d4a6028830caff9ee44b42d32ed\"},\"headline\":\"Chega requer audi\u00e7\u00e3o de ex-ministra da Administra\u00e7\u00e3o Interna na CPI\",\"datePublished\":\"2026-02-19T23:24:00+00:00\",\"mainEntityOfPage\":{\"@id\":\"https:\/\/portaltela.pt\/noticias\/2026\/02\/19\/chega-requer-audicao-de-ex-ministra-da-administracao-interna-na-cpi\/\"},\"wordCount\":223,\"image\":{\"@id\":\"https:\/\/portaltela.pt\/noticias\/2026\/02\/19\/chega-requer-audicao-de-ex-ministra-da-administracao-interna-na-cpi\/#primaryimage\"},\"thumbnailUrl\":\"https:\/\/portaltela.pt\/s.01k8rhncp4jt1\/2026\/02\/img_1500x1000uu2025-08-20-18-55-03-2230346-2.jpg\",\"keywords\":[\"A Administra\u00e7\u00e3o Interna\",\"CHEGA\",\"governo\",\"inc\u00eandios\",\"pol\u00edtica\",\"Portugal\"],\"articleSection\":[\"Not\u00edcias\",\"Pol\u00edtica\"],\"inLanguage\":\"pt-PT\"},{\"@type\":\"WebPage\",\"@id\":\"https:\/\/portaltela.pt\/noticias\/2026\/02\/19\/chega-requer-audicao-de-ex-ministra-da-administracao-interna-na-cpi\/\",\"url\":\"https:\/\/portaltela.pt\/noticias\/2026\/02\/19\/chega-requer-audicao-de-ex-ministra-da-administracao-interna-na-cpi\/\",\"name\":\"Chega requer audi\u00e7\u00e3o de ex-ministra da Administra\u00e7\u00e3o Interna na CPI - Portal Tela Portugal\",\"isPartOf\":{\"@id\":\"https:\/\/portaltela.pt\/#website\"},\"primaryImageOfPage\":{\"@id\":\"https:\/\/portaltela.pt\/noticias\/2026\/02\/19\/chega-requer-audicao-de-ex-ministra-da-administracao-interna-na-cpi\/#primaryimage\"},\"image\":{\"@id\":\"https:\/\/portaltela.pt\/noticias\/2026\/02\/19\/chega-requer-audicao-de-ex-ministra-da-administracao-interna-na-cpi\/#primaryimage\"},\"thumbnailUrl\":\"https:\/\/portaltela.pt\/s.01k8rhncp4jt1\/2026\/02\/img_1500x1000uu2025-08-20-18-55-03-2230346-2.jpg\",\"datePublished\":\"2026-02-19T23:24:00+00:00\",\"author\":{\"@id\":\"https:\/\/portaltela.pt\/#\/schema\/person\/c4278d4a6028830caff9ee44b42d32ed\"},\"breadcrumb\":{\"@id\":\"https:\/\/portaltela.pt\/noticias\/2026\/02\/19\/chega-requer-audicao-de-ex-ministra-da-administracao-interna-na-cpi\/#breadcrumb\"},\"inLanguage\":\"pt-PT\",\"potentialAction\":[{\"@type\":\"ReadAction\",\"target\":[\"https:\/\/portaltela.pt\/noticias\/2026\/02\/19\/chega-requer-audicao-de-ex-ministra-da-administracao-interna-na-cpi\/\"]}]},{\"@type\":\"ImageObject\",\"inLanguage\":\"pt-PT\",\"@id\":\"https:\/\/portaltela.pt\/noticias\/2026\/02\/19\/chega-requer-audicao-de-ex-ministra-da-administracao-interna-na-cpi\/#primaryimage\",\"url\":\"https:\/\/portaltela.pt\/s.01k8rhncp4jt1\/2026\/02\/img_1500x1000uu2025-08-20-18-55-03-2230346-2.jpg\",\"contentUrl\":\"https:\/\/portaltela.pt\/s.01k8rhncp4jt1\/2026\/02\/img_1500x1000uu2025-08-20-18-55-03-2230346-2.jpg\",\"width\":796,\"height\":448,\"caption\":\"Ex-ministra da Admnistra\u00e7\u00e3o Interna, Maria L\u00facia Amaral\"},{\"@type\":\"BreadcrumbList\",\"@id\":\"https:\/\/portaltela.pt\/noticias\/2026\/02\/19\/chega-requer-audicao-de-ex-ministra-da-administracao-interna-na-cpi\/#breadcrumb\",\"itemListElement\":[{\"@type\":\"ListItem\",\"position\":1,\"name\":\"In\u00edcio\",\"item\":\"https:\/\/portaltela.pt\/\"},{\"@type\":\"ListItem\",\"position\":2,\"name\":\"Chega requer audi\u00e7\u00e3o de ex-ministra da Administra\u00e7\u00e3o Interna na CPI\"}]},{\"@type\":\"WebSite\",\"@id\":\"https:\/\/portaltela.pt\/#website\",\"url\":\"https:\/\/portaltela.pt\/\",\"name\":\"Portal Tela Portugal\",\"description\":\"\",\"potentialAction\":[{\"@type\":\"SearchAction\",\"target\":{\"@type\":\"EntryPoint\",\"urlTemplate\":\"https:\/\/portaltela.pt\/?s={search_term_string}\"},\"query-input\":{\"@type\":\"PropertyValueSpecification\",\"valueRequired\":true,\"valueName\":\"search_term_string\"}}],\"inLanguage\":\"pt-PT\"},{\"@type\":\"Person\",\"@id\":\"https:\/\/portaltela.pt\/#\/schema\/person\/c4278d4a6028830caff9ee44b42d32ed\",\"name\":\"Telinha\",\"image\":{\"@type\":\"ImageObject\",\"inLanguage\":\"pt-PT\",\"@id\":\"https:\/\/portaltela.pt\/s.01k8rhncp4jt1\/2025\/11\/talking-bot-125x125.png\",\"url\":\"https:\/\/portaltela.pt\/s.01k8rhncp4jt1\/2025\/11\/talking-bot-125x125.png\",\"contentUrl\":\"https:\/\/portaltela.pt\/s.01k8rhncp4jt1\/2025\/11\/talking-bot-125x125.png\",\"caption\":\"Telinha\"},\"sameAs\":[\"https:\/\/portaltela.pt\/\"],\"url\":\"https:\/\/portaltela.pt\/por\/367410592786\/\"}]}<\/script>\n<!-- \/ Yoast SEO plugin. -->","yoast_head_json":{"title":"Chega requer audi\u00e7\u00e3o de ex-ministra da Administra\u00e7\u00e3o Interna na CPI - Portal Tela Portugal","robots":{"index":"index","follow":"follow","max-snippet":"max-snippet:-1","max-image-preview":"max-image-preview:large","max-video-preview":"max-video-preview:-1"},"og_locale":"pt_PT","og_type":"article","og_title":"Chega requer audi\u00e7\u00e3o de ex-ministra da Administra\u00e7\u00e3o Interna na CPI - Portal Tela Portugal","og_description":"O Chega pediu audi\u00e7\u00e3o da antiga ministra da Administra\u00e7\u00e3o Interna, Maria L\u00facia Amaral, na Comiss\u00e3o Parlamentar de Inqu\u00e9rito aos inc\u00eandios do \u00faltimo ver\u00e3o. \u2022 O partido publicou uma lista de entidades a ouvir, destacando Maria L\u00facia Amaral como prioridade. \u2022 O Chega afirma que a ex-ministra foi \"praticamente invis\u00edvel\" durante o mandato, deixando decis\u00f5es cr\u00edticas sem respostas claras. \u2022 A audi\u00e7\u00e3o \u00e9 tida como fundamental para apurar factos e permitir aos portugueses conhecer a verdade sobre a atua\u00e7\u00e3o do Estado em mais um per\u00edodo tr\u00e1gico. \u2022 O Chega rejeita sil\u00eancio ou fuga de responsabilidades e defende que a comiss\u00e3o funcione com total transpar\u00eancia, expondo falhas da gest\u00e3o.","og_url":"https:\/\/portaltela.pt\/noticias\/2026\/02\/19\/chega-requer-audicao-de-ex-ministra-da-administracao-interna-na-cpi\/","og_site_name":"Portal Tela Portugal","article_published_time":"2026-02-19T23:24:00+00:00","author":"Telinha","twitter_card":"summary_large_image","twitter_misc":{"Escrito por":"Telinha","Tempo estimado de leitura":"1 minuto"},"schema":{"@context":"https:\/\/schema.org","@graph":[{"@type":"Article","@id":"https:\/\/portaltela.pt\/noticias\/2026\/02\/19\/chega-requer-audicao-de-ex-ministra-da-administracao-interna-na-cpi\/#article","isPartOf":{"@id":"https:\/\/portaltela.pt\/noticias\/2026\/02\/19\/chega-requer-audicao-de-ex-ministra-da-administracao-interna-na-cpi\/"},"author":{"name":"Telinha","@id":"https:\/\/portaltela.pt\/#\/schema\/person\/c4278d4a6028830caff9ee44b42d32ed"},"headline":"Chega requer audi\u00e7\u00e3o de ex-ministra da Administra\u00e7\u00e3o Interna na CPI","datePublished":"2026-02-19T23:24:00+00:00","mainEntityOfPage":{"@id":"https:\/\/portaltela.pt\/noticias\/2026\/02\/19\/chega-requer-audicao-de-ex-ministra-da-administracao-interna-na-cpi\/"},"wordCount":223,"image":{"@id":"https:\/\/portaltela.pt\/noticias\/2026\/02\/19\/chega-requer-audicao-de-ex-ministra-da-administracao-interna-na-cpi\/#primaryimage"},"thumbnailUrl":"https:\/\/portaltela.pt\/s.01k8rhncp4jt1\/2026\/02\/img_1500x1000uu2025-08-20-18-55-03-2230346-2.jpg","keywords":["A Administra\u00e7\u00e3o Interna","CHEGA","governo","inc\u00eandios","pol\u00edtica","Portugal"],"articleSection":["Not\u00edcias","Pol\u00edtica"],"inLanguage":"pt-PT"},{"@type":"WebPage","@id":"https:\/\/portaltela.pt\/noticias\/2026\/02\/19\/chega-requer-audicao-de-ex-ministra-da-administracao-interna-na-cpi\/","url":"https:\/\/portaltela.pt\/noticias\/2026\/02\/19\/chega-requer-audicao-de-ex-ministra-da-administracao-interna-na-cpi\/","name":"Chega requer audi\u00e7\u00e3o de ex-ministra da Administra\u00e7\u00e3o Interna na CPI - Portal Tela Portugal","isPartOf":{"@id":"https:\/\/portaltela.pt\/#website"},"primaryImageOfPage":{"@id":"https:\/\/portaltela.pt\/noticias\/2026\/02\/19\/chega-requer-audicao-de-ex-ministra-da-administracao-interna-na-cpi\/#primaryimage"},"image":{"@id":"https:\/\/portaltela.pt\/noticias\/2026\/02\/19\/chega-requer-audicao-de-ex-ministra-da-administracao-interna-na-cpi\/#primaryimage"},"thumbnailUrl":"https:\/\/portaltela.pt\/s.01k8rhncp4jt1\/2026\/02\/img_1500x1000uu2025-08-20-18-55-03-2230346-2.jpg","datePublished":"2026-02-19T23:24:00+00:00","author":{"@id":"https:\/\/portaltela.pt\/#\/schema\/person\/c4278d4a6028830caff9ee44b42d32ed"},"breadcrumb":{"@id":"https:\/\/portaltela.pt\/noticias\/2026\/02\/19\/chega-requer-audicao-de-ex-ministra-da-administracao-interna-na-cpi\/#breadcrumb"},"inLanguage":"pt-PT","potentialAction":[{"@type":"ReadAction","target":["https:\/\/portaltela.pt\/noticias\/2026\/02\/19\/chega-requer-audicao-de-ex-ministra-da-administracao-interna-na-cpi\/"]}]},{"@type":"ImageObject","inLanguage":"pt-PT","@id":"https:\/\/portaltela.pt\/noticias\/2026\/02\/19\/chega-requer-audicao-de-ex-ministra-da-administracao-interna-na-cpi\/#primaryimage","url":"https:\/\/portaltela.pt\/s.01k8rhncp4jt1\/2026\/02\/img_1500x1000uu2025-08-20-18-55-03-2230346-2.jpg","contentUrl":"https:\/\/portaltela.pt\/s.01k8rhncp4jt1\/2026\/02\/img_1500x1000uu2025-08-20-18-55-03-2230346-2.jpg","width":796,"height":448,"caption":"Ex-ministra da Admnistra\u00e7\u00e3o Interna, Maria L\u00facia Amaral"},{"@type":"BreadcrumbList","@id":"https:\/\/portaltela.pt\/noticias\/2026\/02\/19\/chega-requer-audicao-de-ex-ministra-da-administracao-interna-na-cpi\/#breadcrumb","itemListElement":[{"@type":"ListItem","position":1,"name":"In\u00edcio","item":"https:\/\/portaltela.pt\/"},{"@type":"ListItem","position":2,"name":"Chega requer audi\u00e7\u00e3o de ex-ministra da Administra\u00e7\u00e3o Interna na CPI"}]},{"@type":"WebSite","@id":"https:\/\/portaltela.pt\/#website","url":"https:\/\/portaltela.pt\/","name":"Portal Tela Portugal","description":"","potentialAction":[{"@type":"SearchAction","target":{"@type":"EntryPoint","urlTemplate":"https:\/\/portaltela.pt\/?s={search_term_string}"},"query-input":{"@type":"PropertyValueSpecification","valueRequired":true,"valueName":"search_term_string"}}],"inLanguage":"pt-PT"},{"@type":"Person","@id":"https:\/\/portaltela.pt\/#\/schema\/person\/c4278d4a6028830caff9ee44b42d32ed","name":"Telinha","image":{"@type":"ImageObject","inLanguage":"pt-PT","@id":"https:\/\/portaltela.pt\/s.01k8rhncp4jt1\/2025\/11\/talking-bot-125x125.png","url":"https:\/\/portaltela.pt\/s.01k8rhncp4jt1\/2025\/11\/talking-bot-125x125.png","contentUrl":"https:\/\/portaltela.pt\/s.01k8rhncp4jt1\/2025\/11\/talking-bot-125x125.png","caption":"Telinha"},"sameAs":["https:\/\/portaltela.pt\/"],"url":"https:\/\/portaltela.pt\/por\/367410592786\/"}]}},"_links":{"self":[{"href":"https:\/\/portaltela.pt\/api\/wp\/v2\/posts\/218400","targetHints":{"allow":["GET"]}}],"collection":[{"href":"https:\/\/portaltela.pt\/api\/wp\/v2\/posts"}],"about":[{"href":"https:\/\/portaltela.pt\/api\/wp\/v2\/types\/post"}],"author":[{"embeddable":true,"href":"https:\/\/portaltela.pt\/api\/wp\/v2\/users\/2"}],"replies":[{"embeddable":true,"href":"https:\/\/portaltela.pt\/api\/wp\/v2\/comments?post=218400"}],"version-history":[{"count":0,"href":"https:\/\/portaltela.pt\/api\/wp\/v2\/posts\/218400\/revisions"}],"wp:featuredmedia":[{"embeddable":true,"href":"https:\/\/portaltela.pt\/api\/wp\/v2\/media\/218406"}],"wp:attachment":[{"href":"https:\/\/portaltela.pt\/api\/wp\/v2\/media?parent=218400"}],"wp:term":[{"taxonomy":"category","embeddable":true,"href":"https:\/\/portaltela.pt\/api\/wp\/v2\/categories?post=218400"},{"taxonomy":"post_tag","embeddable":true,"href":"https:\/\/portaltela.pt\/api\/wp\/v2\/tags?post=218400"}],"curies":[{"name":"wp","href":"https:\/\/api.w.org\/{rel}","templated":true}]}}