{"id":218397,"date":"2026-02-19T20:26:54","date_gmt":"2026-02-19T23:26:54","guid":{"rendered":"https:\/\/portaltela.pt\/noticias\/2026\/02\/19\/ps-aprova-lay-off-de-100-em-apreciacao-parlamentar-com-livre-pcp-e-be\/"},"modified":"2026-02-19T20:26:54","modified_gmt":"2026-02-19T23:26:54","slug":"ps-aprova-lay-off-de-100-em-apreciacao-parlamentar-com-livre-pcp-e-be","status":"publish","type":"post","link":"https:\/\/portaltela.pt\/noticias\/politica\/2026\/02\/19\/ps-aprova-lay-off-de-100-em-apreciacao-parlamentar-com-livre-pcp-e-be\/","title":{"rendered":"PS aprova lay-off de 100% em aprecia\u00e7\u00e3o parlamentar com Livre, PCP e BE"},"content":{"rendered":"<p>O PS autorizou a viabiliza\u00e7\u00e3o de uma proposta apresentada por Livre, PCP e BE para que o lay-off na resposta ao mau tempo seja pago a 100% do sal\u00e1rio. A medida dever\u00e1 ser aprovada, pois o Chega tamb\u00e9m anunciou o apoio \u00e0 aprecia\u00e7\u00e3o parlamentar.<\/p>\n<p>Segundo o secret\u00e1rio-geral socialista, Jos\u00e9 Lu\u00eds Carneiro, o Partido Socialista j\u00e1 defendera, nas propostas apresentadas ao Governo, que o lay-off deveria ser assegurado na totalidade pelo Estado. Nesta leitura, a percentagem de 33% que n\u00e3o est\u00e1 garantida na aplica\u00e7\u00e3o regular da lei fica fora da proposta de viabiliza\u00e7\u00e3o.<\/p>\n<p>A aprecia\u00e7\u00e3o parlamentar apresentada por Livre, PCP e BE visa alterar o regime de lay-off simplificado criado ap\u00f3s o temporal que afetou o pa\u00eds, com o objetivo de assegurar 100% do sal\u00e1rio aos trabalhadores abrangidos. Carneiro refor\u00e7ou que o PS foi o primeiro a defender o lay-off completo durante a pandemia.<\/p>\n<p>A confirma\u00e7\u00e3o de apoio a esta aprecia\u00e7\u00e3o parlamentar por parte de Livre, PCP e BE, e a indica\u00e7\u00e3o de vota\u00e7\u00e3o favor\u00e1vel do Chega, estabelecem o caminho para a aprova\u00e7\u00e3o da proposta. O debate ocorre numa fase em que se aguarda a defini\u00e7\u00e3o da forma de financiamento da medida.<\/p>\n<p>A posi\u00e7\u00e3o do PS surge numa sinaliza\u00e7\u00e3o de alinhamento com as propostas da esquerda, mantendo o foco na prote\u00e7\u00e3o salarial dos trabalhadores afetados pelo mau tempo. A tramita\u00e7\u00e3o parlamentar dever\u00e1 seguir os tr\u00e2mites gerais, com reflex\u00e3o sobre a sustentabilidade financeira da medida para o Estado.<\/p>\n","protected":false},"excerpt":{"rendered":"<ul>\n<li>O PS concordou com a aprecia\u00e7\u00e3o parlamentar de Livre, PCP e BE para que o lay-off na resposta ao temporal seja pago a 100%.<\/li>\n<li>A posi\u00e7\u00e3o prop\u00f5e que os sal\u00e1rios abrangidos pelo lay-off sejam pagos na \u00edntegra, em vez dos dois ter\u00e7os atuais.<\/li>\n<li>A viabiliza\u00e7\u00e3o da proposta depende do apoio do Chega, que j\u00e1 anunciou que votar\u00e1 a favor.<\/li>\n<li>O secret\u00e1rio-geral do PS, Jos\u00e9 Lu\u00eds Carneiro, afirmou que o partido j\u00e1 defendia o lay-off a 100% nas propostas apresentadas ao Governo.<\/li>\n<li>A aprecia\u00e7\u00e3o parlamentar incide sobre o regime de lay-off simplificado criado ap\u00f3s o temporal que assolou o pa\u00eds.<\/li>\n<\/ul>\n","protected":false},"author":2,"featured_media":218399,"comment_status":"closed","ping_status":"closed","sticky":false,"template":"","format":"standard","meta":{"footnotes":""},"categories":[1,5],"tags":[3426,3676,2459,2832,2144,2841],"class_list":["post-218397","post","type-post","status-publish","format-standard","has-post-thumbnail","hentry","category-noticias","category-politica","tag-be","tag-partido-socialista","tag-pcp","tag-politica","tag-ps","tag-trabalhadores"],"yoast_head":"<!-- This site is optimized with the Yoast SEO plugin v27.2 - https:\/\/yoast.com\/product\/yoast-seo-wordpress\/ -->\n<title>PS aprova lay-off de 100% em aprecia\u00e7\u00e3o parlamentar com Livre, PCP e BE - Portal Tela Portugal<\/title>\n<meta name=\"robots\" content=\"index, follow, max-snippet:-1, max-image-preview:large, max-video-preview:-1\" \/>\n<meta property=\"og:locale\" content=\"pt_PT\" \/>\n<meta property=\"og:type\" content=\"article\" \/>\n<meta property=\"og:title\" content=\"PS aprova lay-off de 100% em aprecia\u00e7\u00e3o parlamentar com Livre, PCP e BE - Portal Tela Portugal\" \/>\n<meta property=\"og:description\" content=\"O PS concordou com a aprecia\u00e7\u00e3o parlamentar de Livre, PCP e BE para que o lay-off na resposta ao temporal seja pago a 100%. A posi\u00e7\u00e3o prop\u00f5e que os sal\u00e1rios abrangidos pelo lay-off sejam pagos na \u00edntegra, em vez dos dois ter\u00e7os atuais. A viabiliza\u00e7\u00e3o da proposta depende do apoio do Chega, que j\u00e1 anunciou que votar\u00e1 a favor. O secret\u00e1rio-geral do PS, Jos\u00e9 Lu\u00eds Carneiro, afirmou que o partido j\u00e1 defendia o lay-off a 100% nas propostas apresentadas ao Governo. A aprecia\u00e7\u00e3o parlamentar incide sobre o regime de lay-off simplificado criado ap\u00f3s o temporal que assolou o pa\u00eds.\" \/>\n<meta property=\"og:url\" content=\"https:\/\/portaltela.pt\/noticias\/2026\/02\/19\/ps-aprova-lay-off-de-100-em-apreciacao-parlamentar-com-livre-pcp-e-be\/\" \/>\n<meta property=\"og:site_name\" content=\"Portal Tela Portugal\" \/>\n<meta property=\"article:published_time\" content=\"2026-02-19T23:26:54+00:00\" \/>\n<meta name=\"author\" content=\"Telinha\" \/>\n<meta name=\"twitter:card\" content=\"summary_large_image\" \/>\n<meta name=\"twitter:label1\" content=\"Escrito por\" \/>\n\t<meta name=\"twitter:data1\" content=\"Telinha\" \/>\n\t<meta name=\"twitter:label2\" content=\"Tempo estimado de leitura\" \/>\n\t<meta name=\"twitter:data2\" content=\"1 minuto\" \/>\n<script type=\"application\/ld+json\" class=\"yoast-schema-graph\">{\"@context\":\"https:\/\/schema.org\",\"@graph\":[{\"@type\":\"Article\",\"@id\":\"https:\/\/portaltela.pt\/noticias\/2026\/02\/19\/ps-aprova-lay-off-de-100-em-apreciacao-parlamentar-com-livre-pcp-e-be\/#article\",\"isPartOf\":{\"@id\":\"https:\/\/portaltela.pt\/noticias\/2026\/02\/19\/ps-aprova-lay-off-de-100-em-apreciacao-parlamentar-com-livre-pcp-e-be\/\"},\"author\":{\"name\":\"Telinha\",\"@id\":\"https:\/\/portaltela.pt\/#\/schema\/person\/c4278d4a6028830caff9ee44b42d32ed\"},\"headline\":\"PS aprova lay-off de 100% em aprecia\u00e7\u00e3o parlamentar com Livre, PCP e BE\",\"datePublished\":\"2026-02-19T23:26:54+00:00\",\"mainEntityOfPage\":{\"@id\":\"https:\/\/portaltela.pt\/noticias\/2026\/02\/19\/ps-aprova-lay-off-de-100-em-apreciacao-parlamentar-com-livre-pcp-e-be\/\"},\"wordCount\":272,\"image\":{\"@id\":\"https:\/\/portaltela.pt\/noticias\/2026\/02\/19\/ps-aprova-lay-off-de-100-em-apreciacao-parlamentar-com-livre-pcp-e-be\/#primaryimage\"},\"thumbnailUrl\":\"https:\/\/portaltela.pt\/s.01k8rhncp4jt1\/2026\/02\/img_1280x721uu2026-02-11-13-55-38-2266255.jpg\",\"keywords\":[\"BE\",\"Partido Socialista\",\"PCP\",\"pol\u00edtica\",\"PS\",\"trabalhadores\"],\"articleSection\":[\"Not\u00edcias\",\"Pol\u00edtica\"],\"inLanguage\":\"pt-PT\"},{\"@type\":\"WebPage\",\"@id\":\"https:\/\/portaltela.pt\/noticias\/2026\/02\/19\/ps-aprova-lay-off-de-100-em-apreciacao-parlamentar-com-livre-pcp-e-be\/\",\"url\":\"https:\/\/portaltela.pt\/noticias\/2026\/02\/19\/ps-aprova-lay-off-de-100-em-apreciacao-parlamentar-com-livre-pcp-e-be\/\",\"name\":\"PS aprova lay-off de 100% em aprecia\u00e7\u00e3o parlamentar com Livre, PCP e BE - Portal Tela Portugal\",\"isPartOf\":{\"@id\":\"https:\/\/portaltela.pt\/#website\"},\"primaryImageOfPage\":{\"@id\":\"https:\/\/portaltela.pt\/noticias\/2026\/02\/19\/ps-aprova-lay-off-de-100-em-apreciacao-parlamentar-com-livre-pcp-e-be\/#primaryimage\"},\"image\":{\"@id\":\"https:\/\/portaltela.pt\/noticias\/2026\/02\/19\/ps-aprova-lay-off-de-100-em-apreciacao-parlamentar-com-livre-pcp-e-be\/#primaryimage\"},\"thumbnailUrl\":\"https:\/\/portaltela.pt\/s.01k8rhncp4jt1\/2026\/02\/img_1280x721uu2026-02-11-13-55-38-2266255.jpg\",\"datePublished\":\"2026-02-19T23:26:54+00:00\",\"author\":{\"@id\":\"https:\/\/portaltela.pt\/#\/schema\/person\/c4278d4a6028830caff9ee44b42d32ed\"},\"breadcrumb\":{\"@id\":\"https:\/\/portaltela.pt\/noticias\/2026\/02\/19\/ps-aprova-lay-off-de-100-em-apreciacao-parlamentar-com-livre-pcp-e-be\/#breadcrumb\"},\"inLanguage\":\"pt-PT\",\"potentialAction\":[{\"@type\":\"ReadAction\",\"target\":[\"https:\/\/portaltela.pt\/noticias\/2026\/02\/19\/ps-aprova-lay-off-de-100-em-apreciacao-parlamentar-com-livre-pcp-e-be\/\"]}]},{\"@type\":\"ImageObject\",\"inLanguage\":\"pt-PT\",\"@id\":\"https:\/\/portaltela.pt\/noticias\/2026\/02\/19\/ps-aprova-lay-off-de-100-em-apreciacao-parlamentar-com-livre-pcp-e-be\/#primaryimage\",\"url\":\"https:\/\/portaltela.pt\/s.01k8rhncp4jt1\/2026\/02\/img_1280x721uu2026-02-11-13-55-38-2266255.jpg\",\"contentUrl\":\"https:\/\/portaltela.pt\/s.01k8rhncp4jt1\/2026\/02\/img_1280x721uu2026-02-11-13-55-38-2266255.jpg\",\"width\":796,\"height\":448,\"caption\":\"Photo\"},{\"@type\":\"BreadcrumbList\",\"@id\":\"https:\/\/portaltela.pt\/noticias\/2026\/02\/19\/ps-aprova-lay-off-de-100-em-apreciacao-parlamentar-com-livre-pcp-e-be\/#breadcrumb\",\"itemListElement\":[{\"@type\":\"ListItem\",\"position\":1,\"name\":\"In\u00edcio\",\"item\":\"https:\/\/portaltela.pt\/\"},{\"@type\":\"ListItem\",\"position\":2,\"name\":\"PS aprova lay-off de 100% em aprecia\u00e7\u00e3o parlamentar com Livre, PCP e BE\"}]},{\"@type\":\"WebSite\",\"@id\":\"https:\/\/portaltela.pt\/#website\",\"url\":\"https:\/\/portaltela.pt\/\",\"name\":\"Portal Tela Portugal\",\"description\":\"\",\"potentialAction\":[{\"@type\":\"SearchAction\",\"target\":{\"@type\":\"EntryPoint\",\"urlTemplate\":\"https:\/\/portaltela.pt\/?s={search_term_string}\"},\"query-input\":{\"@type\":\"PropertyValueSpecification\",\"valueRequired\":true,\"valueName\":\"search_term_string\"}}],\"inLanguage\":\"pt-PT\"},{\"@type\":\"Person\",\"@id\":\"https:\/\/portaltela.pt\/#\/schema\/person\/c4278d4a6028830caff9ee44b42d32ed\",\"name\":\"Telinha\",\"image\":{\"@type\":\"ImageObject\",\"inLanguage\":\"pt-PT\",\"@id\":\"https:\/\/portaltela.pt\/s.01k8rhncp4jt1\/2025\/11\/talking-bot-125x125.png\",\"url\":\"https:\/\/portaltela.pt\/s.01k8rhncp4jt1\/2025\/11\/talking-bot-125x125.png\",\"contentUrl\":\"https:\/\/portaltela.pt\/s.01k8rhncp4jt1\/2025\/11\/talking-bot-125x125.png\",\"caption\":\"Telinha\"},\"sameAs\":[\"https:\/\/portaltela.pt\/\"],\"url\":\"https:\/\/portaltela.pt\/por\/367410592786\/\"}]}<\/script>\n<!-- \/ Yoast SEO plugin. -->","yoast_head_json":{"title":"PS aprova lay-off de 100% em aprecia\u00e7\u00e3o parlamentar com Livre, PCP e BE - Portal Tela Portugal","robots":{"index":"index","follow":"follow","max-snippet":"max-snippet:-1","max-image-preview":"max-image-preview:large","max-video-preview":"max-video-preview:-1"},"og_locale":"pt_PT","og_type":"article","og_title":"PS aprova lay-off de 100% em aprecia\u00e7\u00e3o parlamentar com Livre, PCP e BE - Portal Tela Portugal","og_description":"O PS concordou com a aprecia\u00e7\u00e3o parlamentar de Livre, PCP e BE para que o lay-off na resposta ao temporal seja pago a 100%. A posi\u00e7\u00e3o prop\u00f5e que os sal\u00e1rios abrangidos pelo lay-off sejam pagos na \u00edntegra, em vez dos dois ter\u00e7os atuais. A viabiliza\u00e7\u00e3o da proposta depende do apoio do Chega, que j\u00e1 anunciou que votar\u00e1 a favor. O secret\u00e1rio-geral do PS, Jos\u00e9 Lu\u00eds Carneiro, afirmou que o partido j\u00e1 defendia o lay-off a 100% nas propostas apresentadas ao Governo. A aprecia\u00e7\u00e3o parlamentar incide sobre o regime de lay-off simplificado criado ap\u00f3s o temporal que assolou o pa\u00eds.","og_url":"https:\/\/portaltela.pt\/noticias\/2026\/02\/19\/ps-aprova-lay-off-de-100-em-apreciacao-parlamentar-com-livre-pcp-e-be\/","og_site_name":"Portal Tela Portugal","article_published_time":"2026-02-19T23:26:54+00:00","author":"Telinha","twitter_card":"summary_large_image","twitter_misc":{"Escrito por":"Telinha","Tempo estimado de leitura":"1 minuto"},"schema":{"@context":"https:\/\/schema.org","@graph":[{"@type":"Article","@id":"https:\/\/portaltela.pt\/noticias\/2026\/02\/19\/ps-aprova-lay-off-de-100-em-apreciacao-parlamentar-com-livre-pcp-e-be\/#article","isPartOf":{"@id":"https:\/\/portaltela.pt\/noticias\/2026\/02\/19\/ps-aprova-lay-off-de-100-em-apreciacao-parlamentar-com-livre-pcp-e-be\/"},"author":{"name":"Telinha","@id":"https:\/\/portaltela.pt\/#\/schema\/person\/c4278d4a6028830caff9ee44b42d32ed"},"headline":"PS aprova lay-off de 100% em aprecia\u00e7\u00e3o parlamentar com Livre, PCP e BE","datePublished":"2026-02-19T23:26:54+00:00","mainEntityOfPage":{"@id":"https:\/\/portaltela.pt\/noticias\/2026\/02\/19\/ps-aprova-lay-off-de-100-em-apreciacao-parlamentar-com-livre-pcp-e-be\/"},"wordCount":272,"image":{"@id":"https:\/\/portaltela.pt\/noticias\/2026\/02\/19\/ps-aprova-lay-off-de-100-em-apreciacao-parlamentar-com-livre-pcp-e-be\/#primaryimage"},"thumbnailUrl":"https:\/\/portaltela.pt\/s.01k8rhncp4jt1\/2026\/02\/img_1280x721uu2026-02-11-13-55-38-2266255.jpg","keywords":["BE","Partido Socialista","PCP","pol\u00edtica","PS","trabalhadores"],"articleSection":["Not\u00edcias","Pol\u00edtica"],"inLanguage":"pt-PT"},{"@type":"WebPage","@id":"https:\/\/portaltela.pt\/noticias\/2026\/02\/19\/ps-aprova-lay-off-de-100-em-apreciacao-parlamentar-com-livre-pcp-e-be\/","url":"https:\/\/portaltela.pt\/noticias\/2026\/02\/19\/ps-aprova-lay-off-de-100-em-apreciacao-parlamentar-com-livre-pcp-e-be\/","name":"PS aprova lay-off de 100% em aprecia\u00e7\u00e3o parlamentar com Livre, PCP e BE - Portal Tela Portugal","isPartOf":{"@id":"https:\/\/portaltela.pt\/#website"},"primaryImageOfPage":{"@id":"https:\/\/portaltela.pt\/noticias\/2026\/02\/19\/ps-aprova-lay-off-de-100-em-apreciacao-parlamentar-com-livre-pcp-e-be\/#primaryimage"},"image":{"@id":"https:\/\/portaltela.pt\/noticias\/2026\/02\/19\/ps-aprova-lay-off-de-100-em-apreciacao-parlamentar-com-livre-pcp-e-be\/#primaryimage"},"thumbnailUrl":"https:\/\/portaltela.pt\/s.01k8rhncp4jt1\/2026\/02\/img_1280x721uu2026-02-11-13-55-38-2266255.jpg","datePublished":"2026-02-19T23:26:54+00:00","author":{"@id":"https:\/\/portaltela.pt\/#\/schema\/person\/c4278d4a6028830caff9ee44b42d32ed"},"breadcrumb":{"@id":"https:\/\/portaltela.pt\/noticias\/2026\/02\/19\/ps-aprova-lay-off-de-100-em-apreciacao-parlamentar-com-livre-pcp-e-be\/#breadcrumb"},"inLanguage":"pt-PT","potentialAction":[{"@type":"ReadAction","target":["https:\/\/portaltela.pt\/noticias\/2026\/02\/19\/ps-aprova-lay-off-de-100-em-apreciacao-parlamentar-com-livre-pcp-e-be\/"]}]},{"@type":"ImageObject","inLanguage":"pt-PT","@id":"https:\/\/portaltela.pt\/noticias\/2026\/02\/19\/ps-aprova-lay-off-de-100-em-apreciacao-parlamentar-com-livre-pcp-e-be\/#primaryimage","url":"https:\/\/portaltela.pt\/s.01k8rhncp4jt1\/2026\/02\/img_1280x721uu2026-02-11-13-55-38-2266255.jpg","contentUrl":"https:\/\/portaltela.pt\/s.01k8rhncp4jt1\/2026\/02\/img_1280x721uu2026-02-11-13-55-38-2266255.jpg","width":796,"height":448,"caption":"Photo"},{"@type":"BreadcrumbList","@id":"https:\/\/portaltela.pt\/noticias\/2026\/02\/19\/ps-aprova-lay-off-de-100-em-apreciacao-parlamentar-com-livre-pcp-e-be\/#breadcrumb","itemListElement":[{"@type":"ListItem","position":1,"name":"In\u00edcio","item":"https:\/\/portaltela.pt\/"},{"@type":"ListItem","position":2,"name":"PS aprova lay-off de 100% em aprecia\u00e7\u00e3o parlamentar com Livre, PCP e BE"}]},{"@type":"WebSite","@id":"https:\/\/portaltela.pt\/#website","url":"https:\/\/portaltela.pt\/","name":"Portal Tela Portugal","description":"","potentialAction":[{"@type":"SearchAction","target":{"@type":"EntryPoint","urlTemplate":"https:\/\/portaltela.pt\/?s={search_term_string}"},"query-input":{"@type":"PropertyValueSpecification","valueRequired":true,"valueName":"search_term_string"}}],"inLanguage":"pt-PT"},{"@type":"Person","@id":"https:\/\/portaltela.pt\/#\/schema\/person\/c4278d4a6028830caff9ee44b42d32ed","name":"Telinha","image":{"@type":"ImageObject","inLanguage":"pt-PT","@id":"https:\/\/portaltela.pt\/s.01k8rhncp4jt1\/2025\/11\/talking-bot-125x125.png","url":"https:\/\/portaltela.pt\/s.01k8rhncp4jt1\/2025\/11\/talking-bot-125x125.png","contentUrl":"https:\/\/portaltela.pt\/s.01k8rhncp4jt1\/2025\/11\/talking-bot-125x125.png","caption":"Telinha"},"sameAs":["https:\/\/portaltela.pt\/"],"url":"https:\/\/portaltela.pt\/por\/367410592786\/"}]}},"_links":{"self":[{"href":"https:\/\/portaltela.pt\/api\/wp\/v2\/posts\/218397","targetHints":{"allow":["GET"]}}],"collection":[{"href":"https:\/\/portaltela.pt\/api\/wp\/v2\/posts"}],"about":[{"href":"https:\/\/portaltela.pt\/api\/wp\/v2\/types\/post"}],"author":[{"embeddable":true,"href":"https:\/\/portaltela.pt\/api\/wp\/v2\/users\/2"}],"replies":[{"embeddable":true,"href":"https:\/\/portaltela.pt\/api\/wp\/v2\/comments?post=218397"}],"version-history":[{"count":0,"href":"https:\/\/portaltela.pt\/api\/wp\/v2\/posts\/218397\/revisions"}],"wp:featuredmedia":[{"embeddable":true,"href":"https:\/\/portaltela.pt\/api\/wp\/v2\/media\/218399"}],"wp:attachment":[{"href":"https:\/\/portaltela.pt\/api\/wp\/v2\/media?parent=218397"}],"wp:term":[{"taxonomy":"category","embeddable":true,"href":"https:\/\/portaltela.pt\/api\/wp\/v2\/categories?post=218397"},{"taxonomy":"post_tag","embeddable":true,"href":"https:\/\/portaltela.pt\/api\/wp\/v2\/tags?post=218397"}],"curies":[{"name":"wp","href":"https:\/\/api.w.org\/{rel}","templated":true}]}}