{"id":218391,"date":"2026-02-19T20:12:42","date_gmt":"2026-02-19T23:12:42","guid":{"rendered":"https:\/\/portaltela.pt\/noticias\/2026\/02\/19\/bombeiros-de-lagos-vao-formar-tripulantes-de-ambulancia-de-emergencia-no-algarve\/"},"modified":"2026-02-19T20:12:42","modified_gmt":"2026-02-19T23:12:42","slug":"bombeiros-de-lagos-vao-formar-tripulantes-de-ambulancia-de-emergencia-no-algarve","status":"publish","type":"post","link":"https:\/\/portaltela.pt\/noticias\/2026\/02\/19\/bombeiros-de-lagos-vao-formar-tripulantes-de-ambulancia-de-emergencia-no-algarve\/","title":{"rendered":"Bombeiros de Lagos v\u00e3o formar tripulantes de ambul\u00e2ncia de emerg\u00eancia no Algarve"},"content":{"rendered":"<p>Os Bombeiros de Lagos v\u00e3o iniciar uma forma\u00e7\u00e3o para tripulantes de ambul\u00e2ncia de socorro na regi\u00e3o do Algarve. O curso tem dura\u00e7\u00e3o total de 200 horas e est\u00e1 organizado em dois m\u00f3dulos.<\/p>\n<p>A forma\u00e7\u00e3o \u00e9 destinada a preparar bombeiros para a operacionalidade das ambul\u00e2ncias de emerg\u00eancia. O primeiro curso arrancar\u00e1 j\u00e1 no pr\u00f3ximo s\u00e1bado, 21 de fevereiro, com docentes do pr\u00f3prio Corpo de Bombeiros.<\/p>\n<p>Participam na a\u00e7\u00e3o formativa elementos dos Bombeiros de Aljezur, Lagos e Vila do Bispo, segundo o registo obtido pelo CM. A iniciativa refor\u00e7a a coordena\u00e7\u00e3o entre agrupamentos da regi\u00e3o.<\/p>\n<h3>Nova val\u00eancia formativa para os TAS<\/h3>\n<p>A Associa\u00e7\u00e3o Humanit\u00e1ria dos Bombeiros Volunt\u00e1rios de Lagos \u00e9 entidade formadora acreditada pela DGERT, com certifica\u00e7\u00e3o do INEM desde 12 de abril de 2021. A institui\u00e7\u00e3o j\u00e1 formava em Suporte B\u00e1sico de Vida e Desfibrilha\u00e7\u00e3o.<\/p>\n<p>A revalida\u00e7\u00e3o do programa permite ministrar cursos de Tripulante de Ambul\u00e2ncia de Socorro (TAS), uma forma\u00e7\u00e3o diferenciada no SIEM. A a\u00e7\u00e3o consolida o papel da associa\u00e7\u00e3o na resposta de emerg\u00eancia regional.<\/p>\n<p>M\u00e1rcio Regino, comandante dos Bombeiros de Lagos, afirmou que o investimento ultrapassou os seis mil euros para a plena implementa\u00e7\u00e3o. A meta \u00e9 assegurar qualidade, rigor e autonomia na manuten\u00e7\u00e3o das qualifica\u00e7\u00f5es operacionais.<\/p>\n","protected":false},"excerpt":{"rendered":"<ul>\n<li>Bombeiros de Lagos v\u00e3o passar a formar tripulantes de ambul\u00e2ncia de socorro na regi\u00e3o do Algarve, com forma\u00e7\u00e3o organizada em dois m\u00f3dulos, totalizando 200 horas.<\/li>\n<li>O primeiro curso arranca j\u00e1 no pr\u00f3ximo s\u00e1bado, 21 de fevereiro, ministrado por formadores do pr\u00f3prio Corpo de Bombeiros especializados em emerg\u00eancia m\u00e9dica e psicologia.<\/li>\n<li>A a\u00e7\u00e3o formativa inicial ser\u00e1 frequentada por elementos dos Bombeiros de Aljezur, Lagos e Vila do Bispo.<\/li>\n<li>A Associa\u00e7\u00e3o Humanit\u00e1ria dos Bombeiros Volunt\u00e1rios de Lagos \u00e9 entidade formadora acreditada pela DGERT e certificada pelo INEM desde 12 de abril de 2021; j\u00e1 oferecia forma\u00e7\u00e3o em Suporte B\u00e1sico de Vida, Pedi\u00e1trico e Desfibrilha\u00e7\u00e3o Autom\u00e1tica Externa e passa a ministrar o curso de Tripulante de Ambul\u00e2ncia de Socorro (TAS).<\/li>\n<li>O comandante M\u00e1rcio Regino adianta que o investimento superior a seis mil euros refor\u00e7a o compromisso com a qualidade e a autonomia da institui\u00e7\u00e3o na manuten\u00e7\u00e3o das qualifica\u00e7\u00f5es das suas equipes.<\/li>\n<\/ul>\n","protected":false},"author":2,"featured_media":218394,"comment_status":"closed","ping_status":"closed","sticky":false,"template":"","format":"standard","meta":{"footnotes":""},"categories":[1],"tags":[928,971,5928,1290,1922,2303],"class_list":["post-218391","post","type-post","status-publish","format-standard","has-post-thumbnail","hentry","category-noticias","tag-algarve","tag-bombeiros","tag-emergencia","tag-formacao","tag-inem","tag-lagos"],"yoast_head":"<!-- This site is optimized with the Yoast SEO plugin v27.2 - https:\/\/yoast.com\/product\/yoast-seo-wordpress\/ -->\n<title>Bombeiros de Lagos v\u00e3o formar tripulantes de ambul\u00e2ncia de emerg\u00eancia no Algarve - Portal Tela Portugal<\/title>\n<meta name=\"robots\" content=\"index, follow, max-snippet:-1, max-image-preview:large, max-video-preview:-1\" \/>\n<meta property=\"og:locale\" content=\"pt_PT\" \/>\n<meta property=\"og:type\" content=\"article\" \/>\n<meta property=\"og:title\" content=\"Bombeiros de Lagos v\u00e3o formar tripulantes de ambul\u00e2ncia de emerg\u00eancia no Algarve - Portal Tela Portugal\" \/>\n<meta property=\"og:description\" content=\"Bombeiros de Lagos v\u00e3o passar a formar tripulantes de ambul\u00e2ncia de socorro na regi\u00e3o do Algarve, com forma\u00e7\u00e3o organizada em dois m\u00f3dulos, totalizando 200 horas. O primeiro curso arranca j\u00e1 no pr\u00f3ximo s\u00e1bado, 21 de fevereiro, ministrado por formadores do pr\u00f3prio Corpo de Bombeiros especializados em emerg\u00eancia m\u00e9dica e psicologia. A a\u00e7\u00e3o formativa inicial ser\u00e1 frequentada por elementos dos Bombeiros de Aljezur, Lagos e Vila do Bispo. A Associa\u00e7\u00e3o Humanit\u00e1ria dos Bombeiros Volunt\u00e1rios de Lagos \u00e9 entidade formadora acreditada pela DGERT e certificada pelo INEM desde 12 de abril de 2021; j\u00e1 oferecia forma\u00e7\u00e3o em Suporte B\u00e1sico de Vida, Pedi\u00e1trico e Desfibrilha\u00e7\u00e3o Autom\u00e1tica Externa e passa a ministrar o curso de Tripulante de Ambul\u00e2ncia de Socorro (TAS). O comandante M\u00e1rcio Regino adianta que o investimento superior a seis mil euros refor\u00e7a o compromisso com a qualidade e a autonomia da institui\u00e7\u00e3o na manuten\u00e7\u00e3o das qualifica\u00e7\u00f5es das suas equipes.\" \/>\n<meta property=\"og:url\" content=\"https:\/\/portaltela.pt\/noticias\/2026\/02\/19\/bombeiros-de-lagos-vao-formar-tripulantes-de-ambulancia-de-emergencia-no-algarve\/\" \/>\n<meta property=\"og:site_name\" content=\"Portal Tela Portugal\" \/>\n<meta property=\"article:published_time\" content=\"2026-02-19T23:12:42+00:00\" \/>\n<meta name=\"author\" content=\"Telinha\" \/>\n<meta name=\"twitter:card\" content=\"summary_large_image\" \/>\n<meta name=\"twitter:label1\" content=\"Escrito por\" \/>\n\t<meta name=\"twitter:data1\" content=\"Telinha\" \/>\n\t<meta name=\"twitter:label2\" content=\"Tempo estimado de leitura\" \/>\n\t<meta name=\"twitter:data2\" content=\"1 minuto\" \/>\n<script type=\"application\/ld+json\" class=\"yoast-schema-graph\">{\"@context\":\"https:\/\/schema.org\",\"@graph\":[{\"@type\":\"Article\",\"@id\":\"https:\/\/portaltela.pt\/noticias\/2026\/02\/19\/bombeiros-de-lagos-vao-formar-tripulantes-de-ambulancia-de-emergencia-no-algarve\/#article\",\"isPartOf\":{\"@id\":\"https:\/\/portaltela.pt\/noticias\/2026\/02\/19\/bombeiros-de-lagos-vao-formar-tripulantes-de-ambulancia-de-emergencia-no-algarve\/\"},\"author\":{\"name\":\"Telinha\",\"@id\":\"https:\/\/portaltela.pt\/#\/schema\/person\/c4278d4a6028830caff9ee44b42d32ed\"},\"headline\":\"Bombeiros de Lagos v\u00e3o formar tripulantes de ambul\u00e2ncia de emerg\u00eancia no Algarve\",\"datePublished\":\"2026-02-19T23:12:42+00:00\",\"mainEntityOfPage\":{\"@id\":\"https:\/\/portaltela.pt\/noticias\/2026\/02\/19\/bombeiros-de-lagos-vao-formar-tripulantes-de-ambulancia-de-emergencia-no-algarve\/\"},\"wordCount\":240,\"image\":{\"@id\":\"https:\/\/portaltela.pt\/noticias\/2026\/02\/19\/bombeiros-de-lagos-vao-formar-tripulantes-de-ambulancia-de-emergencia-no-algarve\/#primaryimage\"},\"thumbnailUrl\":\"https:\/\/portaltela.pt\/s.01k8rhncp4jt1\/2026\/02\/img_1500x1000uu2026-02-19-23-12-35-2267837.jpg\",\"keywords\":[\"Algarve\",\"bombeiros\",\"emerg\u00eancia\",\"forma\u00e7\u00e3o\",\"INEM\",\"Lagos\"],\"articleSection\":[\"Not\u00edcias\"],\"inLanguage\":\"pt-PT\"},{\"@type\":\"WebPage\",\"@id\":\"https:\/\/portaltela.pt\/noticias\/2026\/02\/19\/bombeiros-de-lagos-vao-formar-tripulantes-de-ambulancia-de-emergencia-no-algarve\/\",\"url\":\"https:\/\/portaltela.pt\/noticias\/2026\/02\/19\/bombeiros-de-lagos-vao-formar-tripulantes-de-ambulancia-de-emergencia-no-algarve\/\",\"name\":\"Bombeiros de Lagos v\u00e3o formar tripulantes de ambul\u00e2ncia de emerg\u00eancia no Algarve - Portal Tela Portugal\",\"isPartOf\":{\"@id\":\"https:\/\/portaltela.pt\/#website\"},\"primaryImageOfPage\":{\"@id\":\"https:\/\/portaltela.pt\/noticias\/2026\/02\/19\/bombeiros-de-lagos-vao-formar-tripulantes-de-ambulancia-de-emergencia-no-algarve\/#primaryimage\"},\"image\":{\"@id\":\"https:\/\/portaltela.pt\/noticias\/2026\/02\/19\/bombeiros-de-lagos-vao-formar-tripulantes-de-ambulancia-de-emergencia-no-algarve\/#primaryimage\"},\"thumbnailUrl\":\"https:\/\/portaltela.pt\/s.01k8rhncp4jt1\/2026\/02\/img_1500x1000uu2026-02-19-23-12-35-2267837.jpg\",\"datePublished\":\"2026-02-19T23:12:42+00:00\",\"author\":{\"@id\":\"https:\/\/portaltela.pt\/#\/schema\/person\/c4278d4a6028830caff9ee44b42d32ed\"},\"breadcrumb\":{\"@id\":\"https:\/\/portaltela.pt\/noticias\/2026\/02\/19\/bombeiros-de-lagos-vao-formar-tripulantes-de-ambulancia-de-emergencia-no-algarve\/#breadcrumb\"},\"inLanguage\":\"pt-PT\",\"potentialAction\":[{\"@type\":\"ReadAction\",\"target\":[\"https:\/\/portaltela.pt\/noticias\/2026\/02\/19\/bombeiros-de-lagos-vao-formar-tripulantes-de-ambulancia-de-emergencia-no-algarve\/\"]}]},{\"@type\":\"ImageObject\",\"inLanguage\":\"pt-PT\",\"@id\":\"https:\/\/portaltela.pt\/noticias\/2026\/02\/19\/bombeiros-de-lagos-vao-formar-tripulantes-de-ambulancia-de-emergencia-no-algarve\/#primaryimage\",\"url\":\"https:\/\/portaltela.pt\/s.01k8rhncp4jt1\/2026\/02\/img_1500x1000uu2026-02-19-23-12-35-2267837.jpg\",\"contentUrl\":\"https:\/\/portaltela.pt\/s.01k8rhncp4jt1\/2026\/02\/img_1500x1000uu2026-02-19-23-12-35-2267837.jpg\",\"width\":796,\"height\":448,\"caption\":\"Bombeiros de Lagos\"},{\"@type\":\"BreadcrumbList\",\"@id\":\"https:\/\/portaltela.pt\/noticias\/2026\/02\/19\/bombeiros-de-lagos-vao-formar-tripulantes-de-ambulancia-de-emergencia-no-algarve\/#breadcrumb\",\"itemListElement\":[{\"@type\":\"ListItem\",\"position\":1,\"name\":\"In\u00edcio\",\"item\":\"https:\/\/portaltela.pt\/\"},{\"@type\":\"ListItem\",\"position\":2,\"name\":\"Bombeiros de Lagos v\u00e3o formar tripulantes de ambul\u00e2ncia de emerg\u00eancia no Algarve\"}]},{\"@type\":\"WebSite\",\"@id\":\"https:\/\/portaltela.pt\/#website\",\"url\":\"https:\/\/portaltela.pt\/\",\"name\":\"Portal Tela Portugal\",\"description\":\"\",\"potentialAction\":[{\"@type\":\"SearchAction\",\"target\":{\"@type\":\"EntryPoint\",\"urlTemplate\":\"https:\/\/portaltela.pt\/?s={search_term_string}\"},\"query-input\":{\"@type\":\"PropertyValueSpecification\",\"valueRequired\":true,\"valueName\":\"search_term_string\"}}],\"inLanguage\":\"pt-PT\"},{\"@type\":\"Person\",\"@id\":\"https:\/\/portaltela.pt\/#\/schema\/person\/c4278d4a6028830caff9ee44b42d32ed\",\"name\":\"Telinha\",\"image\":{\"@type\":\"ImageObject\",\"inLanguage\":\"pt-PT\",\"@id\":\"https:\/\/portaltela.pt\/s.01k8rhncp4jt1\/2025\/11\/talking-bot-125x125.png\",\"url\":\"https:\/\/portaltela.pt\/s.01k8rhncp4jt1\/2025\/11\/talking-bot-125x125.png\",\"contentUrl\":\"https:\/\/portaltela.pt\/s.01k8rhncp4jt1\/2025\/11\/talking-bot-125x125.png\",\"caption\":\"Telinha\"},\"sameAs\":[\"https:\/\/portaltela.pt\/\"],\"url\":\"https:\/\/portaltela.pt\/por\/367410592786\/\"}]}<\/script>\n<!-- \/ Yoast SEO plugin. -->","yoast_head_json":{"title":"Bombeiros de Lagos v\u00e3o formar tripulantes de ambul\u00e2ncia de emerg\u00eancia no Algarve - Portal Tela Portugal","robots":{"index":"index","follow":"follow","max-snippet":"max-snippet:-1","max-image-preview":"max-image-preview:large","max-video-preview":"max-video-preview:-1"},"og_locale":"pt_PT","og_type":"article","og_title":"Bombeiros de Lagos v\u00e3o formar tripulantes de ambul\u00e2ncia de emerg\u00eancia no Algarve - Portal Tela Portugal","og_description":"Bombeiros de Lagos v\u00e3o passar a formar tripulantes de ambul\u00e2ncia de socorro na regi\u00e3o do Algarve, com forma\u00e7\u00e3o organizada em dois m\u00f3dulos, totalizando 200 horas. O primeiro curso arranca j\u00e1 no pr\u00f3ximo s\u00e1bado, 21 de fevereiro, ministrado por formadores do pr\u00f3prio Corpo de Bombeiros especializados em emerg\u00eancia m\u00e9dica e psicologia. A a\u00e7\u00e3o formativa inicial ser\u00e1 frequentada por elementos dos Bombeiros de Aljezur, Lagos e Vila do Bispo. A Associa\u00e7\u00e3o Humanit\u00e1ria dos Bombeiros Volunt\u00e1rios de Lagos \u00e9 entidade formadora acreditada pela DGERT e certificada pelo INEM desde 12 de abril de 2021; j\u00e1 oferecia forma\u00e7\u00e3o em Suporte B\u00e1sico de Vida, Pedi\u00e1trico e Desfibrilha\u00e7\u00e3o Autom\u00e1tica Externa e passa a ministrar o curso de Tripulante de Ambul\u00e2ncia de Socorro (TAS). O comandante M\u00e1rcio Regino adianta que o investimento superior a seis mil euros refor\u00e7a o compromisso com a qualidade e a autonomia da institui\u00e7\u00e3o na manuten\u00e7\u00e3o das qualifica\u00e7\u00f5es das suas equipes.","og_url":"https:\/\/portaltela.pt\/noticias\/2026\/02\/19\/bombeiros-de-lagos-vao-formar-tripulantes-de-ambulancia-de-emergencia-no-algarve\/","og_site_name":"Portal Tela Portugal","article_published_time":"2026-02-19T23:12:42+00:00","author":"Telinha","twitter_card":"summary_large_image","twitter_misc":{"Escrito por":"Telinha","Tempo estimado de leitura":"1 minuto"},"schema":{"@context":"https:\/\/schema.org","@graph":[{"@type":"Article","@id":"https:\/\/portaltela.pt\/noticias\/2026\/02\/19\/bombeiros-de-lagos-vao-formar-tripulantes-de-ambulancia-de-emergencia-no-algarve\/#article","isPartOf":{"@id":"https:\/\/portaltela.pt\/noticias\/2026\/02\/19\/bombeiros-de-lagos-vao-formar-tripulantes-de-ambulancia-de-emergencia-no-algarve\/"},"author":{"name":"Telinha","@id":"https:\/\/portaltela.pt\/#\/schema\/person\/c4278d4a6028830caff9ee44b42d32ed"},"headline":"Bombeiros de Lagos v\u00e3o formar tripulantes de ambul\u00e2ncia de emerg\u00eancia no Algarve","datePublished":"2026-02-19T23:12:42+00:00","mainEntityOfPage":{"@id":"https:\/\/portaltela.pt\/noticias\/2026\/02\/19\/bombeiros-de-lagos-vao-formar-tripulantes-de-ambulancia-de-emergencia-no-algarve\/"},"wordCount":240,"image":{"@id":"https:\/\/portaltela.pt\/noticias\/2026\/02\/19\/bombeiros-de-lagos-vao-formar-tripulantes-de-ambulancia-de-emergencia-no-algarve\/#primaryimage"},"thumbnailUrl":"https:\/\/portaltela.pt\/s.01k8rhncp4jt1\/2026\/02\/img_1500x1000uu2026-02-19-23-12-35-2267837.jpg","keywords":["Algarve","bombeiros","emerg\u00eancia","forma\u00e7\u00e3o","INEM","Lagos"],"articleSection":["Not\u00edcias"],"inLanguage":"pt-PT"},{"@type":"WebPage","@id":"https:\/\/portaltela.pt\/noticias\/2026\/02\/19\/bombeiros-de-lagos-vao-formar-tripulantes-de-ambulancia-de-emergencia-no-algarve\/","url":"https:\/\/portaltela.pt\/noticias\/2026\/02\/19\/bombeiros-de-lagos-vao-formar-tripulantes-de-ambulancia-de-emergencia-no-algarve\/","name":"Bombeiros de Lagos v\u00e3o formar tripulantes de ambul\u00e2ncia de emerg\u00eancia no Algarve - Portal Tela Portugal","isPartOf":{"@id":"https:\/\/portaltela.pt\/#website"},"primaryImageOfPage":{"@id":"https:\/\/portaltela.pt\/noticias\/2026\/02\/19\/bombeiros-de-lagos-vao-formar-tripulantes-de-ambulancia-de-emergencia-no-algarve\/#primaryimage"},"image":{"@id":"https:\/\/portaltela.pt\/noticias\/2026\/02\/19\/bombeiros-de-lagos-vao-formar-tripulantes-de-ambulancia-de-emergencia-no-algarve\/#primaryimage"},"thumbnailUrl":"https:\/\/portaltela.pt\/s.01k8rhncp4jt1\/2026\/02\/img_1500x1000uu2026-02-19-23-12-35-2267837.jpg","datePublished":"2026-02-19T23:12:42+00:00","author":{"@id":"https:\/\/portaltela.pt\/#\/schema\/person\/c4278d4a6028830caff9ee44b42d32ed"},"breadcrumb":{"@id":"https:\/\/portaltela.pt\/noticias\/2026\/02\/19\/bombeiros-de-lagos-vao-formar-tripulantes-de-ambulancia-de-emergencia-no-algarve\/#breadcrumb"},"inLanguage":"pt-PT","potentialAction":[{"@type":"ReadAction","target":["https:\/\/portaltela.pt\/noticias\/2026\/02\/19\/bombeiros-de-lagos-vao-formar-tripulantes-de-ambulancia-de-emergencia-no-algarve\/"]}]},{"@type":"ImageObject","inLanguage":"pt-PT","@id":"https:\/\/portaltela.pt\/noticias\/2026\/02\/19\/bombeiros-de-lagos-vao-formar-tripulantes-de-ambulancia-de-emergencia-no-algarve\/#primaryimage","url":"https:\/\/portaltela.pt\/s.01k8rhncp4jt1\/2026\/02\/img_1500x1000uu2026-02-19-23-12-35-2267837.jpg","contentUrl":"https:\/\/portaltela.pt\/s.01k8rhncp4jt1\/2026\/02\/img_1500x1000uu2026-02-19-23-12-35-2267837.jpg","width":796,"height":448,"caption":"Bombeiros de Lagos"},{"@type":"BreadcrumbList","@id":"https:\/\/portaltela.pt\/noticias\/2026\/02\/19\/bombeiros-de-lagos-vao-formar-tripulantes-de-ambulancia-de-emergencia-no-algarve\/#breadcrumb","itemListElement":[{"@type":"ListItem","position":1,"name":"In\u00edcio","item":"https:\/\/portaltela.pt\/"},{"@type":"ListItem","position":2,"name":"Bombeiros de Lagos v\u00e3o formar tripulantes de ambul\u00e2ncia de emerg\u00eancia no Algarve"}]},{"@type":"WebSite","@id":"https:\/\/portaltela.pt\/#website","url":"https:\/\/portaltela.pt\/","name":"Portal Tela Portugal","description":"","potentialAction":[{"@type":"SearchAction","target":{"@type":"EntryPoint","urlTemplate":"https:\/\/portaltela.pt\/?s={search_term_string}"},"query-input":{"@type":"PropertyValueSpecification","valueRequired":true,"valueName":"search_term_string"}}],"inLanguage":"pt-PT"},{"@type":"Person","@id":"https:\/\/portaltela.pt\/#\/schema\/person\/c4278d4a6028830caff9ee44b42d32ed","name":"Telinha","image":{"@type":"ImageObject","inLanguage":"pt-PT","@id":"https:\/\/portaltela.pt\/s.01k8rhncp4jt1\/2025\/11\/talking-bot-125x125.png","url":"https:\/\/portaltela.pt\/s.01k8rhncp4jt1\/2025\/11\/talking-bot-125x125.png","contentUrl":"https:\/\/portaltela.pt\/s.01k8rhncp4jt1\/2025\/11\/talking-bot-125x125.png","caption":"Telinha"},"sameAs":["https:\/\/portaltela.pt\/"],"url":"https:\/\/portaltela.pt\/por\/367410592786\/"}]}},"_links":{"self":[{"href":"https:\/\/portaltela.pt\/api\/wp\/v2\/posts\/218391","targetHints":{"allow":["GET"]}}],"collection":[{"href":"https:\/\/portaltela.pt\/api\/wp\/v2\/posts"}],"about":[{"href":"https:\/\/portaltela.pt\/api\/wp\/v2\/types\/post"}],"author":[{"embeddable":true,"href":"https:\/\/portaltela.pt\/api\/wp\/v2\/users\/2"}],"replies":[{"embeddable":true,"href":"https:\/\/portaltela.pt\/api\/wp\/v2\/comments?post=218391"}],"version-history":[{"count":0,"href":"https:\/\/portaltela.pt\/api\/wp\/v2\/posts\/218391\/revisions"}],"wp:featuredmedia":[{"embeddable":true,"href":"https:\/\/portaltela.pt\/api\/wp\/v2\/media\/218394"}],"wp:attachment":[{"href":"https:\/\/portaltela.pt\/api\/wp\/v2\/media?parent=218391"}],"wp:term":[{"taxonomy":"category","embeddable":true,"href":"https:\/\/portaltela.pt\/api\/wp\/v2\/categories?post=218391"},{"taxonomy":"post_tag","embeddable":true,"href":"https:\/\/portaltela.pt\/api\/wp\/v2\/tags?post=218391"}],"curies":[{"name":"wp","href":"https:\/\/api.w.org\/{rel}","templated":true}]}}