{"id":218323,"date":"2026-02-19T18:48:41","date_gmt":"2026-02-19T21:48:41","guid":{"rendered":"https:\/\/portaltela.pt\/noticias\/2026\/02\/19\/guterres-afirma-que-a-onu-presta-contas-apenas-aos-estados-e-aguarda-trump\/"},"modified":"2026-02-19T18:48:41","modified_gmt":"2026-02-19T21:48:41","slug":"guterres-afirma-que-a-onu-presta-contas-apenas-aos-estados-e-aguarda-trump","status":"publish","type":"post","link":"https:\/\/portaltela.pt\/noticias\/politica\/2026\/02\/19\/guterres-afirma-que-a-onu-presta-contas-apenas-aos-estados-e-aguarda-trump\/","title":{"rendered":"Guterres afirma que a ONU presta contas apenas aos Estados e aguarda Trump"},"content":{"rendered":"<p>O secret\u00e1rio-geral das Na\u00e7\u00f5es Unidas, Ant\u00f3nio Guterres, afirmou que a governan\u00e7a da organiza\u00e7\u00e3o continua a depender dos Estados-membros, com a Assembleia Geral e o Conselho de Seguran\u00e7a a supervisionarem o trabalho da ONU. A posi\u00e7\u00e3o foi apresentada em resposta a declara\u00e7\u00f5es do Presidente dos EUA, Donald Trump, sobre a supervis\u00e3o ideada pelo seu chamado Conselho de Paz.<\/p>\n<p>O porta-voz de Guterres, St\u00e9phane Dujarric, explicou numa confer\u00eancia de imprensa di\u00e1ria que, conforme a Carta da ONU, o controlo e a orienta\u00e7\u00e3o da organiza\u00e7\u00e3o cabem aos Estados-membros, exercidos atrav\u00e9s dos seus \u00f3rg\u00e3os principais. A resposta enfatiza o papel dos Estados no funcionamento da ONU, independentemente de propostas paralelas de supervis\u00e3o.<\/p>\n<p>Trump apresentou o seu Conselho de Paz durante uma interven\u00e7\u00e3o em Washington, referindo, sem detalhar, ter trabalhado de perto com a organiza\u00e7\u00e3o desde a reuni\u00e3o fundadora em Davos, Su\u00ed\u00e7a. O Presidente indicou ainda a inten\u00e7\u00e3o de manter contacto com Guterres ap\u00f3s a conclus\u00e3o da reuni\u00e3o, sem especificar datas.<\/p>\n","protected":false},"excerpt":{"rendered":"<ul>\n<li>O secret\u00e1rio-geral Guterres afirmou que o funcionamento da ONU \u00e9 supervisionado pelos Estados-membros, via Assembleia Geral e Conselho de Seguran\u00e7a.<\/li>\n<li>A declara\u00e7\u00e3o surge em resposta aos coment\u00e1rios de Donald Trump, que disse que o seu Conselho de Paz vai \u201csupervisionar\u201d a ONU para garantir o seu bom desempenho.<\/li>\n<li>O porta-voz de Guterres, St\u00e9phane Dujarric, disse que a Carta da ONU continua a ser o princ\u00edpio orientador da organiza\u00e7\u00e3o.<\/li>\n<li>Trump apresentou hoje o seu Conselho de Paz em Washington e disse ter trabalhado de perto com as Na\u00e7\u00f5es Unidas desde Davos.<\/li>\n<li>O presidente norte-americano informou ainda que pretende falar com Guterres depois de a apresenta\u00e7\u00e3o terminar.<\/li>\n<\/ul>\n","protected":false},"author":2,"featured_media":218329,"comment_status":"closed","ping_status":"closed","sticky":false,"template":"","format":"standard","meta":{"footnotes":""},"categories":[1,5],"tags":[6074,2937,3462,29,2127,5123],"class_list":["post-218323","post","type-post","status-publish","format-standard","has-post-thumbnail","hentry","category-noticias","category-politica","tag-antonio-guterres","tag-assembleia-geral","tag-conselho-de-seguranca","tag-diplomacia","tag-nacoes-unidas","tag-onu"],"yoast_head":"<!-- This site is optimized with the Yoast SEO plugin v27.2 - https:\/\/yoast.com\/product\/yoast-seo-wordpress\/ -->\n<title>Guterres afirma que a ONU presta contas apenas aos Estados e aguarda Trump - Portal Tela Portugal<\/title>\n<meta name=\"robots\" content=\"index, follow, max-snippet:-1, max-image-preview:large, max-video-preview:-1\" \/>\n<meta property=\"og:locale\" content=\"pt_PT\" \/>\n<meta property=\"og:type\" content=\"article\" \/>\n<meta property=\"og:title\" content=\"Guterres afirma que a ONU presta contas apenas aos Estados e aguarda Trump - Portal Tela Portugal\" \/>\n<meta property=\"og:description\" content=\"O secret\u00e1rio-geral Guterres afirmou que o funcionamento da ONU \u00e9 supervisionado pelos Estados-membros, via Assembleia Geral e Conselho de Seguran\u00e7a. A declara\u00e7\u00e3o surge em resposta aos coment\u00e1rios de Donald Trump, que disse que o seu Conselho de Paz vai \u201csupervisionar\u201d a ONU para garantir o seu bom desempenho. O porta-voz de Guterres, St\u00e9phane Dujarric, disse que a Carta da ONU continua a ser o princ\u00edpio orientador da organiza\u00e7\u00e3o. Trump apresentou hoje o seu Conselho de Paz em Washington e disse ter trabalhado de perto com as Na\u00e7\u00f5es Unidas desde Davos. O presidente norte-americano informou ainda que pretende falar com Guterres depois de a apresenta\u00e7\u00e3o terminar.\" \/>\n<meta property=\"og:url\" content=\"https:\/\/portaltela.pt\/noticias\/2026\/02\/19\/guterres-afirma-que-a-onu-presta-contas-apenas-aos-estados-e-aguarda-trump\/\" \/>\n<meta property=\"og:site_name\" content=\"Portal Tela Portugal\" \/>\n<meta property=\"article:published_time\" content=\"2026-02-19T21:48:41+00:00\" \/>\n<meta name=\"author\" content=\"Telinha\" \/>\n<meta name=\"twitter:card\" content=\"summary_large_image\" \/>\n<meta name=\"twitter:label1\" content=\"Escrito por\" \/>\n\t<meta name=\"twitter:data1\" content=\"Telinha\" \/>\n\t<meta name=\"twitter:label2\" content=\"Tempo estimado de leitura\" \/>\n\t<meta name=\"twitter:data2\" content=\"1 minuto\" \/>\n<script type=\"application\/ld+json\" class=\"yoast-schema-graph\">{\"@context\":\"https:\/\/schema.org\",\"@graph\":[{\"@type\":\"Article\",\"@id\":\"https:\/\/portaltela.pt\/noticias\/2026\/02\/19\/guterres-afirma-que-a-onu-presta-contas-apenas-aos-estados-e-aguarda-trump\/#article\",\"isPartOf\":{\"@id\":\"https:\/\/portaltela.pt\/noticias\/2026\/02\/19\/guterres-afirma-que-a-onu-presta-contas-apenas-aos-estados-e-aguarda-trump\/\"},\"author\":{\"name\":\"Telinha\",\"@id\":\"https:\/\/portaltela.pt\/#\/schema\/person\/c4278d4a6028830caff9ee44b42d32ed\"},\"headline\":\"Guterres afirma que a ONU presta contas apenas aos Estados e aguarda Trump\",\"datePublished\":\"2026-02-19T21:48:41+00:00\",\"mainEntityOfPage\":{\"@id\":\"https:\/\/portaltela.pt\/noticias\/2026\/02\/19\/guterres-afirma-que-a-onu-presta-contas-apenas-aos-estados-e-aguarda-trump\/\"},\"wordCount\":194,\"image\":{\"@id\":\"https:\/\/portaltela.pt\/noticias\/2026\/02\/19\/guterres-afirma-que-a-onu-presta-contas-apenas-aos-estados-e-aguarda-trump\/#primaryimage\"},\"thumbnailUrl\":\"https:\/\/portaltela.pt\/s.01k8rhncp4jt1\/2026\/02\/img_1500x1000uu2025-07-28-10-50-12-2225579.jpg\",\"keywords\":[\"Ant\u00f3nio Guterres\",\"Assembleia Geral\",\"Conselho de Seguran\u00e7a\",\"diplomacia\",\"Na\u00e7\u00f5es Unidas\",\"ONU\"],\"articleSection\":[\"Not\u00edcias\",\"Pol\u00edtica\"],\"inLanguage\":\"pt-PT\"},{\"@type\":\"WebPage\",\"@id\":\"https:\/\/portaltela.pt\/noticias\/2026\/02\/19\/guterres-afirma-que-a-onu-presta-contas-apenas-aos-estados-e-aguarda-trump\/\",\"url\":\"https:\/\/portaltela.pt\/noticias\/2026\/02\/19\/guterres-afirma-que-a-onu-presta-contas-apenas-aos-estados-e-aguarda-trump\/\",\"name\":\"Guterres afirma que a ONU presta contas apenas aos Estados e aguarda Trump - Portal Tela Portugal\",\"isPartOf\":{\"@id\":\"https:\/\/portaltela.pt\/#website\"},\"primaryImageOfPage\":{\"@id\":\"https:\/\/portaltela.pt\/noticias\/2026\/02\/19\/guterres-afirma-que-a-onu-presta-contas-apenas-aos-estados-e-aguarda-trump\/#primaryimage\"},\"image\":{\"@id\":\"https:\/\/portaltela.pt\/noticias\/2026\/02\/19\/guterres-afirma-que-a-onu-presta-contas-apenas-aos-estados-e-aguarda-trump\/#primaryimage\"},\"thumbnailUrl\":\"https:\/\/portaltela.pt\/s.01k8rhncp4jt1\/2026\/02\/img_1500x1000uu2025-07-28-10-50-12-2225579.jpg\",\"datePublished\":\"2026-02-19T21:48:41+00:00\",\"author\":{\"@id\":\"https:\/\/portaltela.pt\/#\/schema\/person\/c4278d4a6028830caff9ee44b42d32ed\"},\"breadcrumb\":{\"@id\":\"https:\/\/portaltela.pt\/noticias\/2026\/02\/19\/guterres-afirma-que-a-onu-presta-contas-apenas-aos-estados-e-aguarda-trump\/#breadcrumb\"},\"inLanguage\":\"pt-PT\",\"potentialAction\":[{\"@type\":\"ReadAction\",\"target\":[\"https:\/\/portaltela.pt\/noticias\/2026\/02\/19\/guterres-afirma-que-a-onu-presta-contas-apenas-aos-estados-e-aguarda-trump\/\"]}]},{\"@type\":\"ImageObject\",\"inLanguage\":\"pt-PT\",\"@id\":\"https:\/\/portaltela.pt\/noticias\/2026\/02\/19\/guterres-afirma-que-a-onu-presta-contas-apenas-aos-estados-e-aguarda-trump\/#primaryimage\",\"url\":\"https:\/\/portaltela.pt\/s.01k8rhncp4jt1\/2026\/02\/img_1500x1000uu2025-07-28-10-50-12-2225579.jpg\",\"contentUrl\":\"https:\/\/portaltela.pt\/s.01k8rhncp4jt1\/2026\/02\/img_1500x1000uu2025-07-28-10-50-12-2225579.jpg\",\"width\":796,\"height\":448,\"caption\":\"Guterres\"},{\"@type\":\"BreadcrumbList\",\"@id\":\"https:\/\/portaltela.pt\/noticias\/2026\/02\/19\/guterres-afirma-que-a-onu-presta-contas-apenas-aos-estados-e-aguarda-trump\/#breadcrumb\",\"itemListElement\":[{\"@type\":\"ListItem\",\"position\":1,\"name\":\"In\u00edcio\",\"item\":\"https:\/\/portaltela.pt\/\"},{\"@type\":\"ListItem\",\"position\":2,\"name\":\"Guterres afirma que a ONU presta contas apenas aos Estados e aguarda Trump\"}]},{\"@type\":\"WebSite\",\"@id\":\"https:\/\/portaltela.pt\/#website\",\"url\":\"https:\/\/portaltela.pt\/\",\"name\":\"Portal Tela Portugal\",\"description\":\"\",\"potentialAction\":[{\"@type\":\"SearchAction\",\"target\":{\"@type\":\"EntryPoint\",\"urlTemplate\":\"https:\/\/portaltela.pt\/?s={search_term_string}\"},\"query-input\":{\"@type\":\"PropertyValueSpecification\",\"valueRequired\":true,\"valueName\":\"search_term_string\"}}],\"inLanguage\":\"pt-PT\"},{\"@type\":\"Person\",\"@id\":\"https:\/\/portaltela.pt\/#\/schema\/person\/c4278d4a6028830caff9ee44b42d32ed\",\"name\":\"Telinha\",\"image\":{\"@type\":\"ImageObject\",\"inLanguage\":\"pt-PT\",\"@id\":\"https:\/\/portaltela.pt\/s.01k8rhncp4jt1\/2025\/11\/talking-bot-125x125.png\",\"url\":\"https:\/\/portaltela.pt\/s.01k8rhncp4jt1\/2025\/11\/talking-bot-125x125.png\",\"contentUrl\":\"https:\/\/portaltela.pt\/s.01k8rhncp4jt1\/2025\/11\/talking-bot-125x125.png\",\"caption\":\"Telinha\"},\"sameAs\":[\"https:\/\/portaltela.pt\/\"],\"url\":\"https:\/\/portaltela.pt\/por\/367410592786\/\"}]}<\/script>\n<!-- \/ Yoast SEO plugin. -->","yoast_head_json":{"title":"Guterres afirma que a ONU presta contas apenas aos Estados e aguarda Trump - Portal Tela Portugal","robots":{"index":"index","follow":"follow","max-snippet":"max-snippet:-1","max-image-preview":"max-image-preview:large","max-video-preview":"max-video-preview:-1"},"og_locale":"pt_PT","og_type":"article","og_title":"Guterres afirma que a ONU presta contas apenas aos Estados e aguarda Trump - Portal Tela Portugal","og_description":"O secret\u00e1rio-geral Guterres afirmou que o funcionamento da ONU \u00e9 supervisionado pelos Estados-membros, via Assembleia Geral e Conselho de Seguran\u00e7a. A declara\u00e7\u00e3o surge em resposta aos coment\u00e1rios de Donald Trump, que disse que o seu Conselho de Paz vai \u201csupervisionar\u201d a ONU para garantir o seu bom desempenho. O porta-voz de Guterres, St\u00e9phane Dujarric, disse que a Carta da ONU continua a ser o princ\u00edpio orientador da organiza\u00e7\u00e3o. Trump apresentou hoje o seu Conselho de Paz em Washington e disse ter trabalhado de perto com as Na\u00e7\u00f5es Unidas desde Davos. O presidente norte-americano informou ainda que pretende falar com Guterres depois de a apresenta\u00e7\u00e3o terminar.","og_url":"https:\/\/portaltela.pt\/noticias\/2026\/02\/19\/guterres-afirma-que-a-onu-presta-contas-apenas-aos-estados-e-aguarda-trump\/","og_site_name":"Portal Tela Portugal","article_published_time":"2026-02-19T21:48:41+00:00","author":"Telinha","twitter_card":"summary_large_image","twitter_misc":{"Escrito por":"Telinha","Tempo estimado de leitura":"1 minuto"},"schema":{"@context":"https:\/\/schema.org","@graph":[{"@type":"Article","@id":"https:\/\/portaltela.pt\/noticias\/2026\/02\/19\/guterres-afirma-que-a-onu-presta-contas-apenas-aos-estados-e-aguarda-trump\/#article","isPartOf":{"@id":"https:\/\/portaltela.pt\/noticias\/2026\/02\/19\/guterres-afirma-que-a-onu-presta-contas-apenas-aos-estados-e-aguarda-trump\/"},"author":{"name":"Telinha","@id":"https:\/\/portaltela.pt\/#\/schema\/person\/c4278d4a6028830caff9ee44b42d32ed"},"headline":"Guterres afirma que a ONU presta contas apenas aos Estados e aguarda Trump","datePublished":"2026-02-19T21:48:41+00:00","mainEntityOfPage":{"@id":"https:\/\/portaltela.pt\/noticias\/2026\/02\/19\/guterres-afirma-que-a-onu-presta-contas-apenas-aos-estados-e-aguarda-trump\/"},"wordCount":194,"image":{"@id":"https:\/\/portaltela.pt\/noticias\/2026\/02\/19\/guterres-afirma-que-a-onu-presta-contas-apenas-aos-estados-e-aguarda-trump\/#primaryimage"},"thumbnailUrl":"https:\/\/portaltela.pt\/s.01k8rhncp4jt1\/2026\/02\/img_1500x1000uu2025-07-28-10-50-12-2225579.jpg","keywords":["Ant\u00f3nio Guterres","Assembleia Geral","Conselho de Seguran\u00e7a","diplomacia","Na\u00e7\u00f5es Unidas","ONU"],"articleSection":["Not\u00edcias","Pol\u00edtica"],"inLanguage":"pt-PT"},{"@type":"WebPage","@id":"https:\/\/portaltela.pt\/noticias\/2026\/02\/19\/guterres-afirma-que-a-onu-presta-contas-apenas-aos-estados-e-aguarda-trump\/","url":"https:\/\/portaltela.pt\/noticias\/2026\/02\/19\/guterres-afirma-que-a-onu-presta-contas-apenas-aos-estados-e-aguarda-trump\/","name":"Guterres afirma que a ONU presta contas apenas aos Estados e aguarda Trump - Portal Tela Portugal","isPartOf":{"@id":"https:\/\/portaltela.pt\/#website"},"primaryImageOfPage":{"@id":"https:\/\/portaltela.pt\/noticias\/2026\/02\/19\/guterres-afirma-que-a-onu-presta-contas-apenas-aos-estados-e-aguarda-trump\/#primaryimage"},"image":{"@id":"https:\/\/portaltela.pt\/noticias\/2026\/02\/19\/guterres-afirma-que-a-onu-presta-contas-apenas-aos-estados-e-aguarda-trump\/#primaryimage"},"thumbnailUrl":"https:\/\/portaltela.pt\/s.01k8rhncp4jt1\/2026\/02\/img_1500x1000uu2025-07-28-10-50-12-2225579.jpg","datePublished":"2026-02-19T21:48:41+00:00","author":{"@id":"https:\/\/portaltela.pt\/#\/schema\/person\/c4278d4a6028830caff9ee44b42d32ed"},"breadcrumb":{"@id":"https:\/\/portaltela.pt\/noticias\/2026\/02\/19\/guterres-afirma-que-a-onu-presta-contas-apenas-aos-estados-e-aguarda-trump\/#breadcrumb"},"inLanguage":"pt-PT","potentialAction":[{"@type":"ReadAction","target":["https:\/\/portaltela.pt\/noticias\/2026\/02\/19\/guterres-afirma-que-a-onu-presta-contas-apenas-aos-estados-e-aguarda-trump\/"]}]},{"@type":"ImageObject","inLanguage":"pt-PT","@id":"https:\/\/portaltela.pt\/noticias\/2026\/02\/19\/guterres-afirma-que-a-onu-presta-contas-apenas-aos-estados-e-aguarda-trump\/#primaryimage","url":"https:\/\/portaltela.pt\/s.01k8rhncp4jt1\/2026\/02\/img_1500x1000uu2025-07-28-10-50-12-2225579.jpg","contentUrl":"https:\/\/portaltela.pt\/s.01k8rhncp4jt1\/2026\/02\/img_1500x1000uu2025-07-28-10-50-12-2225579.jpg","width":796,"height":448,"caption":"Guterres"},{"@type":"BreadcrumbList","@id":"https:\/\/portaltela.pt\/noticias\/2026\/02\/19\/guterres-afirma-que-a-onu-presta-contas-apenas-aos-estados-e-aguarda-trump\/#breadcrumb","itemListElement":[{"@type":"ListItem","position":1,"name":"In\u00edcio","item":"https:\/\/portaltela.pt\/"},{"@type":"ListItem","position":2,"name":"Guterres afirma que a ONU presta contas apenas aos Estados e aguarda Trump"}]},{"@type":"WebSite","@id":"https:\/\/portaltela.pt\/#website","url":"https:\/\/portaltela.pt\/","name":"Portal Tela Portugal","description":"","potentialAction":[{"@type":"SearchAction","target":{"@type":"EntryPoint","urlTemplate":"https:\/\/portaltela.pt\/?s={search_term_string}"},"query-input":{"@type":"PropertyValueSpecification","valueRequired":true,"valueName":"search_term_string"}}],"inLanguage":"pt-PT"},{"@type":"Person","@id":"https:\/\/portaltela.pt\/#\/schema\/person\/c4278d4a6028830caff9ee44b42d32ed","name":"Telinha","image":{"@type":"ImageObject","inLanguage":"pt-PT","@id":"https:\/\/portaltela.pt\/s.01k8rhncp4jt1\/2025\/11\/talking-bot-125x125.png","url":"https:\/\/portaltela.pt\/s.01k8rhncp4jt1\/2025\/11\/talking-bot-125x125.png","contentUrl":"https:\/\/portaltela.pt\/s.01k8rhncp4jt1\/2025\/11\/talking-bot-125x125.png","caption":"Telinha"},"sameAs":["https:\/\/portaltela.pt\/"],"url":"https:\/\/portaltela.pt\/por\/367410592786\/"}]}},"_links":{"self":[{"href":"https:\/\/portaltela.pt\/api\/wp\/v2\/posts\/218323","targetHints":{"allow":["GET"]}}],"collection":[{"href":"https:\/\/portaltela.pt\/api\/wp\/v2\/posts"}],"about":[{"href":"https:\/\/portaltela.pt\/api\/wp\/v2\/types\/post"}],"author":[{"embeddable":true,"href":"https:\/\/portaltela.pt\/api\/wp\/v2\/users\/2"}],"replies":[{"embeddable":true,"href":"https:\/\/portaltela.pt\/api\/wp\/v2\/comments?post=218323"}],"version-history":[{"count":0,"href":"https:\/\/portaltela.pt\/api\/wp\/v2\/posts\/218323\/revisions"}],"wp:featuredmedia":[{"embeddable":true,"href":"https:\/\/portaltela.pt\/api\/wp\/v2\/media\/218329"}],"wp:attachment":[{"href":"https:\/\/portaltela.pt\/api\/wp\/v2\/media?parent=218323"}],"wp:term":[{"taxonomy":"category","embeddable":true,"href":"https:\/\/portaltela.pt\/api\/wp\/v2\/categories?post=218323"},{"taxonomy":"post_tag","embeddable":true,"href":"https:\/\/portaltela.pt\/api\/wp\/v2\/tags?post=218323"}],"curies":[{"name":"wp","href":"https:\/\/api.w.org\/{rel}","templated":true}]}}