{"id":218322,"date":"2026-02-19T18:45:00","date_gmt":"2026-02-19T21:45:00","guid":{"rendered":"https:\/\/portaltela.pt\/noticias\/2026\/02\/19\/jaime-faria-vence-damir-dzumhur-e-avanca-aos-quartos-do-rio-open\/"},"modified":"2026-02-19T18:45:00","modified_gmt":"2026-02-19T21:45:00","slug":"jaime-faria-vence-damir-dzumhur-e-avanca-aos-quartos-do-rio-open","status":"publish","type":"post","link":"https:\/\/portaltela.pt\/desporto\/2026\/02\/19\/jaime-faria-vence-damir-dzumhur-e-avanca-aos-quartos-do-rio-open\/","title":{"rendered":"Jaime Faria vence Damir Dzumhur e avan\u00e7a aos quartos do Rio Open"},"content":{"rendered":"<p>Jaime Faria, repescado para o quadro principal do Rio Open, venceu Damir Dzumhur e garantiu passagem aos quartos de final. O duelo terminou 7-6(1) 6-4, em Rio de Janeiro, Brasil.<\/p>\n<p>O tenista portugu\u00eas, segundo no ranking nacional e 147.\u00ba no ranking ATP, soma a terceiro destino consecutivo aos quartos de final do torneio, uma sequ\u00eancia que j\u00e1 tem vindo a repetir nas edi\u00e7\u00f5es recentes.<\/p>\n<h3>Pr\u00f3ximo advers\u00e1rio<\/h3>\n<p>O pr\u00f3ximo obst\u00e1culo fica a cargo do argentino Tomas Martin Etcheverry, 51.\u00ba da classifica\u00e7\u00e3o, que j\u00e1 est\u00e1 confirmado como o desafiante seguinte para Faria no Rio Open.<\/p>\n<p>Etcheverry vem em boa forma na competi\u00e7\u00e3o e pretende continuar a progression no ATP 500, mantendo o momento atual da campanha.<\/p>\n","protected":false},"excerpt":{"rendered":"<ul>\n<li>Jaime Faria foi repescado para o quadro principal do Rio Open, ATP 500, e avan\u00e7a aos quartos de final pela terceira vez consecutiva.<\/li>\n<li>O tenista portugu\u00eas, 147.\u00ba do ranking ATP e n\u00famero dois do pa\u00eds, derrotou Damir Dzumhur (62.\u00ba) por 7-6(1) e 6-4.<\/li>\n<li>Faria chega aos quartos de final pela terceira vez consecutiva no Rio Open.<\/li>\n<li>O pr\u00f3ximo advers\u00e1rio \u00e9 Tomas Martin Etcheverry (51.\u00ba).<\/li>\n<\/ul>\n","protected":false},"author":2,"featured_media":218327,"comment_status":"closed","ping_status":"closed","sticky":false,"template":"","format":"standard","meta":{"footnotes":""},"categories":[21],"tags":[152,6120,1014,154,4976],"class_list":["post-218322","post","type-post","status-publish","format-standard","has-post-thumbnail","hentry","category-desporto","tag-desporto","tag-desportos-individuais","tag-portugal","tag-tennis","tag-torneios-internacionais"],"yoast_head":"<!-- This site is optimized with the Yoast SEO plugin v27.2 - https:\/\/yoast.com\/product\/yoast-seo-wordpress\/ -->\n<title>Jaime Faria vence Damir Dzumhur e avan\u00e7a aos quartos do Rio Open - Portal Tela Portugal<\/title>\n<meta name=\"robots\" content=\"index, follow, max-snippet:-1, max-image-preview:large, max-video-preview:-1\" \/>\n<meta property=\"og:locale\" content=\"pt_PT\" \/>\n<meta property=\"og:type\" content=\"article\" \/>\n<meta property=\"og:title\" content=\"Jaime Faria vence Damir Dzumhur e avan\u00e7a aos quartos do Rio Open - Portal Tela Portugal\" \/>\n<meta property=\"og:description\" content=\"Jaime Faria foi repescado para o quadro principal do Rio Open, ATP 500, e avan\u00e7a aos quartos de final pela terceira vez consecutiva. O tenista portugu\u00eas, 147.\u00ba do ranking ATP e n\u00famero dois do pa\u00eds, derrotou Damir Dzumhur (62.\u00ba) por 7-6(1) e 6-4. Faria chega aos quartos de final pela terceira vez consecutiva no Rio Open. O pr\u00f3ximo advers\u00e1rio \u00e9 Tomas Martin Etcheverry (51.\u00ba).\" \/>\n<meta property=\"og:url\" content=\"https:\/\/portaltela.pt\/noticias\/2026\/02\/19\/jaime-faria-vence-damir-dzumhur-e-avanca-aos-quartos-do-rio-open\/\" \/>\n<meta property=\"og:site_name\" content=\"Portal Tela Portugal\" \/>\n<meta property=\"article:published_time\" content=\"2026-02-19T21:45:00+00:00\" \/>\n<meta name=\"author\" content=\"Telinha\" \/>\n<meta name=\"twitter:card\" content=\"summary_large_image\" \/>\n<meta name=\"twitter:label1\" content=\"Escrito por\" \/>\n\t<meta name=\"twitter:data1\" content=\"Telinha\" \/>\n\t<meta name=\"twitter:label2\" content=\"Tempo estimado de leitura\" \/>\n\t<meta name=\"twitter:data2\" content=\"1 minuto\" \/>\n<script type=\"application\/ld+json\" class=\"yoast-schema-graph\">{\"@context\":\"https:\/\/schema.org\",\"@graph\":[{\"@type\":\"Article\",\"@id\":\"https:\/\/portaltela.pt\/noticias\/2026\/02\/19\/jaime-faria-vence-damir-dzumhur-e-avanca-aos-quartos-do-rio-open\/#article\",\"isPartOf\":{\"@id\":\"https:\/\/portaltela.pt\/noticias\/2026\/02\/19\/jaime-faria-vence-damir-dzumhur-e-avanca-aos-quartos-do-rio-open\/\"},\"author\":{\"name\":\"Telinha\",\"@id\":\"https:\/\/portaltela.pt\/#\/schema\/person\/c4278d4a6028830caff9ee44b42d32ed\"},\"headline\":\"Jaime Faria vence Damir Dzumhur e avan\u00e7a aos quartos do Rio Open\",\"datePublished\":\"2026-02-19T21:45:00+00:00\",\"mainEntityOfPage\":{\"@id\":\"https:\/\/portaltela.pt\/noticias\/2026\/02\/19\/jaime-faria-vence-damir-dzumhur-e-avanca-aos-quartos-do-rio-open\/\"},\"wordCount\":133,\"image\":{\"@id\":\"https:\/\/portaltela.pt\/noticias\/2026\/02\/19\/jaime-faria-vence-damir-dzumhur-e-avanca-aos-quartos-do-rio-open\/#primaryimage\"},\"thumbnailUrl\":\"https:\/\/portaltela.pt\/s.01k8rhncp4jt1\/2026\/02\/img_920x518uu2026-02-19-21-40-50-2422623.jpg\",\"keywords\":[\"desporto\",\"desportos individuais\",\"Portugal\",\"tennis\",\"torneios internacionais\"],\"articleSection\":[\"Desporto\"],\"inLanguage\":\"pt-PT\"},{\"@type\":\"WebPage\",\"@id\":\"https:\/\/portaltela.pt\/noticias\/2026\/02\/19\/jaime-faria-vence-damir-dzumhur-e-avanca-aos-quartos-do-rio-open\/\",\"url\":\"https:\/\/portaltela.pt\/noticias\/2026\/02\/19\/jaime-faria-vence-damir-dzumhur-e-avanca-aos-quartos-do-rio-open\/\",\"name\":\"Jaime Faria vence Damir Dzumhur e avan\u00e7a aos quartos do Rio Open - Portal Tela Portugal\",\"isPartOf\":{\"@id\":\"https:\/\/portaltela.pt\/#website\"},\"primaryImageOfPage\":{\"@id\":\"https:\/\/portaltela.pt\/noticias\/2026\/02\/19\/jaime-faria-vence-damir-dzumhur-e-avanca-aos-quartos-do-rio-open\/#primaryimage\"},\"image\":{\"@id\":\"https:\/\/portaltela.pt\/noticias\/2026\/02\/19\/jaime-faria-vence-damir-dzumhur-e-avanca-aos-quartos-do-rio-open\/#primaryimage\"},\"thumbnailUrl\":\"https:\/\/portaltela.pt\/s.01k8rhncp4jt1\/2026\/02\/img_920x518uu2026-02-19-21-40-50-2422623.jpg\",\"datePublished\":\"2026-02-19T21:45:00+00:00\",\"author\":{\"@id\":\"https:\/\/portaltela.pt\/#\/schema\/person\/c4278d4a6028830caff9ee44b42d32ed\"},\"breadcrumb\":{\"@id\":\"https:\/\/portaltela.pt\/noticias\/2026\/02\/19\/jaime-faria-vence-damir-dzumhur-e-avanca-aos-quartos-do-rio-open\/#breadcrumb\"},\"inLanguage\":\"pt-PT\",\"potentialAction\":[{\"@type\":\"ReadAction\",\"target\":[\"https:\/\/portaltela.pt\/noticias\/2026\/02\/19\/jaime-faria-vence-damir-dzumhur-e-avanca-aos-quartos-do-rio-open\/\"]}]},{\"@type\":\"ImageObject\",\"inLanguage\":\"pt-PT\",\"@id\":\"https:\/\/portaltela.pt\/noticias\/2026\/02\/19\/jaime-faria-vence-damir-dzumhur-e-avanca-aos-quartos-do-rio-open\/#primaryimage\",\"url\":\"https:\/\/portaltela.pt\/s.01k8rhncp4jt1\/2026\/02\/img_920x518uu2026-02-19-21-40-50-2422623.jpg\",\"contentUrl\":\"https:\/\/portaltela.pt\/s.01k8rhncp4jt1\/2026\/02\/img_920x518uu2026-02-19-21-40-50-2422623.jpg\",\"width\":796,\"height\":448,\"caption\":\"Jaime Faria vence no Rio Open\"},{\"@type\":\"BreadcrumbList\",\"@id\":\"https:\/\/portaltela.pt\/noticias\/2026\/02\/19\/jaime-faria-vence-damir-dzumhur-e-avanca-aos-quartos-do-rio-open\/#breadcrumb\",\"itemListElement\":[{\"@type\":\"ListItem\",\"position\":1,\"name\":\"In\u00edcio\",\"item\":\"https:\/\/portaltela.pt\/\"},{\"@type\":\"ListItem\",\"position\":2,\"name\":\"Jaime Faria vence Damir Dzumhur e avan\u00e7a aos quartos do Rio Open\"}]},{\"@type\":\"WebSite\",\"@id\":\"https:\/\/portaltela.pt\/#website\",\"url\":\"https:\/\/portaltela.pt\/\",\"name\":\"Portal Tela Portugal\",\"description\":\"\",\"potentialAction\":[{\"@type\":\"SearchAction\",\"target\":{\"@type\":\"EntryPoint\",\"urlTemplate\":\"https:\/\/portaltela.pt\/?s={search_term_string}\"},\"query-input\":{\"@type\":\"PropertyValueSpecification\",\"valueRequired\":true,\"valueName\":\"search_term_string\"}}],\"inLanguage\":\"pt-PT\"},{\"@type\":\"Person\",\"@id\":\"https:\/\/portaltela.pt\/#\/schema\/person\/c4278d4a6028830caff9ee44b42d32ed\",\"name\":\"Telinha\",\"image\":{\"@type\":\"ImageObject\",\"inLanguage\":\"pt-PT\",\"@id\":\"https:\/\/portaltela.pt\/s.01k8rhncp4jt1\/2025\/11\/talking-bot-125x125.png\",\"url\":\"https:\/\/portaltela.pt\/s.01k8rhncp4jt1\/2025\/11\/talking-bot-125x125.png\",\"contentUrl\":\"https:\/\/portaltela.pt\/s.01k8rhncp4jt1\/2025\/11\/talking-bot-125x125.png\",\"caption\":\"Telinha\"},\"sameAs\":[\"https:\/\/portaltela.pt\/\"],\"url\":\"https:\/\/portaltela.pt\/por\/367410592786\/\"}]}<\/script>\n<!-- \/ Yoast SEO plugin. -->","yoast_head_json":{"title":"Jaime Faria vence Damir Dzumhur e avan\u00e7a aos quartos do Rio Open - Portal Tela Portugal","robots":{"index":"index","follow":"follow","max-snippet":"max-snippet:-1","max-image-preview":"max-image-preview:large","max-video-preview":"max-video-preview:-1"},"og_locale":"pt_PT","og_type":"article","og_title":"Jaime Faria vence Damir Dzumhur e avan\u00e7a aos quartos do Rio Open - Portal Tela Portugal","og_description":"Jaime Faria foi repescado para o quadro principal do Rio Open, ATP 500, e avan\u00e7a aos quartos de final pela terceira vez consecutiva. O tenista portugu\u00eas, 147.\u00ba do ranking ATP e n\u00famero dois do pa\u00eds, derrotou Damir Dzumhur (62.\u00ba) por 7-6(1) e 6-4. Faria chega aos quartos de final pela terceira vez consecutiva no Rio Open. O pr\u00f3ximo advers\u00e1rio \u00e9 Tomas Martin Etcheverry (51.\u00ba).","og_url":"https:\/\/portaltela.pt\/noticias\/2026\/02\/19\/jaime-faria-vence-damir-dzumhur-e-avanca-aos-quartos-do-rio-open\/","og_site_name":"Portal Tela Portugal","article_published_time":"2026-02-19T21:45:00+00:00","author":"Telinha","twitter_card":"summary_large_image","twitter_misc":{"Escrito por":"Telinha","Tempo estimado de leitura":"1 minuto"},"schema":{"@context":"https:\/\/schema.org","@graph":[{"@type":"Article","@id":"https:\/\/portaltela.pt\/noticias\/2026\/02\/19\/jaime-faria-vence-damir-dzumhur-e-avanca-aos-quartos-do-rio-open\/#article","isPartOf":{"@id":"https:\/\/portaltela.pt\/noticias\/2026\/02\/19\/jaime-faria-vence-damir-dzumhur-e-avanca-aos-quartos-do-rio-open\/"},"author":{"name":"Telinha","@id":"https:\/\/portaltela.pt\/#\/schema\/person\/c4278d4a6028830caff9ee44b42d32ed"},"headline":"Jaime Faria vence Damir Dzumhur e avan\u00e7a aos quartos do Rio Open","datePublished":"2026-02-19T21:45:00+00:00","mainEntityOfPage":{"@id":"https:\/\/portaltela.pt\/noticias\/2026\/02\/19\/jaime-faria-vence-damir-dzumhur-e-avanca-aos-quartos-do-rio-open\/"},"wordCount":133,"image":{"@id":"https:\/\/portaltela.pt\/noticias\/2026\/02\/19\/jaime-faria-vence-damir-dzumhur-e-avanca-aos-quartos-do-rio-open\/#primaryimage"},"thumbnailUrl":"https:\/\/portaltela.pt\/s.01k8rhncp4jt1\/2026\/02\/img_920x518uu2026-02-19-21-40-50-2422623.jpg","keywords":["desporto","desportos individuais","Portugal","tennis","torneios internacionais"],"articleSection":["Desporto"],"inLanguage":"pt-PT"},{"@type":"WebPage","@id":"https:\/\/portaltela.pt\/noticias\/2026\/02\/19\/jaime-faria-vence-damir-dzumhur-e-avanca-aos-quartos-do-rio-open\/","url":"https:\/\/portaltela.pt\/noticias\/2026\/02\/19\/jaime-faria-vence-damir-dzumhur-e-avanca-aos-quartos-do-rio-open\/","name":"Jaime Faria vence Damir Dzumhur e avan\u00e7a aos quartos do Rio Open - Portal Tela Portugal","isPartOf":{"@id":"https:\/\/portaltela.pt\/#website"},"primaryImageOfPage":{"@id":"https:\/\/portaltela.pt\/noticias\/2026\/02\/19\/jaime-faria-vence-damir-dzumhur-e-avanca-aos-quartos-do-rio-open\/#primaryimage"},"image":{"@id":"https:\/\/portaltela.pt\/noticias\/2026\/02\/19\/jaime-faria-vence-damir-dzumhur-e-avanca-aos-quartos-do-rio-open\/#primaryimage"},"thumbnailUrl":"https:\/\/portaltela.pt\/s.01k8rhncp4jt1\/2026\/02\/img_920x518uu2026-02-19-21-40-50-2422623.jpg","datePublished":"2026-02-19T21:45:00+00:00","author":{"@id":"https:\/\/portaltela.pt\/#\/schema\/person\/c4278d4a6028830caff9ee44b42d32ed"},"breadcrumb":{"@id":"https:\/\/portaltela.pt\/noticias\/2026\/02\/19\/jaime-faria-vence-damir-dzumhur-e-avanca-aos-quartos-do-rio-open\/#breadcrumb"},"inLanguage":"pt-PT","potentialAction":[{"@type":"ReadAction","target":["https:\/\/portaltela.pt\/noticias\/2026\/02\/19\/jaime-faria-vence-damir-dzumhur-e-avanca-aos-quartos-do-rio-open\/"]}]},{"@type":"ImageObject","inLanguage":"pt-PT","@id":"https:\/\/portaltela.pt\/noticias\/2026\/02\/19\/jaime-faria-vence-damir-dzumhur-e-avanca-aos-quartos-do-rio-open\/#primaryimage","url":"https:\/\/portaltela.pt\/s.01k8rhncp4jt1\/2026\/02\/img_920x518uu2026-02-19-21-40-50-2422623.jpg","contentUrl":"https:\/\/portaltela.pt\/s.01k8rhncp4jt1\/2026\/02\/img_920x518uu2026-02-19-21-40-50-2422623.jpg","width":796,"height":448,"caption":"Jaime Faria vence no Rio Open"},{"@type":"BreadcrumbList","@id":"https:\/\/portaltela.pt\/noticias\/2026\/02\/19\/jaime-faria-vence-damir-dzumhur-e-avanca-aos-quartos-do-rio-open\/#breadcrumb","itemListElement":[{"@type":"ListItem","position":1,"name":"In\u00edcio","item":"https:\/\/portaltela.pt\/"},{"@type":"ListItem","position":2,"name":"Jaime Faria vence Damir Dzumhur e avan\u00e7a aos quartos do Rio Open"}]},{"@type":"WebSite","@id":"https:\/\/portaltela.pt\/#website","url":"https:\/\/portaltela.pt\/","name":"Portal Tela Portugal","description":"","potentialAction":[{"@type":"SearchAction","target":{"@type":"EntryPoint","urlTemplate":"https:\/\/portaltela.pt\/?s={search_term_string}"},"query-input":{"@type":"PropertyValueSpecification","valueRequired":true,"valueName":"search_term_string"}}],"inLanguage":"pt-PT"},{"@type":"Person","@id":"https:\/\/portaltela.pt\/#\/schema\/person\/c4278d4a6028830caff9ee44b42d32ed","name":"Telinha","image":{"@type":"ImageObject","inLanguage":"pt-PT","@id":"https:\/\/portaltela.pt\/s.01k8rhncp4jt1\/2025\/11\/talking-bot-125x125.png","url":"https:\/\/portaltela.pt\/s.01k8rhncp4jt1\/2025\/11\/talking-bot-125x125.png","contentUrl":"https:\/\/portaltela.pt\/s.01k8rhncp4jt1\/2025\/11\/talking-bot-125x125.png","caption":"Telinha"},"sameAs":["https:\/\/portaltela.pt\/"],"url":"https:\/\/portaltela.pt\/por\/367410592786\/"}]}},"_links":{"self":[{"href":"https:\/\/portaltela.pt\/api\/wp\/v2\/posts\/218322","targetHints":{"allow":["GET"]}}],"collection":[{"href":"https:\/\/portaltela.pt\/api\/wp\/v2\/posts"}],"about":[{"href":"https:\/\/portaltela.pt\/api\/wp\/v2\/types\/post"}],"author":[{"embeddable":true,"href":"https:\/\/portaltela.pt\/api\/wp\/v2\/users\/2"}],"replies":[{"embeddable":true,"href":"https:\/\/portaltela.pt\/api\/wp\/v2\/comments?post=218322"}],"version-history":[{"count":0,"href":"https:\/\/portaltela.pt\/api\/wp\/v2\/posts\/218322\/revisions"}],"wp:featuredmedia":[{"embeddable":true,"href":"https:\/\/portaltela.pt\/api\/wp\/v2\/media\/218327"}],"wp:attachment":[{"href":"https:\/\/portaltela.pt\/api\/wp\/v2\/media?parent=218322"}],"wp:term":[{"taxonomy":"category","embeddable":true,"href":"https:\/\/portaltela.pt\/api\/wp\/v2\/categories?post=218322"},{"taxonomy":"post_tag","embeddable":true,"href":"https:\/\/portaltela.pt\/api\/wp\/v2\/tags?post=218322"}],"curies":[{"name":"wp","href":"https:\/\/api.w.org\/{rel}","templated":true}]}}