{"id":218279,"date":"2026-02-19T18:11:00","date_gmt":"2026-02-19T21:11:00","guid":{"rendered":"https:\/\/portaltela.pt\/noticias\/2026\/02\/19\/museus-e-palacios-nacionais-enfrentam-infiltracoes-ha-anos\/"},"modified":"2026-02-19T18:11:00","modified_gmt":"2026-02-19T21:11:00","slug":"museus-e-palacios-nacionais-enfrentam-infiltracoes-ha-anos","status":"publish","type":"post","link":"https:\/\/portaltela.pt\/noticias\/2026\/02\/19\/museus-e-palacios-nacionais-enfrentam-infiltracoes-ha-anos\/","title":{"rendered":"Museus e pal\u00e1cios nacionais enfrentam infiltra\u00e7\u00f5es h\u00e1 anos"},"content":{"rendered":"<p>O Pal\u00e1cio Nacional da Ajuda, em Lisboa, vive uma crise de infiltra\u00e7\u00f5es que persiste h\u00e1 anos. A falta de manuten\u00e7\u00e3o compromete edif\u00edcios e cole\u00e7\u00f5es, segundo os diretores da institui\u00e7\u00e3o. A situa\u00e7\u00e3o agrava-se com o tempo.<\/p>\n<p>A falta de or\u00e7amento e de interven\u00e7\u00f5es adequadas tem sido apontada como causa central pelos respons\u00e1veis. A tutela tem sido solicitada a agir, numa tentativa de estabilizar as estruturas hist\u00f3ricas. O objetivo \u00e9 evitar danos irrevers\u00edveis \u00e0s pe\u00e7as expostas.<\/p>\n<p>A equipa dirige o olhar para o Plano de Recupera\u00e7\u00e3o e Resili\u00eancia (PRR) como poss\u00edvel ve\u00edculo de apoio financeiro. A prioridade \u00e9 assegurar condi\u00e7\u00f5es seguras e est\u00e1veis para visitantes e para o acervo. O movimento j\u00e1 ganhou apoio de v\u00e1rios setores.<\/p>\n<p>Na bilheteira do pal\u00e1cio, a aflu\u00eancia de visitantes \u00e9 vis\u00edvel, especialmente em dias de festa escolar. Fam\u00edlias portuguesas e turistas estrangeiros enchem salas e corredores, contribuindo para uma din\u00e2mica mais animada.<\/p>\n<p>Entretanto, a chuva constante e a luz natural reduzida acentuam o desconforto dos visitantes. Vigilantes explicam que o ambiente exterior continua a influenciar o interior, tornando as visitas menos previs\u00edveis.<\/p>\n<p>A administra\u00e7\u00e3o do pal\u00e1cio tem usado as visitas como indicador da necessidade de interven\u00e7\u00e3o urgente. A situa\u00e7\u00e3o j\u00e1 \u00e9 acompanhada por entidades p\u00fablicas e pela comunidade cultural da cidade.<\/p>\n","protected":false},"excerpt":{"rendered":"<ul>\n<li>Museus e pal\u00e1cios nacionais j\u00e1 lidam com infiltra\u00e7\u00f5es h\u00e1 anos, agravadas pela falta de manuten\u00e7\u00e3o, afetando edif\u00edcios e cole\u00e7\u00f5es.<\/li>\n<li>Directores pedem apoio \u00e0 tutela e esperam contar com o Plano de Recupera\u00e7\u00e3o e Resili\u00eancia (PRR).<\/li>\n<li>No Pal\u00e1cio Nacional da Ajuda, em Lisboa, a bilheteira regista fila crescente numa segunda-feira de f\u00e9rias de Carnaval.<\/li>\n<li>A chuva constante e a pouca luz natural s\u00e3o apontadas como fatores que influenciam a experi\u00eancia dos visitantes e criam uma atmosfera mais sombria.<\/li>\n<li>O artigo foca o diagn\u00f3stico de infiltra\u00e7\u00f5es e a angaria\u00e7\u00e3o de ajuda externa, sem detalhar medidas j\u00e1 implementadas.<\/li>\n<\/ul>\n","protected":false},"author":2,"featured_media":218286,"comment_status":"closed","ping_status":"closed","sticky":false,"template":"","format":"standard","meta":{"footnotes":""},"categories":[1],"tags":[4676,981,5751,6000,814,1175],"class_list":["post-218279","post","type-post","status-publish","format-standard","has-post-thumbnail","hentry","category-noticias","tag-infiltracoes","tag-lisboa","tag-museus-e-arquivos","tag-orcamento","tag-patrimonio","tag-patrimonio-cultural"],"yoast_head":"<!-- This site is optimized with the Yoast SEO plugin v27.2 - https:\/\/yoast.com\/product\/yoast-seo-wordpress\/ -->\n<title>Museus e pal\u00e1cios nacionais enfrentam infiltra\u00e7\u00f5es h\u00e1 anos - Portal Tela Portugal<\/title>\n<meta name=\"robots\" content=\"index, follow, max-snippet:-1, max-image-preview:large, max-video-preview:-1\" \/>\n<meta property=\"og:locale\" content=\"pt_PT\" \/>\n<meta property=\"og:type\" content=\"article\" \/>\n<meta property=\"og:title\" content=\"Museus e pal\u00e1cios nacionais enfrentam infiltra\u00e7\u00f5es h\u00e1 anos - Portal Tela Portugal\" \/>\n<meta property=\"og:description\" content=\"Museus e pal\u00e1cios nacionais j\u00e1 lidam com infiltra\u00e7\u00f5es h\u00e1 anos, agravadas pela falta de manuten\u00e7\u00e3o, afetando edif\u00edcios e cole\u00e7\u00f5es. Directores pedem apoio \u00e0 tutela e esperam contar com o Plano de Recupera\u00e7\u00e3o e Resili\u00eancia (PRR). No Pal\u00e1cio Nacional da Ajuda, em Lisboa, a bilheteira regista fila crescente numa segunda-feira de f\u00e9rias de Carnaval. A chuva constante e a pouca luz natural s\u00e3o apontadas como fatores que influenciam a experi\u00eancia dos visitantes e criam uma atmosfera mais sombria. O artigo foca o diagn\u00f3stico de infiltra\u00e7\u00f5es e a angaria\u00e7\u00e3o de ajuda externa, sem detalhar medidas j\u00e1 implementadas.\" \/>\n<meta property=\"og:url\" content=\"https:\/\/portaltela.pt\/noticias\/2026\/02\/19\/museus-e-palacios-nacionais-enfrentam-infiltracoes-ha-anos\/\" \/>\n<meta property=\"og:site_name\" content=\"Portal Tela Portugal\" \/>\n<meta property=\"article:published_time\" content=\"2026-02-19T21:11:00+00:00\" \/>\n<meta name=\"author\" content=\"Telinha\" \/>\n<meta name=\"twitter:card\" content=\"summary_large_image\" \/>\n<meta name=\"twitter:label1\" content=\"Escrito por\" \/>\n\t<meta name=\"twitter:data1\" content=\"Telinha\" \/>\n\t<meta name=\"twitter:label2\" content=\"Tempo estimado de leitura\" \/>\n\t<meta name=\"twitter:data2\" content=\"1 minuto\" \/>\n<script type=\"application\/ld+json\" class=\"yoast-schema-graph\">{\"@context\":\"https:\/\/schema.org\",\"@graph\":[{\"@type\":\"Article\",\"@id\":\"https:\/\/portaltela.pt\/noticias\/2026\/02\/19\/museus-e-palacios-nacionais-enfrentam-infiltracoes-ha-anos\/#article\",\"isPartOf\":{\"@id\":\"https:\/\/portaltela.pt\/noticias\/2026\/02\/19\/museus-e-palacios-nacionais-enfrentam-infiltracoes-ha-anos\/\"},\"author\":{\"name\":\"Telinha\",\"@id\":\"https:\/\/portaltela.pt\/#\/schema\/person\/c4278d4a6028830caff9ee44b42d32ed\"},\"headline\":\"Museus e pal\u00e1cios nacionais enfrentam infiltra\u00e7\u00f5es h\u00e1 anos\",\"datePublished\":\"2026-02-19T21:11:00+00:00\",\"mainEntityOfPage\":{\"@id\":\"https:\/\/portaltela.pt\/noticias\/2026\/02\/19\/museus-e-palacios-nacionais-enfrentam-infiltracoes-ha-anos\/\"},\"wordCount\":242,\"image\":{\"@id\":\"https:\/\/portaltela.pt\/noticias\/2026\/02\/19\/museus-e-palacios-nacionais-enfrentam-infiltracoes-ha-anos\/#primaryimage\"},\"thumbnailUrl\":\"https:\/\/portaltela.pt\/s.01k8rhncp4jt1\/2026\/02\/2068425.jpg\",\"keywords\":[\"infiltra\u00e7\u00f5es\",\"Lisboa\",\"museus e arquivos\",\"or\u00e7amento\",\"patrim\u00f3nio\",\"Patrim\u00f3nio Cultural\"],\"articleSection\":[\"Not\u00edcias\"],\"inLanguage\":\"pt-PT\"},{\"@type\":\"WebPage\",\"@id\":\"https:\/\/portaltela.pt\/noticias\/2026\/02\/19\/museus-e-palacios-nacionais-enfrentam-infiltracoes-ha-anos\/\",\"url\":\"https:\/\/portaltela.pt\/noticias\/2026\/02\/19\/museus-e-palacios-nacionais-enfrentam-infiltracoes-ha-anos\/\",\"name\":\"Museus e pal\u00e1cios nacionais enfrentam infiltra\u00e7\u00f5es h\u00e1 anos - Portal Tela Portugal\",\"isPartOf\":{\"@id\":\"https:\/\/portaltela.pt\/#website\"},\"primaryImageOfPage\":{\"@id\":\"https:\/\/portaltela.pt\/noticias\/2026\/02\/19\/museus-e-palacios-nacionais-enfrentam-infiltracoes-ha-anos\/#primaryimage\"},\"image\":{\"@id\":\"https:\/\/portaltela.pt\/noticias\/2026\/02\/19\/museus-e-palacios-nacionais-enfrentam-infiltracoes-ha-anos\/#primaryimage\"},\"thumbnailUrl\":\"https:\/\/portaltela.pt\/s.01k8rhncp4jt1\/2026\/02\/2068425.jpg\",\"datePublished\":\"2026-02-19T21:11:00+00:00\",\"author\":{\"@id\":\"https:\/\/portaltela.pt\/#\/schema\/person\/c4278d4a6028830caff9ee44b42d32ed\"},\"breadcrumb\":{\"@id\":\"https:\/\/portaltela.pt\/noticias\/2026\/02\/19\/museus-e-palacios-nacionais-enfrentam-infiltracoes-ha-anos\/#breadcrumb\"},\"inLanguage\":\"pt-PT\",\"potentialAction\":[{\"@type\":\"ReadAction\",\"target\":[\"https:\/\/portaltela.pt\/noticias\/2026\/02\/19\/museus-e-palacios-nacionais-enfrentam-infiltracoes-ha-anos\/\"]}]},{\"@type\":\"ImageObject\",\"inLanguage\":\"pt-PT\",\"@id\":\"https:\/\/portaltela.pt\/noticias\/2026\/02\/19\/museus-e-palacios-nacionais-enfrentam-infiltracoes-ha-anos\/#primaryimage\",\"url\":\"https:\/\/portaltela.pt\/s.01k8rhncp4jt1\/2026\/02\/2068425.jpg\",\"contentUrl\":\"https:\/\/portaltela.pt\/s.01k8rhncp4jt1\/2026\/02\/2068425.jpg\",\"width\":796,\"height\":448,\"caption\":\"RG Rui Gaud\u00eancio - 19 Fevereiro 2026 - Portugal, Lisboa - Mau tempo dos \u00faltimos dias e passagem de tempestades e depress\u00f5es sucessivas, com chuva intensa e ventos fortes, provoca danos no Pal\u00e1cio Nacional da Ajuda. Infiltra\u00e7\u00f5es de \u00e1gua na Sala D. Joao IV. P\u00fablico\"},{\"@type\":\"BreadcrumbList\",\"@id\":\"https:\/\/portaltela.pt\/noticias\/2026\/02\/19\/museus-e-palacios-nacionais-enfrentam-infiltracoes-ha-anos\/#breadcrumb\",\"itemListElement\":[{\"@type\":\"ListItem\",\"position\":1,\"name\":\"In\u00edcio\",\"item\":\"https:\/\/portaltela.pt\/\"},{\"@type\":\"ListItem\",\"position\":2,\"name\":\"Museus e pal\u00e1cios nacionais enfrentam infiltra\u00e7\u00f5es h\u00e1 anos\"}]},{\"@type\":\"WebSite\",\"@id\":\"https:\/\/portaltela.pt\/#website\",\"url\":\"https:\/\/portaltela.pt\/\",\"name\":\"Portal Tela Portugal\",\"description\":\"\",\"potentialAction\":[{\"@type\":\"SearchAction\",\"target\":{\"@type\":\"EntryPoint\",\"urlTemplate\":\"https:\/\/portaltela.pt\/?s={search_term_string}\"},\"query-input\":{\"@type\":\"PropertyValueSpecification\",\"valueRequired\":true,\"valueName\":\"search_term_string\"}}],\"inLanguage\":\"pt-PT\"},{\"@type\":\"Person\",\"@id\":\"https:\/\/portaltela.pt\/#\/schema\/person\/c4278d4a6028830caff9ee44b42d32ed\",\"name\":\"Telinha\",\"image\":{\"@type\":\"ImageObject\",\"inLanguage\":\"pt-PT\",\"@id\":\"https:\/\/portaltela.pt\/s.01k8rhncp4jt1\/2025\/11\/talking-bot-125x125.png\",\"url\":\"https:\/\/portaltela.pt\/s.01k8rhncp4jt1\/2025\/11\/talking-bot-125x125.png\",\"contentUrl\":\"https:\/\/portaltela.pt\/s.01k8rhncp4jt1\/2025\/11\/talking-bot-125x125.png\",\"caption\":\"Telinha\"},\"sameAs\":[\"https:\/\/portaltela.pt\/\"],\"url\":\"https:\/\/portaltela.pt\/por\/367410592786\/\"}]}<\/script>\n<!-- \/ Yoast SEO plugin. -->","yoast_head_json":{"title":"Museus e pal\u00e1cios nacionais enfrentam infiltra\u00e7\u00f5es h\u00e1 anos - Portal Tela Portugal","robots":{"index":"index","follow":"follow","max-snippet":"max-snippet:-1","max-image-preview":"max-image-preview:large","max-video-preview":"max-video-preview:-1"},"og_locale":"pt_PT","og_type":"article","og_title":"Museus e pal\u00e1cios nacionais enfrentam infiltra\u00e7\u00f5es h\u00e1 anos - Portal Tela Portugal","og_description":"Museus e pal\u00e1cios nacionais j\u00e1 lidam com infiltra\u00e7\u00f5es h\u00e1 anos, agravadas pela falta de manuten\u00e7\u00e3o, afetando edif\u00edcios e cole\u00e7\u00f5es. Directores pedem apoio \u00e0 tutela e esperam contar com o Plano de Recupera\u00e7\u00e3o e Resili\u00eancia (PRR). No Pal\u00e1cio Nacional da Ajuda, em Lisboa, a bilheteira regista fila crescente numa segunda-feira de f\u00e9rias de Carnaval. A chuva constante e a pouca luz natural s\u00e3o apontadas como fatores que influenciam a experi\u00eancia dos visitantes e criam uma atmosfera mais sombria. O artigo foca o diagn\u00f3stico de infiltra\u00e7\u00f5es e a angaria\u00e7\u00e3o de ajuda externa, sem detalhar medidas j\u00e1 implementadas.","og_url":"https:\/\/portaltela.pt\/noticias\/2026\/02\/19\/museus-e-palacios-nacionais-enfrentam-infiltracoes-ha-anos\/","og_site_name":"Portal Tela Portugal","article_published_time":"2026-02-19T21:11:00+00:00","author":"Telinha","twitter_card":"summary_large_image","twitter_misc":{"Escrito por":"Telinha","Tempo estimado de leitura":"1 minuto"},"schema":{"@context":"https:\/\/schema.org","@graph":[{"@type":"Article","@id":"https:\/\/portaltela.pt\/noticias\/2026\/02\/19\/museus-e-palacios-nacionais-enfrentam-infiltracoes-ha-anos\/#article","isPartOf":{"@id":"https:\/\/portaltela.pt\/noticias\/2026\/02\/19\/museus-e-palacios-nacionais-enfrentam-infiltracoes-ha-anos\/"},"author":{"name":"Telinha","@id":"https:\/\/portaltela.pt\/#\/schema\/person\/c4278d4a6028830caff9ee44b42d32ed"},"headline":"Museus e pal\u00e1cios nacionais enfrentam infiltra\u00e7\u00f5es h\u00e1 anos","datePublished":"2026-02-19T21:11:00+00:00","mainEntityOfPage":{"@id":"https:\/\/portaltela.pt\/noticias\/2026\/02\/19\/museus-e-palacios-nacionais-enfrentam-infiltracoes-ha-anos\/"},"wordCount":242,"image":{"@id":"https:\/\/portaltela.pt\/noticias\/2026\/02\/19\/museus-e-palacios-nacionais-enfrentam-infiltracoes-ha-anos\/#primaryimage"},"thumbnailUrl":"https:\/\/portaltela.pt\/s.01k8rhncp4jt1\/2026\/02\/2068425.jpg","keywords":["infiltra\u00e7\u00f5es","Lisboa","museus e arquivos","or\u00e7amento","patrim\u00f3nio","Patrim\u00f3nio Cultural"],"articleSection":["Not\u00edcias"],"inLanguage":"pt-PT"},{"@type":"WebPage","@id":"https:\/\/portaltela.pt\/noticias\/2026\/02\/19\/museus-e-palacios-nacionais-enfrentam-infiltracoes-ha-anos\/","url":"https:\/\/portaltela.pt\/noticias\/2026\/02\/19\/museus-e-palacios-nacionais-enfrentam-infiltracoes-ha-anos\/","name":"Museus e pal\u00e1cios nacionais enfrentam infiltra\u00e7\u00f5es h\u00e1 anos - Portal Tela Portugal","isPartOf":{"@id":"https:\/\/portaltela.pt\/#website"},"primaryImageOfPage":{"@id":"https:\/\/portaltela.pt\/noticias\/2026\/02\/19\/museus-e-palacios-nacionais-enfrentam-infiltracoes-ha-anos\/#primaryimage"},"image":{"@id":"https:\/\/portaltela.pt\/noticias\/2026\/02\/19\/museus-e-palacios-nacionais-enfrentam-infiltracoes-ha-anos\/#primaryimage"},"thumbnailUrl":"https:\/\/portaltela.pt\/s.01k8rhncp4jt1\/2026\/02\/2068425.jpg","datePublished":"2026-02-19T21:11:00+00:00","author":{"@id":"https:\/\/portaltela.pt\/#\/schema\/person\/c4278d4a6028830caff9ee44b42d32ed"},"breadcrumb":{"@id":"https:\/\/portaltela.pt\/noticias\/2026\/02\/19\/museus-e-palacios-nacionais-enfrentam-infiltracoes-ha-anos\/#breadcrumb"},"inLanguage":"pt-PT","potentialAction":[{"@type":"ReadAction","target":["https:\/\/portaltela.pt\/noticias\/2026\/02\/19\/museus-e-palacios-nacionais-enfrentam-infiltracoes-ha-anos\/"]}]},{"@type":"ImageObject","inLanguage":"pt-PT","@id":"https:\/\/portaltela.pt\/noticias\/2026\/02\/19\/museus-e-palacios-nacionais-enfrentam-infiltracoes-ha-anos\/#primaryimage","url":"https:\/\/portaltela.pt\/s.01k8rhncp4jt1\/2026\/02\/2068425.jpg","contentUrl":"https:\/\/portaltela.pt\/s.01k8rhncp4jt1\/2026\/02\/2068425.jpg","width":796,"height":448,"caption":"RG Rui Gaud\u00eancio - 19 Fevereiro 2026 - Portugal, Lisboa - Mau tempo dos \u00faltimos dias e passagem de tempestades e depress\u00f5es sucessivas, com chuva intensa e ventos fortes, provoca danos no Pal\u00e1cio Nacional da Ajuda. Infiltra\u00e7\u00f5es de \u00e1gua na Sala D. Joao IV. P\u00fablico"},{"@type":"BreadcrumbList","@id":"https:\/\/portaltela.pt\/noticias\/2026\/02\/19\/museus-e-palacios-nacionais-enfrentam-infiltracoes-ha-anos\/#breadcrumb","itemListElement":[{"@type":"ListItem","position":1,"name":"In\u00edcio","item":"https:\/\/portaltela.pt\/"},{"@type":"ListItem","position":2,"name":"Museus e pal\u00e1cios nacionais enfrentam infiltra\u00e7\u00f5es h\u00e1 anos"}]},{"@type":"WebSite","@id":"https:\/\/portaltela.pt\/#website","url":"https:\/\/portaltela.pt\/","name":"Portal Tela Portugal","description":"","potentialAction":[{"@type":"SearchAction","target":{"@type":"EntryPoint","urlTemplate":"https:\/\/portaltela.pt\/?s={search_term_string}"},"query-input":{"@type":"PropertyValueSpecification","valueRequired":true,"valueName":"search_term_string"}}],"inLanguage":"pt-PT"},{"@type":"Person","@id":"https:\/\/portaltela.pt\/#\/schema\/person\/c4278d4a6028830caff9ee44b42d32ed","name":"Telinha","image":{"@type":"ImageObject","inLanguage":"pt-PT","@id":"https:\/\/portaltela.pt\/s.01k8rhncp4jt1\/2025\/11\/talking-bot-125x125.png","url":"https:\/\/portaltela.pt\/s.01k8rhncp4jt1\/2025\/11\/talking-bot-125x125.png","contentUrl":"https:\/\/portaltela.pt\/s.01k8rhncp4jt1\/2025\/11\/talking-bot-125x125.png","caption":"Telinha"},"sameAs":["https:\/\/portaltela.pt\/"],"url":"https:\/\/portaltela.pt\/por\/367410592786\/"}]}},"_links":{"self":[{"href":"https:\/\/portaltela.pt\/api\/wp\/v2\/posts\/218279","targetHints":{"allow":["GET"]}}],"collection":[{"href":"https:\/\/portaltela.pt\/api\/wp\/v2\/posts"}],"about":[{"href":"https:\/\/portaltela.pt\/api\/wp\/v2\/types\/post"}],"author":[{"embeddable":true,"href":"https:\/\/portaltela.pt\/api\/wp\/v2\/users\/2"}],"replies":[{"embeddable":true,"href":"https:\/\/portaltela.pt\/api\/wp\/v2\/comments?post=218279"}],"version-history":[{"count":0,"href":"https:\/\/portaltela.pt\/api\/wp\/v2\/posts\/218279\/revisions"}],"wp:featuredmedia":[{"embeddable":true,"href":"https:\/\/portaltela.pt\/api\/wp\/v2\/media\/218286"}],"wp:attachment":[{"href":"https:\/\/portaltela.pt\/api\/wp\/v2\/media?parent=218279"}],"wp:term":[{"taxonomy":"category","embeddable":true,"href":"https:\/\/portaltela.pt\/api\/wp\/v2\/categories?post=218279"},{"taxonomy":"post_tag","embeddable":true,"href":"https:\/\/portaltela.pt\/api\/wp\/v2\/tags?post=218279"}],"curies":[{"name":"wp","href":"https:\/\/api.w.org\/{rel}","templated":true}]}}