{"id":218262,"date":"2026-02-19T17:42:00","date_gmt":"2026-02-19T20:42:00","guid":{"rendered":"https:\/\/portaltela.pt\/noticias\/2026\/02\/19\/buscas-por-jovem-turista-desaparecido-no-algarve-retomadas-na-sexta-feira\/"},"modified":"2026-02-19T17:42:00","modified_gmt":"2026-02-19T20:42:00","slug":"buscas-por-jovem-turista-desaparecido-no-algarve-retomadas-na-sexta-feira","status":"publish","type":"post","link":"https:\/\/portaltela.pt\/noticias\/2026\/02\/19\/buscas-por-jovem-turista-desaparecido-no-algarve-retomadas-na-sexta-feira\/","title":{"rendered":"Buscas por jovem turista desaparecido no Algarve retomadas na sexta-feira"},"content":{"rendered":"<p>As buscas por um jovem turista desaparecido no mar da Praia da Arrifana, em Aljezur, no Algarve, foram suspensas ao p\u00f4r-do-sol de quinta-feira e devem retomar na manh\u00e3 de sexta, com expans\u00e3o para sul da \u00e1rea abrangida. A decis\u00e3o foi comunicada pela capitania do Porto de Lagos.<\/p>\n<p>O jovem, com cerca de 20 anos e de nacionalidade romena, estava acompanhado por um amigo quando mergulhou e n\u00e3o voltou a ser visto junto \u00e0 rebenta\u00e7\u00e3o.<\/p>\n<p>A opera\u00e7\u00e3o envolveu o Comando Local da Pol\u00edcia Mar\u00edtima de Lagos, a Esta\u00e7\u00e3o Salva-vidas de Sagres e os Bombeiros Volunt\u00e1rios de Aljezur, com apoio de um drone e de uma aeronave da For\u00e7a A\u00e9rea Portuguesa. O alerta foi dado \u00e0s 11h22 pelo Centro de Busca e Salvamento Mar\u00edtimo (MRCC) de Lisboa.<\/p>\n<p>Ao todo, 15 operacionais estiveram envolvidos, tanto por mar como por terra. Participaram tripulantes da Esta\u00e7\u00e3o Salva-vidas de Sagres, Pol\u00edcia Mar\u00edtima e bombeiros. O gabinete de psicologia da Pol\u00edcia Mar\u00edtima ficou dispon\u00edvel para apoio a familiares.<\/p>\n","protected":false},"excerpt":{"rendered":"<ul>\n<li>O jovem turista romeno, com cerca de 20 anos, desapareceu na manh\u00e3 de quinta-feira junto \u00e0 rebenta\u00e7\u00e3o da Praia da Arrifana, em Aljezur, Algarve, ap\u00f3s mergulhar, acompanhado de um amigo.<\/li>\n<li>As buscas foram suspensas ao p\u00f4r-do-sol e devem ser retomadas na manh\u00e3 de sexta-feira, com a \u00e1rea de atua\u00e7\u00e3o expandida para sul.<\/li>\n<li>A opera\u00e7\u00e3o envolveu a Pol\u00edcia Mar\u00edtima, a Esta\u00e7\u00e3o de Salvamento de Sagres, os Bombeiros Volunt\u00e1rios de Aljezur, bem como um drone e uma aeronave da For\u00e7a A\u00e9rea Portuguesa.<\/li>\n<li>O alerta de pessoa em dificuldades na \u00e1gua foi dado \u00e0s 11h22 pelo Centro de Busca e Salvamento Mar\u00edtimo de Lisboa (MRCC Lisboa).<\/li>\n<li>No total, estiveram empenhados quinze operacionais, com apoio de meios terrestres e mar\u00edtimos, incluindo o gabinete de psicologia da Pol\u00edcia Mar\u00edtima.<\/li>\n<\/ul>\n","protected":false},"author":2,"featured_media":218265,"comment_status":"closed","ping_status":"closed","sticky":false,"template":"","format":"standard","meta":{"footnotes":""},"categories":[1],"tags":[928,3937,971,2303,185,5974],"class_list":["post-218262","post","type-post","status-publish","format-standard","has-post-thumbnail","hentry","category-noticias","tag-algarve","tag-arrifana","tag-bombeiros","tag-lagos","tag-policia-maritima","tag-salvamento-maritimo"],"yoast_head":"<!-- This site is optimized with the Yoast SEO plugin v27.2 - https:\/\/yoast.com\/product\/yoast-seo-wordpress\/ -->\n<title>Buscas por jovem turista desaparecido no Algarve retomadas na sexta-feira - Portal Tela Portugal<\/title>\n<meta name=\"robots\" content=\"index, follow, max-snippet:-1, max-image-preview:large, max-video-preview:-1\" \/>\n<meta property=\"og:locale\" content=\"pt_PT\" \/>\n<meta property=\"og:type\" content=\"article\" \/>\n<meta property=\"og:title\" content=\"Buscas por jovem turista desaparecido no Algarve retomadas na sexta-feira - Portal Tela Portugal\" \/>\n<meta property=\"og:description\" content=\"O jovem turista romeno, com cerca de 20 anos, desapareceu na manh\u00e3 de quinta-feira junto \u00e0 rebenta\u00e7\u00e3o da Praia da Arrifana, em Aljezur, Algarve, ap\u00f3s mergulhar, acompanhado de um amigo. As buscas foram suspensas ao p\u00f4r-do-sol e devem ser retomadas na manh\u00e3 de sexta-feira, com a \u00e1rea de atua\u00e7\u00e3o expandida para sul. A opera\u00e7\u00e3o envolveu a Pol\u00edcia Mar\u00edtima, a Esta\u00e7\u00e3o de Salvamento de Sagres, os Bombeiros Volunt\u00e1rios de Aljezur, bem como um drone e uma aeronave da For\u00e7a A\u00e9rea Portuguesa. O alerta de pessoa em dificuldades na \u00e1gua foi dado \u00e0s 11h22 pelo Centro de Busca e Salvamento Mar\u00edtimo de Lisboa (MRCC Lisboa). No total, estiveram empenhados quinze operacionais, com apoio de meios terrestres e mar\u00edtimos, incluindo o gabinete de psicologia da Pol\u00edcia Mar\u00edtima.\" \/>\n<meta property=\"og:url\" content=\"https:\/\/portaltela.pt\/noticias\/2026\/02\/19\/buscas-por-jovem-turista-desaparecido-no-algarve-retomadas-na-sexta-feira\/\" \/>\n<meta property=\"og:site_name\" content=\"Portal Tela Portugal\" \/>\n<meta property=\"article:published_time\" content=\"2026-02-19T20:42:00+00:00\" \/>\n<meta name=\"author\" content=\"Telinha\" \/>\n<meta name=\"twitter:card\" content=\"summary_large_image\" \/>\n<meta name=\"twitter:label1\" content=\"Escrito por\" \/>\n\t<meta name=\"twitter:data1\" content=\"Telinha\" \/>\n\t<meta name=\"twitter:label2\" content=\"Tempo estimado de leitura\" \/>\n\t<meta name=\"twitter:data2\" content=\"1 minuto\" \/>\n<script type=\"application\/ld+json\" class=\"yoast-schema-graph\">{\"@context\":\"https:\/\/schema.org\",\"@graph\":[{\"@type\":\"Article\",\"@id\":\"https:\/\/portaltela.pt\/noticias\/2026\/02\/19\/buscas-por-jovem-turista-desaparecido-no-algarve-retomadas-na-sexta-feira\/#article\",\"isPartOf\":{\"@id\":\"https:\/\/portaltela.pt\/noticias\/2026\/02\/19\/buscas-por-jovem-turista-desaparecido-no-algarve-retomadas-na-sexta-feira\/\"},\"author\":{\"name\":\"Telinha\",\"@id\":\"https:\/\/portaltela.pt\/#\/schema\/person\/c4278d4a6028830caff9ee44b42d32ed\"},\"headline\":\"Buscas por jovem turista desaparecido no Algarve retomadas na sexta-feira\",\"datePublished\":\"2026-02-19T20:42:00+00:00\",\"mainEntityOfPage\":{\"@id\":\"https:\/\/portaltela.pt\/noticias\/2026\/02\/19\/buscas-por-jovem-turista-desaparecido-no-algarve-retomadas-na-sexta-feira\/\"},\"wordCount\":187,\"image\":{\"@id\":\"https:\/\/portaltela.pt\/noticias\/2026\/02\/19\/buscas-por-jovem-turista-desaparecido-no-algarve-retomadas-na-sexta-feira\/#primaryimage\"},\"thumbnailUrl\":\"https:\/\/portaltela.pt\/s.01k8rhncp4jt1\/2026\/02\/2068437.jpg\",\"keywords\":[\"Algarve\",\"Arrifana\",\"bombeiros\",\"Lagos\",\"pol\u00edcia mar\u00edtima\",\"Salvamento Mar\u00edtimo\"],\"articleSection\":[\"Not\u00edcias\"],\"inLanguage\":\"pt-PT\"},{\"@type\":\"WebPage\",\"@id\":\"https:\/\/portaltela.pt\/noticias\/2026\/02\/19\/buscas-por-jovem-turista-desaparecido-no-algarve-retomadas-na-sexta-feira\/\",\"url\":\"https:\/\/portaltela.pt\/noticias\/2026\/02\/19\/buscas-por-jovem-turista-desaparecido-no-algarve-retomadas-na-sexta-feira\/\",\"name\":\"Buscas por jovem turista desaparecido no Algarve retomadas na sexta-feira - Portal Tela Portugal\",\"isPartOf\":{\"@id\":\"https:\/\/portaltela.pt\/#website\"},\"primaryImageOfPage\":{\"@id\":\"https:\/\/portaltela.pt\/noticias\/2026\/02\/19\/buscas-por-jovem-turista-desaparecido-no-algarve-retomadas-na-sexta-feira\/#primaryimage\"},\"image\":{\"@id\":\"https:\/\/portaltela.pt\/noticias\/2026\/02\/19\/buscas-por-jovem-turista-desaparecido-no-algarve-retomadas-na-sexta-feira\/#primaryimage\"},\"thumbnailUrl\":\"https:\/\/portaltela.pt\/s.01k8rhncp4jt1\/2026\/02\/2068437.jpg\",\"datePublished\":\"2026-02-19T20:42:00+00:00\",\"author\":{\"@id\":\"https:\/\/portaltela.pt\/#\/schema\/person\/c4278d4a6028830caff9ee44b42d32ed\"},\"breadcrumb\":{\"@id\":\"https:\/\/portaltela.pt\/noticias\/2026\/02\/19\/buscas-por-jovem-turista-desaparecido-no-algarve-retomadas-na-sexta-feira\/#breadcrumb\"},\"inLanguage\":\"pt-PT\",\"potentialAction\":[{\"@type\":\"ReadAction\",\"target\":[\"https:\/\/portaltela.pt\/noticias\/2026\/02\/19\/buscas-por-jovem-turista-desaparecido-no-algarve-retomadas-na-sexta-feira\/\"]}]},{\"@type\":\"ImageObject\",\"inLanguage\":\"pt-PT\",\"@id\":\"https:\/\/portaltela.pt\/noticias\/2026\/02\/19\/buscas-por-jovem-turista-desaparecido-no-algarve-retomadas-na-sexta-feira\/#primaryimage\",\"url\":\"https:\/\/portaltela.pt\/s.01k8rhncp4jt1\/2026\/02\/2068437.jpg\",\"contentUrl\":\"https:\/\/portaltela.pt\/s.01k8rhncp4jt1\/2026\/02\/2068437.jpg\",\"width\":796,\"height\":448,\"caption\":\"Praia da Arrifana, em Junho de 2021\"},{\"@type\":\"BreadcrumbList\",\"@id\":\"https:\/\/portaltela.pt\/noticias\/2026\/02\/19\/buscas-por-jovem-turista-desaparecido-no-algarve-retomadas-na-sexta-feira\/#breadcrumb\",\"itemListElement\":[{\"@type\":\"ListItem\",\"position\":1,\"name\":\"In\u00edcio\",\"item\":\"https:\/\/portaltela.pt\/\"},{\"@type\":\"ListItem\",\"position\":2,\"name\":\"Buscas por jovem turista desaparecido no Algarve retomadas na sexta-feira\"}]},{\"@type\":\"WebSite\",\"@id\":\"https:\/\/portaltela.pt\/#website\",\"url\":\"https:\/\/portaltela.pt\/\",\"name\":\"Portal Tela Portugal\",\"description\":\"\",\"potentialAction\":[{\"@type\":\"SearchAction\",\"target\":{\"@type\":\"EntryPoint\",\"urlTemplate\":\"https:\/\/portaltela.pt\/?s={search_term_string}\"},\"query-input\":{\"@type\":\"PropertyValueSpecification\",\"valueRequired\":true,\"valueName\":\"search_term_string\"}}],\"inLanguage\":\"pt-PT\"},{\"@type\":\"Person\",\"@id\":\"https:\/\/portaltela.pt\/#\/schema\/person\/c4278d4a6028830caff9ee44b42d32ed\",\"name\":\"Telinha\",\"image\":{\"@type\":\"ImageObject\",\"inLanguage\":\"pt-PT\",\"@id\":\"https:\/\/portaltela.pt\/s.01k8rhncp4jt1\/2025\/11\/talking-bot-125x125.png\",\"url\":\"https:\/\/portaltela.pt\/s.01k8rhncp4jt1\/2025\/11\/talking-bot-125x125.png\",\"contentUrl\":\"https:\/\/portaltela.pt\/s.01k8rhncp4jt1\/2025\/11\/talking-bot-125x125.png\",\"caption\":\"Telinha\"},\"sameAs\":[\"https:\/\/portaltela.pt\/\"],\"url\":\"https:\/\/portaltela.pt\/por\/367410592786\/\"}]}<\/script>\n<!-- \/ Yoast SEO plugin. -->","yoast_head_json":{"title":"Buscas por jovem turista desaparecido no Algarve retomadas na sexta-feira - Portal Tela Portugal","robots":{"index":"index","follow":"follow","max-snippet":"max-snippet:-1","max-image-preview":"max-image-preview:large","max-video-preview":"max-video-preview:-1"},"og_locale":"pt_PT","og_type":"article","og_title":"Buscas por jovem turista desaparecido no Algarve retomadas na sexta-feira - Portal Tela Portugal","og_description":"O jovem turista romeno, com cerca de 20 anos, desapareceu na manh\u00e3 de quinta-feira junto \u00e0 rebenta\u00e7\u00e3o da Praia da Arrifana, em Aljezur, Algarve, ap\u00f3s mergulhar, acompanhado de um amigo. As buscas foram suspensas ao p\u00f4r-do-sol e devem ser retomadas na manh\u00e3 de sexta-feira, com a \u00e1rea de atua\u00e7\u00e3o expandida para sul. A opera\u00e7\u00e3o envolveu a Pol\u00edcia Mar\u00edtima, a Esta\u00e7\u00e3o de Salvamento de Sagres, os Bombeiros Volunt\u00e1rios de Aljezur, bem como um drone e uma aeronave da For\u00e7a A\u00e9rea Portuguesa. O alerta de pessoa em dificuldades na \u00e1gua foi dado \u00e0s 11h22 pelo Centro de Busca e Salvamento Mar\u00edtimo de Lisboa (MRCC Lisboa). No total, estiveram empenhados quinze operacionais, com apoio de meios terrestres e mar\u00edtimos, incluindo o gabinete de psicologia da Pol\u00edcia Mar\u00edtima.","og_url":"https:\/\/portaltela.pt\/noticias\/2026\/02\/19\/buscas-por-jovem-turista-desaparecido-no-algarve-retomadas-na-sexta-feira\/","og_site_name":"Portal Tela Portugal","article_published_time":"2026-02-19T20:42:00+00:00","author":"Telinha","twitter_card":"summary_large_image","twitter_misc":{"Escrito por":"Telinha","Tempo estimado de leitura":"1 minuto"},"schema":{"@context":"https:\/\/schema.org","@graph":[{"@type":"Article","@id":"https:\/\/portaltela.pt\/noticias\/2026\/02\/19\/buscas-por-jovem-turista-desaparecido-no-algarve-retomadas-na-sexta-feira\/#article","isPartOf":{"@id":"https:\/\/portaltela.pt\/noticias\/2026\/02\/19\/buscas-por-jovem-turista-desaparecido-no-algarve-retomadas-na-sexta-feira\/"},"author":{"name":"Telinha","@id":"https:\/\/portaltela.pt\/#\/schema\/person\/c4278d4a6028830caff9ee44b42d32ed"},"headline":"Buscas por jovem turista desaparecido no Algarve retomadas na sexta-feira","datePublished":"2026-02-19T20:42:00+00:00","mainEntityOfPage":{"@id":"https:\/\/portaltela.pt\/noticias\/2026\/02\/19\/buscas-por-jovem-turista-desaparecido-no-algarve-retomadas-na-sexta-feira\/"},"wordCount":187,"image":{"@id":"https:\/\/portaltela.pt\/noticias\/2026\/02\/19\/buscas-por-jovem-turista-desaparecido-no-algarve-retomadas-na-sexta-feira\/#primaryimage"},"thumbnailUrl":"https:\/\/portaltela.pt\/s.01k8rhncp4jt1\/2026\/02\/2068437.jpg","keywords":["Algarve","Arrifana","bombeiros","Lagos","pol\u00edcia mar\u00edtima","Salvamento Mar\u00edtimo"],"articleSection":["Not\u00edcias"],"inLanguage":"pt-PT"},{"@type":"WebPage","@id":"https:\/\/portaltela.pt\/noticias\/2026\/02\/19\/buscas-por-jovem-turista-desaparecido-no-algarve-retomadas-na-sexta-feira\/","url":"https:\/\/portaltela.pt\/noticias\/2026\/02\/19\/buscas-por-jovem-turista-desaparecido-no-algarve-retomadas-na-sexta-feira\/","name":"Buscas por jovem turista desaparecido no Algarve retomadas na sexta-feira - Portal Tela Portugal","isPartOf":{"@id":"https:\/\/portaltela.pt\/#website"},"primaryImageOfPage":{"@id":"https:\/\/portaltela.pt\/noticias\/2026\/02\/19\/buscas-por-jovem-turista-desaparecido-no-algarve-retomadas-na-sexta-feira\/#primaryimage"},"image":{"@id":"https:\/\/portaltela.pt\/noticias\/2026\/02\/19\/buscas-por-jovem-turista-desaparecido-no-algarve-retomadas-na-sexta-feira\/#primaryimage"},"thumbnailUrl":"https:\/\/portaltela.pt\/s.01k8rhncp4jt1\/2026\/02\/2068437.jpg","datePublished":"2026-02-19T20:42:00+00:00","author":{"@id":"https:\/\/portaltela.pt\/#\/schema\/person\/c4278d4a6028830caff9ee44b42d32ed"},"breadcrumb":{"@id":"https:\/\/portaltela.pt\/noticias\/2026\/02\/19\/buscas-por-jovem-turista-desaparecido-no-algarve-retomadas-na-sexta-feira\/#breadcrumb"},"inLanguage":"pt-PT","potentialAction":[{"@type":"ReadAction","target":["https:\/\/portaltela.pt\/noticias\/2026\/02\/19\/buscas-por-jovem-turista-desaparecido-no-algarve-retomadas-na-sexta-feira\/"]}]},{"@type":"ImageObject","inLanguage":"pt-PT","@id":"https:\/\/portaltela.pt\/noticias\/2026\/02\/19\/buscas-por-jovem-turista-desaparecido-no-algarve-retomadas-na-sexta-feira\/#primaryimage","url":"https:\/\/portaltela.pt\/s.01k8rhncp4jt1\/2026\/02\/2068437.jpg","contentUrl":"https:\/\/portaltela.pt\/s.01k8rhncp4jt1\/2026\/02\/2068437.jpg","width":796,"height":448,"caption":"Praia da Arrifana, em Junho de 2021"},{"@type":"BreadcrumbList","@id":"https:\/\/portaltela.pt\/noticias\/2026\/02\/19\/buscas-por-jovem-turista-desaparecido-no-algarve-retomadas-na-sexta-feira\/#breadcrumb","itemListElement":[{"@type":"ListItem","position":1,"name":"In\u00edcio","item":"https:\/\/portaltela.pt\/"},{"@type":"ListItem","position":2,"name":"Buscas por jovem turista desaparecido no Algarve retomadas na sexta-feira"}]},{"@type":"WebSite","@id":"https:\/\/portaltela.pt\/#website","url":"https:\/\/portaltela.pt\/","name":"Portal Tela Portugal","description":"","potentialAction":[{"@type":"SearchAction","target":{"@type":"EntryPoint","urlTemplate":"https:\/\/portaltela.pt\/?s={search_term_string}"},"query-input":{"@type":"PropertyValueSpecification","valueRequired":true,"valueName":"search_term_string"}}],"inLanguage":"pt-PT"},{"@type":"Person","@id":"https:\/\/portaltela.pt\/#\/schema\/person\/c4278d4a6028830caff9ee44b42d32ed","name":"Telinha","image":{"@type":"ImageObject","inLanguage":"pt-PT","@id":"https:\/\/portaltela.pt\/s.01k8rhncp4jt1\/2025\/11\/talking-bot-125x125.png","url":"https:\/\/portaltela.pt\/s.01k8rhncp4jt1\/2025\/11\/talking-bot-125x125.png","contentUrl":"https:\/\/portaltela.pt\/s.01k8rhncp4jt1\/2025\/11\/talking-bot-125x125.png","caption":"Telinha"},"sameAs":["https:\/\/portaltela.pt\/"],"url":"https:\/\/portaltela.pt\/por\/367410592786\/"}]}},"_links":{"self":[{"href":"https:\/\/portaltela.pt\/api\/wp\/v2\/posts\/218262","targetHints":{"allow":["GET"]}}],"collection":[{"href":"https:\/\/portaltela.pt\/api\/wp\/v2\/posts"}],"about":[{"href":"https:\/\/portaltela.pt\/api\/wp\/v2\/types\/post"}],"author":[{"embeddable":true,"href":"https:\/\/portaltela.pt\/api\/wp\/v2\/users\/2"}],"replies":[{"embeddable":true,"href":"https:\/\/portaltela.pt\/api\/wp\/v2\/comments?post=218262"}],"version-history":[{"count":0,"href":"https:\/\/portaltela.pt\/api\/wp\/v2\/posts\/218262\/revisions"}],"wp:featuredmedia":[{"embeddable":true,"href":"https:\/\/portaltela.pt\/api\/wp\/v2\/media\/218265"}],"wp:attachment":[{"href":"https:\/\/portaltela.pt\/api\/wp\/v2\/media?parent=218262"}],"wp:term":[{"taxonomy":"category","embeddable":true,"href":"https:\/\/portaltela.pt\/api\/wp\/v2\/categories?post=218262"},{"taxonomy":"post_tag","embeddable":true,"href":"https:\/\/portaltela.pt\/api\/wp\/v2\/tags?post=218262"}],"curies":[{"name":"wp","href":"https:\/\/api.w.org\/{rel}","templated":true}]}}