{"id":218256,"date":"2026-02-19T18:06:00","date_gmt":"2026-02-19T21:06:00","guid":{"rendered":"https:\/\/portaltela.pt\/noticias\/2026\/02\/19\/forest-de-vitor-pereira-arranca-liga-europa-a-todo-o-vapor\/"},"modified":"2026-02-19T18:06:00","modified_gmt":"2026-02-19T21:06:00","slug":"forest-de-vitor-pereira-arranca-liga-europa-a-todo-o-vapor","status":"publish","type":"post","link":"https:\/\/portaltela.pt\/desporto\/futebol\/2026\/02\/19\/forest-de-vitor-pereira-arranca-liga-europa-a-todo-o-vapor\/","title":{"rendered":"Forest de V\u00edtor Pereira arranca Liga Europa a todo o vapor"},"content":{"rendered":"<p>O Nottingham Forest arrancou com for\u00e7a na Liga Europa sob comando de V\u00edtor Pereira, numa estreia marcada por vit\u00f3ria clara sobre o Fenerbah\u00e7e. O jogo decorreu em Istambul, com o Fenerbah\u00e7e a defender casa morosamente e o Forest a impor ritmo desde o in\u00edcio, alcan\u00e7ando o 0-3 que complica a eliminat\u00f3ria.<\/p>\n<p>Murillo abriu o marcador aos 21 minutos, revelando acerto na decis\u00e3o t\u00e1tica do portugu\u00eas. Igor Jesus conseguiu ampliar aos 43&#8242;, beneficiando de uma assist\u00eancia de Gibbs-White. A equipa inglesa mostrou superioridade em termos de posse, remates e a\u00e7\u00f5es no \u00faltimo ter\u00e7o.<\/p>\n<p>Gibbs-White acabou por fixar o resultado ainda na primeira meia hora da segunda parte, colocando o Forest em vantagem de tr\u00eas golos. A partir da\u00ed, V\u00edtor Pereira realizou quatro altera\u00e7\u00f5es em seis minutos, gerindo recursos sem perder o controlo at\u00e9 ao apito final.<\/p>\n<h3>An\u00e1lise ao desempenho<\/h3>\n<p>Mesmo perante um Fenerbah\u00e7e refor\u00e7ado com Nk, Kant\u00e9 e outros nomes de refer\u00eancia, o Forest manteve a press\u00e3o e criadas oportunidades. Domenico Tedesco reconheceu a justi\u00e7a do resultado pela dimens\u00e3o f\u00edsica e pela qualidade apresentada pela equipa inglesa.<\/p>\n<p>V\u00edtor Pereira, por sua vez, destacou a necessidade de os jogadores desfrutarem do jogo e manterem organiza\u00e7\u00e3o e confian\u00e7a para evolu\u00edrem, numa estreia que deixa o Forest bem posicionado na eliminat\u00f3ria. A segunda m\u00e3o, em casa, define o caminho para os oitavos-de-final.<\/p>\n","protected":false},"excerpt":{"rendered":"<ul>\n<li>Nottingham Forest venceu o Fenerbah\u00e7e por 0-3 em Istambul, na primeira m\u00e3o do play-off da Liga Europa, abrindo caminho aos oitavos.<\/li>\n<li>Murillo abriu o marcador aos 21 minutos e Igor Jesus fez o segundo aos 43, ambos ap\u00f3s assist\u00eancia de Gibbs-White.<\/li>\n<li>Gibbs-White dilatou a vantagem para 0-3 j\u00e1 na segunda parte, mantendo o Forest com superioridade durante a partida.<\/li>\n<li>O treinador V\u00edtor Pereira estreou-se no comando do Forest num contexto dif\u00edcil, com substitui\u00e7\u00f5es r\u00e1pidas na segunda parte para gerir o jogo.<\/li>\n<li>A vit\u00f3ria coloca o Forest numa posi\u00e7\u00e3o favor\u00e1vel para a eliminat\u00f3ria, com a segunda m\u00e3o a realizar-se em casa.<\/li>\n<\/ul>\n","protected":false},"author":2,"featured_media":218259,"comment_status":"closed","ping_status":"closed","sticky":false,"template":"","format":"standard","meta":{"footnotes":""},"categories":[21,24],"tags":[5544,5217,32,1821,4159,4761],"class_list":["post-218256","post","type-post","status-publish","format-standard","has-post-thumbnail","hentry","category-desporto","category-futebol","tag-europa-league","tag-fenerbahce","tag-futebol","tag-istambul","tag-jogo","tag-nottingham-forest"],"yoast_head":"<!-- This site is optimized with the Yoast SEO plugin v27.2 - https:\/\/yoast.com\/product\/yoast-seo-wordpress\/ -->\n<title>Forest de V\u00edtor Pereira arranca Liga Europa a todo o vapor - Portal Tela Portugal<\/title>\n<meta name=\"robots\" content=\"index, follow, max-snippet:-1, max-image-preview:large, max-video-preview:-1\" \/>\n<meta property=\"og:locale\" content=\"pt_PT\" \/>\n<meta property=\"og:type\" content=\"article\" \/>\n<meta property=\"og:title\" content=\"Forest de V\u00edtor Pereira arranca Liga Europa a todo o vapor - Portal Tela Portugal\" \/>\n<meta property=\"og:description\" content=\"Nottingham Forest venceu o Fenerbah\u00e7e por 0-3 em Istambul, na primeira m\u00e3o do play-off da Liga Europa, abrindo caminho aos oitavos. Murillo abriu o marcador aos 21 minutos e Igor Jesus fez o segundo aos 43, ambos ap\u00f3s assist\u00eancia de Gibbs-White. Gibbs-White dilatou a vantagem para 0-3 j\u00e1 na segunda parte, mantendo o Forest com superioridade durante a partida. O treinador V\u00edtor Pereira estreou-se no comando do Forest num contexto dif\u00edcil, com substitui\u00e7\u00f5es r\u00e1pidas na segunda parte para gerir o jogo. A vit\u00f3ria coloca o Forest numa posi\u00e7\u00e3o favor\u00e1vel para a eliminat\u00f3ria, com a segunda m\u00e3o a realizar-se em casa.\" \/>\n<meta property=\"og:url\" content=\"https:\/\/portaltela.pt\/noticias\/2026\/02\/19\/forest-de-vitor-pereira-arranca-liga-europa-a-todo-o-vapor\/\" \/>\n<meta property=\"og:site_name\" content=\"Portal Tela Portugal\" \/>\n<meta property=\"article:published_time\" content=\"2026-02-19T21:06:00+00:00\" \/>\n<meta name=\"author\" content=\"Telinha\" \/>\n<meta name=\"twitter:card\" content=\"summary_large_image\" \/>\n<meta name=\"twitter:label1\" content=\"Escrito por\" \/>\n\t<meta name=\"twitter:data1\" content=\"Telinha\" \/>\n\t<meta name=\"twitter:label2\" content=\"Tempo estimado de leitura\" \/>\n\t<meta name=\"twitter:data2\" content=\"1 minuto\" \/>\n<script type=\"application\/ld+json\" class=\"yoast-schema-graph\">{\"@context\":\"https:\/\/schema.org\",\"@graph\":[{\"@type\":\"Article\",\"@id\":\"https:\/\/portaltela.pt\/noticias\/2026\/02\/19\/forest-de-vitor-pereira-arranca-liga-europa-a-todo-o-vapor\/#article\",\"isPartOf\":{\"@id\":\"https:\/\/portaltela.pt\/noticias\/2026\/02\/19\/forest-de-vitor-pereira-arranca-liga-europa-a-todo-o-vapor\/\"},\"author\":{\"name\":\"Telinha\",\"@id\":\"https:\/\/portaltela.pt\/#\/schema\/person\/c4278d4a6028830caff9ee44b42d32ed\"},\"headline\":\"Forest de V\u00edtor Pereira arranca Liga Europa a todo o vapor\",\"datePublished\":\"2026-02-19T21:06:00+00:00\",\"mainEntityOfPage\":{\"@id\":\"https:\/\/portaltela.pt\/noticias\/2026\/02\/19\/forest-de-vitor-pereira-arranca-liga-europa-a-todo-o-vapor\/\"},\"wordCount\":259,\"image\":{\"@id\":\"https:\/\/portaltela.pt\/noticias\/2026\/02\/19\/forest-de-vitor-pereira-arranca-liga-europa-a-todo-o-vapor\/#primaryimage\"},\"thumbnailUrl\":\"https:\/\/portaltela.pt\/s.01k8rhncp4jt1\/2026\/02\/2068442.jpg\",\"keywords\":[\"Europa League\",\"Fenerbah\u00e7e\",\"futebol\",\"Istambul\",\"jogo\",\"Nottingham Forest\"],\"articleSection\":[\"Desporto\",\"Futebol\"],\"inLanguage\":\"pt-PT\"},{\"@type\":\"WebPage\",\"@id\":\"https:\/\/portaltela.pt\/noticias\/2026\/02\/19\/forest-de-vitor-pereira-arranca-liga-europa-a-todo-o-vapor\/\",\"url\":\"https:\/\/portaltela.pt\/noticias\/2026\/02\/19\/forest-de-vitor-pereira-arranca-liga-europa-a-todo-o-vapor\/\",\"name\":\"Forest de V\u00edtor Pereira arranca Liga Europa a todo o vapor - Portal Tela Portugal\",\"isPartOf\":{\"@id\":\"https:\/\/portaltela.pt\/#website\"},\"primaryImageOfPage\":{\"@id\":\"https:\/\/portaltela.pt\/noticias\/2026\/02\/19\/forest-de-vitor-pereira-arranca-liga-europa-a-todo-o-vapor\/#primaryimage\"},\"image\":{\"@id\":\"https:\/\/portaltela.pt\/noticias\/2026\/02\/19\/forest-de-vitor-pereira-arranca-liga-europa-a-todo-o-vapor\/#primaryimage\"},\"thumbnailUrl\":\"https:\/\/portaltela.pt\/s.01k8rhncp4jt1\/2026\/02\/2068442.jpg\",\"datePublished\":\"2026-02-19T21:06:00+00:00\",\"author\":{\"@id\":\"https:\/\/portaltela.pt\/#\/schema\/person\/c4278d4a6028830caff9ee44b42d32ed\"},\"breadcrumb\":{\"@id\":\"https:\/\/portaltela.pt\/noticias\/2026\/02\/19\/forest-de-vitor-pereira-arranca-liga-europa-a-todo-o-vapor\/#breadcrumb\"},\"inLanguage\":\"pt-PT\",\"potentialAction\":[{\"@type\":\"ReadAction\",\"target\":[\"https:\/\/portaltela.pt\/noticias\/2026\/02\/19\/forest-de-vitor-pereira-arranca-liga-europa-a-todo-o-vapor\/\"]}]},{\"@type\":\"ImageObject\",\"inLanguage\":\"pt-PT\",\"@id\":\"https:\/\/portaltela.pt\/noticias\/2026\/02\/19\/forest-de-vitor-pereira-arranca-liga-europa-a-todo-o-vapor\/#primaryimage\",\"url\":\"https:\/\/portaltela.pt\/s.01k8rhncp4jt1\/2026\/02\/2068442.jpg\",\"contentUrl\":\"https:\/\/portaltela.pt\/s.01k8rhncp4jt1\/2026\/02\/2068442.jpg\",\"width\":796,\"height\":448,\"caption\":\"Gibbs-White fez um golo e uma assist\u00eancia em Istambul\"},{\"@type\":\"BreadcrumbList\",\"@id\":\"https:\/\/portaltela.pt\/noticias\/2026\/02\/19\/forest-de-vitor-pereira-arranca-liga-europa-a-todo-o-vapor\/#breadcrumb\",\"itemListElement\":[{\"@type\":\"ListItem\",\"position\":1,\"name\":\"In\u00edcio\",\"item\":\"https:\/\/portaltela.pt\/\"},{\"@type\":\"ListItem\",\"position\":2,\"name\":\"Forest de V\u00edtor Pereira arranca Liga Europa a todo o vapor\"}]},{\"@type\":\"WebSite\",\"@id\":\"https:\/\/portaltela.pt\/#website\",\"url\":\"https:\/\/portaltela.pt\/\",\"name\":\"Portal Tela Portugal\",\"description\":\"\",\"potentialAction\":[{\"@type\":\"SearchAction\",\"target\":{\"@type\":\"EntryPoint\",\"urlTemplate\":\"https:\/\/portaltela.pt\/?s={search_term_string}\"},\"query-input\":{\"@type\":\"PropertyValueSpecification\",\"valueRequired\":true,\"valueName\":\"search_term_string\"}}],\"inLanguage\":\"pt-PT\"},{\"@type\":\"Person\",\"@id\":\"https:\/\/portaltela.pt\/#\/schema\/person\/c4278d4a6028830caff9ee44b42d32ed\",\"name\":\"Telinha\",\"image\":{\"@type\":\"ImageObject\",\"inLanguage\":\"pt-PT\",\"@id\":\"https:\/\/portaltela.pt\/s.01k8rhncp4jt1\/2025\/11\/talking-bot-125x125.png\",\"url\":\"https:\/\/portaltela.pt\/s.01k8rhncp4jt1\/2025\/11\/talking-bot-125x125.png\",\"contentUrl\":\"https:\/\/portaltela.pt\/s.01k8rhncp4jt1\/2025\/11\/talking-bot-125x125.png\",\"caption\":\"Telinha\"},\"sameAs\":[\"https:\/\/portaltela.pt\/\"],\"url\":\"https:\/\/portaltela.pt\/por\/367410592786\/\"}]}<\/script>\n<!-- \/ Yoast SEO plugin. -->","yoast_head_json":{"title":"Forest de V\u00edtor Pereira arranca Liga Europa a todo o vapor - Portal Tela Portugal","robots":{"index":"index","follow":"follow","max-snippet":"max-snippet:-1","max-image-preview":"max-image-preview:large","max-video-preview":"max-video-preview:-1"},"og_locale":"pt_PT","og_type":"article","og_title":"Forest de V\u00edtor Pereira arranca Liga Europa a todo o vapor - Portal Tela Portugal","og_description":"Nottingham Forest venceu o Fenerbah\u00e7e por 0-3 em Istambul, na primeira m\u00e3o do play-off da Liga Europa, abrindo caminho aos oitavos. Murillo abriu o marcador aos 21 minutos e Igor Jesus fez o segundo aos 43, ambos ap\u00f3s assist\u00eancia de Gibbs-White. Gibbs-White dilatou a vantagem para 0-3 j\u00e1 na segunda parte, mantendo o Forest com superioridade durante a partida. O treinador V\u00edtor Pereira estreou-se no comando do Forest num contexto dif\u00edcil, com substitui\u00e7\u00f5es r\u00e1pidas na segunda parte para gerir o jogo. A vit\u00f3ria coloca o Forest numa posi\u00e7\u00e3o favor\u00e1vel para a eliminat\u00f3ria, com a segunda m\u00e3o a realizar-se em casa.","og_url":"https:\/\/portaltela.pt\/noticias\/2026\/02\/19\/forest-de-vitor-pereira-arranca-liga-europa-a-todo-o-vapor\/","og_site_name":"Portal Tela Portugal","article_published_time":"2026-02-19T21:06:00+00:00","author":"Telinha","twitter_card":"summary_large_image","twitter_misc":{"Escrito por":"Telinha","Tempo estimado de leitura":"1 minuto"},"schema":{"@context":"https:\/\/schema.org","@graph":[{"@type":"Article","@id":"https:\/\/portaltela.pt\/noticias\/2026\/02\/19\/forest-de-vitor-pereira-arranca-liga-europa-a-todo-o-vapor\/#article","isPartOf":{"@id":"https:\/\/portaltela.pt\/noticias\/2026\/02\/19\/forest-de-vitor-pereira-arranca-liga-europa-a-todo-o-vapor\/"},"author":{"name":"Telinha","@id":"https:\/\/portaltela.pt\/#\/schema\/person\/c4278d4a6028830caff9ee44b42d32ed"},"headline":"Forest de V\u00edtor Pereira arranca Liga Europa a todo o vapor","datePublished":"2026-02-19T21:06:00+00:00","mainEntityOfPage":{"@id":"https:\/\/portaltela.pt\/noticias\/2026\/02\/19\/forest-de-vitor-pereira-arranca-liga-europa-a-todo-o-vapor\/"},"wordCount":259,"image":{"@id":"https:\/\/portaltela.pt\/noticias\/2026\/02\/19\/forest-de-vitor-pereira-arranca-liga-europa-a-todo-o-vapor\/#primaryimage"},"thumbnailUrl":"https:\/\/portaltela.pt\/s.01k8rhncp4jt1\/2026\/02\/2068442.jpg","keywords":["Europa League","Fenerbah\u00e7e","futebol","Istambul","jogo","Nottingham Forest"],"articleSection":["Desporto","Futebol"],"inLanguage":"pt-PT"},{"@type":"WebPage","@id":"https:\/\/portaltela.pt\/noticias\/2026\/02\/19\/forest-de-vitor-pereira-arranca-liga-europa-a-todo-o-vapor\/","url":"https:\/\/portaltela.pt\/noticias\/2026\/02\/19\/forest-de-vitor-pereira-arranca-liga-europa-a-todo-o-vapor\/","name":"Forest de V\u00edtor Pereira arranca Liga Europa a todo o vapor - Portal Tela Portugal","isPartOf":{"@id":"https:\/\/portaltela.pt\/#website"},"primaryImageOfPage":{"@id":"https:\/\/portaltela.pt\/noticias\/2026\/02\/19\/forest-de-vitor-pereira-arranca-liga-europa-a-todo-o-vapor\/#primaryimage"},"image":{"@id":"https:\/\/portaltela.pt\/noticias\/2026\/02\/19\/forest-de-vitor-pereira-arranca-liga-europa-a-todo-o-vapor\/#primaryimage"},"thumbnailUrl":"https:\/\/portaltela.pt\/s.01k8rhncp4jt1\/2026\/02\/2068442.jpg","datePublished":"2026-02-19T21:06:00+00:00","author":{"@id":"https:\/\/portaltela.pt\/#\/schema\/person\/c4278d4a6028830caff9ee44b42d32ed"},"breadcrumb":{"@id":"https:\/\/portaltela.pt\/noticias\/2026\/02\/19\/forest-de-vitor-pereira-arranca-liga-europa-a-todo-o-vapor\/#breadcrumb"},"inLanguage":"pt-PT","potentialAction":[{"@type":"ReadAction","target":["https:\/\/portaltela.pt\/noticias\/2026\/02\/19\/forest-de-vitor-pereira-arranca-liga-europa-a-todo-o-vapor\/"]}]},{"@type":"ImageObject","inLanguage":"pt-PT","@id":"https:\/\/portaltela.pt\/noticias\/2026\/02\/19\/forest-de-vitor-pereira-arranca-liga-europa-a-todo-o-vapor\/#primaryimage","url":"https:\/\/portaltela.pt\/s.01k8rhncp4jt1\/2026\/02\/2068442.jpg","contentUrl":"https:\/\/portaltela.pt\/s.01k8rhncp4jt1\/2026\/02\/2068442.jpg","width":796,"height":448,"caption":"Gibbs-White fez um golo e uma assist\u00eancia em Istambul"},{"@type":"BreadcrumbList","@id":"https:\/\/portaltela.pt\/noticias\/2026\/02\/19\/forest-de-vitor-pereira-arranca-liga-europa-a-todo-o-vapor\/#breadcrumb","itemListElement":[{"@type":"ListItem","position":1,"name":"In\u00edcio","item":"https:\/\/portaltela.pt\/"},{"@type":"ListItem","position":2,"name":"Forest de V\u00edtor Pereira arranca Liga Europa a todo o vapor"}]},{"@type":"WebSite","@id":"https:\/\/portaltela.pt\/#website","url":"https:\/\/portaltela.pt\/","name":"Portal Tela Portugal","description":"","potentialAction":[{"@type":"SearchAction","target":{"@type":"EntryPoint","urlTemplate":"https:\/\/portaltela.pt\/?s={search_term_string}"},"query-input":{"@type":"PropertyValueSpecification","valueRequired":true,"valueName":"search_term_string"}}],"inLanguage":"pt-PT"},{"@type":"Person","@id":"https:\/\/portaltela.pt\/#\/schema\/person\/c4278d4a6028830caff9ee44b42d32ed","name":"Telinha","image":{"@type":"ImageObject","inLanguage":"pt-PT","@id":"https:\/\/portaltela.pt\/s.01k8rhncp4jt1\/2025\/11\/talking-bot-125x125.png","url":"https:\/\/portaltela.pt\/s.01k8rhncp4jt1\/2025\/11\/talking-bot-125x125.png","contentUrl":"https:\/\/portaltela.pt\/s.01k8rhncp4jt1\/2025\/11\/talking-bot-125x125.png","caption":"Telinha"},"sameAs":["https:\/\/portaltela.pt\/"],"url":"https:\/\/portaltela.pt\/por\/367410592786\/"}]}},"_links":{"self":[{"href":"https:\/\/portaltela.pt\/api\/wp\/v2\/posts\/218256","targetHints":{"allow":["GET"]}}],"collection":[{"href":"https:\/\/portaltela.pt\/api\/wp\/v2\/posts"}],"about":[{"href":"https:\/\/portaltela.pt\/api\/wp\/v2\/types\/post"}],"author":[{"embeddable":true,"href":"https:\/\/portaltela.pt\/api\/wp\/v2\/users\/2"}],"replies":[{"embeddable":true,"href":"https:\/\/portaltela.pt\/api\/wp\/v2\/comments?post=218256"}],"version-history":[{"count":0,"href":"https:\/\/portaltela.pt\/api\/wp\/v2\/posts\/218256\/revisions"}],"wp:featuredmedia":[{"embeddable":true,"href":"https:\/\/portaltela.pt\/api\/wp\/v2\/media\/218259"}],"wp:attachment":[{"href":"https:\/\/portaltela.pt\/api\/wp\/v2\/media?parent=218256"}],"wp:term":[{"taxonomy":"category","embeddable":true,"href":"https:\/\/portaltela.pt\/api\/wp\/v2\/categories?post=218256"},{"taxonomy":"post_tag","embeddable":true,"href":"https:\/\/portaltela.pt\/api\/wp\/v2\/tags?post=218256"}],"curies":[{"name":"wp","href":"https:\/\/api.w.org\/{rel}","templated":true}]}}