{"id":218251,"date":"2026-02-19T17:58:00","date_gmt":"2026-02-19T20:58:00","guid":{"rendered":"https:\/\/portaltela.pt\/noticias\/2026\/02\/19\/hugo-santos-e-hugo-camelo-ficam-em-2-o-lugar-na-taca-joaquim-oliveira\/"},"modified":"2026-02-19T17:58:00","modified_gmt":"2026-02-19T20:58:00","slug":"hugo-santos-e-hugo-camelo-ficam-em-2-o-lugar-na-taca-joaquim-oliveira","status":"publish","type":"post","link":"https:\/\/portaltela.pt\/desporto\/2026\/02\/19\/hugo-santos-e-hugo-camelo-ficam-em-2-o-lugar-na-taca-joaquim-oliveira\/","title":{"rendered":"Hugo Santos e Hugo Camelo ficam em 2.\u00ba lugar na Ta\u00e7a Joaquim Oliveira"},"content":{"rendered":"<p>Hugo Santos e Hugo Camelo partilham o 2.\u00ba lugar na Ta\u00e7a Joaquim Oliveira, torneio de 10 mil euros a abrir o Timestamp Golf Tour 2026, sancionado pela FPG e pela PGA Portugal. A prova decorre no Quinta do Peru Golf &amp; Country Club, em Azeit\u00e3o.<\/p>\n<p>Ambos terminaram a primeira volta com 69 pancadas, 3 abaixo do Par, empatados no segundo lugar. Ign\u00e1cio Mateo, da Galiza, lidera com 68 (-4) na segunda participa\u00e7\u00e3o no tour. Entre os 29 participantes, h\u00e1 diversos jogadores de topo em Portugal.<\/p>\n<p>No grupo que segue, Tom\u00e1s Bessa surge em 4.\u00ba com 70 (-2), ap\u00f3s vencer o Nacional em 2025 e 2020. Pedro Lencart, ex-bicampe\u00e3o profissional, fecha o top-5 com 71 (-1). Venceu o pr\u00f3prio Santos em 2012 no Quinta do Peru.<\/p>\n<p>Ricardo Santos, um dos tr\u00eas \u00fanicos portugueses vencedores do European Tour\/DP World Tour, est\u00e1 em 11.\u00ba (+3). Foi anunciado ontem como refor\u00e7o da equipa t\u00e9cnica da FPG, \u00e0s ordens de Joaquim Oliveira.<\/p>\n<p>A prova prossegue amanh\u00e3 com a segunda volta, a partir das 9h00, encerrando o torneio de profissionais e amadores de alto rendimento. O programa inclui ainda um Pro-Am no s\u00e1bado, com personalidades do desporto, media e neg\u00f3cios.<\/p>\n<h3>Homenagem a Joaquim Oliveira<\/h3>\n<p>A Ta\u00e7a Joaquim Oliveira funciona como homenagem ao empres\u00e1rio falecido em 2025, reconhecido pela promo\u00e7\u00e3o do desporto em Portugal, especialmente do futebol e do golfe. A FPG, Pedro Nunes Pedro e a PGA Portugal destacaram o significado simb\u00f3lico do evento para o golfe nacional.<\/p>\n<p>Pedro Nunes Pedro, presidente da FPG, destacou o orgulho de inaugurar a temporada com uma prova que refor\u00e7a a qualidade do Timestamp Golf Tour e o reconhecimento da fam\u00edlia Oliveira, da Quinta do Peru, da PGA Portugal, dos parceiros e atletas.<\/p>\n<p>Rui Morris, presidente da PGA Portugal, reiterou a continuidade do tour e a import\u00e2ncia do arranque simb\u00f3lico, afirmando que a ta\u00e7a dever\u00e1 ocupar lugar duradouro no calend\u00e1rio da PGA Portugal.<\/p>\n","protected":false},"excerpt":{"rendered":"<ul>\n<li>Hugo Santos e Hugo Camelo partilham o 2.\u00ba lugar na Ta\u00e7a Joaquim Oliveira, torneio de 10 mil euros que abriu o Timestamp Golf Tour 2026, no Quinta do Peru Golf &amp; Country Club, em Azeit\u00e3o.<\/li>\n<li>A dupla portuguesa fez a primeira volta em 69 pancadas, 3 abaixo do Par, ficando atr\u00e1s de Ign\u00e1cio Mateo, espanhol da Galiza, com 68 (4 abaixo do Par).<\/li>\n<li>No top-5 tamb\u00e9m est\u00e1 Tom\u00e1s Bessa, campe\u00e3o nacional de 2025 e 2020, com 70 (-2), depois de ter estado em hole-in-one recentemente; Pedro Lencart fechou o grupo com 71 (-1).<\/li>\n<li>Ricardo Santos, um dos poucos portugueses a vencer no European Tour\/DP World Tour, \u00e9 refor\u00e7o da equipa t\u00e9cnica da FPG e terminou em 11.\u00ba (+3).<\/li>\n<li>O evento prossegue amanh\u00e3 com a segunda volta e, no s\u00e1bado, realiza-se um Pro-Am que re\u00fane figuras do desporto, media e mundo empresarial; a prova homenageia Joaquim Oliveira (1947-2025).<\/li>\n<\/ul>\n","protected":false},"author":2,"featured_media":218253,"comment_status":"closed","ping_status":"closed","sticky":false,"template":"","format":"standard","meta":{"footnotes":""},"categories":[21],"tags":[5430,974,152,2681,1014,4976],"class_list":["post-218251","post","type-post","status-publish","format-standard","has-post-thumbnail","hentry","category-desporto","tag-amadores","tag-azeitao","tag-desporto","tag-desporto-internacional","tag-portugal","tag-torneios-internacionais"],"yoast_head":"<!-- This site is optimized with the Yoast SEO plugin v27.2 - https:\/\/yoast.com\/product\/yoast-seo-wordpress\/ -->\n<title>Hugo Santos e Hugo Camelo ficam em 2.\u00ba lugar na Ta\u00e7a Joaquim Oliveira - Portal Tela Portugal<\/title>\n<meta name=\"robots\" content=\"index, follow, max-snippet:-1, max-image-preview:large, max-video-preview:-1\" \/>\n<meta property=\"og:locale\" content=\"pt_PT\" \/>\n<meta property=\"og:type\" content=\"article\" \/>\n<meta property=\"og:title\" content=\"Hugo Santos e Hugo Camelo ficam em 2.\u00ba lugar na Ta\u00e7a Joaquim Oliveira - Portal Tela Portugal\" \/>\n<meta property=\"og:description\" content=\"Hugo Santos e Hugo Camelo partilham o 2.\u00ba lugar na Ta\u00e7a Joaquim Oliveira, torneio de 10 mil euros que abriu o Timestamp Golf Tour 2026, no Quinta do Peru Golf &amp; Country Club, em Azeit\u00e3o. A dupla portuguesa fez a primeira volta em 69 pancadas, 3 abaixo do Par, ficando atr\u00e1s de Ign\u00e1cio Mateo, espanhol da Galiza, com 68 (4 abaixo do Par). No top-5 tamb\u00e9m est\u00e1 Tom\u00e1s Bessa, campe\u00e3o nacional de 2025 e 2020, com 70 (-2), depois de ter estado em hole-in-one recentemente; Pedro Lencart fechou o grupo com 71 (-1). Ricardo Santos, um dos poucos portugueses a vencer no European Tour\/DP World Tour, \u00e9 refor\u00e7o da equipa t\u00e9cnica da FPG e terminou em 11.\u00ba (+3). O evento prossegue amanh\u00e3 com a segunda volta e, no s\u00e1bado, realiza-se um Pro-Am que re\u00fane figuras do desporto, media e mundo empresarial; a prova homenageia Joaquim Oliveira (1947-2025).\" \/>\n<meta property=\"og:url\" content=\"https:\/\/portaltela.pt\/noticias\/2026\/02\/19\/hugo-santos-e-hugo-camelo-ficam-em-2-o-lugar-na-taca-joaquim-oliveira\/\" \/>\n<meta property=\"og:site_name\" content=\"Portal Tela Portugal\" \/>\n<meta property=\"article:published_time\" content=\"2026-02-19T20:58:00+00:00\" \/>\n<meta name=\"author\" content=\"Telinha\" \/>\n<meta name=\"twitter:card\" content=\"summary_large_image\" \/>\n<meta name=\"twitter:label1\" content=\"Escrito por\" \/>\n\t<meta name=\"twitter:data1\" content=\"Telinha\" \/>\n\t<meta name=\"twitter:label2\" content=\"Tempo estimado de leitura\" \/>\n\t<meta name=\"twitter:data2\" content=\"2 minutos\" \/>\n<script type=\"application\/ld+json\" class=\"yoast-schema-graph\">{\"@context\":\"https:\/\/schema.org\",\"@graph\":[{\"@type\":\"Article\",\"@id\":\"https:\/\/portaltela.pt\/noticias\/2026\/02\/19\/hugo-santos-e-hugo-camelo-ficam-em-2-o-lugar-na-taca-joaquim-oliveira\/#article\",\"isPartOf\":{\"@id\":\"https:\/\/portaltela.pt\/noticias\/2026\/02\/19\/hugo-santos-e-hugo-camelo-ficam-em-2-o-lugar-na-taca-joaquim-oliveira\/\"},\"author\":{\"name\":\"Telinha\",\"@id\":\"https:\/\/portaltela.pt\/#\/schema\/person\/c4278d4a6028830caff9ee44b42d32ed\"},\"headline\":\"Hugo Santos e Hugo Camelo ficam em 2.\u00ba lugar na Ta\u00e7a Joaquim Oliveira\",\"datePublished\":\"2026-02-19T20:58:00+00:00\",\"mainEntityOfPage\":{\"@id\":\"https:\/\/portaltela.pt\/noticias\/2026\/02\/19\/hugo-santos-e-hugo-camelo-ficam-em-2-o-lugar-na-taca-joaquim-oliveira\/\"},\"wordCount\":334,\"image\":{\"@id\":\"https:\/\/portaltela.pt\/noticias\/2026\/02\/19\/hugo-santos-e-hugo-camelo-ficam-em-2-o-lugar-na-taca-joaquim-oliveira\/#primaryimage\"},\"thumbnailUrl\":\"https:\/\/portaltela.pt\/s.01k8rhncp4jt1\/2026\/02\/img_1200x721uu2026-02-19-20-56-33-2422611.jpg\",\"keywords\":[\"amadores\",\"Azeit\u00e3o\",\"desporto\",\"desporto internacional\",\"Portugal\",\"torneios internacionais\"],\"articleSection\":[\"Desporto\"],\"inLanguage\":\"pt-PT\"},{\"@type\":\"WebPage\",\"@id\":\"https:\/\/portaltela.pt\/noticias\/2026\/02\/19\/hugo-santos-e-hugo-camelo-ficam-em-2-o-lugar-na-taca-joaquim-oliveira\/\",\"url\":\"https:\/\/portaltela.pt\/noticias\/2026\/02\/19\/hugo-santos-e-hugo-camelo-ficam-em-2-o-lugar-na-taca-joaquim-oliveira\/\",\"name\":\"Hugo Santos e Hugo Camelo ficam em 2.\u00ba lugar na Ta\u00e7a Joaquim Oliveira - Portal Tela Portugal\",\"isPartOf\":{\"@id\":\"https:\/\/portaltela.pt\/#website\"},\"primaryImageOfPage\":{\"@id\":\"https:\/\/portaltela.pt\/noticias\/2026\/02\/19\/hugo-santos-e-hugo-camelo-ficam-em-2-o-lugar-na-taca-joaquim-oliveira\/#primaryimage\"},\"image\":{\"@id\":\"https:\/\/portaltela.pt\/noticias\/2026\/02\/19\/hugo-santos-e-hugo-camelo-ficam-em-2-o-lugar-na-taca-joaquim-oliveira\/#primaryimage\"},\"thumbnailUrl\":\"https:\/\/portaltela.pt\/s.01k8rhncp4jt1\/2026\/02\/img_1200x721uu2026-02-19-20-56-33-2422611.jpg\",\"datePublished\":\"2026-02-19T20:58:00+00:00\",\"author\":{\"@id\":\"https:\/\/portaltela.pt\/#\/schema\/person\/c4278d4a6028830caff9ee44b42d32ed\"},\"breadcrumb\":{\"@id\":\"https:\/\/portaltela.pt\/noticias\/2026\/02\/19\/hugo-santos-e-hugo-camelo-ficam-em-2-o-lugar-na-taca-joaquim-oliveira\/#breadcrumb\"},\"inLanguage\":\"pt-PT\",\"potentialAction\":[{\"@type\":\"ReadAction\",\"target\":[\"https:\/\/portaltela.pt\/noticias\/2026\/02\/19\/hugo-santos-e-hugo-camelo-ficam-em-2-o-lugar-na-taca-joaquim-oliveira\/\"]}]},{\"@type\":\"ImageObject\",\"inLanguage\":\"pt-PT\",\"@id\":\"https:\/\/portaltela.pt\/noticias\/2026\/02\/19\/hugo-santos-e-hugo-camelo-ficam-em-2-o-lugar-na-taca-joaquim-oliveira\/#primaryimage\",\"url\":\"https:\/\/portaltela.pt\/s.01k8rhncp4jt1\/2026\/02\/img_1200x721uu2026-02-19-20-56-33-2422611.jpg\",\"contentUrl\":\"https:\/\/portaltela.pt\/s.01k8rhncp4jt1\/2026\/02\/img_1200x721uu2026-02-19-20-56-33-2422611.jpg\",\"width\":796,\"height\":448,\"caption\":\"Hugo Santos partilhou o 2.\u00ba lugar com o compatriota\"},{\"@type\":\"BreadcrumbList\",\"@id\":\"https:\/\/portaltela.pt\/noticias\/2026\/02\/19\/hugo-santos-e-hugo-camelo-ficam-em-2-o-lugar-na-taca-joaquim-oliveira\/#breadcrumb\",\"itemListElement\":[{\"@type\":\"ListItem\",\"position\":1,\"name\":\"In\u00edcio\",\"item\":\"https:\/\/portaltela.pt\/\"},{\"@type\":\"ListItem\",\"position\":2,\"name\":\"Hugo Santos e Hugo Camelo ficam em 2.\u00ba lugar na Ta\u00e7a Joaquim Oliveira\"}]},{\"@type\":\"WebSite\",\"@id\":\"https:\/\/portaltela.pt\/#website\",\"url\":\"https:\/\/portaltela.pt\/\",\"name\":\"Portal Tela Portugal\",\"description\":\"\",\"potentialAction\":[{\"@type\":\"SearchAction\",\"target\":{\"@type\":\"EntryPoint\",\"urlTemplate\":\"https:\/\/portaltela.pt\/?s={search_term_string}\"},\"query-input\":{\"@type\":\"PropertyValueSpecification\",\"valueRequired\":true,\"valueName\":\"search_term_string\"}}],\"inLanguage\":\"pt-PT\"},{\"@type\":\"Person\",\"@id\":\"https:\/\/portaltela.pt\/#\/schema\/person\/c4278d4a6028830caff9ee44b42d32ed\",\"name\":\"Telinha\",\"image\":{\"@type\":\"ImageObject\",\"inLanguage\":\"pt-PT\",\"@id\":\"https:\/\/portaltela.pt\/s.01k8rhncp4jt1\/2025\/11\/talking-bot-125x125.png\",\"url\":\"https:\/\/portaltela.pt\/s.01k8rhncp4jt1\/2025\/11\/talking-bot-125x125.png\",\"contentUrl\":\"https:\/\/portaltela.pt\/s.01k8rhncp4jt1\/2025\/11\/talking-bot-125x125.png\",\"caption\":\"Telinha\"},\"sameAs\":[\"https:\/\/portaltela.pt\/\"],\"url\":\"https:\/\/portaltela.pt\/por\/367410592786\/\"}]}<\/script>\n<!-- \/ Yoast SEO plugin. -->","yoast_head_json":{"title":"Hugo Santos e Hugo Camelo ficam em 2.\u00ba lugar na Ta\u00e7a Joaquim Oliveira - Portal Tela Portugal","robots":{"index":"index","follow":"follow","max-snippet":"max-snippet:-1","max-image-preview":"max-image-preview:large","max-video-preview":"max-video-preview:-1"},"og_locale":"pt_PT","og_type":"article","og_title":"Hugo Santos e Hugo Camelo ficam em 2.\u00ba lugar na Ta\u00e7a Joaquim Oliveira - Portal Tela Portugal","og_description":"Hugo Santos e Hugo Camelo partilham o 2.\u00ba lugar na Ta\u00e7a Joaquim Oliveira, torneio de 10 mil euros que abriu o Timestamp Golf Tour 2026, no Quinta do Peru Golf &amp; Country Club, em Azeit\u00e3o. A dupla portuguesa fez a primeira volta em 69 pancadas, 3 abaixo do Par, ficando atr\u00e1s de Ign\u00e1cio Mateo, espanhol da Galiza, com 68 (4 abaixo do Par). No top-5 tamb\u00e9m est\u00e1 Tom\u00e1s Bessa, campe\u00e3o nacional de 2025 e 2020, com 70 (-2), depois de ter estado em hole-in-one recentemente; Pedro Lencart fechou o grupo com 71 (-1). Ricardo Santos, um dos poucos portugueses a vencer no European Tour\/DP World Tour, \u00e9 refor\u00e7o da equipa t\u00e9cnica da FPG e terminou em 11.\u00ba (+3). O evento prossegue amanh\u00e3 com a segunda volta e, no s\u00e1bado, realiza-se um Pro-Am que re\u00fane figuras do desporto, media e mundo empresarial; a prova homenageia Joaquim Oliveira (1947-2025).","og_url":"https:\/\/portaltela.pt\/noticias\/2026\/02\/19\/hugo-santos-e-hugo-camelo-ficam-em-2-o-lugar-na-taca-joaquim-oliveira\/","og_site_name":"Portal Tela Portugal","article_published_time":"2026-02-19T20:58:00+00:00","author":"Telinha","twitter_card":"summary_large_image","twitter_misc":{"Escrito por":"Telinha","Tempo estimado de leitura":"2 minutos"},"schema":{"@context":"https:\/\/schema.org","@graph":[{"@type":"Article","@id":"https:\/\/portaltela.pt\/noticias\/2026\/02\/19\/hugo-santos-e-hugo-camelo-ficam-em-2-o-lugar-na-taca-joaquim-oliveira\/#article","isPartOf":{"@id":"https:\/\/portaltela.pt\/noticias\/2026\/02\/19\/hugo-santos-e-hugo-camelo-ficam-em-2-o-lugar-na-taca-joaquim-oliveira\/"},"author":{"name":"Telinha","@id":"https:\/\/portaltela.pt\/#\/schema\/person\/c4278d4a6028830caff9ee44b42d32ed"},"headline":"Hugo Santos e Hugo Camelo ficam em 2.\u00ba lugar na Ta\u00e7a Joaquim Oliveira","datePublished":"2026-02-19T20:58:00+00:00","mainEntityOfPage":{"@id":"https:\/\/portaltela.pt\/noticias\/2026\/02\/19\/hugo-santos-e-hugo-camelo-ficam-em-2-o-lugar-na-taca-joaquim-oliveira\/"},"wordCount":334,"image":{"@id":"https:\/\/portaltela.pt\/noticias\/2026\/02\/19\/hugo-santos-e-hugo-camelo-ficam-em-2-o-lugar-na-taca-joaquim-oliveira\/#primaryimage"},"thumbnailUrl":"https:\/\/portaltela.pt\/s.01k8rhncp4jt1\/2026\/02\/img_1200x721uu2026-02-19-20-56-33-2422611.jpg","keywords":["amadores","Azeit\u00e3o","desporto","desporto internacional","Portugal","torneios internacionais"],"articleSection":["Desporto"],"inLanguage":"pt-PT"},{"@type":"WebPage","@id":"https:\/\/portaltela.pt\/noticias\/2026\/02\/19\/hugo-santos-e-hugo-camelo-ficam-em-2-o-lugar-na-taca-joaquim-oliveira\/","url":"https:\/\/portaltela.pt\/noticias\/2026\/02\/19\/hugo-santos-e-hugo-camelo-ficam-em-2-o-lugar-na-taca-joaquim-oliveira\/","name":"Hugo Santos e Hugo Camelo ficam em 2.\u00ba lugar na Ta\u00e7a Joaquim Oliveira - Portal Tela Portugal","isPartOf":{"@id":"https:\/\/portaltela.pt\/#website"},"primaryImageOfPage":{"@id":"https:\/\/portaltela.pt\/noticias\/2026\/02\/19\/hugo-santos-e-hugo-camelo-ficam-em-2-o-lugar-na-taca-joaquim-oliveira\/#primaryimage"},"image":{"@id":"https:\/\/portaltela.pt\/noticias\/2026\/02\/19\/hugo-santos-e-hugo-camelo-ficam-em-2-o-lugar-na-taca-joaquim-oliveira\/#primaryimage"},"thumbnailUrl":"https:\/\/portaltela.pt\/s.01k8rhncp4jt1\/2026\/02\/img_1200x721uu2026-02-19-20-56-33-2422611.jpg","datePublished":"2026-02-19T20:58:00+00:00","author":{"@id":"https:\/\/portaltela.pt\/#\/schema\/person\/c4278d4a6028830caff9ee44b42d32ed"},"breadcrumb":{"@id":"https:\/\/portaltela.pt\/noticias\/2026\/02\/19\/hugo-santos-e-hugo-camelo-ficam-em-2-o-lugar-na-taca-joaquim-oliveira\/#breadcrumb"},"inLanguage":"pt-PT","potentialAction":[{"@type":"ReadAction","target":["https:\/\/portaltela.pt\/noticias\/2026\/02\/19\/hugo-santos-e-hugo-camelo-ficam-em-2-o-lugar-na-taca-joaquim-oliveira\/"]}]},{"@type":"ImageObject","inLanguage":"pt-PT","@id":"https:\/\/portaltela.pt\/noticias\/2026\/02\/19\/hugo-santos-e-hugo-camelo-ficam-em-2-o-lugar-na-taca-joaquim-oliveira\/#primaryimage","url":"https:\/\/portaltela.pt\/s.01k8rhncp4jt1\/2026\/02\/img_1200x721uu2026-02-19-20-56-33-2422611.jpg","contentUrl":"https:\/\/portaltela.pt\/s.01k8rhncp4jt1\/2026\/02\/img_1200x721uu2026-02-19-20-56-33-2422611.jpg","width":796,"height":448,"caption":"Hugo Santos partilhou o 2.\u00ba lugar com o compatriota"},{"@type":"BreadcrumbList","@id":"https:\/\/portaltela.pt\/noticias\/2026\/02\/19\/hugo-santos-e-hugo-camelo-ficam-em-2-o-lugar-na-taca-joaquim-oliveira\/#breadcrumb","itemListElement":[{"@type":"ListItem","position":1,"name":"In\u00edcio","item":"https:\/\/portaltela.pt\/"},{"@type":"ListItem","position":2,"name":"Hugo Santos e Hugo Camelo ficam em 2.\u00ba lugar na Ta\u00e7a Joaquim Oliveira"}]},{"@type":"WebSite","@id":"https:\/\/portaltela.pt\/#website","url":"https:\/\/portaltela.pt\/","name":"Portal Tela Portugal","description":"","potentialAction":[{"@type":"SearchAction","target":{"@type":"EntryPoint","urlTemplate":"https:\/\/portaltela.pt\/?s={search_term_string}"},"query-input":{"@type":"PropertyValueSpecification","valueRequired":true,"valueName":"search_term_string"}}],"inLanguage":"pt-PT"},{"@type":"Person","@id":"https:\/\/portaltela.pt\/#\/schema\/person\/c4278d4a6028830caff9ee44b42d32ed","name":"Telinha","image":{"@type":"ImageObject","inLanguage":"pt-PT","@id":"https:\/\/portaltela.pt\/s.01k8rhncp4jt1\/2025\/11\/talking-bot-125x125.png","url":"https:\/\/portaltela.pt\/s.01k8rhncp4jt1\/2025\/11\/talking-bot-125x125.png","contentUrl":"https:\/\/portaltela.pt\/s.01k8rhncp4jt1\/2025\/11\/talking-bot-125x125.png","caption":"Telinha"},"sameAs":["https:\/\/portaltela.pt\/"],"url":"https:\/\/portaltela.pt\/por\/367410592786\/"}]}},"_links":{"self":[{"href":"https:\/\/portaltela.pt\/api\/wp\/v2\/posts\/218251","targetHints":{"allow":["GET"]}}],"collection":[{"href":"https:\/\/portaltela.pt\/api\/wp\/v2\/posts"}],"about":[{"href":"https:\/\/portaltela.pt\/api\/wp\/v2\/types\/post"}],"author":[{"embeddable":true,"href":"https:\/\/portaltela.pt\/api\/wp\/v2\/users\/2"}],"replies":[{"embeddable":true,"href":"https:\/\/portaltela.pt\/api\/wp\/v2\/comments?post=218251"}],"version-history":[{"count":0,"href":"https:\/\/portaltela.pt\/api\/wp\/v2\/posts\/218251\/revisions"}],"wp:featuredmedia":[{"embeddable":true,"href":"https:\/\/portaltela.pt\/api\/wp\/v2\/media\/218253"}],"wp:attachment":[{"href":"https:\/\/portaltela.pt\/api\/wp\/v2\/media?parent=218251"}],"wp:term":[{"taxonomy":"category","embeddable":true,"href":"https:\/\/portaltela.pt\/api\/wp\/v2\/categories?post=218251"},{"taxonomy":"post_tag","embeddable":true,"href":"https:\/\/portaltela.pt\/api\/wp\/v2\/tags?post=218251"}],"curies":[{"name":"wp","href":"https:\/\/api.w.org\/{rel}","templated":true}]}}