{"id":218244,"date":"2026-02-19T17:56:00","date_gmt":"2026-02-19T20:56:00","guid":{"rendered":"https:\/\/portaltela.pt\/noticias\/2026\/02\/19\/guterres-diz-que-onu-rende-contas-apenas-aos-estados-e-espera-chamada-de-trump\/"},"modified":"2026-02-19T17:56:00","modified_gmt":"2026-02-19T20:56:00","slug":"guterres-diz-que-onu-rende-contas-apenas-aos-estados-e-espera-chamada-de-trump","status":"publish","type":"post","link":"https:\/\/portaltela.pt\/noticias\/politica\/2026\/02\/19\/guterres-diz-que-onu-rende-contas-apenas-aos-estados-e-espera-chamada-de-trump\/","title":{"rendered":"Guterres diz que ONU rende contas apenas aos Estados e espera chamada de Trump"},"content":{"rendered":"<p>O secret\u00e1rio-geral da ONU, Ant\u00f3nio Guterres, afirmou que a organiza\u00e7\u00e3o s\u00f3 presta contas aos Estados-membros e n\u00e3o a outros atores. Segundo a declara\u00e7\u00e3o, ele espera receber uma chamada de Donald Trump.<\/p>\n<p>A posi\u00e7\u00e3o refor\u00e7a a ideia de que, na vis\u00e3o da ONU, a lideran\u00e7a e o escrut\u00ednio passam pelos Estados representados no sistema das Na\u00e7\u00f5es Unidas.<\/p>\n<p>N\u00e3o h\u00e1 informa\u00e7\u00e3o dispon\u00edvel sobre quando ou onde foi feito o coment\u00e1rio, nem sobre o contexto exato da poss\u00edvel interlocu\u00e7\u00e3o desejada com o ex-presidente norte-americano.<\/p>\n","protected":false},"excerpt":{"rendered":"<ul>\n<li>Ant\u00f3nio Guterres afirmou que a ONU s\u00f3 presta contas aos seus Estados-membros.<\/li>\n<li>O secret\u00e1rio-geral disse que a organiza\u00e7\u00e3o n\u00e3o responde a indiv\u00edduos ou entidades externas, mantendo o foco nos Estados.<\/li>\n<li>Guterres indicou ainda que aguarda uma chamada de Trump.<\/li>\n<li>O conte\u00fado completo da not\u00edcia est\u00e1 dispon\u00edvel apenas para subscritores.<\/li>\n<li>No trecho divulgado, n\u00e3o s\u00e3o apresentadas informa\u00e7\u00f5es adicionais al\u00e9m dessas declara\u00e7\u00f5es.<\/li>\n<\/ul>\n","protected":false},"author":2,"featured_media":218248,"comment_status":"closed","ping_status":"closed","sticky":false,"template":"","format":"standard","meta":{"footnotes":""},"categories":[1,5],"tags":[6074,4953,1600,5123,466,27],"class_list":["post-218244","post","type-post","status-publish","format-standard","has-post-thumbnail","hentry","category-noticias","category-politica","tag-antonio-guterres","tag-donald-trump","tag-estados-unidos","tag-onu","tag-organizacao-internacional","tag-relacoes-internacionais"],"yoast_head":"<!-- This site is optimized with the Yoast SEO plugin v27.2 - https:\/\/yoast.com\/product\/yoast-seo-wordpress\/ -->\n<title>Guterres diz que ONU rende contas apenas aos Estados e espera chamada de Trump - Portal Tela Portugal<\/title>\n<meta name=\"robots\" content=\"index, follow, max-snippet:-1, max-image-preview:large, max-video-preview:-1\" \/>\n<meta property=\"og:locale\" content=\"pt_PT\" \/>\n<meta property=\"og:type\" content=\"article\" \/>\n<meta property=\"og:title\" content=\"Guterres diz que ONU rende contas apenas aos Estados e espera chamada de Trump - Portal Tela Portugal\" \/>\n<meta property=\"og:description\" content=\"Ant\u00f3nio Guterres afirmou que a ONU s\u00f3 presta contas aos seus Estados-membros. O secret\u00e1rio-geral disse que a organiza\u00e7\u00e3o n\u00e3o responde a indiv\u00edduos ou entidades externas, mantendo o foco nos Estados. Guterres indicou ainda que aguarda uma chamada de Trump. O conte\u00fado completo da not\u00edcia est\u00e1 dispon\u00edvel apenas para subscritores. No trecho divulgado, n\u00e3o s\u00e3o apresentadas informa\u00e7\u00f5es adicionais al\u00e9m dessas declara\u00e7\u00f5es.\" \/>\n<meta property=\"og:url\" content=\"https:\/\/portaltela.pt\/noticias\/2026\/02\/19\/guterres-diz-que-onu-rende-contas-apenas-aos-estados-e-espera-chamada-de-trump\/\" \/>\n<meta property=\"og:site_name\" content=\"Portal Tela Portugal\" \/>\n<meta property=\"article:published_time\" content=\"2026-02-19T20:56:00+00:00\" \/>\n<meta name=\"author\" content=\"Telinha\" \/>\n<meta name=\"twitter:card\" content=\"summary_large_image\" \/>\n<meta name=\"twitter:label1\" content=\"Escrito por\" \/>\n\t<meta name=\"twitter:data1\" content=\"Telinha\" \/>\n<script type=\"application\/ld+json\" class=\"yoast-schema-graph\">{\"@context\":\"https:\/\/schema.org\",\"@graph\":[{\"@type\":\"Article\",\"@id\":\"https:\/\/portaltela.pt\/noticias\/2026\/02\/19\/guterres-diz-que-onu-rende-contas-apenas-aos-estados-e-espera-chamada-de-trump\/#article\",\"isPartOf\":{\"@id\":\"https:\/\/portaltela.pt\/noticias\/2026\/02\/19\/guterres-diz-que-onu-rende-contas-apenas-aos-estados-e-espera-chamada-de-trump\/\"},\"author\":{\"name\":\"Telinha\",\"@id\":\"https:\/\/portaltela.pt\/#\/schema\/person\/c4278d4a6028830caff9ee44b42d32ed\"},\"headline\":\"Guterres diz que ONU rende contas apenas aos Estados e espera chamada de Trump\",\"datePublished\":\"2026-02-19T20:56:00+00:00\",\"mainEntityOfPage\":{\"@id\":\"https:\/\/portaltela.pt\/noticias\/2026\/02\/19\/guterres-diz-que-onu-rende-contas-apenas-aos-estados-e-espera-chamada-de-trump\/\"},\"wordCount\":112,\"image\":{\"@id\":\"https:\/\/portaltela.pt\/noticias\/2026\/02\/19\/guterres-diz-que-onu-rende-contas-apenas-aos-estados-e-espera-chamada-de-trump\/#primaryimage\"},\"thumbnailUrl\":\"https:\/\/portaltela.pt\/s.01k8rhncp4jt1\/2026\/02\/CACHE_780X1200_ANALOG_WATERMARKED_46436830_10376664996927.jpg\",\"keywords\":[\"Ant\u00f3nio Guterres\",\"Donald Trump\",\"Estados Unidos\",\"ONU\",\"organiza\u00e7\u00e3o internacional\",\"rela\u00e7\u00f5es internacionais\"],\"articleSection\":[\"Not\u00edcias\",\"Pol\u00edtica\"],\"inLanguage\":\"pt-PT\"},{\"@type\":\"WebPage\",\"@id\":\"https:\/\/portaltela.pt\/noticias\/2026\/02\/19\/guterres-diz-que-onu-rende-contas-apenas-aos-estados-e-espera-chamada-de-trump\/\",\"url\":\"https:\/\/portaltela.pt\/noticias\/2026\/02\/19\/guterres-diz-que-onu-rende-contas-apenas-aos-estados-e-espera-chamada-de-trump\/\",\"name\":\"Guterres diz que ONU rende contas apenas aos Estados e espera chamada de Trump - Portal Tela Portugal\",\"isPartOf\":{\"@id\":\"https:\/\/portaltela.pt\/#website\"},\"primaryImageOfPage\":{\"@id\":\"https:\/\/portaltela.pt\/noticias\/2026\/02\/19\/guterres-diz-que-onu-rende-contas-apenas-aos-estados-e-espera-chamada-de-trump\/#primaryimage\"},\"image\":{\"@id\":\"https:\/\/portaltela.pt\/noticias\/2026\/02\/19\/guterres-diz-que-onu-rende-contas-apenas-aos-estados-e-espera-chamada-de-trump\/#primaryimage\"},\"thumbnailUrl\":\"https:\/\/portaltela.pt\/s.01k8rhncp4jt1\/2026\/02\/CACHE_780X1200_ANALOG_WATERMARKED_46436830_10376664996927.jpg\",\"datePublished\":\"2026-02-19T20:56:00+00:00\",\"author\":{\"@id\":\"https:\/\/portaltela.pt\/#\/schema\/person\/c4278d4a6028830caff9ee44b42d32ed\"},\"breadcrumb\":{\"@id\":\"https:\/\/portaltela.pt\/noticias\/2026\/02\/19\/guterres-diz-que-onu-rende-contas-apenas-aos-estados-e-espera-chamada-de-trump\/#breadcrumb\"},\"inLanguage\":\"pt-PT\",\"potentialAction\":[{\"@type\":\"ReadAction\",\"target\":[\"https:\/\/portaltela.pt\/noticias\/2026\/02\/19\/guterres-diz-que-onu-rende-contas-apenas-aos-estados-e-espera-chamada-de-trump\/\"]}]},{\"@type\":\"ImageObject\",\"inLanguage\":\"pt-PT\",\"@id\":\"https:\/\/portaltela.pt\/noticias\/2026\/02\/19\/guterres-diz-que-onu-rende-contas-apenas-aos-estados-e-espera-chamada-de-trump\/#primaryimage\",\"url\":\"https:\/\/portaltela.pt\/s.01k8rhncp4jt1\/2026\/02\/CACHE_780X1200_ANALOG_WATERMARKED_46436830_10376664996927.jpg\",\"contentUrl\":\"https:\/\/portaltela.pt\/s.01k8rhncp4jt1\/2026\/02\/CACHE_780X1200_ANALOG_WATERMARKED_46436830_10376664996927.jpg\",\"width\":796,\"height\":448,\"caption\":\"Guterres diz que a ONU s\u00f3 presta contas aos seus Estados e espera chamada de Trump\"},{\"@type\":\"BreadcrumbList\",\"@id\":\"https:\/\/portaltela.pt\/noticias\/2026\/02\/19\/guterres-diz-que-onu-rende-contas-apenas-aos-estados-e-espera-chamada-de-trump\/#breadcrumb\",\"itemListElement\":[{\"@type\":\"ListItem\",\"position\":1,\"name\":\"In\u00edcio\",\"item\":\"https:\/\/portaltela.pt\/\"},{\"@type\":\"ListItem\",\"position\":2,\"name\":\"Guterres diz que ONU rende contas apenas aos Estados e espera chamada de Trump\"}]},{\"@type\":\"WebSite\",\"@id\":\"https:\/\/portaltela.pt\/#website\",\"url\":\"https:\/\/portaltela.pt\/\",\"name\":\"Portal Tela Portugal\",\"description\":\"\",\"potentialAction\":[{\"@type\":\"SearchAction\",\"target\":{\"@type\":\"EntryPoint\",\"urlTemplate\":\"https:\/\/portaltela.pt\/?s={search_term_string}\"},\"query-input\":{\"@type\":\"PropertyValueSpecification\",\"valueRequired\":true,\"valueName\":\"search_term_string\"}}],\"inLanguage\":\"pt-PT\"},{\"@type\":\"Person\",\"@id\":\"https:\/\/portaltela.pt\/#\/schema\/person\/c4278d4a6028830caff9ee44b42d32ed\",\"name\":\"Telinha\",\"image\":{\"@type\":\"ImageObject\",\"inLanguage\":\"pt-PT\",\"@id\":\"https:\/\/portaltela.pt\/s.01k8rhncp4jt1\/2025\/11\/talking-bot-125x125.png\",\"url\":\"https:\/\/portaltela.pt\/s.01k8rhncp4jt1\/2025\/11\/talking-bot-125x125.png\",\"contentUrl\":\"https:\/\/portaltela.pt\/s.01k8rhncp4jt1\/2025\/11\/talking-bot-125x125.png\",\"caption\":\"Telinha\"},\"sameAs\":[\"https:\/\/portaltela.pt\/\"],\"url\":\"https:\/\/portaltela.pt\/por\/367410592786\/\"}]}<\/script>\n<!-- \/ Yoast SEO plugin. -->","yoast_head_json":{"title":"Guterres diz que ONU rende contas apenas aos Estados e espera chamada de Trump - Portal Tela Portugal","robots":{"index":"index","follow":"follow","max-snippet":"max-snippet:-1","max-image-preview":"max-image-preview:large","max-video-preview":"max-video-preview:-1"},"og_locale":"pt_PT","og_type":"article","og_title":"Guterres diz que ONU rende contas apenas aos Estados e espera chamada de Trump - Portal Tela Portugal","og_description":"Ant\u00f3nio Guterres afirmou que a ONU s\u00f3 presta contas aos seus Estados-membros. O secret\u00e1rio-geral disse que a organiza\u00e7\u00e3o n\u00e3o responde a indiv\u00edduos ou entidades externas, mantendo o foco nos Estados. Guterres indicou ainda que aguarda uma chamada de Trump. O conte\u00fado completo da not\u00edcia est\u00e1 dispon\u00edvel apenas para subscritores. No trecho divulgado, n\u00e3o s\u00e3o apresentadas informa\u00e7\u00f5es adicionais al\u00e9m dessas declara\u00e7\u00f5es.","og_url":"https:\/\/portaltela.pt\/noticias\/2026\/02\/19\/guterres-diz-que-onu-rende-contas-apenas-aos-estados-e-espera-chamada-de-trump\/","og_site_name":"Portal Tela Portugal","article_published_time":"2026-02-19T20:56:00+00:00","author":"Telinha","twitter_card":"summary_large_image","twitter_misc":{"Escrito por":"Telinha"},"schema":{"@context":"https:\/\/schema.org","@graph":[{"@type":"Article","@id":"https:\/\/portaltela.pt\/noticias\/2026\/02\/19\/guterres-diz-que-onu-rende-contas-apenas-aos-estados-e-espera-chamada-de-trump\/#article","isPartOf":{"@id":"https:\/\/portaltela.pt\/noticias\/2026\/02\/19\/guterres-diz-que-onu-rende-contas-apenas-aos-estados-e-espera-chamada-de-trump\/"},"author":{"name":"Telinha","@id":"https:\/\/portaltela.pt\/#\/schema\/person\/c4278d4a6028830caff9ee44b42d32ed"},"headline":"Guterres diz que ONU rende contas apenas aos Estados e espera chamada de Trump","datePublished":"2026-02-19T20:56:00+00:00","mainEntityOfPage":{"@id":"https:\/\/portaltela.pt\/noticias\/2026\/02\/19\/guterres-diz-que-onu-rende-contas-apenas-aos-estados-e-espera-chamada-de-trump\/"},"wordCount":112,"image":{"@id":"https:\/\/portaltela.pt\/noticias\/2026\/02\/19\/guterres-diz-que-onu-rende-contas-apenas-aos-estados-e-espera-chamada-de-trump\/#primaryimage"},"thumbnailUrl":"https:\/\/portaltela.pt\/s.01k8rhncp4jt1\/2026\/02\/CACHE_780X1200_ANALOG_WATERMARKED_46436830_10376664996927.jpg","keywords":["Ant\u00f3nio Guterres","Donald Trump","Estados Unidos","ONU","organiza\u00e7\u00e3o internacional","rela\u00e7\u00f5es internacionais"],"articleSection":["Not\u00edcias","Pol\u00edtica"],"inLanguage":"pt-PT"},{"@type":"WebPage","@id":"https:\/\/portaltela.pt\/noticias\/2026\/02\/19\/guterres-diz-que-onu-rende-contas-apenas-aos-estados-e-espera-chamada-de-trump\/","url":"https:\/\/portaltela.pt\/noticias\/2026\/02\/19\/guterres-diz-que-onu-rende-contas-apenas-aos-estados-e-espera-chamada-de-trump\/","name":"Guterres diz que ONU rende contas apenas aos Estados e espera chamada de Trump - Portal Tela Portugal","isPartOf":{"@id":"https:\/\/portaltela.pt\/#website"},"primaryImageOfPage":{"@id":"https:\/\/portaltela.pt\/noticias\/2026\/02\/19\/guterres-diz-que-onu-rende-contas-apenas-aos-estados-e-espera-chamada-de-trump\/#primaryimage"},"image":{"@id":"https:\/\/portaltela.pt\/noticias\/2026\/02\/19\/guterres-diz-que-onu-rende-contas-apenas-aos-estados-e-espera-chamada-de-trump\/#primaryimage"},"thumbnailUrl":"https:\/\/portaltela.pt\/s.01k8rhncp4jt1\/2026\/02\/CACHE_780X1200_ANALOG_WATERMARKED_46436830_10376664996927.jpg","datePublished":"2026-02-19T20:56:00+00:00","author":{"@id":"https:\/\/portaltela.pt\/#\/schema\/person\/c4278d4a6028830caff9ee44b42d32ed"},"breadcrumb":{"@id":"https:\/\/portaltela.pt\/noticias\/2026\/02\/19\/guterres-diz-que-onu-rende-contas-apenas-aos-estados-e-espera-chamada-de-trump\/#breadcrumb"},"inLanguage":"pt-PT","potentialAction":[{"@type":"ReadAction","target":["https:\/\/portaltela.pt\/noticias\/2026\/02\/19\/guterres-diz-que-onu-rende-contas-apenas-aos-estados-e-espera-chamada-de-trump\/"]}]},{"@type":"ImageObject","inLanguage":"pt-PT","@id":"https:\/\/portaltela.pt\/noticias\/2026\/02\/19\/guterres-diz-que-onu-rende-contas-apenas-aos-estados-e-espera-chamada-de-trump\/#primaryimage","url":"https:\/\/portaltela.pt\/s.01k8rhncp4jt1\/2026\/02\/CACHE_780X1200_ANALOG_WATERMARKED_46436830_10376664996927.jpg","contentUrl":"https:\/\/portaltela.pt\/s.01k8rhncp4jt1\/2026\/02\/CACHE_780X1200_ANALOG_WATERMARKED_46436830_10376664996927.jpg","width":796,"height":448,"caption":"Guterres diz que a ONU s\u00f3 presta contas aos seus Estados e espera chamada de Trump"},{"@type":"BreadcrumbList","@id":"https:\/\/portaltela.pt\/noticias\/2026\/02\/19\/guterres-diz-que-onu-rende-contas-apenas-aos-estados-e-espera-chamada-de-trump\/#breadcrumb","itemListElement":[{"@type":"ListItem","position":1,"name":"In\u00edcio","item":"https:\/\/portaltela.pt\/"},{"@type":"ListItem","position":2,"name":"Guterres diz que ONU rende contas apenas aos Estados e espera chamada de Trump"}]},{"@type":"WebSite","@id":"https:\/\/portaltela.pt\/#website","url":"https:\/\/portaltela.pt\/","name":"Portal Tela Portugal","description":"","potentialAction":[{"@type":"SearchAction","target":{"@type":"EntryPoint","urlTemplate":"https:\/\/portaltela.pt\/?s={search_term_string}"},"query-input":{"@type":"PropertyValueSpecification","valueRequired":true,"valueName":"search_term_string"}}],"inLanguage":"pt-PT"},{"@type":"Person","@id":"https:\/\/portaltela.pt\/#\/schema\/person\/c4278d4a6028830caff9ee44b42d32ed","name":"Telinha","image":{"@type":"ImageObject","inLanguage":"pt-PT","@id":"https:\/\/portaltela.pt\/s.01k8rhncp4jt1\/2025\/11\/talking-bot-125x125.png","url":"https:\/\/portaltela.pt\/s.01k8rhncp4jt1\/2025\/11\/talking-bot-125x125.png","contentUrl":"https:\/\/portaltela.pt\/s.01k8rhncp4jt1\/2025\/11\/talking-bot-125x125.png","caption":"Telinha"},"sameAs":["https:\/\/portaltela.pt\/"],"url":"https:\/\/portaltela.pt\/por\/367410592786\/"}]}},"_links":{"self":[{"href":"https:\/\/portaltela.pt\/api\/wp\/v2\/posts\/218244","targetHints":{"allow":["GET"]}}],"collection":[{"href":"https:\/\/portaltela.pt\/api\/wp\/v2\/posts"}],"about":[{"href":"https:\/\/portaltela.pt\/api\/wp\/v2\/types\/post"}],"author":[{"embeddable":true,"href":"https:\/\/portaltela.pt\/api\/wp\/v2\/users\/2"}],"replies":[{"embeddable":true,"href":"https:\/\/portaltela.pt\/api\/wp\/v2\/comments?post=218244"}],"version-history":[{"count":0,"href":"https:\/\/portaltela.pt\/api\/wp\/v2\/posts\/218244\/revisions"}],"wp:featuredmedia":[{"embeddable":true,"href":"https:\/\/portaltela.pt\/api\/wp\/v2\/media\/218248"}],"wp:attachment":[{"href":"https:\/\/portaltela.pt\/api\/wp\/v2\/media?parent=218244"}],"wp:term":[{"taxonomy":"category","embeddable":true,"href":"https:\/\/portaltela.pt\/api\/wp\/v2\/categories?post=218244"},{"taxonomy":"post_tag","embeddable":true,"href":"https:\/\/portaltela.pt\/api\/wp\/v2\/tags?post=218244"}],"curies":[{"name":"wp","href":"https:\/\/api.w.org\/{rel}","templated":true}]}}