{"id":218211,"date":"2026-02-19T17:23:00","date_gmt":"2026-02-19T20:23:00","guid":{"rendered":"https:\/\/portaltela.pt\/noticias\/2026\/02\/19\/morre-o-cantor-de-opera-jose-van-dam-reconhecido-pela-fidelidade-a-personagem\/"},"modified":"2026-02-19T17:23:00","modified_gmt":"2026-02-19T20:23:00","slug":"morre-o-cantor-de-opera-jose-van-dam-reconhecido-pela-fidelidade-a-personagem","status":"publish","type":"post","link":"https:\/\/portaltela.pt\/noticias\/2026\/02\/19\/morre-o-cantor-de-opera-jose-van-dam-reconhecido-pela-fidelidade-a-personagem\/","title":{"rendered":"Morre o cantor de \u00f3pera Jos\u00e9 van Dam, reconhecido pela fidelidade \u00e0 personagem"},"content":{"rendered":"<p>Jos\u00e9 van Dam, reputado baixo-bar\u00edtono belga, morreu na ter\u00e7a-feira aos 85 anos. A Chapelle Musicale Reine Elisabeth confirmou a not\u00edcia, em comunicado publicado no site da institui\u00e7\u00e3o.<\/p>\n<p>A carreira de mais de seis d\u00e9cadas incluiu pap\u00e9is em \u00f3peras como Falstaff, Simon Boccanegra, Pell\u00e9as et M\u00e9lisande e Don Giovanni. Tamb\u00e9m atuou em cinema, em colabora\u00e7\u00e3o com a obra de Joseph Losey. A \u00faltima atua\u00e7\u00e3o ocorreu em 2010, em D QuiXote de Jules Massenet.<\/p>\n<p>Nascido em Bruxelas, em 1940, estudou no Real Conservatoire e estreou-se aos 20 anos, em Li\u00e8ge, no Barbeiro de Sevilha. Ao longo da sua trajet\u00f3ria, atuou nas maiores casas de \u00f3pera do mundo, entre elas a Met Opera e a Scala.<\/p>\n<p>No repert\u00f3rio percorreu obras de Rossini, Moussorgsky, Berg, Wagner, Berlioz, Puccini e Messiaen, entre outros. Realizou colabor a\u00e7\u00f5es destacadas com maestros como Abbado, Muti, Solti, Ozawa, Maazel, Davis e Karajan.<\/p>\n<p>Jos\u00e9 van Dam tamb\u00e9m colaborou com orquestras portuguesas, participando previamente no Carnaval dos M\u00fasicos do Schostakovich-Ensemble e no 17.\u00ba Anivers\u00e1rio da Orquestra Metropolitana de Lisboa, em 2009. Concluiu a sua carreira h\u00e1 cerca de 15 anos.<\/p>\n<p>A Chapelle Musicale Reine Elisabeth descreve o artista como um emblema da fidelidade \u00e0 partitura, capaz de transformar pap\u00e9is como S\u00e3o Francisco de Assis e Dom Quixote em refer\u00eancias. O comunicado ressalta a integridade art\u00edstica que pautou a sua trajet\u00f3ria.<\/p>\n","protected":false},"excerpt":{"rendered":"<ul>\n<li>Morreu o cantor de \u00f3pera Jos\u00e9 van Dam no dia 17 de fevereiro de 2026, aos 85 anos, anunciou a Chapelle Musicale Reine Elisabeth da B\u00e9lgica.<\/li>\n<li>Carreira de mais de seis d\u00e9cadas, com pap\u00e9is em Falstaff, Simon Boccanegra, Pell\u00e9as et M\u00e9lisande, Don Giovanni e D. Quixote; a sua \u00faltima atua\u00e7\u00e3o ocorreu em 2010.<\/li>\n<li>Nascido em Bruxelas, em 1940, estudou no Real Conservatoire e estreou aos 20 anos, em Li\u00e8ge.<\/li>\n<li>Atuou v\u00e1rias vezes em Portugal, incluindo o Carnaval dos M\u00fasicos, o Schostakovich-Ensemble e o 17.\u00ba Anivers\u00e1rio da Orquestra Metropolitana de Lisboa (2009).<\/li>\n<li>A Chapelle Musicale Reine Elisabeth descreveu-o como um embaixador da \u00f3pera, destacando a sua fidelidade \u00e0 partitura e o legado art\u00edstico.<\/li>\n<\/ul>\n","protected":false},"author":2,"featured_media":218217,"comment_status":"closed","ping_status":"closed","sticky":false,"template":"","format":"standard","meta":{"footnotes":""},"categories":[1],"tags":[1975,1599,3161,981,122,1682],"class_list":["post-218211","post","type-post","status-publish","format-standard","has-post-thumbnail","hentry","category-noticias","tag-arte-teatro-concertos","tag-belgica","tag-bruxelas","tag-lisboa","tag-musica","tag-opera"],"yoast_head":"<!-- This site is optimized with the Yoast SEO plugin v27.2 - https:\/\/yoast.com\/product\/yoast-seo-wordpress\/ -->\n<title>Morre o cantor de \u00f3pera Jos\u00e9 van Dam, reconhecido pela fidelidade \u00e0 personagem - Portal Tela Portugal<\/title>\n<meta name=\"robots\" content=\"index, follow, max-snippet:-1, max-image-preview:large, max-video-preview:-1\" \/>\n<meta property=\"og:locale\" content=\"pt_PT\" \/>\n<meta property=\"og:type\" content=\"article\" \/>\n<meta property=\"og:title\" content=\"Morre o cantor de \u00f3pera Jos\u00e9 van Dam, reconhecido pela fidelidade \u00e0 personagem - Portal Tela Portugal\" \/>\n<meta property=\"og:description\" content=\"Morreu o cantor de \u00f3pera Jos\u00e9 van Dam no dia 17 de fevereiro de 2026, aos 85 anos, anunciou a Chapelle Musicale Reine Elisabeth da B\u00e9lgica. Carreira de mais de seis d\u00e9cadas, com pap\u00e9is em Falstaff, Simon Boccanegra, Pell\u00e9as et M\u00e9lisande, Don Giovanni e D. Quixote; a sua \u00faltima atua\u00e7\u00e3o ocorreu em 2010. Nascido em Bruxelas, em 1940, estudou no Real Conservatoire e estreou aos 20 anos, em Li\u00e8ge. Atuou v\u00e1rias vezes em Portugal, incluindo o Carnaval dos M\u00fasicos, o Schostakovich-Ensemble e o 17.\u00ba Anivers\u00e1rio da Orquestra Metropolitana de Lisboa (2009). A Chapelle Musicale Reine Elisabeth descreveu-o como um embaixador da \u00f3pera, destacando a sua fidelidade \u00e0 partitura e o legado art\u00edstico.\" \/>\n<meta property=\"og:url\" content=\"https:\/\/portaltela.pt\/noticias\/2026\/02\/19\/morre-o-cantor-de-opera-jose-van-dam-reconhecido-pela-fidelidade-a-personagem\/\" \/>\n<meta property=\"og:site_name\" content=\"Portal Tela Portugal\" \/>\n<meta property=\"article:published_time\" content=\"2026-02-19T20:23:00+00:00\" \/>\n<meta name=\"author\" content=\"Telinha\" \/>\n<meta name=\"twitter:card\" content=\"summary_large_image\" \/>\n<meta name=\"twitter:label1\" content=\"Escrito por\" \/>\n\t<meta name=\"twitter:data1\" content=\"Telinha\" \/>\n\t<meta name=\"twitter:label2\" content=\"Tempo estimado de leitura\" \/>\n\t<meta name=\"twitter:data2\" content=\"1 minuto\" \/>\n<script type=\"application\/ld+json\" class=\"yoast-schema-graph\">{\"@context\":\"https:\/\/schema.org\",\"@graph\":[{\"@type\":\"Article\",\"@id\":\"https:\/\/portaltela.pt\/noticias\/2026\/02\/19\/morre-o-cantor-de-opera-jose-van-dam-reconhecido-pela-fidelidade-a-personagem\/#article\",\"isPartOf\":{\"@id\":\"https:\/\/portaltela.pt\/noticias\/2026\/02\/19\/morre-o-cantor-de-opera-jose-van-dam-reconhecido-pela-fidelidade-a-personagem\/\"},\"author\":{\"name\":\"Telinha\",\"@id\":\"https:\/\/portaltela.pt\/#\/schema\/person\/c4278d4a6028830caff9ee44b42d32ed\"},\"headline\":\"Morre o cantor de \u00f3pera Jos\u00e9 van Dam, reconhecido pela fidelidade \u00e0 personagem\",\"datePublished\":\"2026-02-19T20:23:00+00:00\",\"mainEntityOfPage\":{\"@id\":\"https:\/\/portaltela.pt\/noticias\/2026\/02\/19\/morre-o-cantor-de-opera-jose-van-dam-reconhecido-pela-fidelidade-a-personagem\/\"},\"wordCount\":246,\"image\":{\"@id\":\"https:\/\/portaltela.pt\/noticias\/2026\/02\/19\/morre-o-cantor-de-opera-jose-van-dam-reconhecido-pela-fidelidade-a-personagem\/#primaryimage\"},\"thumbnailUrl\":\"https:\/\/portaltela.pt\/s.01k8rhncp4jt1\/2026\/02\/2068423.jpg\",\"keywords\":[\"arte\/teatro\/concertos\",\"B\u00e9lgica\",\"Bruxelas\",\"Lisboa\",\"m\u00fasica\",\"\u00f3pera\"],\"articleSection\":[\"Not\u00edcias\"],\"inLanguage\":\"pt-PT\"},{\"@type\":\"WebPage\",\"@id\":\"https:\/\/portaltela.pt\/noticias\/2026\/02\/19\/morre-o-cantor-de-opera-jose-van-dam-reconhecido-pela-fidelidade-a-personagem\/\",\"url\":\"https:\/\/portaltela.pt\/noticias\/2026\/02\/19\/morre-o-cantor-de-opera-jose-van-dam-reconhecido-pela-fidelidade-a-personagem\/\",\"name\":\"Morre o cantor de \u00f3pera Jos\u00e9 van Dam, reconhecido pela fidelidade \u00e0 personagem - Portal Tela Portugal\",\"isPartOf\":{\"@id\":\"https:\/\/portaltela.pt\/#website\"},\"primaryImageOfPage\":{\"@id\":\"https:\/\/portaltela.pt\/noticias\/2026\/02\/19\/morre-o-cantor-de-opera-jose-van-dam-reconhecido-pela-fidelidade-a-personagem\/#primaryimage\"},\"image\":{\"@id\":\"https:\/\/portaltela.pt\/noticias\/2026\/02\/19\/morre-o-cantor-de-opera-jose-van-dam-reconhecido-pela-fidelidade-a-personagem\/#primaryimage\"},\"thumbnailUrl\":\"https:\/\/portaltela.pt\/s.01k8rhncp4jt1\/2026\/02\/2068423.jpg\",\"datePublished\":\"2026-02-19T20:23:00+00:00\",\"author\":{\"@id\":\"https:\/\/portaltela.pt\/#\/schema\/person\/c4278d4a6028830caff9ee44b42d32ed\"},\"breadcrumb\":{\"@id\":\"https:\/\/portaltela.pt\/noticias\/2026\/02\/19\/morre-o-cantor-de-opera-jose-van-dam-reconhecido-pela-fidelidade-a-personagem\/#breadcrumb\"},\"inLanguage\":\"pt-PT\",\"potentialAction\":[{\"@type\":\"ReadAction\",\"target\":[\"https:\/\/portaltela.pt\/noticias\/2026\/02\/19\/morre-o-cantor-de-opera-jose-van-dam-reconhecido-pela-fidelidade-a-personagem\/\"]}]},{\"@type\":\"ImageObject\",\"inLanguage\":\"pt-PT\",\"@id\":\"https:\/\/portaltela.pt\/noticias\/2026\/02\/19\/morre-o-cantor-de-opera-jose-van-dam-reconhecido-pela-fidelidade-a-personagem\/#primaryimage\",\"url\":\"https:\/\/portaltela.pt\/s.01k8rhncp4jt1\/2026\/02\/2068423.jpg\",\"contentUrl\":\"https:\/\/portaltela.pt\/s.01k8rhncp4jt1\/2026\/02\/2068423.jpg\",\"width\":796,\"height\":448,\"caption\":\"O cantor de \u00f3pera belga Jos\u00e9 Van Dam (ao centro) numa actua\u00e7\u00e3o no Laeken Royal Palace em Bruxelas em 2010\"},{\"@type\":\"BreadcrumbList\",\"@id\":\"https:\/\/portaltela.pt\/noticias\/2026\/02\/19\/morre-o-cantor-de-opera-jose-van-dam-reconhecido-pela-fidelidade-a-personagem\/#breadcrumb\",\"itemListElement\":[{\"@type\":\"ListItem\",\"position\":1,\"name\":\"In\u00edcio\",\"item\":\"https:\/\/portaltela.pt\/\"},{\"@type\":\"ListItem\",\"position\":2,\"name\":\"Morre o cantor de \u00f3pera Jos\u00e9 van Dam, reconhecido pela fidelidade \u00e0 personagem\"}]},{\"@type\":\"WebSite\",\"@id\":\"https:\/\/portaltela.pt\/#website\",\"url\":\"https:\/\/portaltela.pt\/\",\"name\":\"Portal Tela Portugal\",\"description\":\"\",\"potentialAction\":[{\"@type\":\"SearchAction\",\"target\":{\"@type\":\"EntryPoint\",\"urlTemplate\":\"https:\/\/portaltela.pt\/?s={search_term_string}\"},\"query-input\":{\"@type\":\"PropertyValueSpecification\",\"valueRequired\":true,\"valueName\":\"search_term_string\"}}],\"inLanguage\":\"pt-PT\"},{\"@type\":\"Person\",\"@id\":\"https:\/\/portaltela.pt\/#\/schema\/person\/c4278d4a6028830caff9ee44b42d32ed\",\"name\":\"Telinha\",\"image\":{\"@type\":\"ImageObject\",\"inLanguage\":\"pt-PT\",\"@id\":\"https:\/\/portaltela.pt\/s.01k8rhncp4jt1\/2025\/11\/talking-bot-125x125.png\",\"url\":\"https:\/\/portaltela.pt\/s.01k8rhncp4jt1\/2025\/11\/talking-bot-125x125.png\",\"contentUrl\":\"https:\/\/portaltela.pt\/s.01k8rhncp4jt1\/2025\/11\/talking-bot-125x125.png\",\"caption\":\"Telinha\"},\"sameAs\":[\"https:\/\/portaltela.pt\/\"],\"url\":\"https:\/\/portaltela.pt\/por\/367410592786\/\"}]}<\/script>\n<!-- \/ Yoast SEO plugin. -->","yoast_head_json":{"title":"Morre o cantor de \u00f3pera Jos\u00e9 van Dam, reconhecido pela fidelidade \u00e0 personagem - Portal Tela Portugal","robots":{"index":"index","follow":"follow","max-snippet":"max-snippet:-1","max-image-preview":"max-image-preview:large","max-video-preview":"max-video-preview:-1"},"og_locale":"pt_PT","og_type":"article","og_title":"Morre o cantor de \u00f3pera Jos\u00e9 van Dam, reconhecido pela fidelidade \u00e0 personagem - Portal Tela Portugal","og_description":"Morreu o cantor de \u00f3pera Jos\u00e9 van Dam no dia 17 de fevereiro de 2026, aos 85 anos, anunciou a Chapelle Musicale Reine Elisabeth da B\u00e9lgica. Carreira de mais de seis d\u00e9cadas, com pap\u00e9is em Falstaff, Simon Boccanegra, Pell\u00e9as et M\u00e9lisande, Don Giovanni e D. Quixote; a sua \u00faltima atua\u00e7\u00e3o ocorreu em 2010. Nascido em Bruxelas, em 1940, estudou no Real Conservatoire e estreou aos 20 anos, em Li\u00e8ge. Atuou v\u00e1rias vezes em Portugal, incluindo o Carnaval dos M\u00fasicos, o Schostakovich-Ensemble e o 17.\u00ba Anivers\u00e1rio da Orquestra Metropolitana de Lisboa (2009). A Chapelle Musicale Reine Elisabeth descreveu-o como um embaixador da \u00f3pera, destacando a sua fidelidade \u00e0 partitura e o legado art\u00edstico.","og_url":"https:\/\/portaltela.pt\/noticias\/2026\/02\/19\/morre-o-cantor-de-opera-jose-van-dam-reconhecido-pela-fidelidade-a-personagem\/","og_site_name":"Portal Tela Portugal","article_published_time":"2026-02-19T20:23:00+00:00","author":"Telinha","twitter_card":"summary_large_image","twitter_misc":{"Escrito por":"Telinha","Tempo estimado de leitura":"1 minuto"},"schema":{"@context":"https:\/\/schema.org","@graph":[{"@type":"Article","@id":"https:\/\/portaltela.pt\/noticias\/2026\/02\/19\/morre-o-cantor-de-opera-jose-van-dam-reconhecido-pela-fidelidade-a-personagem\/#article","isPartOf":{"@id":"https:\/\/portaltela.pt\/noticias\/2026\/02\/19\/morre-o-cantor-de-opera-jose-van-dam-reconhecido-pela-fidelidade-a-personagem\/"},"author":{"name":"Telinha","@id":"https:\/\/portaltela.pt\/#\/schema\/person\/c4278d4a6028830caff9ee44b42d32ed"},"headline":"Morre o cantor de \u00f3pera Jos\u00e9 van Dam, reconhecido pela fidelidade \u00e0 personagem","datePublished":"2026-02-19T20:23:00+00:00","mainEntityOfPage":{"@id":"https:\/\/portaltela.pt\/noticias\/2026\/02\/19\/morre-o-cantor-de-opera-jose-van-dam-reconhecido-pela-fidelidade-a-personagem\/"},"wordCount":246,"image":{"@id":"https:\/\/portaltela.pt\/noticias\/2026\/02\/19\/morre-o-cantor-de-opera-jose-van-dam-reconhecido-pela-fidelidade-a-personagem\/#primaryimage"},"thumbnailUrl":"https:\/\/portaltela.pt\/s.01k8rhncp4jt1\/2026\/02\/2068423.jpg","keywords":["arte\/teatro\/concertos","B\u00e9lgica","Bruxelas","Lisboa","m\u00fasica","\u00f3pera"],"articleSection":["Not\u00edcias"],"inLanguage":"pt-PT"},{"@type":"WebPage","@id":"https:\/\/portaltela.pt\/noticias\/2026\/02\/19\/morre-o-cantor-de-opera-jose-van-dam-reconhecido-pela-fidelidade-a-personagem\/","url":"https:\/\/portaltela.pt\/noticias\/2026\/02\/19\/morre-o-cantor-de-opera-jose-van-dam-reconhecido-pela-fidelidade-a-personagem\/","name":"Morre o cantor de \u00f3pera Jos\u00e9 van Dam, reconhecido pela fidelidade \u00e0 personagem - Portal Tela Portugal","isPartOf":{"@id":"https:\/\/portaltela.pt\/#website"},"primaryImageOfPage":{"@id":"https:\/\/portaltela.pt\/noticias\/2026\/02\/19\/morre-o-cantor-de-opera-jose-van-dam-reconhecido-pela-fidelidade-a-personagem\/#primaryimage"},"image":{"@id":"https:\/\/portaltela.pt\/noticias\/2026\/02\/19\/morre-o-cantor-de-opera-jose-van-dam-reconhecido-pela-fidelidade-a-personagem\/#primaryimage"},"thumbnailUrl":"https:\/\/portaltela.pt\/s.01k8rhncp4jt1\/2026\/02\/2068423.jpg","datePublished":"2026-02-19T20:23:00+00:00","author":{"@id":"https:\/\/portaltela.pt\/#\/schema\/person\/c4278d4a6028830caff9ee44b42d32ed"},"breadcrumb":{"@id":"https:\/\/portaltela.pt\/noticias\/2026\/02\/19\/morre-o-cantor-de-opera-jose-van-dam-reconhecido-pela-fidelidade-a-personagem\/#breadcrumb"},"inLanguage":"pt-PT","potentialAction":[{"@type":"ReadAction","target":["https:\/\/portaltela.pt\/noticias\/2026\/02\/19\/morre-o-cantor-de-opera-jose-van-dam-reconhecido-pela-fidelidade-a-personagem\/"]}]},{"@type":"ImageObject","inLanguage":"pt-PT","@id":"https:\/\/portaltela.pt\/noticias\/2026\/02\/19\/morre-o-cantor-de-opera-jose-van-dam-reconhecido-pela-fidelidade-a-personagem\/#primaryimage","url":"https:\/\/portaltela.pt\/s.01k8rhncp4jt1\/2026\/02\/2068423.jpg","contentUrl":"https:\/\/portaltela.pt\/s.01k8rhncp4jt1\/2026\/02\/2068423.jpg","width":796,"height":448,"caption":"O cantor de \u00f3pera belga Jos\u00e9 Van Dam (ao centro) numa actua\u00e7\u00e3o no Laeken Royal Palace em Bruxelas em 2010"},{"@type":"BreadcrumbList","@id":"https:\/\/portaltela.pt\/noticias\/2026\/02\/19\/morre-o-cantor-de-opera-jose-van-dam-reconhecido-pela-fidelidade-a-personagem\/#breadcrumb","itemListElement":[{"@type":"ListItem","position":1,"name":"In\u00edcio","item":"https:\/\/portaltela.pt\/"},{"@type":"ListItem","position":2,"name":"Morre o cantor de \u00f3pera Jos\u00e9 van Dam, reconhecido pela fidelidade \u00e0 personagem"}]},{"@type":"WebSite","@id":"https:\/\/portaltela.pt\/#website","url":"https:\/\/portaltela.pt\/","name":"Portal Tela Portugal","description":"","potentialAction":[{"@type":"SearchAction","target":{"@type":"EntryPoint","urlTemplate":"https:\/\/portaltela.pt\/?s={search_term_string}"},"query-input":{"@type":"PropertyValueSpecification","valueRequired":true,"valueName":"search_term_string"}}],"inLanguage":"pt-PT"},{"@type":"Person","@id":"https:\/\/portaltela.pt\/#\/schema\/person\/c4278d4a6028830caff9ee44b42d32ed","name":"Telinha","image":{"@type":"ImageObject","inLanguage":"pt-PT","@id":"https:\/\/portaltela.pt\/s.01k8rhncp4jt1\/2025\/11\/talking-bot-125x125.png","url":"https:\/\/portaltela.pt\/s.01k8rhncp4jt1\/2025\/11\/talking-bot-125x125.png","contentUrl":"https:\/\/portaltela.pt\/s.01k8rhncp4jt1\/2025\/11\/talking-bot-125x125.png","caption":"Telinha"},"sameAs":["https:\/\/portaltela.pt\/"],"url":"https:\/\/portaltela.pt\/por\/367410592786\/"}]}},"_links":{"self":[{"href":"https:\/\/portaltela.pt\/api\/wp\/v2\/posts\/218211","targetHints":{"allow":["GET"]}}],"collection":[{"href":"https:\/\/portaltela.pt\/api\/wp\/v2\/posts"}],"about":[{"href":"https:\/\/portaltela.pt\/api\/wp\/v2\/types\/post"}],"author":[{"embeddable":true,"href":"https:\/\/portaltela.pt\/api\/wp\/v2\/users\/2"}],"replies":[{"embeddable":true,"href":"https:\/\/portaltela.pt\/api\/wp\/v2\/comments?post=218211"}],"version-history":[{"count":0,"href":"https:\/\/portaltela.pt\/api\/wp\/v2\/posts\/218211\/revisions"}],"wp:featuredmedia":[{"embeddable":true,"href":"https:\/\/portaltela.pt\/api\/wp\/v2\/media\/218217"}],"wp:attachment":[{"href":"https:\/\/portaltela.pt\/api\/wp\/v2\/media?parent=218211"}],"wp:term":[{"taxonomy":"category","embeddable":true,"href":"https:\/\/portaltela.pt\/api\/wp\/v2\/categories?post=218211"},{"taxonomy":"post_tag","embeddable":true,"href":"https:\/\/portaltela.pt\/api\/wp\/v2\/tags?post=218211"}],"curies":[{"name":"wp","href":"https:\/\/api.w.org\/{rel}","templated":true}]}}