{"id":218199,"date":"2026-02-19T17:00:00","date_gmt":"2026-02-19T20:00:00","guid":{"rendered":"https:\/\/portaltela.pt\/noticias\/2026\/02\/19\/marcelo-rebelo-de-sousa-visita-forca-nacional-destacada-em-africa-e-bruxelas\/"},"modified":"2026-02-19T17:00:00","modified_gmt":"2026-02-19T20:00:00","slug":"marcelo-rebelo-de-sousa-visita-forca-nacional-destacada-em-africa-e-bruxelas","status":"publish","type":"post","link":"https:\/\/portaltela.pt\/noticias\/2026\/02\/19\/marcelo-rebelo-de-sousa-visita-forca-nacional-destacada-em-africa-e-bruxelas\/","title":{"rendered":"Marcelo Rebelo de Sousa visita for\u00e7a nacional destacada em \u00c1frica e Bruxelas"},"content":{"rendered":"<p>O Presidente da Rep\u00fablica, Marcelo Rebelo de Sousa, prev\u00ea realizar visitas a uma for\u00e7a nacional destacada em \u00c1frica e a Bruxelas, ainda neste fim de mandato, para as quais pediu autoriza\u00e7\u00e3o ao parlamento.<\/p>\n<p>As desloca\u00e7\u00f5es aparecem em dois projetos de resolu\u00e7\u00e3o em aprecia\u00e7\u00e3o no plen\u00e1rio. O pedido relativo a Bruxelas chegou esta quinta-feira.<\/p>\n<p>No que diz respeito \u00e0 visita \u00e0 for\u00e7a destacada em \u00c1frica, o pa\u00eds n\u00e3o est\u00e1 especificado no texto, mas aponta-se o intervalo de 22 a 25 de fevereiro, entre domingo e quarta-feira. A data ainda n\u00e3o consta no portal da Assembleia da Rep\u00fablica.<\/p>\n<h3>Desloca\u00e7\u00f5es previstas<\/h3>\n<p>Segundo o Estado-Maior-General das For\u00e7as Armadas, Portugal tem for\u00e7as nacionais destacadas na Rep\u00fablica Centro-Africana, Mo\u00e7ambique e S\u00e3o Tom\u00e9 e Pr\u00edncipe.<\/p>\n<p>Na Rep\u00fablica Centro-Africana est\u00e3o 200 militares na miss\u00e3o da ONU e 18 na miss\u00e3o de treino da UE.<\/p>\n<p>Em Mo\u00e7ambique participam 50 militares na miss\u00e3o de forma\u00e7\u00e3o da UE, incluindo um general como comandante.<\/p>\n<p>Na\u00e7\u00f5es s\u00e3o-tomenses contam com 18 militares na miss\u00e3o portuguesa de capacita\u00e7\u00e3o.<\/p>\n<p>Como chefe de Estado e comandante supremo, Rebelo de Sousa j\u00e1 visitou seis for\u00e7as destacadas, em Kaunas, M\u00e1laga, Rep\u00fablica Centro-Africana, Afeganist\u00e3o, Rom\u00e9nia e Eslov\u00e1quia, desde 2017 at\u00e9 2024.<\/p>\n<p>O Presidente chegou hoje a Madrid para uma visita oficial de curto per\u00edodo a Espanha, que se prolonga at\u00e9 amanh\u00e3. O mandato termina a 9 de mar\u00e7o.<\/p>\n","protected":false},"excerpt":{"rendered":"<ul>\n<li>O Presidente da Rep\u00fablica, Marcelo Rebelo de Sousa, pediu autoriza\u00e7\u00e3o ao parlamento para duas desloca\u00e7\u00f5es: a uma for\u00e7a nacional destacada em \u00c1frica e a Bruxelas, no fim de mandato.<\/li>\n<li>A ida a Bruxelas destina-se \u00e0s institui\u00e7\u00f5es europeias, incluindo o Conselho Europeu presidido pelo anterior primeiro-ministro Ant\u00f3nio Costa; ainda n\u00e3o h\u00e1 data no portal da Assembleia da Rep\u00fablica.<\/li>\n<li>A visita a \u00c1frica est\u00e1 prevista entre os dias 22 e 25 de fevereiro, n\u00e3o especificando o pa\u00eds, apenas indicando que decorre no \u00e2mbito de uma for\u00e7a nacional destacada.<\/li>\n<li>Atualmente, Portugal tem for\u00e7as nacionais destacadas na Rep\u00fablica Centro-Africana (duzentos militares na miss\u00e3o de estabiliza\u00e7\u00e3o da Organiza\u00e7\u00e3o das Na\u00e7\u00f5es Unidas e dezoito na miss\u00e3o de treino da Uni\u00e3o Europeia), em Mo\u00e7ambique (cinquenta militares, incluindo um oficial-general no comando) e em S\u00e3o Tom\u00e9 e Pr\u00edncipe (dezoito militares na capacita\u00e7\u00e3o das for\u00e7as s\u00e3o-tomenses).<\/li>\n<li>O Presidente j\u00e1 realizou seis visitas a for\u00e7as nacionais destacadas em miss\u00f5es militares, e encerra o mandato a nove de mar\u00e7o; chegou hoje a Madrid para uma \u00faltima visita oficial a Espanha.<\/li>\n<\/ul>\n","protected":false},"author":2,"featured_media":218202,"comment_status":"closed","ping_status":"closed","sticky":false,"template":"","format":"standard","meta":{"footnotes":""},"categories":[1],"tags":[3161,1779,1911,5123,6153,4486],"class_list":["post-218199","post","type-post","status-publish","format-standard","has-post-thumbnail","hentry","category-noticias","tag-bruxelas","tag-forcas-armadas","tag-mocambique","tag-onu","tag-republica-centro-africana","tag-sao-tome-e-principe"],"yoast_head":"<!-- This site is optimized with the Yoast SEO plugin v27.2 - https:\/\/yoast.com\/product\/yoast-seo-wordpress\/ -->\n<title>Marcelo Rebelo de Sousa visita for\u00e7a nacional destacada em \u00c1frica e Bruxelas - Portal Tela Portugal<\/title>\n<meta name=\"robots\" content=\"index, follow, max-snippet:-1, max-image-preview:large, max-video-preview:-1\" \/>\n<meta property=\"og:locale\" content=\"pt_PT\" \/>\n<meta property=\"og:type\" content=\"article\" \/>\n<meta property=\"og:title\" content=\"Marcelo Rebelo de Sousa visita for\u00e7a nacional destacada em \u00c1frica e Bruxelas - Portal Tela Portugal\" \/>\n<meta property=\"og:description\" content=\"O Presidente da Rep\u00fablica, Marcelo Rebelo de Sousa, pediu autoriza\u00e7\u00e3o ao parlamento para duas desloca\u00e7\u00f5es: a uma for\u00e7a nacional destacada em \u00c1frica e a Bruxelas, no fim de mandato. A ida a Bruxelas destina-se \u00e0s institui\u00e7\u00f5es europeias, incluindo o Conselho Europeu presidido pelo anterior primeiro-ministro Ant\u00f3nio Costa; ainda n\u00e3o h\u00e1 data no portal da Assembleia da Rep\u00fablica. A visita a \u00c1frica est\u00e1 prevista entre os dias 22 e 25 de fevereiro, n\u00e3o especificando o pa\u00eds, apenas indicando que decorre no \u00e2mbito de uma for\u00e7a nacional destacada. Atualmente, Portugal tem for\u00e7as nacionais destacadas na Rep\u00fablica Centro-Africana (duzentos militares na miss\u00e3o de estabiliza\u00e7\u00e3o da Organiza\u00e7\u00e3o das Na\u00e7\u00f5es Unidas e dezoito na miss\u00e3o de treino da Uni\u00e3o Europeia), em Mo\u00e7ambique (cinquenta militares, incluindo um oficial-general no comando) e em S\u00e3o Tom\u00e9 e Pr\u00edncipe (dezoito militares na capacita\u00e7\u00e3o das for\u00e7as s\u00e3o-tomenses). O Presidente j\u00e1 realizou seis visitas a for\u00e7as nacionais destacadas em miss\u00f5es militares, e encerra o mandato a nove de mar\u00e7o; chegou hoje a Madrid para uma \u00faltima visita oficial a Espanha.\" \/>\n<meta property=\"og:url\" content=\"https:\/\/portaltela.pt\/noticias\/2026\/02\/19\/marcelo-rebelo-de-sousa-visita-forca-nacional-destacada-em-africa-e-bruxelas\/\" \/>\n<meta property=\"og:site_name\" content=\"Portal Tela Portugal\" \/>\n<meta property=\"article:published_time\" content=\"2026-02-19T20:00:00+00:00\" \/>\n<meta name=\"author\" content=\"Telinha\" \/>\n<meta name=\"twitter:card\" content=\"summary_large_image\" \/>\n<meta name=\"twitter:label1\" content=\"Escrito por\" \/>\n\t<meta name=\"twitter:data1\" content=\"Telinha\" \/>\n\t<meta name=\"twitter:label2\" content=\"Tempo estimado de leitura\" \/>\n\t<meta name=\"twitter:data2\" content=\"1 minuto\" \/>\n<script type=\"application\/ld+json\" class=\"yoast-schema-graph\">{\"@context\":\"https:\/\/schema.org\",\"@graph\":[{\"@type\":\"Article\",\"@id\":\"https:\/\/portaltela.pt\/noticias\/2026\/02\/19\/marcelo-rebelo-de-sousa-visita-forca-nacional-destacada-em-africa-e-bruxelas\/#article\",\"isPartOf\":{\"@id\":\"https:\/\/portaltela.pt\/noticias\/2026\/02\/19\/marcelo-rebelo-de-sousa-visita-forca-nacional-destacada-em-africa-e-bruxelas\/\"},\"author\":{\"name\":\"Telinha\",\"@id\":\"https:\/\/portaltela.pt\/#\/schema\/person\/c4278d4a6028830caff9ee44b42d32ed\"},\"headline\":\"Marcelo Rebelo de Sousa visita for\u00e7a nacional destacada em \u00c1frica e Bruxelas\",\"datePublished\":\"2026-02-19T20:00:00+00:00\",\"mainEntityOfPage\":{\"@id\":\"https:\/\/portaltela.pt\/noticias\/2026\/02\/19\/marcelo-rebelo-de-sousa-visita-forca-nacional-destacada-em-africa-e-bruxelas\/\"},\"wordCount\":258,\"image\":{\"@id\":\"https:\/\/portaltela.pt\/noticias\/2026\/02\/19\/marcelo-rebelo-de-sousa-visita-forca-nacional-destacada-em-africa-e-bruxelas\/#primaryimage\"},\"thumbnailUrl\":\"https:\/\/portaltela.pt\/s.01k8rhncp4jt1\/2026\/02\/img_1500x1000uu2025-12-07-09-47-32-2252998-12.jpg\",\"keywords\":[\"Bruxelas\",\"For\u00e7as Armadas\",\"Mo\u00e7ambique\",\"ONU\",\"Rep\u00fablica Centro-Africana\",\"S\u00e3o Tom\u00e9 e Pr\u00edncipe\"],\"articleSection\":[\"Not\u00edcias\"],\"inLanguage\":\"pt-PT\"},{\"@type\":\"WebPage\",\"@id\":\"https:\/\/portaltela.pt\/noticias\/2026\/02\/19\/marcelo-rebelo-de-sousa-visita-forca-nacional-destacada-em-africa-e-bruxelas\/\",\"url\":\"https:\/\/portaltela.pt\/noticias\/2026\/02\/19\/marcelo-rebelo-de-sousa-visita-forca-nacional-destacada-em-africa-e-bruxelas\/\",\"name\":\"Marcelo Rebelo de Sousa visita for\u00e7a nacional destacada em \u00c1frica e Bruxelas - Portal Tela Portugal\",\"isPartOf\":{\"@id\":\"https:\/\/portaltela.pt\/#website\"},\"primaryImageOfPage\":{\"@id\":\"https:\/\/portaltela.pt\/noticias\/2026\/02\/19\/marcelo-rebelo-de-sousa-visita-forca-nacional-destacada-em-africa-e-bruxelas\/#primaryimage\"},\"image\":{\"@id\":\"https:\/\/portaltela.pt\/noticias\/2026\/02\/19\/marcelo-rebelo-de-sousa-visita-forca-nacional-destacada-em-africa-e-bruxelas\/#primaryimage\"},\"thumbnailUrl\":\"https:\/\/portaltela.pt\/s.01k8rhncp4jt1\/2026\/02\/img_1500x1000uu2025-12-07-09-47-32-2252998-12.jpg\",\"datePublished\":\"2026-02-19T20:00:00+00:00\",\"author\":{\"@id\":\"https:\/\/portaltela.pt\/#\/schema\/person\/c4278d4a6028830caff9ee44b42d32ed\"},\"breadcrumb\":{\"@id\":\"https:\/\/portaltela.pt\/noticias\/2026\/02\/19\/marcelo-rebelo-de-sousa-visita-forca-nacional-destacada-em-africa-e-bruxelas\/#breadcrumb\"},\"inLanguage\":\"pt-PT\",\"potentialAction\":[{\"@type\":\"ReadAction\",\"target\":[\"https:\/\/portaltela.pt\/noticias\/2026\/02\/19\/marcelo-rebelo-de-sousa-visita-forca-nacional-destacada-em-africa-e-bruxelas\/\"]}]},{\"@type\":\"ImageObject\",\"inLanguage\":\"pt-PT\",\"@id\":\"https:\/\/portaltela.pt\/noticias\/2026\/02\/19\/marcelo-rebelo-de-sousa-visita-forca-nacional-destacada-em-africa-e-bruxelas\/#primaryimage\",\"url\":\"https:\/\/portaltela.pt\/s.01k8rhncp4jt1\/2026\/02\/img_1500x1000uu2025-12-07-09-47-32-2252998-12.jpg\",\"contentUrl\":\"https:\/\/portaltela.pt\/s.01k8rhncp4jt1\/2026\/02\/img_1500x1000uu2025-12-07-09-47-32-2252998-12.jpg\",\"width\":796,\"height\":448,\"caption\":\"Marcelo Rebelo de Sousa\"},{\"@type\":\"BreadcrumbList\",\"@id\":\"https:\/\/portaltela.pt\/noticias\/2026\/02\/19\/marcelo-rebelo-de-sousa-visita-forca-nacional-destacada-em-africa-e-bruxelas\/#breadcrumb\",\"itemListElement\":[{\"@type\":\"ListItem\",\"position\":1,\"name\":\"In\u00edcio\",\"item\":\"https:\/\/portaltela.pt\/\"},{\"@type\":\"ListItem\",\"position\":2,\"name\":\"Marcelo Rebelo de Sousa visita for\u00e7a nacional destacada em \u00c1frica e Bruxelas\"}]},{\"@type\":\"WebSite\",\"@id\":\"https:\/\/portaltela.pt\/#website\",\"url\":\"https:\/\/portaltela.pt\/\",\"name\":\"Portal Tela Portugal\",\"description\":\"\",\"potentialAction\":[{\"@type\":\"SearchAction\",\"target\":{\"@type\":\"EntryPoint\",\"urlTemplate\":\"https:\/\/portaltela.pt\/?s={search_term_string}\"},\"query-input\":{\"@type\":\"PropertyValueSpecification\",\"valueRequired\":true,\"valueName\":\"search_term_string\"}}],\"inLanguage\":\"pt-PT\"},{\"@type\":\"Person\",\"@id\":\"https:\/\/portaltela.pt\/#\/schema\/person\/c4278d4a6028830caff9ee44b42d32ed\",\"name\":\"Telinha\",\"image\":{\"@type\":\"ImageObject\",\"inLanguage\":\"pt-PT\",\"@id\":\"https:\/\/portaltela.pt\/s.01k8rhncp4jt1\/2025\/11\/talking-bot-125x125.png\",\"url\":\"https:\/\/portaltela.pt\/s.01k8rhncp4jt1\/2025\/11\/talking-bot-125x125.png\",\"contentUrl\":\"https:\/\/portaltela.pt\/s.01k8rhncp4jt1\/2025\/11\/talking-bot-125x125.png\",\"caption\":\"Telinha\"},\"sameAs\":[\"https:\/\/portaltela.pt\/\"],\"url\":\"https:\/\/portaltela.pt\/por\/367410592786\/\"}]}<\/script>\n<!-- \/ Yoast SEO plugin. -->","yoast_head_json":{"title":"Marcelo Rebelo de Sousa visita for\u00e7a nacional destacada em \u00c1frica e Bruxelas - Portal Tela Portugal","robots":{"index":"index","follow":"follow","max-snippet":"max-snippet:-1","max-image-preview":"max-image-preview:large","max-video-preview":"max-video-preview:-1"},"og_locale":"pt_PT","og_type":"article","og_title":"Marcelo Rebelo de Sousa visita for\u00e7a nacional destacada em \u00c1frica e Bruxelas - Portal Tela Portugal","og_description":"O Presidente da Rep\u00fablica, Marcelo Rebelo de Sousa, pediu autoriza\u00e7\u00e3o ao parlamento para duas desloca\u00e7\u00f5es: a uma for\u00e7a nacional destacada em \u00c1frica e a Bruxelas, no fim de mandato. A ida a Bruxelas destina-se \u00e0s institui\u00e7\u00f5es europeias, incluindo o Conselho Europeu presidido pelo anterior primeiro-ministro Ant\u00f3nio Costa; ainda n\u00e3o h\u00e1 data no portal da Assembleia da Rep\u00fablica. A visita a \u00c1frica est\u00e1 prevista entre os dias 22 e 25 de fevereiro, n\u00e3o especificando o pa\u00eds, apenas indicando que decorre no \u00e2mbito de uma for\u00e7a nacional destacada. Atualmente, Portugal tem for\u00e7as nacionais destacadas na Rep\u00fablica Centro-Africana (duzentos militares na miss\u00e3o de estabiliza\u00e7\u00e3o da Organiza\u00e7\u00e3o das Na\u00e7\u00f5es Unidas e dezoito na miss\u00e3o de treino da Uni\u00e3o Europeia), em Mo\u00e7ambique (cinquenta militares, incluindo um oficial-general no comando) e em S\u00e3o Tom\u00e9 e Pr\u00edncipe (dezoito militares na capacita\u00e7\u00e3o das for\u00e7as s\u00e3o-tomenses). O Presidente j\u00e1 realizou seis visitas a for\u00e7as nacionais destacadas em miss\u00f5es militares, e encerra o mandato a nove de mar\u00e7o; chegou hoje a Madrid para uma \u00faltima visita oficial a Espanha.","og_url":"https:\/\/portaltela.pt\/noticias\/2026\/02\/19\/marcelo-rebelo-de-sousa-visita-forca-nacional-destacada-em-africa-e-bruxelas\/","og_site_name":"Portal Tela Portugal","article_published_time":"2026-02-19T20:00:00+00:00","author":"Telinha","twitter_card":"summary_large_image","twitter_misc":{"Escrito por":"Telinha","Tempo estimado de leitura":"1 minuto"},"schema":{"@context":"https:\/\/schema.org","@graph":[{"@type":"Article","@id":"https:\/\/portaltela.pt\/noticias\/2026\/02\/19\/marcelo-rebelo-de-sousa-visita-forca-nacional-destacada-em-africa-e-bruxelas\/#article","isPartOf":{"@id":"https:\/\/portaltela.pt\/noticias\/2026\/02\/19\/marcelo-rebelo-de-sousa-visita-forca-nacional-destacada-em-africa-e-bruxelas\/"},"author":{"name":"Telinha","@id":"https:\/\/portaltela.pt\/#\/schema\/person\/c4278d4a6028830caff9ee44b42d32ed"},"headline":"Marcelo Rebelo de Sousa visita for\u00e7a nacional destacada em \u00c1frica e Bruxelas","datePublished":"2026-02-19T20:00:00+00:00","mainEntityOfPage":{"@id":"https:\/\/portaltela.pt\/noticias\/2026\/02\/19\/marcelo-rebelo-de-sousa-visita-forca-nacional-destacada-em-africa-e-bruxelas\/"},"wordCount":258,"image":{"@id":"https:\/\/portaltela.pt\/noticias\/2026\/02\/19\/marcelo-rebelo-de-sousa-visita-forca-nacional-destacada-em-africa-e-bruxelas\/#primaryimage"},"thumbnailUrl":"https:\/\/portaltela.pt\/s.01k8rhncp4jt1\/2026\/02\/img_1500x1000uu2025-12-07-09-47-32-2252998-12.jpg","keywords":["Bruxelas","For\u00e7as Armadas","Mo\u00e7ambique","ONU","Rep\u00fablica Centro-Africana","S\u00e3o Tom\u00e9 e Pr\u00edncipe"],"articleSection":["Not\u00edcias"],"inLanguage":"pt-PT"},{"@type":"WebPage","@id":"https:\/\/portaltela.pt\/noticias\/2026\/02\/19\/marcelo-rebelo-de-sousa-visita-forca-nacional-destacada-em-africa-e-bruxelas\/","url":"https:\/\/portaltela.pt\/noticias\/2026\/02\/19\/marcelo-rebelo-de-sousa-visita-forca-nacional-destacada-em-africa-e-bruxelas\/","name":"Marcelo Rebelo de Sousa visita for\u00e7a nacional destacada em \u00c1frica e Bruxelas - Portal Tela Portugal","isPartOf":{"@id":"https:\/\/portaltela.pt\/#website"},"primaryImageOfPage":{"@id":"https:\/\/portaltela.pt\/noticias\/2026\/02\/19\/marcelo-rebelo-de-sousa-visita-forca-nacional-destacada-em-africa-e-bruxelas\/#primaryimage"},"image":{"@id":"https:\/\/portaltela.pt\/noticias\/2026\/02\/19\/marcelo-rebelo-de-sousa-visita-forca-nacional-destacada-em-africa-e-bruxelas\/#primaryimage"},"thumbnailUrl":"https:\/\/portaltela.pt\/s.01k8rhncp4jt1\/2026\/02\/img_1500x1000uu2025-12-07-09-47-32-2252998-12.jpg","datePublished":"2026-02-19T20:00:00+00:00","author":{"@id":"https:\/\/portaltela.pt\/#\/schema\/person\/c4278d4a6028830caff9ee44b42d32ed"},"breadcrumb":{"@id":"https:\/\/portaltela.pt\/noticias\/2026\/02\/19\/marcelo-rebelo-de-sousa-visita-forca-nacional-destacada-em-africa-e-bruxelas\/#breadcrumb"},"inLanguage":"pt-PT","potentialAction":[{"@type":"ReadAction","target":["https:\/\/portaltela.pt\/noticias\/2026\/02\/19\/marcelo-rebelo-de-sousa-visita-forca-nacional-destacada-em-africa-e-bruxelas\/"]}]},{"@type":"ImageObject","inLanguage":"pt-PT","@id":"https:\/\/portaltela.pt\/noticias\/2026\/02\/19\/marcelo-rebelo-de-sousa-visita-forca-nacional-destacada-em-africa-e-bruxelas\/#primaryimage","url":"https:\/\/portaltela.pt\/s.01k8rhncp4jt1\/2026\/02\/img_1500x1000uu2025-12-07-09-47-32-2252998-12.jpg","contentUrl":"https:\/\/portaltela.pt\/s.01k8rhncp4jt1\/2026\/02\/img_1500x1000uu2025-12-07-09-47-32-2252998-12.jpg","width":796,"height":448,"caption":"Marcelo Rebelo de Sousa"},{"@type":"BreadcrumbList","@id":"https:\/\/portaltela.pt\/noticias\/2026\/02\/19\/marcelo-rebelo-de-sousa-visita-forca-nacional-destacada-em-africa-e-bruxelas\/#breadcrumb","itemListElement":[{"@type":"ListItem","position":1,"name":"In\u00edcio","item":"https:\/\/portaltela.pt\/"},{"@type":"ListItem","position":2,"name":"Marcelo Rebelo de Sousa visita for\u00e7a nacional destacada em \u00c1frica e Bruxelas"}]},{"@type":"WebSite","@id":"https:\/\/portaltela.pt\/#website","url":"https:\/\/portaltela.pt\/","name":"Portal Tela Portugal","description":"","potentialAction":[{"@type":"SearchAction","target":{"@type":"EntryPoint","urlTemplate":"https:\/\/portaltela.pt\/?s={search_term_string}"},"query-input":{"@type":"PropertyValueSpecification","valueRequired":true,"valueName":"search_term_string"}}],"inLanguage":"pt-PT"},{"@type":"Person","@id":"https:\/\/portaltela.pt\/#\/schema\/person\/c4278d4a6028830caff9ee44b42d32ed","name":"Telinha","image":{"@type":"ImageObject","inLanguage":"pt-PT","@id":"https:\/\/portaltela.pt\/s.01k8rhncp4jt1\/2025\/11\/talking-bot-125x125.png","url":"https:\/\/portaltela.pt\/s.01k8rhncp4jt1\/2025\/11\/talking-bot-125x125.png","contentUrl":"https:\/\/portaltela.pt\/s.01k8rhncp4jt1\/2025\/11\/talking-bot-125x125.png","caption":"Telinha"},"sameAs":["https:\/\/portaltela.pt\/"],"url":"https:\/\/portaltela.pt\/por\/367410592786\/"}]}},"_links":{"self":[{"href":"https:\/\/portaltela.pt\/api\/wp\/v2\/posts\/218199","targetHints":{"allow":["GET"]}}],"collection":[{"href":"https:\/\/portaltela.pt\/api\/wp\/v2\/posts"}],"about":[{"href":"https:\/\/portaltela.pt\/api\/wp\/v2\/types\/post"}],"author":[{"embeddable":true,"href":"https:\/\/portaltela.pt\/api\/wp\/v2\/users\/2"}],"replies":[{"embeddable":true,"href":"https:\/\/portaltela.pt\/api\/wp\/v2\/comments?post=218199"}],"version-history":[{"count":0,"href":"https:\/\/portaltela.pt\/api\/wp\/v2\/posts\/218199\/revisions"}],"wp:featuredmedia":[{"embeddable":true,"href":"https:\/\/portaltela.pt\/api\/wp\/v2\/media\/218202"}],"wp:attachment":[{"href":"https:\/\/portaltela.pt\/api\/wp\/v2\/media?parent=218199"}],"wp:term":[{"taxonomy":"category","embeddable":true,"href":"https:\/\/portaltela.pt\/api\/wp\/v2\/categories?post=218199"},{"taxonomy":"post_tag","embeddable":true,"href":"https:\/\/portaltela.pt\/api\/wp\/v2\/tags?post=218199"}],"curies":[{"name":"wp","href":"https:\/\/api.w.org\/{rel}","templated":true}]}}