{"id":218151,"date":"2026-02-19T16:49:00","date_gmt":"2026-02-19T19:49:00","guid":{"rendered":"https:\/\/portaltela.pt\/noticias\/2026\/02\/19\/programa-vale-eficiencia-cancela-atribuicao-de-novos-apoios-a-familias\/"},"modified":"2026-02-19T16:49:00","modified_gmt":"2026-02-19T19:49:00","slug":"programa-vale-eficiencia-cancela-atribuicao-de-novos-apoios-a-familias","status":"publish","type":"post","link":"https:\/\/portaltela.pt\/noticias\/2026\/02\/19\/programa-vale-eficiencia-cancela-atribuicao-de-novos-apoios-a-familias\/","title":{"rendered":"Programa Vale Efici\u00eancia cancela atribui\u00e7\u00e3o de novos apoios a fam\u00edlias"},"content":{"rendered":"<p>O Fundo Ambiental interrompeu, de forma imediata, a atribui\u00e7\u00e3o de novos vales do Programa Vale Efici\u00eancia. A medida foi comunicada pela RNAE, que representa as ag\u00eancias de energia e ambiente, aos facilitadores t\u00e9cnicos do programa. O cancelamento acompanha o atual est\u00e1gio de execu\u00e7\u00e3o do projecto.<\/p>\n<p>O Vale Efici\u00eancia destinava-se a fam\u00edlias economicamente vulner\u00e1veis para substituir janelas e instalar sistemas de climatiza\u00e7\u00e3o eficientes. O programa, lan\u00e7ado em 2024, previa a atribui\u00e7\u00e3o de vales de at\u00e9 1300 euros por agregado familiar, com possibilidade de tr\u00eas vales por agregado.<\/p>\n<p>A RNAE explicou que a decis\u00e3o decorre da complexidade do programa e do ponto atual da sua execu\u00e7\u00e3o. Os facilitadores t\u00e9cnicos devem priorizar a conclus\u00e3o das candidaturas j\u00e1 atribu\u00eddas, com foco em encerrar os processos at\u00e9 maio de 2026.<\/p>\n<p>O organismo acrescentou manter comunica\u00e7\u00e3o estreita com as entidades gestoras para esclarecer como prosseguir com as candidaturas j\u00e1 atribu\u00eddas a cada facilitador t\u00e9cnico. O objetivo \u00e9 obter diretrizes atualizadas sobre o futuro dessas candidaturas.<\/p>\n<p>Milhares de fam\u00edlias podem ficar sem apoio t\u00e9cnico e financeiro. Em outubro, o Minist\u00e9rio do Ambiente e Energia j\u00e1 tinha indicado falhas no programa e a necessidade de altera\u00e7\u00f5es, sem confirmar a continuidade dos benefici\u00e1rios.<\/p>\n<p>Os facilitadores t\u00e9cnicos, que recebem 50 euros por candidatura, tamb\u00e9m ficam sem garantias de pagamento pelas candidaturas j\u00e1 preparadas sem vales atribu\u00eddos. A situa\u00e7\u00e3o acompanha a suspens\u00e3o de novas atribui\u00e7\u00f5es.<\/p>\n<p>O programa, com dota\u00e7\u00e3o inicial de 130 milh\u00f5es de euros e 100 mil vales at\u00e9 2025, foi reformulado em v\u00e1rias fases. Na segunda fase, estavam previstos cerca de 80 mil vales para aquecimento, arrefecimento e janelas eficientes de classe A.<\/p>\n<p>Na \u00faltima reprograma\u00e7\u00e3o do PRR, o objetivo foi reduzido, alegadamente por falha na execu\u00e7\u00e3o. At\u00e9 outubro, tinham sido pagos pouco mais de tr\u00eas milh\u00f5es de euros, correspondentes a cerca de 850 candidaturas.<\/p>\n<p>O Fundo Ambiental delegou a RNAE a forma\u00e7\u00e3o de dezenas de facilitadores t\u00e9cnicos, cuja plataforma eletr\u00f3nica tem falhas operacionais apontadas como uma causa de atrasos. Em dezembro, foi anunciado um novo mecanismo financeiro de apoio \u00e0 efici\u00eancia energ\u00e9tica, via empr\u00e9stimos reembols\u00e1veis.<\/p>\n<p>O Governo tamb\u00e9m anunciou o fim antecipado de outros programas de pobreza energ\u00e9tica financiados pelo PRR, citando falta de candidaturas e necessidade de redirecionamento de verbas para iniciativas com maior procura, como o E-Lar.<\/p>\n<p>O Minist\u00e9rio do Ambiente e Energia n\u00e3o respondeu, at\u00e9 ao momento, aos pedidos de esclarecimento sobre a decis\u00e3o de n\u00e3o atribuir novos vales nem sobre o destino das verbas remanescentes do Vale Efici\u00eancia.<\/p>\n","protected":false},"excerpt":{"rendered":"<ul>\n<li>O Fundo Ambiental cancelou a atribui\u00e7\u00e3o de novos vales do programa Vale Efici\u00eancia, criado para ajudar fam\u00edlias vulner\u00e1veis atrav\u00e9s da substitui\u00e7\u00e3o de janelas e instala\u00e7\u00e3o de sistemas de climatiza\u00e7\u00e3o.<\/li>\n<li>A RNAE informou, num e\u2011mail aos facilitadores t\u00e9cnicos, o encerramento imediato da atribui\u00e7\u00e3o de novos vales e orientou a dar prioridade \u00e0 conclus\u00e3o das candidaturas j\u00e1 em curso at\u00e9 ao final de maio de 2026.<\/li>\n<li>Foi criada, em 2024, a figura do facilitador t\u00e9cnico para apoiar benefici\u00e1rios na recolha de or\u00e7amentos, liga\u00e7\u00e3o a fornecedores e gest\u00e3o dos vales.<\/li>\n<li>Milhares de fam\u00edlias podem ficar sem apoio t\u00e9cnico e financeiro, uma vez que h\u00e1 candidaturas aprovadas mas sem vales atribu\u00eddos; o programa contava com 130 milh\u00f5es de euros e cerca de 80 mil vales na segunda fase.<\/li>\n<li>A decis\u00e3o ocorre num contexto de falhas na execu\u00e7\u00e3o do programa e de mudan\u00e7as pol\u00edticas, incluindo a cria\u00e7\u00e3o de um novo mecanismo financeiro para efici\u00eancia energ\u00e9tica e o foco no programa E\u2011Lar.<\/li>\n<\/ul>\n","protected":false},"author":2,"featured_media":218156,"comment_status":"closed","ping_status":"closed","sticky":false,"template":"","format":"standard","meta":{"footnotes":""},"categories":[1],"tags":[167,174,3985,1053,133,6151],"class_list":["post-218151","post","type-post","status-publish","format-standard","has-post-thumbnail","hentry","category-noticias","tag-ambiente","tag-energia","tag-fundo-ambiental","tag-pobreza-energetica","tag-politicas-publicas","tag-rnae"],"yoast_head":"<!-- This site is optimized with the Yoast SEO plugin v27.2 - https:\/\/yoast.com\/product\/yoast-seo-wordpress\/ -->\n<title>Programa Vale Efici\u00eancia cancela atribui\u00e7\u00e3o de novos apoios a fam\u00edlias - Portal Tela Portugal<\/title>\n<meta name=\"robots\" content=\"index, follow, max-snippet:-1, max-image-preview:large, max-video-preview:-1\" \/>\n<meta property=\"og:locale\" content=\"pt_PT\" \/>\n<meta property=\"og:type\" content=\"article\" \/>\n<meta property=\"og:title\" content=\"Programa Vale Efici\u00eancia cancela atribui\u00e7\u00e3o de novos apoios a fam\u00edlias - Portal Tela Portugal\" \/>\n<meta property=\"og:description\" content=\"O Fundo Ambiental cancelou a atribui\u00e7\u00e3o de novos vales do programa Vale Efici\u00eancia, criado para ajudar fam\u00edlias vulner\u00e1veis atrav\u00e9s da substitui\u00e7\u00e3o de janelas e instala\u00e7\u00e3o de sistemas de climatiza\u00e7\u00e3o. A RNAE informou, num e\u2011mail aos facilitadores t\u00e9cnicos, o encerramento imediato da atribui\u00e7\u00e3o de novos vales e orientou a dar prioridade \u00e0 conclus\u00e3o das candidaturas j\u00e1 em curso at\u00e9 ao final de maio de 2026. Foi criada, em 2024, a figura do facilitador t\u00e9cnico para apoiar benefici\u00e1rios na recolha de or\u00e7amentos, liga\u00e7\u00e3o a fornecedores e gest\u00e3o dos vales. Milhares de fam\u00edlias podem ficar sem apoio t\u00e9cnico e financeiro, uma vez que h\u00e1 candidaturas aprovadas mas sem vales atribu\u00eddos; o programa contava com 130 milh\u00f5es de euros e cerca de 80 mil vales na segunda fase. A decis\u00e3o ocorre num contexto de falhas na execu\u00e7\u00e3o do programa e de mudan\u00e7as pol\u00edticas, incluindo a cria\u00e7\u00e3o de um novo mecanismo financeiro para efici\u00eancia energ\u00e9tica e o foco no programa E\u2011Lar.\" \/>\n<meta property=\"og:url\" content=\"https:\/\/portaltela.pt\/noticias\/2026\/02\/19\/programa-vale-eficiencia-cancela-atribuicao-de-novos-apoios-a-familias\/\" \/>\n<meta property=\"og:site_name\" content=\"Portal Tela Portugal\" \/>\n<meta property=\"article:published_time\" content=\"2026-02-19T19:49:00+00:00\" \/>\n<meta name=\"author\" content=\"Telinha\" \/>\n<meta name=\"twitter:card\" content=\"summary_large_image\" \/>\n<meta name=\"twitter:label1\" content=\"Escrito por\" \/>\n\t<meta name=\"twitter:data1\" content=\"Telinha\" \/>\n\t<meta name=\"twitter:label2\" content=\"Tempo estimado de leitura\" \/>\n\t<meta name=\"twitter:data2\" content=\"2 minutos\" \/>\n<script type=\"application\/ld+json\" class=\"yoast-schema-graph\">{\"@context\":\"https:\/\/schema.org\",\"@graph\":[{\"@type\":\"Article\",\"@id\":\"https:\/\/portaltela.pt\/noticias\/2026\/02\/19\/programa-vale-eficiencia-cancela-atribuicao-de-novos-apoios-a-familias\/#article\",\"isPartOf\":{\"@id\":\"https:\/\/portaltela.pt\/noticias\/2026\/02\/19\/programa-vale-eficiencia-cancela-atribuicao-de-novos-apoios-a-familias\/\"},\"author\":{\"name\":\"Telinha\",\"@id\":\"https:\/\/portaltela.pt\/#\/schema\/person\/c4278d4a6028830caff9ee44b42d32ed\"},\"headline\":\"Programa Vale Efici\u00eancia cancela atribui\u00e7\u00e3o de novos apoios a fam\u00edlias\",\"datePublished\":\"2026-02-19T19:49:00+00:00\",\"mainEntityOfPage\":{\"@id\":\"https:\/\/portaltela.pt\/noticias\/2026\/02\/19\/programa-vale-eficiencia-cancela-atribuicao-de-novos-apoios-a-familias\/\"},\"wordCount\":459,\"image\":{\"@id\":\"https:\/\/portaltela.pt\/noticias\/2026\/02\/19\/programa-vale-eficiencia-cancela-atribuicao-de-novos-apoios-a-familias\/#primaryimage\"},\"thumbnailUrl\":\"https:\/\/portaltela.pt\/s.01k8rhncp4jt1\/2026\/02\/2068416.jpg\",\"keywords\":[\"ambiente\",\"energia\",\"Fundo Ambiental\",\"pobreza energ\u00e9tica\",\"pol\u00edticas p\u00fablicas\",\"RNAE\"],\"articleSection\":[\"Not\u00edcias\"],\"inLanguage\":\"pt-PT\"},{\"@type\":\"WebPage\",\"@id\":\"https:\/\/portaltela.pt\/noticias\/2026\/02\/19\/programa-vale-eficiencia-cancela-atribuicao-de-novos-apoios-a-familias\/\",\"url\":\"https:\/\/portaltela.pt\/noticias\/2026\/02\/19\/programa-vale-eficiencia-cancela-atribuicao-de-novos-apoios-a-familias\/\",\"name\":\"Programa Vale Efici\u00eancia cancela atribui\u00e7\u00e3o de novos apoios a fam\u00edlias - Portal Tela Portugal\",\"isPartOf\":{\"@id\":\"https:\/\/portaltela.pt\/#website\"},\"primaryImageOfPage\":{\"@id\":\"https:\/\/portaltela.pt\/noticias\/2026\/02\/19\/programa-vale-eficiencia-cancela-atribuicao-de-novos-apoios-a-familias\/#primaryimage\"},\"image\":{\"@id\":\"https:\/\/portaltela.pt\/noticias\/2026\/02\/19\/programa-vale-eficiencia-cancela-atribuicao-de-novos-apoios-a-familias\/#primaryimage\"},\"thumbnailUrl\":\"https:\/\/portaltela.pt\/s.01k8rhncp4jt1\/2026\/02\/2068416.jpg\",\"datePublished\":\"2026-02-19T19:49:00+00:00\",\"author\":{\"@id\":\"https:\/\/portaltela.pt\/#\/schema\/person\/c4278d4a6028830caff9ee44b42d32ed\"},\"breadcrumb\":{\"@id\":\"https:\/\/portaltela.pt\/noticias\/2026\/02\/19\/programa-vale-eficiencia-cancela-atribuicao-de-novos-apoios-a-familias\/#breadcrumb\"},\"inLanguage\":\"pt-PT\",\"potentialAction\":[{\"@type\":\"ReadAction\",\"target\":[\"https:\/\/portaltela.pt\/noticias\/2026\/02\/19\/programa-vale-eficiencia-cancela-atribuicao-de-novos-apoios-a-familias\/\"]}]},{\"@type\":\"ImageObject\",\"inLanguage\":\"pt-PT\",\"@id\":\"https:\/\/portaltela.pt\/noticias\/2026\/02\/19\/programa-vale-eficiencia-cancela-atribuicao-de-novos-apoios-a-familias\/#primaryimage\",\"url\":\"https:\/\/portaltela.pt\/s.01k8rhncp4jt1\/2026\/02\/2068416.jpg\",\"contentUrl\":\"https:\/\/portaltela.pt\/s.01k8rhncp4jt1\/2026\/02\/2068416.jpg\",\"width\":796,\"height\":448,\"caption\":\"Substitui\u00e7ao de janelas era um dos objectivos do programa\"},{\"@type\":\"BreadcrumbList\",\"@id\":\"https:\/\/portaltela.pt\/noticias\/2026\/02\/19\/programa-vale-eficiencia-cancela-atribuicao-de-novos-apoios-a-familias\/#breadcrumb\",\"itemListElement\":[{\"@type\":\"ListItem\",\"position\":1,\"name\":\"In\u00edcio\",\"item\":\"https:\/\/portaltela.pt\/\"},{\"@type\":\"ListItem\",\"position\":2,\"name\":\"Programa Vale Efici\u00eancia cancela atribui\u00e7\u00e3o de novos apoios a fam\u00edlias\"}]},{\"@type\":\"WebSite\",\"@id\":\"https:\/\/portaltela.pt\/#website\",\"url\":\"https:\/\/portaltela.pt\/\",\"name\":\"Portal Tela Portugal\",\"description\":\"\",\"potentialAction\":[{\"@type\":\"SearchAction\",\"target\":{\"@type\":\"EntryPoint\",\"urlTemplate\":\"https:\/\/portaltela.pt\/?s={search_term_string}\"},\"query-input\":{\"@type\":\"PropertyValueSpecification\",\"valueRequired\":true,\"valueName\":\"search_term_string\"}}],\"inLanguage\":\"pt-PT\"},{\"@type\":\"Person\",\"@id\":\"https:\/\/portaltela.pt\/#\/schema\/person\/c4278d4a6028830caff9ee44b42d32ed\",\"name\":\"Telinha\",\"image\":{\"@type\":\"ImageObject\",\"inLanguage\":\"pt-PT\",\"@id\":\"https:\/\/portaltela.pt\/s.01k8rhncp4jt1\/2025\/11\/talking-bot-125x125.png\",\"url\":\"https:\/\/portaltela.pt\/s.01k8rhncp4jt1\/2025\/11\/talking-bot-125x125.png\",\"contentUrl\":\"https:\/\/portaltela.pt\/s.01k8rhncp4jt1\/2025\/11\/talking-bot-125x125.png\",\"caption\":\"Telinha\"},\"sameAs\":[\"https:\/\/portaltela.pt\/\"],\"url\":\"https:\/\/portaltela.pt\/por\/367410592786\/\"}]}<\/script>\n<!-- \/ Yoast SEO plugin. -->","yoast_head_json":{"title":"Programa Vale Efici\u00eancia cancela atribui\u00e7\u00e3o de novos apoios a fam\u00edlias - Portal Tela Portugal","robots":{"index":"index","follow":"follow","max-snippet":"max-snippet:-1","max-image-preview":"max-image-preview:large","max-video-preview":"max-video-preview:-1"},"og_locale":"pt_PT","og_type":"article","og_title":"Programa Vale Efici\u00eancia cancela atribui\u00e7\u00e3o de novos apoios a fam\u00edlias - Portal Tela Portugal","og_description":"O Fundo Ambiental cancelou a atribui\u00e7\u00e3o de novos vales do programa Vale Efici\u00eancia, criado para ajudar fam\u00edlias vulner\u00e1veis atrav\u00e9s da substitui\u00e7\u00e3o de janelas e instala\u00e7\u00e3o de sistemas de climatiza\u00e7\u00e3o. A RNAE informou, num e\u2011mail aos facilitadores t\u00e9cnicos, o encerramento imediato da atribui\u00e7\u00e3o de novos vales e orientou a dar prioridade \u00e0 conclus\u00e3o das candidaturas j\u00e1 em curso at\u00e9 ao final de maio de 2026. Foi criada, em 2024, a figura do facilitador t\u00e9cnico para apoiar benefici\u00e1rios na recolha de or\u00e7amentos, liga\u00e7\u00e3o a fornecedores e gest\u00e3o dos vales. Milhares de fam\u00edlias podem ficar sem apoio t\u00e9cnico e financeiro, uma vez que h\u00e1 candidaturas aprovadas mas sem vales atribu\u00eddos; o programa contava com 130 milh\u00f5es de euros e cerca de 80 mil vales na segunda fase. A decis\u00e3o ocorre num contexto de falhas na execu\u00e7\u00e3o do programa e de mudan\u00e7as pol\u00edticas, incluindo a cria\u00e7\u00e3o de um novo mecanismo financeiro para efici\u00eancia energ\u00e9tica e o foco no programa E\u2011Lar.","og_url":"https:\/\/portaltela.pt\/noticias\/2026\/02\/19\/programa-vale-eficiencia-cancela-atribuicao-de-novos-apoios-a-familias\/","og_site_name":"Portal Tela Portugal","article_published_time":"2026-02-19T19:49:00+00:00","author":"Telinha","twitter_card":"summary_large_image","twitter_misc":{"Escrito por":"Telinha","Tempo estimado de leitura":"2 minutos"},"schema":{"@context":"https:\/\/schema.org","@graph":[{"@type":"Article","@id":"https:\/\/portaltela.pt\/noticias\/2026\/02\/19\/programa-vale-eficiencia-cancela-atribuicao-de-novos-apoios-a-familias\/#article","isPartOf":{"@id":"https:\/\/portaltela.pt\/noticias\/2026\/02\/19\/programa-vale-eficiencia-cancela-atribuicao-de-novos-apoios-a-familias\/"},"author":{"name":"Telinha","@id":"https:\/\/portaltela.pt\/#\/schema\/person\/c4278d4a6028830caff9ee44b42d32ed"},"headline":"Programa Vale Efici\u00eancia cancela atribui\u00e7\u00e3o de novos apoios a fam\u00edlias","datePublished":"2026-02-19T19:49:00+00:00","mainEntityOfPage":{"@id":"https:\/\/portaltela.pt\/noticias\/2026\/02\/19\/programa-vale-eficiencia-cancela-atribuicao-de-novos-apoios-a-familias\/"},"wordCount":459,"image":{"@id":"https:\/\/portaltela.pt\/noticias\/2026\/02\/19\/programa-vale-eficiencia-cancela-atribuicao-de-novos-apoios-a-familias\/#primaryimage"},"thumbnailUrl":"https:\/\/portaltela.pt\/s.01k8rhncp4jt1\/2026\/02\/2068416.jpg","keywords":["ambiente","energia","Fundo Ambiental","pobreza energ\u00e9tica","pol\u00edticas p\u00fablicas","RNAE"],"articleSection":["Not\u00edcias"],"inLanguage":"pt-PT"},{"@type":"WebPage","@id":"https:\/\/portaltela.pt\/noticias\/2026\/02\/19\/programa-vale-eficiencia-cancela-atribuicao-de-novos-apoios-a-familias\/","url":"https:\/\/portaltela.pt\/noticias\/2026\/02\/19\/programa-vale-eficiencia-cancela-atribuicao-de-novos-apoios-a-familias\/","name":"Programa Vale Efici\u00eancia cancela atribui\u00e7\u00e3o de novos apoios a fam\u00edlias - Portal Tela Portugal","isPartOf":{"@id":"https:\/\/portaltela.pt\/#website"},"primaryImageOfPage":{"@id":"https:\/\/portaltela.pt\/noticias\/2026\/02\/19\/programa-vale-eficiencia-cancela-atribuicao-de-novos-apoios-a-familias\/#primaryimage"},"image":{"@id":"https:\/\/portaltela.pt\/noticias\/2026\/02\/19\/programa-vale-eficiencia-cancela-atribuicao-de-novos-apoios-a-familias\/#primaryimage"},"thumbnailUrl":"https:\/\/portaltela.pt\/s.01k8rhncp4jt1\/2026\/02\/2068416.jpg","datePublished":"2026-02-19T19:49:00+00:00","author":{"@id":"https:\/\/portaltela.pt\/#\/schema\/person\/c4278d4a6028830caff9ee44b42d32ed"},"breadcrumb":{"@id":"https:\/\/portaltela.pt\/noticias\/2026\/02\/19\/programa-vale-eficiencia-cancela-atribuicao-de-novos-apoios-a-familias\/#breadcrumb"},"inLanguage":"pt-PT","potentialAction":[{"@type":"ReadAction","target":["https:\/\/portaltela.pt\/noticias\/2026\/02\/19\/programa-vale-eficiencia-cancela-atribuicao-de-novos-apoios-a-familias\/"]}]},{"@type":"ImageObject","inLanguage":"pt-PT","@id":"https:\/\/portaltela.pt\/noticias\/2026\/02\/19\/programa-vale-eficiencia-cancela-atribuicao-de-novos-apoios-a-familias\/#primaryimage","url":"https:\/\/portaltela.pt\/s.01k8rhncp4jt1\/2026\/02\/2068416.jpg","contentUrl":"https:\/\/portaltela.pt\/s.01k8rhncp4jt1\/2026\/02\/2068416.jpg","width":796,"height":448,"caption":"Substitui\u00e7ao de janelas era um dos objectivos do programa"},{"@type":"BreadcrumbList","@id":"https:\/\/portaltela.pt\/noticias\/2026\/02\/19\/programa-vale-eficiencia-cancela-atribuicao-de-novos-apoios-a-familias\/#breadcrumb","itemListElement":[{"@type":"ListItem","position":1,"name":"In\u00edcio","item":"https:\/\/portaltela.pt\/"},{"@type":"ListItem","position":2,"name":"Programa Vale Efici\u00eancia cancela atribui\u00e7\u00e3o de novos apoios a fam\u00edlias"}]},{"@type":"WebSite","@id":"https:\/\/portaltela.pt\/#website","url":"https:\/\/portaltela.pt\/","name":"Portal Tela Portugal","description":"","potentialAction":[{"@type":"SearchAction","target":{"@type":"EntryPoint","urlTemplate":"https:\/\/portaltela.pt\/?s={search_term_string}"},"query-input":{"@type":"PropertyValueSpecification","valueRequired":true,"valueName":"search_term_string"}}],"inLanguage":"pt-PT"},{"@type":"Person","@id":"https:\/\/portaltela.pt\/#\/schema\/person\/c4278d4a6028830caff9ee44b42d32ed","name":"Telinha","image":{"@type":"ImageObject","inLanguage":"pt-PT","@id":"https:\/\/portaltela.pt\/s.01k8rhncp4jt1\/2025\/11\/talking-bot-125x125.png","url":"https:\/\/portaltela.pt\/s.01k8rhncp4jt1\/2025\/11\/talking-bot-125x125.png","contentUrl":"https:\/\/portaltela.pt\/s.01k8rhncp4jt1\/2025\/11\/talking-bot-125x125.png","caption":"Telinha"},"sameAs":["https:\/\/portaltela.pt\/"],"url":"https:\/\/portaltela.pt\/por\/367410592786\/"}]}},"_links":{"self":[{"href":"https:\/\/portaltela.pt\/api\/wp\/v2\/posts\/218151","targetHints":{"allow":["GET"]}}],"collection":[{"href":"https:\/\/portaltela.pt\/api\/wp\/v2\/posts"}],"about":[{"href":"https:\/\/portaltela.pt\/api\/wp\/v2\/types\/post"}],"author":[{"embeddable":true,"href":"https:\/\/portaltela.pt\/api\/wp\/v2\/users\/2"}],"replies":[{"embeddable":true,"href":"https:\/\/portaltela.pt\/api\/wp\/v2\/comments?post=218151"}],"version-history":[{"count":0,"href":"https:\/\/portaltela.pt\/api\/wp\/v2\/posts\/218151\/revisions"}],"wp:featuredmedia":[{"embeddable":true,"href":"https:\/\/portaltela.pt\/api\/wp\/v2\/media\/218156"}],"wp:attachment":[{"href":"https:\/\/portaltela.pt\/api\/wp\/v2\/media?parent=218151"}],"wp:term":[{"taxonomy":"category","embeddable":true,"href":"https:\/\/portaltela.pt\/api\/wp\/v2\/categories?post=218151"},{"taxonomy":"post_tag","embeddable":true,"href":"https:\/\/portaltela.pt\/api\/wp\/v2\/tags?post=218151"}],"curies":[{"name":"wp","href":"https:\/\/api.w.org\/{rel}","templated":true}]}}