{"id":218116,"date":"2026-02-19T16:21:00","date_gmt":"2026-02-19T19:21:00","guid":{"rendered":"https:\/\/portaltela.pt\/noticias\/2026\/02\/19\/martin-anselmi-sofre-sexta-derrota-consecutiva-pelo-botafogo\/"},"modified":"2026-02-19T16:21:00","modified_gmt":"2026-02-19T19:21:00","slug":"martin-anselmi-sofre-sexta-derrota-consecutiva-pelo-botafogo","status":"publish","type":"post","link":"https:\/\/portaltela.pt\/desporto\/futebol\/2026\/02\/19\/martin-anselmi-sofre-sexta-derrota-consecutiva-pelo-botafogo\/","title":{"rendered":"Mart\u00edn Anselmi sofre sexta derrota consecutiva pelo Botafogo"},"content":{"rendered":"<p>Mart\u00edn Anselmi falhou pela sexta vez seguido ao comando do Botafogo, depois da derrota frente ao Nacional Potos\u00ed, na Bol\u00edvia, aolem da pr\u00e9-eliminat\u00f3ria da Libertadores. O jogo terminou com desfecho adverso para o t\u00e9cnico argentino e a equipa brasileira.<\/p>\n<p>A partida decorreu no est\u00e1dio V\u00edctor Agust\u00edn Ugarte, em Potos\u00ed, a cerca de 4.000 metros de altitude. O \u00fanico golo surgiu aos 47 minutos, pela esquerda, atrav\u00e9s de Oscar Baldomar. O segundo tento boliviano foi anulado por fora de jogo.<\/p>\n<h3>Detalhes do jogo<\/h3>\n<p>O Botafogo precisa de vencer por mais de um golo na segunda m\u00e3o, marcada para 26 de fevereiro, para seguir na competi\u00e7\u00e3o. O t\u00e9cnico Anselmi considera poss\u00edvel reverter a eliminat\u00f3ria, desde que a equipa seja eficaz e aproveite o retorno ao terreno pr\u00f3prio.<\/p>\n<p>Anselmi elogiou a entrega dos seus jogadores, que criaram oportunidades apesar das dificuldades da altitude. O treinador destacou a import\u00e2ncia de manter o foco durante os 90 minutos seguintes, quando a equipa atuar no Rio de Janeiro.<\/p>\n<p>O Botafogo, campe\u00e3o brasileiro em 2024, ocupa o 11.\u00ba lugar no Brasileir\u00e3o, com uma vit\u00f3ria e duas derrotas em tr\u00eas jornadas. O pr\u00f3ximo desafio ocorre no domingo, frente ao Boavista, para a primeira m\u00e3o das meias-finais da Ta\u00e7a do Rio.<\/p>\n","protected":false},"excerpt":{"rendered":"<ul>\n<li>Mart\u00edn Anselmi soma sexta derrota consecutiva do Botafogo, frente ao Nacional Potos\u00ed, nas pr\u00e9-eliminat\u00f3rias da Libertadores.<\/li>\n<li>O \u00fanico golo da partida aconteceu aos 47 minutos, marcado por Oscar Baldomar; houve valor de fora de jogo anulado.<\/li>\n<li>O jogo decorreu em altitude, perto dos 4.000 metros, fator apontado pelo treinador argentino.<\/li>\n<li>A segunda m\u00e3o est\u00e1 marcada para 26 de fevereiro; o Botafogo precisa de vencer por mais de um golo para seguir na competi\u00e7\u00e3o.<\/li>\n<li>O pr\u00f3ximo compromisso \u00e9 frente ao Boavista, no domingo, em jogo da Ta\u00e7a do Rio; no Brasileir\u00e3o, o Botafogo ocupa o 11.\u00ba lugar com uma vit\u00f3ria e duas derrotas em tr\u00eas partidas.<\/li>\n<\/ul>\n","protected":false},"author":2,"featured_media":218123,"comment_status":"closed","ping_status":"closed","sticky":false,"template":"","format":"standard","meta":{"footnotes":""},"categories":[21,24],"tags":[89,32,1747,467],"class_list":["post-218116","post","type-post","status-publish","format-standard","has-post-thumbnail","hentry","category-desporto","category-futebol","tag-brasileirao","tag-futebol","tag-futebol-profissional","tag-libertadores"],"yoast_head":"<!-- This site is optimized with the Yoast SEO plugin v27.2 - https:\/\/yoast.com\/product\/yoast-seo-wordpress\/ -->\n<title>Mart\u00edn Anselmi sofre sexta derrota consecutiva pelo Botafogo - Portal Tela Portugal<\/title>\n<meta name=\"robots\" content=\"index, follow, max-snippet:-1, max-image-preview:large, max-video-preview:-1\" \/>\n<meta property=\"og:locale\" content=\"pt_PT\" \/>\n<meta property=\"og:type\" content=\"article\" \/>\n<meta property=\"og:title\" content=\"Mart\u00edn Anselmi sofre sexta derrota consecutiva pelo Botafogo - Portal Tela Portugal\" \/>\n<meta property=\"og:description\" content=\"Mart\u00edn Anselmi soma sexta derrota consecutiva do Botafogo, frente ao Nacional Potos\u00ed, nas pr\u00e9-eliminat\u00f3rias da Libertadores. O \u00fanico golo da partida aconteceu aos 47 minutos, marcado por Oscar Baldomar; houve valor de fora de jogo anulado. O jogo decorreu em altitude, perto dos 4.000 metros, fator apontado pelo treinador argentino. A segunda m\u00e3o est\u00e1 marcada para 26 de fevereiro; o Botafogo precisa de vencer por mais de um golo para seguir na competi\u00e7\u00e3o. O pr\u00f3ximo compromisso \u00e9 frente ao Boavista, no domingo, em jogo da Ta\u00e7a do Rio; no Brasileir\u00e3o, o Botafogo ocupa o 11.\u00ba lugar com uma vit\u00f3ria e duas derrotas em tr\u00eas partidas.\" \/>\n<meta property=\"og:url\" content=\"https:\/\/portaltela.pt\/noticias\/2026\/02\/19\/martin-anselmi-sofre-sexta-derrota-consecutiva-pelo-botafogo\/\" \/>\n<meta property=\"og:site_name\" content=\"Portal Tela Portugal\" \/>\n<meta property=\"article:published_time\" content=\"2026-02-19T19:21:00+00:00\" \/>\n<meta name=\"author\" content=\"Telinha\" \/>\n<meta name=\"twitter:card\" content=\"summary_large_image\" \/>\n<meta name=\"twitter:label1\" content=\"Escrito por\" \/>\n\t<meta name=\"twitter:data1\" content=\"Telinha\" \/>\n\t<meta name=\"twitter:label2\" content=\"Tempo estimado de leitura\" \/>\n\t<meta name=\"twitter:data2\" content=\"1 minuto\" \/>\n<script type=\"application\/ld+json\" class=\"yoast-schema-graph\">{\"@context\":\"https:\/\/schema.org\",\"@graph\":[{\"@type\":\"Article\",\"@id\":\"https:\/\/portaltela.pt\/noticias\/2026\/02\/19\/martin-anselmi-sofre-sexta-derrota-consecutiva-pelo-botafogo\/#article\",\"isPartOf\":{\"@id\":\"https:\/\/portaltela.pt\/noticias\/2026\/02\/19\/martin-anselmi-sofre-sexta-derrota-consecutiva-pelo-botafogo\/\"},\"author\":{\"name\":\"Telinha\",\"@id\":\"https:\/\/portaltela.pt\/#\/schema\/person\/c4278d4a6028830caff9ee44b42d32ed\"},\"headline\":\"Mart\u00edn Anselmi sofre sexta derrota consecutiva pelo Botafogo\",\"datePublished\":\"2026-02-19T19:21:00+00:00\",\"mainEntityOfPage\":{\"@id\":\"https:\/\/portaltela.pt\/noticias\/2026\/02\/19\/martin-anselmi-sofre-sexta-derrota-consecutiva-pelo-botafogo\/\"},\"wordCount\":228,\"image\":{\"@id\":\"https:\/\/portaltela.pt\/noticias\/2026\/02\/19\/martin-anselmi-sofre-sexta-derrota-consecutiva-pelo-botafogo\/#primaryimage\"},\"thumbnailUrl\":\"https:\/\/portaltela.pt\/s.01k8rhncp4jt1\/2026\/02\/img_920x518uu2025-12-29-17-22-14-2411853.jpg\",\"keywords\":[\"brasileir\u00e3o\",\"futebol\",\"Futebol Profissional\",\"libertadores\"],\"articleSection\":[\"Desporto\",\"Futebol\"],\"inLanguage\":\"pt-PT\"},{\"@type\":\"WebPage\",\"@id\":\"https:\/\/portaltela.pt\/noticias\/2026\/02\/19\/martin-anselmi-sofre-sexta-derrota-consecutiva-pelo-botafogo\/\",\"url\":\"https:\/\/portaltela.pt\/noticias\/2026\/02\/19\/martin-anselmi-sofre-sexta-derrota-consecutiva-pelo-botafogo\/\",\"name\":\"Mart\u00edn Anselmi sofre sexta derrota consecutiva pelo Botafogo - Portal Tela Portugal\",\"isPartOf\":{\"@id\":\"https:\/\/portaltela.pt\/#website\"},\"primaryImageOfPage\":{\"@id\":\"https:\/\/portaltela.pt\/noticias\/2026\/02\/19\/martin-anselmi-sofre-sexta-derrota-consecutiva-pelo-botafogo\/#primaryimage\"},\"image\":{\"@id\":\"https:\/\/portaltela.pt\/noticias\/2026\/02\/19\/martin-anselmi-sofre-sexta-derrota-consecutiva-pelo-botafogo\/#primaryimage\"},\"thumbnailUrl\":\"https:\/\/portaltela.pt\/s.01k8rhncp4jt1\/2026\/02\/img_920x518uu2025-12-29-17-22-14-2411853.jpg\",\"datePublished\":\"2026-02-19T19:21:00+00:00\",\"author\":{\"@id\":\"https:\/\/portaltela.pt\/#\/schema\/person\/c4278d4a6028830caff9ee44b42d32ed\"},\"breadcrumb\":{\"@id\":\"https:\/\/portaltela.pt\/noticias\/2026\/02\/19\/martin-anselmi-sofre-sexta-derrota-consecutiva-pelo-botafogo\/#breadcrumb\"},\"inLanguage\":\"pt-PT\",\"potentialAction\":[{\"@type\":\"ReadAction\",\"target\":[\"https:\/\/portaltela.pt\/noticias\/2026\/02\/19\/martin-anselmi-sofre-sexta-derrota-consecutiva-pelo-botafogo\/\"]}]},{\"@type\":\"ImageObject\",\"inLanguage\":\"pt-PT\",\"@id\":\"https:\/\/portaltela.pt\/noticias\/2026\/02\/19\/martin-anselmi-sofre-sexta-derrota-consecutiva-pelo-botafogo\/#primaryimage\",\"url\":\"https:\/\/portaltela.pt\/s.01k8rhncp4jt1\/2026\/02\/img_920x518uu2025-12-29-17-22-14-2411853.jpg\",\"contentUrl\":\"https:\/\/portaltela.pt\/s.01k8rhncp4jt1\/2026\/02\/img_920x518uu2025-12-29-17-22-14-2411853.jpg\",\"width\":796,\"height\":448,\"caption\":\"Mart\u00edn Anselmi treina o Botafogo\"},{\"@type\":\"BreadcrumbList\",\"@id\":\"https:\/\/portaltela.pt\/noticias\/2026\/02\/19\/martin-anselmi-sofre-sexta-derrota-consecutiva-pelo-botafogo\/#breadcrumb\",\"itemListElement\":[{\"@type\":\"ListItem\",\"position\":1,\"name\":\"In\u00edcio\",\"item\":\"https:\/\/portaltela.pt\/\"},{\"@type\":\"ListItem\",\"position\":2,\"name\":\"Mart\u00edn Anselmi sofre sexta derrota consecutiva pelo Botafogo\"}]},{\"@type\":\"WebSite\",\"@id\":\"https:\/\/portaltela.pt\/#website\",\"url\":\"https:\/\/portaltela.pt\/\",\"name\":\"Portal Tela Portugal\",\"description\":\"\",\"potentialAction\":[{\"@type\":\"SearchAction\",\"target\":{\"@type\":\"EntryPoint\",\"urlTemplate\":\"https:\/\/portaltela.pt\/?s={search_term_string}\"},\"query-input\":{\"@type\":\"PropertyValueSpecification\",\"valueRequired\":true,\"valueName\":\"search_term_string\"}}],\"inLanguage\":\"pt-PT\"},{\"@type\":\"Person\",\"@id\":\"https:\/\/portaltela.pt\/#\/schema\/person\/c4278d4a6028830caff9ee44b42d32ed\",\"name\":\"Telinha\",\"image\":{\"@type\":\"ImageObject\",\"inLanguage\":\"pt-PT\",\"@id\":\"https:\/\/portaltela.pt\/s.01k8rhncp4jt1\/2025\/11\/talking-bot-125x125.png\",\"url\":\"https:\/\/portaltela.pt\/s.01k8rhncp4jt1\/2025\/11\/talking-bot-125x125.png\",\"contentUrl\":\"https:\/\/portaltela.pt\/s.01k8rhncp4jt1\/2025\/11\/talking-bot-125x125.png\",\"caption\":\"Telinha\"},\"sameAs\":[\"https:\/\/portaltela.pt\/\"],\"url\":\"https:\/\/portaltela.pt\/por\/367410592786\/\"}]}<\/script>\n<!-- \/ Yoast SEO plugin. -->","yoast_head_json":{"title":"Mart\u00edn Anselmi sofre sexta derrota consecutiva pelo Botafogo - Portal Tela Portugal","robots":{"index":"index","follow":"follow","max-snippet":"max-snippet:-1","max-image-preview":"max-image-preview:large","max-video-preview":"max-video-preview:-1"},"og_locale":"pt_PT","og_type":"article","og_title":"Mart\u00edn Anselmi sofre sexta derrota consecutiva pelo Botafogo - Portal Tela Portugal","og_description":"Mart\u00edn Anselmi soma sexta derrota consecutiva do Botafogo, frente ao Nacional Potos\u00ed, nas pr\u00e9-eliminat\u00f3rias da Libertadores. O \u00fanico golo da partida aconteceu aos 47 minutos, marcado por Oscar Baldomar; houve valor de fora de jogo anulado. O jogo decorreu em altitude, perto dos 4.000 metros, fator apontado pelo treinador argentino. A segunda m\u00e3o est\u00e1 marcada para 26 de fevereiro; o Botafogo precisa de vencer por mais de um golo para seguir na competi\u00e7\u00e3o. O pr\u00f3ximo compromisso \u00e9 frente ao Boavista, no domingo, em jogo da Ta\u00e7a do Rio; no Brasileir\u00e3o, o Botafogo ocupa o 11.\u00ba lugar com uma vit\u00f3ria e duas derrotas em tr\u00eas partidas.","og_url":"https:\/\/portaltela.pt\/noticias\/2026\/02\/19\/martin-anselmi-sofre-sexta-derrota-consecutiva-pelo-botafogo\/","og_site_name":"Portal Tela Portugal","article_published_time":"2026-02-19T19:21:00+00:00","author":"Telinha","twitter_card":"summary_large_image","twitter_misc":{"Escrito por":"Telinha","Tempo estimado de leitura":"1 minuto"},"schema":{"@context":"https:\/\/schema.org","@graph":[{"@type":"Article","@id":"https:\/\/portaltela.pt\/noticias\/2026\/02\/19\/martin-anselmi-sofre-sexta-derrota-consecutiva-pelo-botafogo\/#article","isPartOf":{"@id":"https:\/\/portaltela.pt\/noticias\/2026\/02\/19\/martin-anselmi-sofre-sexta-derrota-consecutiva-pelo-botafogo\/"},"author":{"name":"Telinha","@id":"https:\/\/portaltela.pt\/#\/schema\/person\/c4278d4a6028830caff9ee44b42d32ed"},"headline":"Mart\u00edn Anselmi sofre sexta derrota consecutiva pelo Botafogo","datePublished":"2026-02-19T19:21:00+00:00","mainEntityOfPage":{"@id":"https:\/\/portaltela.pt\/noticias\/2026\/02\/19\/martin-anselmi-sofre-sexta-derrota-consecutiva-pelo-botafogo\/"},"wordCount":228,"image":{"@id":"https:\/\/portaltela.pt\/noticias\/2026\/02\/19\/martin-anselmi-sofre-sexta-derrota-consecutiva-pelo-botafogo\/#primaryimage"},"thumbnailUrl":"https:\/\/portaltela.pt\/s.01k8rhncp4jt1\/2026\/02\/img_920x518uu2025-12-29-17-22-14-2411853.jpg","keywords":["brasileir\u00e3o","futebol","Futebol Profissional","libertadores"],"articleSection":["Desporto","Futebol"],"inLanguage":"pt-PT"},{"@type":"WebPage","@id":"https:\/\/portaltela.pt\/noticias\/2026\/02\/19\/martin-anselmi-sofre-sexta-derrota-consecutiva-pelo-botafogo\/","url":"https:\/\/portaltela.pt\/noticias\/2026\/02\/19\/martin-anselmi-sofre-sexta-derrota-consecutiva-pelo-botafogo\/","name":"Mart\u00edn Anselmi sofre sexta derrota consecutiva pelo Botafogo - Portal Tela Portugal","isPartOf":{"@id":"https:\/\/portaltela.pt\/#website"},"primaryImageOfPage":{"@id":"https:\/\/portaltela.pt\/noticias\/2026\/02\/19\/martin-anselmi-sofre-sexta-derrota-consecutiva-pelo-botafogo\/#primaryimage"},"image":{"@id":"https:\/\/portaltela.pt\/noticias\/2026\/02\/19\/martin-anselmi-sofre-sexta-derrota-consecutiva-pelo-botafogo\/#primaryimage"},"thumbnailUrl":"https:\/\/portaltela.pt\/s.01k8rhncp4jt1\/2026\/02\/img_920x518uu2025-12-29-17-22-14-2411853.jpg","datePublished":"2026-02-19T19:21:00+00:00","author":{"@id":"https:\/\/portaltela.pt\/#\/schema\/person\/c4278d4a6028830caff9ee44b42d32ed"},"breadcrumb":{"@id":"https:\/\/portaltela.pt\/noticias\/2026\/02\/19\/martin-anselmi-sofre-sexta-derrota-consecutiva-pelo-botafogo\/#breadcrumb"},"inLanguage":"pt-PT","potentialAction":[{"@type":"ReadAction","target":["https:\/\/portaltela.pt\/noticias\/2026\/02\/19\/martin-anselmi-sofre-sexta-derrota-consecutiva-pelo-botafogo\/"]}]},{"@type":"ImageObject","inLanguage":"pt-PT","@id":"https:\/\/portaltela.pt\/noticias\/2026\/02\/19\/martin-anselmi-sofre-sexta-derrota-consecutiva-pelo-botafogo\/#primaryimage","url":"https:\/\/portaltela.pt\/s.01k8rhncp4jt1\/2026\/02\/img_920x518uu2025-12-29-17-22-14-2411853.jpg","contentUrl":"https:\/\/portaltela.pt\/s.01k8rhncp4jt1\/2026\/02\/img_920x518uu2025-12-29-17-22-14-2411853.jpg","width":796,"height":448,"caption":"Mart\u00edn Anselmi treina o Botafogo"},{"@type":"BreadcrumbList","@id":"https:\/\/portaltela.pt\/noticias\/2026\/02\/19\/martin-anselmi-sofre-sexta-derrota-consecutiva-pelo-botafogo\/#breadcrumb","itemListElement":[{"@type":"ListItem","position":1,"name":"In\u00edcio","item":"https:\/\/portaltela.pt\/"},{"@type":"ListItem","position":2,"name":"Mart\u00edn Anselmi sofre sexta derrota consecutiva pelo Botafogo"}]},{"@type":"WebSite","@id":"https:\/\/portaltela.pt\/#website","url":"https:\/\/portaltela.pt\/","name":"Portal Tela Portugal","description":"","potentialAction":[{"@type":"SearchAction","target":{"@type":"EntryPoint","urlTemplate":"https:\/\/portaltela.pt\/?s={search_term_string}"},"query-input":{"@type":"PropertyValueSpecification","valueRequired":true,"valueName":"search_term_string"}}],"inLanguage":"pt-PT"},{"@type":"Person","@id":"https:\/\/portaltela.pt\/#\/schema\/person\/c4278d4a6028830caff9ee44b42d32ed","name":"Telinha","image":{"@type":"ImageObject","inLanguage":"pt-PT","@id":"https:\/\/portaltela.pt\/s.01k8rhncp4jt1\/2025\/11\/talking-bot-125x125.png","url":"https:\/\/portaltela.pt\/s.01k8rhncp4jt1\/2025\/11\/talking-bot-125x125.png","contentUrl":"https:\/\/portaltela.pt\/s.01k8rhncp4jt1\/2025\/11\/talking-bot-125x125.png","caption":"Telinha"},"sameAs":["https:\/\/portaltela.pt\/"],"url":"https:\/\/portaltela.pt\/por\/367410592786\/"}]}},"_links":{"self":[{"href":"https:\/\/portaltela.pt\/api\/wp\/v2\/posts\/218116","targetHints":{"allow":["GET"]}}],"collection":[{"href":"https:\/\/portaltela.pt\/api\/wp\/v2\/posts"}],"about":[{"href":"https:\/\/portaltela.pt\/api\/wp\/v2\/types\/post"}],"author":[{"embeddable":true,"href":"https:\/\/portaltela.pt\/api\/wp\/v2\/users\/2"}],"replies":[{"embeddable":true,"href":"https:\/\/portaltela.pt\/api\/wp\/v2\/comments?post=218116"}],"version-history":[{"count":0,"href":"https:\/\/portaltela.pt\/api\/wp\/v2\/posts\/218116\/revisions"}],"wp:featuredmedia":[{"embeddable":true,"href":"https:\/\/portaltela.pt\/api\/wp\/v2\/media\/218123"}],"wp:attachment":[{"href":"https:\/\/portaltela.pt\/api\/wp\/v2\/media?parent=218116"}],"wp:term":[{"taxonomy":"category","embeddable":true,"href":"https:\/\/portaltela.pt\/api\/wp\/v2\/categories?post=218116"},{"taxonomy":"post_tag","embeddable":true,"href":"https:\/\/portaltela.pt\/api\/wp\/v2\/tags?post=218116"}],"curies":[{"name":"wp","href":"https:\/\/api.w.org\/{rel}","templated":true}]}}