{"id":218082,"date":"2026-02-19T15:47:00","date_gmt":"2026-02-19T18:47:00","guid":{"rendered":"https:\/\/portaltela.pt\/noticias\/2026\/02\/19\/asae-detetou-venda-de-telhas-acima-do-preco-afixado-em-batalha-e-coimbra\/"},"modified":"2026-02-19T15:47:00","modified_gmt":"2026-02-19T18:47:00","slug":"asae-detetou-venda-de-telhas-acima-do-preco-afixado-em-batalha-e-coimbra","status":"publish","type":"post","link":"https:\/\/portaltela.pt\/noticias\/2026\/02\/19\/asae-detetou-venda-de-telhas-acima-do-preco-afixado-em-batalha-e-coimbra\/","title":{"rendered":"ASAE detetou venda de telhas acima do pre\u00e7o afixado em Batalha e Coimbra"},"content":{"rendered":"<p>A ASAE instaurou dois processos-crime por especula\u00e7\u00e3o de pre\u00e7os na venda de telhas acima do pre\u00e7o afixado. As a\u00e7\u00f5es ocorreram nas zonas da Batalha e de Coimbra, no \u00e2mbito de 630 a\u00e7\u00f5es realizadas desde 30 de janeiro, ap\u00f3s a Tempestade Kristin.<\/p>\n<p>A autoridade indica que realizadas a\u00e7\u00f5es no terreno visaram acompanhar a atividade econ\u00f3mica e prevenir problemas decorrentes da falta de energia e \u00e1gua, ao mesmo tempo que prestaram aconselhamento e fiscaliza\u00e7\u00e3o aos operadores que mantiveram atividade.<\/p>\n<p>Os factos levam ainda a uma interven\u00e7\u00e3o para apurar condutas de especula\u00e7\u00e3o de pre\u00e7o e a monitorizar a cadeia de abastecimento e condi\u00e7\u00f5es de funcionamento dos estabelecimentos na regi\u00e3o afetada.<\/p>\n<h3>Falhas graves de higiene<\/h3>\n<p>foram instaurados 13 processos de contraordena\u00e7\u00e3o, maioritariamente por faltas graves de higiene e seguran\u00e7a que colocam em risco consumidores, e four suspens\u00f5es de atividade por aus\u00eancia de condi\u00e7\u00f5es m\u00ednimas em restaura\u00e7\u00e3o e bebidas.<\/p>\n<p>A ASAE assinala perdas de alimentos devido \u00e0 quebra de cadeia de frio, danos estruturais em estabelecimentos e falhas prolongadas de \u00e1gua e energia, que condicionaram o normal funcionamento econ\u00f3mico.<\/p>\n<p>A autoridade refor\u00e7a que continuar\u00e1 a desenvolver a\u00e7\u00f5es de fiscaliza\u00e7\u00e3o, vigil\u00e2ncia e acompanhamento, promovendo uma concorr\u00eancia leal e assegurando a seguran\u00e7a alimentar.<\/p>\n","protected":false},"excerpt":{"rendered":"<ul>\n<li>A ASAE instaurou dois processos-crime por especula\u00e7\u00e3o de pre\u00e7os na venda de telhas acima do afixado, nos concelhos da Batalha e de Coimbra, desde 30 de janeiro, no \u00e2mbito de 630 a\u00e7\u00f5es.<\/li>\n<li>As a\u00e7\u00f5es visaram monitorizar atividades econ\u00f3micas, prevenir falhas de energia e \u00e1gua e orientar e Fiscalizar operadores econ\u00f3micos nas zonas afetadas pela tempestade Kristin.<\/li>\n<li>Foram abertos 13 processos de contraordena\u00e7\u00e3o, maioritariamente por faltas graves de higiene e seguran\u00e7a que colocavam em risco os consumidores.<\/li>\n<li>Quatro estabelecimentos de restaura\u00e7\u00e3o e bebidas tiveram suspensas as atividades por inexist\u00eancia de condi\u00e7\u00f5es m\u00ednimas de funcionamento.<\/li>\n<li>A ASAE continuar\u00e1 a\u00e7\u00f5es de fiscaliza\u00e7\u00e3o, vigil\u00e2ncia e acompanhamento, refor\u00e7ando a proximidade com operadores e popula\u00e7\u00f5es afetadas e a promo\u00e7\u00e3o de concorr\u00eancia leal e seguran\u00e7a alimentar.<\/li>\n<\/ul>\n","protected":false},"author":2,"featured_media":218091,"comment_status":"closed","ping_status":"closed","sticky":false,"template":"","format":"standard","meta":{"footnotes":""},"categories":[1],"tags":[1503,5382,4949,1070,4851,2867],"class_list":["post-218082","post","type-post","status-publish","format-standard","has-post-thumbnail","hentry","category-noticias","tag-abastecimento-de-agua","tag-asae","tag-batalha","tag-coimbra","tag-higiene","tag-seguranca-alimentar"],"yoast_head":"<!-- This site is optimized with the Yoast SEO plugin v27.2 - https:\/\/yoast.com\/product\/yoast-seo-wordpress\/ -->\n<title>ASAE detetou venda de telhas acima do pre\u00e7o afixado em Batalha e Coimbra - Portal Tela Portugal<\/title>\n<meta name=\"robots\" content=\"index, follow, max-snippet:-1, max-image-preview:large, max-video-preview:-1\" \/>\n<meta property=\"og:locale\" content=\"pt_PT\" \/>\n<meta property=\"og:type\" content=\"article\" \/>\n<meta property=\"og:title\" content=\"ASAE detetou venda de telhas acima do pre\u00e7o afixado em Batalha e Coimbra - Portal Tela Portugal\" \/>\n<meta property=\"og:description\" content=\"A ASAE instaurou dois processos-crime por especula\u00e7\u00e3o de pre\u00e7os na venda de telhas acima do afixado, nos concelhos da Batalha e de Coimbra, desde 30 de janeiro, no \u00e2mbito de 630 a\u00e7\u00f5es. As a\u00e7\u00f5es visaram monitorizar atividades econ\u00f3micas, prevenir falhas de energia e \u00e1gua e orientar e Fiscalizar operadores econ\u00f3micos nas zonas afetadas pela tempestade Kristin. Foram abertos 13 processos de contraordena\u00e7\u00e3o, maioritariamente por faltas graves de higiene e seguran\u00e7a que colocavam em risco os consumidores. Quatro estabelecimentos de restaura\u00e7\u00e3o e bebidas tiveram suspensas as atividades por inexist\u00eancia de condi\u00e7\u00f5es m\u00ednimas de funcionamento. A ASAE continuar\u00e1 a\u00e7\u00f5es de fiscaliza\u00e7\u00e3o, vigil\u00e2ncia e acompanhamento, refor\u00e7ando a proximidade com operadores e popula\u00e7\u00f5es afetadas e a promo\u00e7\u00e3o de concorr\u00eancia leal e seguran\u00e7a alimentar.\" \/>\n<meta property=\"og:url\" content=\"https:\/\/portaltela.pt\/noticias\/2026\/02\/19\/asae-detetou-venda-de-telhas-acima-do-preco-afixado-em-batalha-e-coimbra\/\" \/>\n<meta property=\"og:site_name\" content=\"Portal Tela Portugal\" \/>\n<meta property=\"article:published_time\" content=\"2026-02-19T18:47:00+00:00\" \/>\n<meta name=\"author\" content=\"Telinha\" \/>\n<meta name=\"twitter:card\" content=\"summary_large_image\" \/>\n<meta name=\"twitter:label1\" content=\"Escrito por\" \/>\n\t<meta name=\"twitter:data1\" content=\"Telinha\" \/>\n\t<meta name=\"twitter:label2\" content=\"Tempo estimado de leitura\" \/>\n\t<meta name=\"twitter:data2\" content=\"1 minuto\" \/>\n<script type=\"application\/ld+json\" class=\"yoast-schema-graph\">{\"@context\":\"https:\/\/schema.org\",\"@graph\":[{\"@type\":\"Article\",\"@id\":\"https:\/\/portaltela.pt\/noticias\/2026\/02\/19\/asae-detetou-venda-de-telhas-acima-do-preco-afixado-em-batalha-e-coimbra\/#article\",\"isPartOf\":{\"@id\":\"https:\/\/portaltela.pt\/noticias\/2026\/02\/19\/asae-detetou-venda-de-telhas-acima-do-preco-afixado-em-batalha-e-coimbra\/\"},\"author\":{\"name\":\"Telinha\",\"@id\":\"https:\/\/portaltela.pt\/#\/schema\/person\/c4278d4a6028830caff9ee44b42d32ed\"},\"headline\":\"ASAE detetou venda de telhas acima do pre\u00e7o afixado em Batalha e Coimbra\",\"datePublished\":\"2026-02-19T18:47:00+00:00\",\"mainEntityOfPage\":{\"@id\":\"https:\/\/portaltela.pt\/noticias\/2026\/02\/19\/asae-detetou-venda-de-telhas-acima-do-preco-afixado-em-batalha-e-coimbra\/\"},\"wordCount\":234,\"image\":{\"@id\":\"https:\/\/portaltela.pt\/noticias\/2026\/02\/19\/asae-detetou-venda-de-telhas-acima-do-preco-afixado-em-batalha-e-coimbra\/#primaryimage\"},\"thumbnailUrl\":\"https:\/\/portaltela.pt\/s.01k8rhncp4jt1\/2026\/02\/image-1435.jpg\",\"keywords\":[\"abastecimento de \u00e1gua\",\"ASAE\",\"Batalha\",\"Coimbra\",\"higiene\",\"Seguran\u00e7a Alimentar\"],\"articleSection\":[\"Not\u00edcias\"],\"inLanguage\":\"pt-PT\"},{\"@type\":\"WebPage\",\"@id\":\"https:\/\/portaltela.pt\/noticias\/2026\/02\/19\/asae-detetou-venda-de-telhas-acima-do-preco-afixado-em-batalha-e-coimbra\/\",\"url\":\"https:\/\/portaltela.pt\/noticias\/2026\/02\/19\/asae-detetou-venda-de-telhas-acima-do-preco-afixado-em-batalha-e-coimbra\/\",\"name\":\"ASAE detetou venda de telhas acima do pre\u00e7o afixado em Batalha e Coimbra - Portal Tela Portugal\",\"isPartOf\":{\"@id\":\"https:\/\/portaltela.pt\/#website\"},\"primaryImageOfPage\":{\"@id\":\"https:\/\/portaltela.pt\/noticias\/2026\/02\/19\/asae-detetou-venda-de-telhas-acima-do-preco-afixado-em-batalha-e-coimbra\/#primaryimage\"},\"image\":{\"@id\":\"https:\/\/portaltela.pt\/noticias\/2026\/02\/19\/asae-detetou-venda-de-telhas-acima-do-preco-afixado-em-batalha-e-coimbra\/#primaryimage\"},\"thumbnailUrl\":\"https:\/\/portaltela.pt\/s.01k8rhncp4jt1\/2026\/02\/image-1435.jpg\",\"datePublished\":\"2026-02-19T18:47:00+00:00\",\"author\":{\"@id\":\"https:\/\/portaltela.pt\/#\/schema\/person\/c4278d4a6028830caff9ee44b42d32ed\"},\"breadcrumb\":{\"@id\":\"https:\/\/portaltela.pt\/noticias\/2026\/02\/19\/asae-detetou-venda-de-telhas-acima-do-preco-afixado-em-batalha-e-coimbra\/#breadcrumb\"},\"inLanguage\":\"pt-PT\",\"potentialAction\":[{\"@type\":\"ReadAction\",\"target\":[\"https:\/\/portaltela.pt\/noticias\/2026\/02\/19\/asae-detetou-venda-de-telhas-acima-do-preco-afixado-em-batalha-e-coimbra\/\"]}]},{\"@type\":\"ImageObject\",\"inLanguage\":\"pt-PT\",\"@id\":\"https:\/\/portaltela.pt\/noticias\/2026\/02\/19\/asae-detetou-venda-de-telhas-acima-do-preco-afixado-em-batalha-e-coimbra\/#primaryimage\",\"url\":\"https:\/\/portaltela.pt\/s.01k8rhncp4jt1\/2026\/02\/image-1435.jpg\",\"contentUrl\":\"https:\/\/portaltela.pt\/s.01k8rhncp4jt1\/2026\/02\/image-1435.jpg\",\"width\":796,\"height\":448,\"caption\":\"ASAE instaurou dois processos-crime por especula\u00e7\u00e3o na venda de telhas\"},{\"@type\":\"BreadcrumbList\",\"@id\":\"https:\/\/portaltela.pt\/noticias\/2026\/02\/19\/asae-detetou-venda-de-telhas-acima-do-preco-afixado-em-batalha-e-coimbra\/#breadcrumb\",\"itemListElement\":[{\"@type\":\"ListItem\",\"position\":1,\"name\":\"In\u00edcio\",\"item\":\"https:\/\/portaltela.pt\/\"},{\"@type\":\"ListItem\",\"position\":2,\"name\":\"ASAE detetou venda de telhas acima do pre\u00e7o afixado em Batalha e Coimbra\"}]},{\"@type\":\"WebSite\",\"@id\":\"https:\/\/portaltela.pt\/#website\",\"url\":\"https:\/\/portaltela.pt\/\",\"name\":\"Portal Tela Portugal\",\"description\":\"\",\"potentialAction\":[{\"@type\":\"SearchAction\",\"target\":{\"@type\":\"EntryPoint\",\"urlTemplate\":\"https:\/\/portaltela.pt\/?s={search_term_string}\"},\"query-input\":{\"@type\":\"PropertyValueSpecification\",\"valueRequired\":true,\"valueName\":\"search_term_string\"}}],\"inLanguage\":\"pt-PT\"},{\"@type\":\"Person\",\"@id\":\"https:\/\/portaltela.pt\/#\/schema\/person\/c4278d4a6028830caff9ee44b42d32ed\",\"name\":\"Telinha\",\"image\":{\"@type\":\"ImageObject\",\"inLanguage\":\"pt-PT\",\"@id\":\"https:\/\/portaltela.pt\/s.01k8rhncp4jt1\/2025\/11\/talking-bot-125x125.png\",\"url\":\"https:\/\/portaltela.pt\/s.01k8rhncp4jt1\/2025\/11\/talking-bot-125x125.png\",\"contentUrl\":\"https:\/\/portaltela.pt\/s.01k8rhncp4jt1\/2025\/11\/talking-bot-125x125.png\",\"caption\":\"Telinha\"},\"sameAs\":[\"https:\/\/portaltela.pt\/\"],\"url\":\"https:\/\/portaltela.pt\/por\/367410592786\/\"}]}<\/script>\n<!-- \/ Yoast SEO plugin. -->","yoast_head_json":{"title":"ASAE detetou venda de telhas acima do pre\u00e7o afixado em Batalha e Coimbra - Portal Tela Portugal","robots":{"index":"index","follow":"follow","max-snippet":"max-snippet:-1","max-image-preview":"max-image-preview:large","max-video-preview":"max-video-preview:-1"},"og_locale":"pt_PT","og_type":"article","og_title":"ASAE detetou venda de telhas acima do pre\u00e7o afixado em Batalha e Coimbra - Portal Tela Portugal","og_description":"A ASAE instaurou dois processos-crime por especula\u00e7\u00e3o de pre\u00e7os na venda de telhas acima do afixado, nos concelhos da Batalha e de Coimbra, desde 30 de janeiro, no \u00e2mbito de 630 a\u00e7\u00f5es. As a\u00e7\u00f5es visaram monitorizar atividades econ\u00f3micas, prevenir falhas de energia e \u00e1gua e orientar e Fiscalizar operadores econ\u00f3micos nas zonas afetadas pela tempestade Kristin. Foram abertos 13 processos de contraordena\u00e7\u00e3o, maioritariamente por faltas graves de higiene e seguran\u00e7a que colocavam em risco os consumidores. Quatro estabelecimentos de restaura\u00e7\u00e3o e bebidas tiveram suspensas as atividades por inexist\u00eancia de condi\u00e7\u00f5es m\u00ednimas de funcionamento. A ASAE continuar\u00e1 a\u00e7\u00f5es de fiscaliza\u00e7\u00e3o, vigil\u00e2ncia e acompanhamento, refor\u00e7ando a proximidade com operadores e popula\u00e7\u00f5es afetadas e a promo\u00e7\u00e3o de concorr\u00eancia leal e seguran\u00e7a alimentar.","og_url":"https:\/\/portaltela.pt\/noticias\/2026\/02\/19\/asae-detetou-venda-de-telhas-acima-do-preco-afixado-em-batalha-e-coimbra\/","og_site_name":"Portal Tela Portugal","article_published_time":"2026-02-19T18:47:00+00:00","author":"Telinha","twitter_card":"summary_large_image","twitter_misc":{"Escrito por":"Telinha","Tempo estimado de leitura":"1 minuto"},"schema":{"@context":"https:\/\/schema.org","@graph":[{"@type":"Article","@id":"https:\/\/portaltela.pt\/noticias\/2026\/02\/19\/asae-detetou-venda-de-telhas-acima-do-preco-afixado-em-batalha-e-coimbra\/#article","isPartOf":{"@id":"https:\/\/portaltela.pt\/noticias\/2026\/02\/19\/asae-detetou-venda-de-telhas-acima-do-preco-afixado-em-batalha-e-coimbra\/"},"author":{"name":"Telinha","@id":"https:\/\/portaltela.pt\/#\/schema\/person\/c4278d4a6028830caff9ee44b42d32ed"},"headline":"ASAE detetou venda de telhas acima do pre\u00e7o afixado em Batalha e Coimbra","datePublished":"2026-02-19T18:47:00+00:00","mainEntityOfPage":{"@id":"https:\/\/portaltela.pt\/noticias\/2026\/02\/19\/asae-detetou-venda-de-telhas-acima-do-preco-afixado-em-batalha-e-coimbra\/"},"wordCount":234,"image":{"@id":"https:\/\/portaltela.pt\/noticias\/2026\/02\/19\/asae-detetou-venda-de-telhas-acima-do-preco-afixado-em-batalha-e-coimbra\/#primaryimage"},"thumbnailUrl":"https:\/\/portaltela.pt\/s.01k8rhncp4jt1\/2026\/02\/image-1435.jpg","keywords":["abastecimento de \u00e1gua","ASAE","Batalha","Coimbra","higiene","Seguran\u00e7a Alimentar"],"articleSection":["Not\u00edcias"],"inLanguage":"pt-PT"},{"@type":"WebPage","@id":"https:\/\/portaltela.pt\/noticias\/2026\/02\/19\/asae-detetou-venda-de-telhas-acima-do-preco-afixado-em-batalha-e-coimbra\/","url":"https:\/\/portaltela.pt\/noticias\/2026\/02\/19\/asae-detetou-venda-de-telhas-acima-do-preco-afixado-em-batalha-e-coimbra\/","name":"ASAE detetou venda de telhas acima do pre\u00e7o afixado em Batalha e Coimbra - Portal Tela Portugal","isPartOf":{"@id":"https:\/\/portaltela.pt\/#website"},"primaryImageOfPage":{"@id":"https:\/\/portaltela.pt\/noticias\/2026\/02\/19\/asae-detetou-venda-de-telhas-acima-do-preco-afixado-em-batalha-e-coimbra\/#primaryimage"},"image":{"@id":"https:\/\/portaltela.pt\/noticias\/2026\/02\/19\/asae-detetou-venda-de-telhas-acima-do-preco-afixado-em-batalha-e-coimbra\/#primaryimage"},"thumbnailUrl":"https:\/\/portaltela.pt\/s.01k8rhncp4jt1\/2026\/02\/image-1435.jpg","datePublished":"2026-02-19T18:47:00+00:00","author":{"@id":"https:\/\/portaltela.pt\/#\/schema\/person\/c4278d4a6028830caff9ee44b42d32ed"},"breadcrumb":{"@id":"https:\/\/portaltela.pt\/noticias\/2026\/02\/19\/asae-detetou-venda-de-telhas-acima-do-preco-afixado-em-batalha-e-coimbra\/#breadcrumb"},"inLanguage":"pt-PT","potentialAction":[{"@type":"ReadAction","target":["https:\/\/portaltela.pt\/noticias\/2026\/02\/19\/asae-detetou-venda-de-telhas-acima-do-preco-afixado-em-batalha-e-coimbra\/"]}]},{"@type":"ImageObject","inLanguage":"pt-PT","@id":"https:\/\/portaltela.pt\/noticias\/2026\/02\/19\/asae-detetou-venda-de-telhas-acima-do-preco-afixado-em-batalha-e-coimbra\/#primaryimage","url":"https:\/\/portaltela.pt\/s.01k8rhncp4jt1\/2026\/02\/image-1435.jpg","contentUrl":"https:\/\/portaltela.pt\/s.01k8rhncp4jt1\/2026\/02\/image-1435.jpg","width":796,"height":448,"caption":"ASAE instaurou dois processos-crime por especula\u00e7\u00e3o na venda de telhas"},{"@type":"BreadcrumbList","@id":"https:\/\/portaltela.pt\/noticias\/2026\/02\/19\/asae-detetou-venda-de-telhas-acima-do-preco-afixado-em-batalha-e-coimbra\/#breadcrumb","itemListElement":[{"@type":"ListItem","position":1,"name":"In\u00edcio","item":"https:\/\/portaltela.pt\/"},{"@type":"ListItem","position":2,"name":"ASAE detetou venda de telhas acima do pre\u00e7o afixado em Batalha e Coimbra"}]},{"@type":"WebSite","@id":"https:\/\/portaltela.pt\/#website","url":"https:\/\/portaltela.pt\/","name":"Portal Tela Portugal","description":"","potentialAction":[{"@type":"SearchAction","target":{"@type":"EntryPoint","urlTemplate":"https:\/\/portaltela.pt\/?s={search_term_string}"},"query-input":{"@type":"PropertyValueSpecification","valueRequired":true,"valueName":"search_term_string"}}],"inLanguage":"pt-PT"},{"@type":"Person","@id":"https:\/\/portaltela.pt\/#\/schema\/person\/c4278d4a6028830caff9ee44b42d32ed","name":"Telinha","image":{"@type":"ImageObject","inLanguage":"pt-PT","@id":"https:\/\/portaltela.pt\/s.01k8rhncp4jt1\/2025\/11\/talking-bot-125x125.png","url":"https:\/\/portaltela.pt\/s.01k8rhncp4jt1\/2025\/11\/talking-bot-125x125.png","contentUrl":"https:\/\/portaltela.pt\/s.01k8rhncp4jt1\/2025\/11\/talking-bot-125x125.png","caption":"Telinha"},"sameAs":["https:\/\/portaltela.pt\/"],"url":"https:\/\/portaltela.pt\/por\/367410592786\/"}]}},"_links":{"self":[{"href":"https:\/\/portaltela.pt\/api\/wp\/v2\/posts\/218082","targetHints":{"allow":["GET"]}}],"collection":[{"href":"https:\/\/portaltela.pt\/api\/wp\/v2\/posts"}],"about":[{"href":"https:\/\/portaltela.pt\/api\/wp\/v2\/types\/post"}],"author":[{"embeddable":true,"href":"https:\/\/portaltela.pt\/api\/wp\/v2\/users\/2"}],"replies":[{"embeddable":true,"href":"https:\/\/portaltela.pt\/api\/wp\/v2\/comments?post=218082"}],"version-history":[{"count":0,"href":"https:\/\/portaltela.pt\/api\/wp\/v2\/posts\/218082\/revisions"}],"wp:featuredmedia":[{"embeddable":true,"href":"https:\/\/portaltela.pt\/api\/wp\/v2\/media\/218091"}],"wp:attachment":[{"href":"https:\/\/portaltela.pt\/api\/wp\/v2\/media?parent=218082"}],"wp:term":[{"taxonomy":"category","embeddable":true,"href":"https:\/\/portaltela.pt\/api\/wp\/v2\/categories?post=218082"},{"taxonomy":"post_tag","embeddable":true,"href":"https:\/\/portaltela.pt\/api\/wp\/v2\/tags?post=218082"}],"curies":[{"name":"wp","href":"https:\/\/api.w.org\/{rel}","templated":true}]}}