{"id":218075,"date":"2026-02-19T15:51:00","date_gmt":"2026-02-19T18:51:00","guid":{"rendered":"https:\/\/portaltela.pt\/noticias\/2026\/02\/19\/detencao-de-ex-principe-andre-no-caso-epstein-abala-a-monarquia-britanica\/"},"modified":"2026-02-19T15:51:00","modified_gmt":"2026-02-19T18:51:00","slug":"detencao-de-ex-principe-andre-no-caso-epstein-abala-a-monarquia-britanica","status":"publish","type":"post","link":"https:\/\/portaltela.pt\/noticias\/politica\/2026\/02\/19\/detencao-de-ex-principe-andre-no-caso-epstein-abala-a-monarquia-britanica\/","title":{"rendered":"Deten\u00e7\u00e3o de ex-pr\u00edncipe Andr\u00e9 no caso Epstein abala a monarquia brit\u00e2nica"},"content":{"rendered":"<p>A deten\u00e7\u00e3o do ex-pr\u00edncipe Andr\u00e9, irm\u00e3o do rei Carlos III, ocorre no contexto do envolvimento dele com o caso Epstein. A pol\u00edcia brit\u00e2nica confirmou uma investiga\u00e7\u00e3o formal, ap\u00f3s uma avalia\u00e7\u00e3o minuciosa de alega\u00e7\u00f5es de que o pr\u00edncipe ter\u00e1 fornecido documentos confidenciais do governo. A deten\u00e7\u00e3o aconteceu esta manh\u00e3 em Norfolk, no dia em que o antigo duque de York completo 66 anos.<\/p>\n<p>O caso liga-se ao caso do criminoso sexual condenado Jeffrey Epstein. Fontes oficiais indicaram que as acusa\u00e7\u00f5es remontam a liga\u00e7\u00f5es entre Andr\u00e9 e Epstein, com supostas partilhas de informa\u00e7\u00e3o durante o per\u00edodo em que o ex-Representante Especial para o Com\u00e9rcio e Investimento Internacional esteve no cargo entre 2001 e 2011.<\/p>\n<p>O ex-pr\u00edncipe permanece agora em cust\u00f3dia numa esquadra local, com possibilidade de deter\u00e7\u00e3o de at\u00e9 24 horas, prazo que pode ser prolongado por decis\u00e3o de um supervisor. N\u00e3o existe confirma\u00e7\u00e3o de acusa\u00e7\u00e3o formal at\u00e9 ao momento.<\/p>\n<p>O rei Carlos III expressou profunda preocupa\u00e7\u00e3o, mas afirmou que a lei deve seguir o seu curso. Em comunicado, garantiu apoio total \u00e0s autoridades e disse que n\u00e3o far\u00e1 coment\u00e1rios adicionais enquanto o processo estiver em curso.<\/p>\n<h3>Rea\u00e7\u00e3o oficial e desenvolvimento do caso<\/h3>\n<p>Diversas for\u00e7as policiais est\u00e3o a analisar tamb\u00e9m os movimentos do avi\u00e3o privado de Epstein em aeroportos do Reino Unido, para verificar se foi usado para transportar menores. N\u00e3o houve confirma\u00e7\u00e3o de envolvimento direto do monarca.<\/p>\n<p>O ex-primeiro-ministro Gordon Brown informou ter enviado uma carta de cinco p\u00e1ginas a v\u00e1rias for\u00e7as policiais, apresentando novas informa\u00e7\u00f5es obtidas a partir de ficheiros de Epstein, em defesa das v\u00edtimas menores.<\/p>\n<p>A controv\u00e9rsia s\u00f3 se intensificou com a divulga\u00e7\u00e3o pelo Departamento de Justi\u00e7a dos EUA de mensagens alegadamente indicadas como compartilhamento de documentos confidenciais com Epstein. As investiga\u00e7\u00f5es seguem em curso.<\/p>\n<p>Antes disso, Carlos III j\u00e1 tinha retirado t\u00edtulos e honras ao irm\u00e3o em 2011, quando este se demitiu das fun\u00e7\u00f5es de Representante Especial para o Com\u00e9rcio, mantendo-se, desde ent\u00e3o, fora de fun\u00e7\u00f5es p\u00fablicas associadas \u00e0 monarquia.<\/p>\n","protected":false},"excerpt":{"rendered":"<ul>\n<li>Deten\u00e7\u00e3o do ex-pr\u00edncipe Andr\u00e9, irm\u00e3o do rei Carlos III, em Norfolk, ligada ao caso Epstein, ocorrida esta manh\u00e3.<\/li>\n<li>Andr\u00e9 completa 66 anos no dia da deten\u00e7\u00e3o, com controv\u00e9rsia sobre a extens\u00e3o das liga\u00e7\u00f5es ao caso do criminoso sexual condenado.<\/li>\n<li>Pol\u00edcia abriu uma investiga\u00e7\u00e3o formal ap\u00f3s avalia\u00e7\u00e3o de alega\u00e7\u00f5es de que Andrew Mountatten-Windsor forneceu documentos confidenciais do governo entre 2001 e 2011.<\/li>\n<li>O ex-pr\u00edncipe permanece sob cust\u00f3dia numa esquadra, podendo ser detido at\u00e9 24 horas, com possibilidade de prolongamento por decis\u00e3o de um oficial superior.<\/li>\n<li>Rei Carlos III mostrou profunda preocupa\u00e7\u00e3o, afirmou que a lei deve seguir o seu curso e cooperar\u00e1 com as autoridades; outras for\u00e7as analisam o uso do avi\u00e3o privado de Epstein, e Gordon Brown enviou carta com novas informa\u00e7\u00f5es.<\/li>\n<\/ul>\n","protected":false},"author":2,"featured_media":218095,"comment_status":"closed","ping_status":"closed","sticky":false,"template":"","format":"standard","meta":{"footnotes":""},"categories":[1,5],"tags":[5839,177,81,803,5661,2111],"class_list":["post-218075","post","type-post","status-publish","format-standard","has-post-thumbnail","hentry","category-noticias","category-politica","tag-a-nobreza","tag-crimes","tag-internacionais","tag-justica","tag-pessoas-publicas","tag-reino-unido"],"yoast_head":"<!-- This site is optimized with the Yoast SEO plugin v27.2 - https:\/\/yoast.com\/product\/yoast-seo-wordpress\/ -->\n<title>Deten\u00e7\u00e3o de ex-pr\u00edncipe Andr\u00e9 no caso Epstein abala a monarquia brit\u00e2nica - Portal Tela Portugal<\/title>\n<meta name=\"robots\" content=\"index, follow, max-snippet:-1, max-image-preview:large, max-video-preview:-1\" \/>\n<meta property=\"og:locale\" content=\"pt_PT\" \/>\n<meta property=\"og:type\" content=\"article\" \/>\n<meta property=\"og:title\" content=\"Deten\u00e7\u00e3o de ex-pr\u00edncipe Andr\u00e9 no caso Epstein abala a monarquia brit\u00e2nica - Portal Tela Portugal\" \/>\n<meta property=\"og:description\" content=\"Deten\u00e7\u00e3o do ex-pr\u00edncipe Andr\u00e9, irm\u00e3o do rei Carlos III, em Norfolk, ligada ao caso Epstein, ocorrida esta manh\u00e3. Andr\u00e9 completa 66 anos no dia da deten\u00e7\u00e3o, com controv\u00e9rsia sobre a extens\u00e3o das liga\u00e7\u00f5es ao caso do criminoso sexual condenado. Pol\u00edcia abriu uma investiga\u00e7\u00e3o formal ap\u00f3s avalia\u00e7\u00e3o de alega\u00e7\u00f5es de que Andrew Mountatten-Windsor forneceu documentos confidenciais do governo entre 2001 e 2011. O ex-pr\u00edncipe permanece sob cust\u00f3dia numa esquadra, podendo ser detido at\u00e9 24 horas, com possibilidade de prolongamento por decis\u00e3o de um oficial superior. Rei Carlos III mostrou profunda preocupa\u00e7\u00e3o, afirmou que a lei deve seguir o seu curso e cooperar\u00e1 com as autoridades; outras for\u00e7as analisam o uso do avi\u00e3o privado de Epstein, e Gordon Brown enviou carta com novas informa\u00e7\u00f5es.\" \/>\n<meta property=\"og:url\" content=\"https:\/\/portaltela.pt\/noticias\/2026\/02\/19\/detencao-de-ex-principe-andre-no-caso-epstein-abala-a-monarquia-britanica\/\" \/>\n<meta property=\"og:site_name\" content=\"Portal Tela Portugal\" \/>\n<meta property=\"article:published_time\" content=\"2026-02-19T18:51:00+00:00\" \/>\n<meta name=\"author\" content=\"Telinha\" \/>\n<meta name=\"twitter:card\" content=\"summary_large_image\" \/>\n<meta name=\"twitter:label1\" content=\"Escrito por\" \/>\n\t<meta name=\"twitter:data1\" content=\"Telinha\" \/>\n\t<meta name=\"twitter:label2\" content=\"Tempo estimado de leitura\" \/>\n\t<meta name=\"twitter:data2\" content=\"2 minutos\" \/>\n<script type=\"application\/ld+json\" class=\"yoast-schema-graph\">{\"@context\":\"https:\/\/schema.org\",\"@graph\":[{\"@type\":\"Article\",\"@id\":\"https:\/\/portaltela.pt\/noticias\/2026\/02\/19\/detencao-de-ex-principe-andre-no-caso-epstein-abala-a-monarquia-britanica\/#article\",\"isPartOf\":{\"@id\":\"https:\/\/portaltela.pt\/noticias\/2026\/02\/19\/detencao-de-ex-principe-andre-no-caso-epstein-abala-a-monarquia-britanica\/\"},\"author\":{\"name\":\"Telinha\",\"@id\":\"https:\/\/portaltela.pt\/#\/schema\/person\/c4278d4a6028830caff9ee44b42d32ed\"},\"headline\":\"Deten\u00e7\u00e3o de ex-pr\u00edncipe Andr\u00e9 no caso Epstein abala a monarquia brit\u00e2nica\",\"datePublished\":\"2026-02-19T18:51:00+00:00\",\"mainEntityOfPage\":{\"@id\":\"https:\/\/portaltela.pt\/noticias\/2026\/02\/19\/detencao-de-ex-principe-andre-no-caso-epstein-abala-a-monarquia-britanica\/\"},\"wordCount\":380,\"image\":{\"@id\":\"https:\/\/portaltela.pt\/noticias\/2026\/02\/19\/detencao-de-ex-principe-andre-no-caso-epstein-abala-a-monarquia-britanica\/#primaryimage\"},\"thumbnailUrl\":\"https:\/\/portaltela.pt\/s.01k8rhncp4jt1\/2026\/02\/image-1436.jpg\",\"keywords\":[\"a nobreza\",\"crimes\",\"internacionais\",\"justi\u00e7a\",\"pessoas p\u00fablicas\",\"Reino Unido\"],\"articleSection\":[\"Not\u00edcias\",\"Pol\u00edtica\"],\"inLanguage\":\"pt-PT\"},{\"@type\":\"WebPage\",\"@id\":\"https:\/\/portaltela.pt\/noticias\/2026\/02\/19\/detencao-de-ex-principe-andre-no-caso-epstein-abala-a-monarquia-britanica\/\",\"url\":\"https:\/\/portaltela.pt\/noticias\/2026\/02\/19\/detencao-de-ex-principe-andre-no-caso-epstein-abala-a-monarquia-britanica\/\",\"name\":\"Deten\u00e7\u00e3o de ex-pr\u00edncipe Andr\u00e9 no caso Epstein abala a monarquia brit\u00e2nica - Portal Tela Portugal\",\"isPartOf\":{\"@id\":\"https:\/\/portaltela.pt\/#website\"},\"primaryImageOfPage\":{\"@id\":\"https:\/\/portaltela.pt\/noticias\/2026\/02\/19\/detencao-de-ex-principe-andre-no-caso-epstein-abala-a-monarquia-britanica\/#primaryimage\"},\"image\":{\"@id\":\"https:\/\/portaltela.pt\/noticias\/2026\/02\/19\/detencao-de-ex-principe-andre-no-caso-epstein-abala-a-monarquia-britanica\/#primaryimage\"},\"thumbnailUrl\":\"https:\/\/portaltela.pt\/s.01k8rhncp4jt1\/2026\/02\/image-1436.jpg\",\"datePublished\":\"2026-02-19T18:51:00+00:00\",\"author\":{\"@id\":\"https:\/\/portaltela.pt\/#\/schema\/person\/c4278d4a6028830caff9ee44b42d32ed\"},\"breadcrumb\":{\"@id\":\"https:\/\/portaltela.pt\/noticias\/2026\/02\/19\/detencao-de-ex-principe-andre-no-caso-epstein-abala-a-monarquia-britanica\/#breadcrumb\"},\"inLanguage\":\"pt-PT\",\"potentialAction\":[{\"@type\":\"ReadAction\",\"target\":[\"https:\/\/portaltela.pt\/noticias\/2026\/02\/19\/detencao-de-ex-principe-andre-no-caso-epstein-abala-a-monarquia-britanica\/\"]}]},{\"@type\":\"ImageObject\",\"inLanguage\":\"pt-PT\",\"@id\":\"https:\/\/portaltela.pt\/noticias\/2026\/02\/19\/detencao-de-ex-principe-andre-no-caso-epstein-abala-a-monarquia-britanica\/#primaryimage\",\"url\":\"https:\/\/portaltela.pt\/s.01k8rhncp4jt1\/2026\/02\/image-1436.jpg\",\"contentUrl\":\"https:\/\/portaltela.pt\/s.01k8rhncp4jt1\/2026\/02\/image-1436.jpg\",\"width\":796,\"height\":448,\"caption\":\"Foto: Odd Andersen\/AFP\"},{\"@type\":\"BreadcrumbList\",\"@id\":\"https:\/\/portaltela.pt\/noticias\/2026\/02\/19\/detencao-de-ex-principe-andre-no-caso-epstein-abala-a-monarquia-britanica\/#breadcrumb\",\"itemListElement\":[{\"@type\":\"ListItem\",\"position\":1,\"name\":\"In\u00edcio\",\"item\":\"https:\/\/portaltela.pt\/\"},{\"@type\":\"ListItem\",\"position\":2,\"name\":\"Deten\u00e7\u00e3o de ex-pr\u00edncipe Andr\u00e9 no caso Epstein abala a monarquia brit\u00e2nica\"}]},{\"@type\":\"WebSite\",\"@id\":\"https:\/\/portaltela.pt\/#website\",\"url\":\"https:\/\/portaltela.pt\/\",\"name\":\"Portal Tela Portugal\",\"description\":\"\",\"potentialAction\":[{\"@type\":\"SearchAction\",\"target\":{\"@type\":\"EntryPoint\",\"urlTemplate\":\"https:\/\/portaltela.pt\/?s={search_term_string}\"},\"query-input\":{\"@type\":\"PropertyValueSpecification\",\"valueRequired\":true,\"valueName\":\"search_term_string\"}}],\"inLanguage\":\"pt-PT\"},{\"@type\":\"Person\",\"@id\":\"https:\/\/portaltela.pt\/#\/schema\/person\/c4278d4a6028830caff9ee44b42d32ed\",\"name\":\"Telinha\",\"image\":{\"@type\":\"ImageObject\",\"inLanguage\":\"pt-PT\",\"@id\":\"https:\/\/portaltela.pt\/s.01k8rhncp4jt1\/2025\/11\/talking-bot-125x125.png\",\"url\":\"https:\/\/portaltela.pt\/s.01k8rhncp4jt1\/2025\/11\/talking-bot-125x125.png\",\"contentUrl\":\"https:\/\/portaltela.pt\/s.01k8rhncp4jt1\/2025\/11\/talking-bot-125x125.png\",\"caption\":\"Telinha\"},\"sameAs\":[\"https:\/\/portaltela.pt\/\"],\"url\":\"https:\/\/portaltela.pt\/por\/367410592786\/\"}]}<\/script>\n<!-- \/ Yoast SEO plugin. -->","yoast_head_json":{"title":"Deten\u00e7\u00e3o de ex-pr\u00edncipe Andr\u00e9 no caso Epstein abala a monarquia brit\u00e2nica - Portal Tela Portugal","robots":{"index":"index","follow":"follow","max-snippet":"max-snippet:-1","max-image-preview":"max-image-preview:large","max-video-preview":"max-video-preview:-1"},"og_locale":"pt_PT","og_type":"article","og_title":"Deten\u00e7\u00e3o de ex-pr\u00edncipe Andr\u00e9 no caso Epstein abala a monarquia brit\u00e2nica - Portal Tela Portugal","og_description":"Deten\u00e7\u00e3o do ex-pr\u00edncipe Andr\u00e9, irm\u00e3o do rei Carlos III, em Norfolk, ligada ao caso Epstein, ocorrida esta manh\u00e3. Andr\u00e9 completa 66 anos no dia da deten\u00e7\u00e3o, com controv\u00e9rsia sobre a extens\u00e3o das liga\u00e7\u00f5es ao caso do criminoso sexual condenado. Pol\u00edcia abriu uma investiga\u00e7\u00e3o formal ap\u00f3s avalia\u00e7\u00e3o de alega\u00e7\u00f5es de que Andrew Mountatten-Windsor forneceu documentos confidenciais do governo entre 2001 e 2011. O ex-pr\u00edncipe permanece sob cust\u00f3dia numa esquadra, podendo ser detido at\u00e9 24 horas, com possibilidade de prolongamento por decis\u00e3o de um oficial superior. Rei Carlos III mostrou profunda preocupa\u00e7\u00e3o, afirmou que a lei deve seguir o seu curso e cooperar\u00e1 com as autoridades; outras for\u00e7as analisam o uso do avi\u00e3o privado de Epstein, e Gordon Brown enviou carta com novas informa\u00e7\u00f5es.","og_url":"https:\/\/portaltela.pt\/noticias\/2026\/02\/19\/detencao-de-ex-principe-andre-no-caso-epstein-abala-a-monarquia-britanica\/","og_site_name":"Portal Tela Portugal","article_published_time":"2026-02-19T18:51:00+00:00","author":"Telinha","twitter_card":"summary_large_image","twitter_misc":{"Escrito por":"Telinha","Tempo estimado de leitura":"2 minutos"},"schema":{"@context":"https:\/\/schema.org","@graph":[{"@type":"Article","@id":"https:\/\/portaltela.pt\/noticias\/2026\/02\/19\/detencao-de-ex-principe-andre-no-caso-epstein-abala-a-monarquia-britanica\/#article","isPartOf":{"@id":"https:\/\/portaltela.pt\/noticias\/2026\/02\/19\/detencao-de-ex-principe-andre-no-caso-epstein-abala-a-monarquia-britanica\/"},"author":{"name":"Telinha","@id":"https:\/\/portaltela.pt\/#\/schema\/person\/c4278d4a6028830caff9ee44b42d32ed"},"headline":"Deten\u00e7\u00e3o de ex-pr\u00edncipe Andr\u00e9 no caso Epstein abala a monarquia brit\u00e2nica","datePublished":"2026-02-19T18:51:00+00:00","mainEntityOfPage":{"@id":"https:\/\/portaltela.pt\/noticias\/2026\/02\/19\/detencao-de-ex-principe-andre-no-caso-epstein-abala-a-monarquia-britanica\/"},"wordCount":380,"image":{"@id":"https:\/\/portaltela.pt\/noticias\/2026\/02\/19\/detencao-de-ex-principe-andre-no-caso-epstein-abala-a-monarquia-britanica\/#primaryimage"},"thumbnailUrl":"https:\/\/portaltela.pt\/s.01k8rhncp4jt1\/2026\/02\/image-1436.jpg","keywords":["a nobreza","crimes","internacionais","justi\u00e7a","pessoas p\u00fablicas","Reino Unido"],"articleSection":["Not\u00edcias","Pol\u00edtica"],"inLanguage":"pt-PT"},{"@type":"WebPage","@id":"https:\/\/portaltela.pt\/noticias\/2026\/02\/19\/detencao-de-ex-principe-andre-no-caso-epstein-abala-a-monarquia-britanica\/","url":"https:\/\/portaltela.pt\/noticias\/2026\/02\/19\/detencao-de-ex-principe-andre-no-caso-epstein-abala-a-monarquia-britanica\/","name":"Deten\u00e7\u00e3o de ex-pr\u00edncipe Andr\u00e9 no caso Epstein abala a monarquia brit\u00e2nica - Portal Tela Portugal","isPartOf":{"@id":"https:\/\/portaltela.pt\/#website"},"primaryImageOfPage":{"@id":"https:\/\/portaltela.pt\/noticias\/2026\/02\/19\/detencao-de-ex-principe-andre-no-caso-epstein-abala-a-monarquia-britanica\/#primaryimage"},"image":{"@id":"https:\/\/portaltela.pt\/noticias\/2026\/02\/19\/detencao-de-ex-principe-andre-no-caso-epstein-abala-a-monarquia-britanica\/#primaryimage"},"thumbnailUrl":"https:\/\/portaltela.pt\/s.01k8rhncp4jt1\/2026\/02\/image-1436.jpg","datePublished":"2026-02-19T18:51:00+00:00","author":{"@id":"https:\/\/portaltela.pt\/#\/schema\/person\/c4278d4a6028830caff9ee44b42d32ed"},"breadcrumb":{"@id":"https:\/\/portaltela.pt\/noticias\/2026\/02\/19\/detencao-de-ex-principe-andre-no-caso-epstein-abala-a-monarquia-britanica\/#breadcrumb"},"inLanguage":"pt-PT","potentialAction":[{"@type":"ReadAction","target":["https:\/\/portaltela.pt\/noticias\/2026\/02\/19\/detencao-de-ex-principe-andre-no-caso-epstein-abala-a-monarquia-britanica\/"]}]},{"@type":"ImageObject","inLanguage":"pt-PT","@id":"https:\/\/portaltela.pt\/noticias\/2026\/02\/19\/detencao-de-ex-principe-andre-no-caso-epstein-abala-a-monarquia-britanica\/#primaryimage","url":"https:\/\/portaltela.pt\/s.01k8rhncp4jt1\/2026\/02\/image-1436.jpg","contentUrl":"https:\/\/portaltela.pt\/s.01k8rhncp4jt1\/2026\/02\/image-1436.jpg","width":796,"height":448,"caption":"Foto: Odd Andersen\/AFP"},{"@type":"BreadcrumbList","@id":"https:\/\/portaltela.pt\/noticias\/2026\/02\/19\/detencao-de-ex-principe-andre-no-caso-epstein-abala-a-monarquia-britanica\/#breadcrumb","itemListElement":[{"@type":"ListItem","position":1,"name":"In\u00edcio","item":"https:\/\/portaltela.pt\/"},{"@type":"ListItem","position":2,"name":"Deten\u00e7\u00e3o de ex-pr\u00edncipe Andr\u00e9 no caso Epstein abala a monarquia brit\u00e2nica"}]},{"@type":"WebSite","@id":"https:\/\/portaltela.pt\/#website","url":"https:\/\/portaltela.pt\/","name":"Portal Tela Portugal","description":"","potentialAction":[{"@type":"SearchAction","target":{"@type":"EntryPoint","urlTemplate":"https:\/\/portaltela.pt\/?s={search_term_string}"},"query-input":{"@type":"PropertyValueSpecification","valueRequired":true,"valueName":"search_term_string"}}],"inLanguage":"pt-PT"},{"@type":"Person","@id":"https:\/\/portaltela.pt\/#\/schema\/person\/c4278d4a6028830caff9ee44b42d32ed","name":"Telinha","image":{"@type":"ImageObject","inLanguage":"pt-PT","@id":"https:\/\/portaltela.pt\/s.01k8rhncp4jt1\/2025\/11\/talking-bot-125x125.png","url":"https:\/\/portaltela.pt\/s.01k8rhncp4jt1\/2025\/11\/talking-bot-125x125.png","contentUrl":"https:\/\/portaltela.pt\/s.01k8rhncp4jt1\/2025\/11\/talking-bot-125x125.png","caption":"Telinha"},"sameAs":["https:\/\/portaltela.pt\/"],"url":"https:\/\/portaltela.pt\/por\/367410592786\/"}]}},"_links":{"self":[{"href":"https:\/\/portaltela.pt\/api\/wp\/v2\/posts\/218075","targetHints":{"allow":["GET"]}}],"collection":[{"href":"https:\/\/portaltela.pt\/api\/wp\/v2\/posts"}],"about":[{"href":"https:\/\/portaltela.pt\/api\/wp\/v2\/types\/post"}],"author":[{"embeddable":true,"href":"https:\/\/portaltela.pt\/api\/wp\/v2\/users\/2"}],"replies":[{"embeddable":true,"href":"https:\/\/portaltela.pt\/api\/wp\/v2\/comments?post=218075"}],"version-history":[{"count":0,"href":"https:\/\/portaltela.pt\/api\/wp\/v2\/posts\/218075\/revisions"}],"wp:featuredmedia":[{"embeddable":true,"href":"https:\/\/portaltela.pt\/api\/wp\/v2\/media\/218095"}],"wp:attachment":[{"href":"https:\/\/portaltela.pt\/api\/wp\/v2\/media?parent=218075"}],"wp:term":[{"taxonomy":"category","embeddable":true,"href":"https:\/\/portaltela.pt\/api\/wp\/v2\/categories?post=218075"},{"taxonomy":"post_tag","embeddable":true,"href":"https:\/\/portaltela.pt\/api\/wp\/v2\/tags?post=218075"}],"curies":[{"name":"wp","href":"https:\/\/api.w.org\/{rel}","templated":true}]}}