{"id":218045,"date":"2026-02-19T15:28:00","date_gmt":"2026-02-19T18:28:00","guid":{"rendered":"https:\/\/portaltela.pt\/noticias\/2026\/02\/19\/filomena-e-vitor-ha-tres-semanas-num-pavilhao-em-leiria-esperando-dias-melhores\/"},"modified":"2026-02-19T15:28:00","modified_gmt":"2026-02-19T18:28:00","slug":"filomena-e-vitor-ha-tres-semanas-num-pavilhao-em-leiria-esperando-dias-melhores","status":"publish","type":"post","link":"https:\/\/portaltela.pt\/noticias\/2026\/02\/19\/filomena-e-vitor-ha-tres-semanas-num-pavilhao-em-leiria-esperando-dias-melhores\/","title":{"rendered":"Filomena e V\u00edtor h\u00e1 tr\u00eas semanas num pavilh\u00e3o em Leiria esperando dias melhores"},"content":{"rendered":"<p>No pavilh\u00e3o Souto da Carpalhosa, em Leiria, 12 desalojados continuam a viver h\u00e1 tr\u00eas semanas ap\u00f3s a passagem da depress\u00e3o Kristin. Dentre eles est\u00e1 Filomena C\u00e9sar, de 71 anos, e o companheiro V\u00edtor, que aguardam dias melhores e a solu\u00e7\u00e3o habitacional.<\/p>\n<p>Antes, 26 pessoas ficaram sem casa. Hoje, a maioria j\u00e1 foi enquadrada em habita\u00e7\u00f5es tempor\u00e1rias, e as fam\u00edlias deslocaram-se para uma esfera de apoio. O grupo permanece num espa\u00e7o partilhado do pavilh\u00e3o, com jogos, livros e televis\u00e3o para passar o tempo.<\/p>\n<p>Filomena lembra os impactos da tempestade, que provocou estragos na Moita da Roda, obrigando a fam\u00edlia a procurar abrigo. O grupo de oito deslocados pertence \u00e0 fam\u00edlia de Filomena, que esteve sob \u00e1gua e chuva, com habita\u00e7\u00f5es afectadas dentro de casa.<\/p>\n<h3>Situa\u00e7\u00e3o atual no abrigo<\/h3>\n<p>No espa\u00e7o reservado por lonas, Filomena e a sogra compartilham uma mesa junto a um aquecedor a \u00f3leo, rodeadas de domin\u00f3s, cartas e filmes em DVD. Do lado, dormem 12 pessoas, num espa\u00e7o com uma mesa corrida para as refei\u00e7\u00f5es.<\/p>\n<p>&gt; A vida no pavilh\u00e3o tem sido marcada por limita\u00e7\u00f5es: a casa de Filomena apresenta humidade alta, parte do telhado danificada e rachas que se alargam no teto da casa da sogra. A fam\u00edlia aguarda a instala\u00e7\u00e3o de tr\u00eas casas pr\u00e9-fabricadas ao lado do pavilh\u00e3o, prevista para hoje.<\/p>\n<h3>Perspectivas e pr\u00f3ximos passos<\/h3>\n<p>A mudan\u00e7a para as tr\u00eas casas pr\u00e9-fabricadas representa uma fonte de esperan\u00e7a para Filomena, que tamb\u00e9m pretende reunir os seus dois c\u00e3es, Bianca e Matias, com a fam\u00edlia. A Junta de Freguesia tem sido destacada pela prontid\u00e3o na resposta, com a gest\u00e3o local a apoiar o grupo durante a crise.<\/p>\n<p>Filomena reconhece o esfor\u00e7o de quem ajudou e afirma manter a esperan\u00e7a de dias melhores. A situa\u00e7\u00e3o, por\u00e9m, permanece dependente de interven\u00e7\u00f5es de apoio p\u00fablico e de reconstru\u00e7\u00e3o das habita\u00e7\u00f5es afetadas. A reportagem segue apurando o desfecho dos despejos e o retorno \u00e0s casas originais.<\/p>\n","protected":false},"excerpt":{"rendered":"<ul>\n<li>No pavilh\u00e3o Souto da Carpalhosa, em Leiria, chegaram a estar 26 desalojados por causa da depress\u00e3o Kristin; hoje h\u00e1 12 pessoas, entre elas Filomena e V\u00edtor, h\u00e1 quase tr\u00eas semanas \u00e0 espera de dias melhores.<\/li>\n<li>O espa\u00e7o \u00e9 dividido por lonas pretas, com uma mesa, aquecedor a \u00f3leo, domin\u00f3s, cartas, livros e televis\u00e3o com DVDs; os 12 residentes dormem em colch\u00f5es, numa \u00e1rea onde h\u00e1 ainda uma mesa corrida para as refei\u00e7\u00f5es.<\/li>\n<li>Em 28 de janeiro, Filomena C\u00e9sar acordou com ventania que provocou danos na casa; oito dos desalojados s\u00e3o da sua fam\u00edlia, que recebeu ajuda da prote\u00e7\u00e3o civil para vir para o pavilh\u00e3o.<\/li>\n<li>A casa continua danificada, com humidade no quarto de Filomena e V\u00edtor, telhado em risco, e uma racha no teto da casa da sogra; a fam\u00edlia aguarda ajuda para recuperar a habita\u00e7\u00e3o.<\/li>\n<li>Hoje, 12 pessoas dever\u00e3o passar a morar em tr\u00eas casas pr\u00e9-fabricadas instaladas junto ao pavilh\u00e3o; Filomena espera ficar perto dos seus c\u00e3es e agradece o apoio da Junta, mantendo a esperan\u00e7a num desfecho melhor.<\/li>\n<\/ul>\n","protected":false},"author":2,"featured_media":218049,"comment_status":"closed","ping_status":"closed","sticky":false,"template":"","format":"standard","meta":{"footnotes":""},"categories":[1],"tags":[1211,3004,2843,150,5293,1385],"class_list":["post-218045","post","type-post","status-publish","format-standard","has-post-thumbnail","hentry","category-noticias","tag-apoio-social","tag-desalojados","tag-desalojamentos","tag-habitacao","tag-junta-de-freguesia","tag-leiria"],"yoast_head":"<!-- This site is optimized with the Yoast SEO plugin v27.2 - https:\/\/yoast.com\/product\/yoast-seo-wordpress\/ -->\n<title>Filomena e V\u00edtor h\u00e1 tr\u00eas semanas num pavilh\u00e3o em Leiria esperando dias melhores - Portal Tela Portugal<\/title>\n<meta name=\"robots\" content=\"index, follow, max-snippet:-1, max-image-preview:large, max-video-preview:-1\" \/>\n<meta property=\"og:locale\" content=\"pt_PT\" \/>\n<meta property=\"og:type\" content=\"article\" \/>\n<meta property=\"og:title\" content=\"Filomena e V\u00edtor h\u00e1 tr\u00eas semanas num pavilh\u00e3o em Leiria esperando dias melhores - Portal Tela Portugal\" \/>\n<meta property=\"og:description\" content=\"No pavilh\u00e3o Souto da Carpalhosa, em Leiria, chegaram a estar 26 desalojados por causa da depress\u00e3o Kristin; hoje h\u00e1 12 pessoas, entre elas Filomena e V\u00edtor, h\u00e1 quase tr\u00eas semanas \u00e0 espera de dias melhores. O espa\u00e7o \u00e9 dividido por lonas pretas, com uma mesa, aquecedor a \u00f3leo, domin\u00f3s, cartas, livros e televis\u00e3o com DVDs; os 12 residentes dormem em colch\u00f5es, numa \u00e1rea onde h\u00e1 ainda uma mesa corrida para as refei\u00e7\u00f5es. Em 28 de janeiro, Filomena C\u00e9sar acordou com ventania que provocou danos na casa; oito dos desalojados s\u00e3o da sua fam\u00edlia, que recebeu ajuda da prote\u00e7\u00e3o civil para vir para o pavilh\u00e3o. A casa continua danificada, com humidade no quarto de Filomena e V\u00edtor, telhado em risco, e uma racha no teto da casa da sogra; a fam\u00edlia aguarda ajuda para recuperar a habita\u00e7\u00e3o. Hoje, 12 pessoas dever\u00e3o passar a morar em tr\u00eas casas pr\u00e9-fabricadas instaladas junto ao pavilh\u00e3o; Filomena espera ficar perto dos seus c\u00e3es e agradece o apoio da Junta, mantendo a esperan\u00e7a num desfecho melhor.\" \/>\n<meta property=\"og:url\" content=\"https:\/\/portaltela.pt\/noticias\/2026\/02\/19\/filomena-e-vitor-ha-tres-semanas-num-pavilhao-em-leiria-esperando-dias-melhores\/\" \/>\n<meta property=\"og:site_name\" content=\"Portal Tela Portugal\" \/>\n<meta property=\"article:published_time\" content=\"2026-02-19T18:28:00+00:00\" \/>\n<meta name=\"author\" content=\"Telinha\" \/>\n<meta name=\"twitter:card\" content=\"summary_large_image\" \/>\n<meta name=\"twitter:label1\" content=\"Escrito por\" \/>\n\t<meta name=\"twitter:data1\" content=\"Telinha\" \/>\n\t<meta name=\"twitter:label2\" content=\"Tempo estimado de leitura\" \/>\n\t<meta name=\"twitter:data2\" content=\"2 minutos\" \/>\n<script type=\"application\/ld+json\" class=\"yoast-schema-graph\">{\"@context\":\"https:\/\/schema.org\",\"@graph\":[{\"@type\":\"Article\",\"@id\":\"https:\/\/portaltela.pt\/noticias\/2026\/02\/19\/filomena-e-vitor-ha-tres-semanas-num-pavilhao-em-leiria-esperando-dias-melhores\/#article\",\"isPartOf\":{\"@id\":\"https:\/\/portaltela.pt\/noticias\/2026\/02\/19\/filomena-e-vitor-ha-tres-semanas-num-pavilhao-em-leiria-esperando-dias-melhores\/\"},\"author\":{\"name\":\"Telinha\",\"@id\":\"https:\/\/portaltela.pt\/#\/schema\/person\/c4278d4a6028830caff9ee44b42d32ed\"},\"headline\":\"Filomena e V\u00edtor h\u00e1 tr\u00eas semanas num pavilh\u00e3o em Leiria esperando dias melhores\",\"datePublished\":\"2026-02-19T18:28:00+00:00\",\"mainEntityOfPage\":{\"@id\":\"https:\/\/portaltela.pt\/noticias\/2026\/02\/19\/filomena-e-vitor-ha-tres-semanas-num-pavilhao-em-leiria-esperando-dias-melhores\/\"},\"wordCount\":371,\"image\":{\"@id\":\"https:\/\/portaltela.pt\/noticias\/2026\/02\/19\/filomena-e-vitor-ha-tres-semanas-num-pavilhao-em-leiria-esperando-dias-melhores\/#primaryimage\"},\"thumbnailUrl\":\"https:\/\/portaltela.pt\/s.01k8rhncp4jt1\/2026\/02\/image-1434.jpg\",\"keywords\":[\"Apoio Social\",\"desalojados\",\"desalojamentos\",\"habita\u00e7\u00e3o\",\"Junta de Freguesia\",\"Leiria\"],\"articleSection\":[\"Not\u00edcias\"],\"inLanguage\":\"pt-PT\"},{\"@type\":\"WebPage\",\"@id\":\"https:\/\/portaltela.pt\/noticias\/2026\/02\/19\/filomena-e-vitor-ha-tres-semanas-num-pavilhao-em-leiria-esperando-dias-melhores\/\",\"url\":\"https:\/\/portaltela.pt\/noticias\/2026\/02\/19\/filomena-e-vitor-ha-tres-semanas-num-pavilhao-em-leiria-esperando-dias-melhores\/\",\"name\":\"Filomena e V\u00edtor h\u00e1 tr\u00eas semanas num pavilh\u00e3o em Leiria esperando dias melhores - Portal Tela Portugal\",\"isPartOf\":{\"@id\":\"https:\/\/portaltela.pt\/#website\"},\"primaryImageOfPage\":{\"@id\":\"https:\/\/portaltela.pt\/noticias\/2026\/02\/19\/filomena-e-vitor-ha-tres-semanas-num-pavilhao-em-leiria-esperando-dias-melhores\/#primaryimage\"},\"image\":{\"@id\":\"https:\/\/portaltela.pt\/noticias\/2026\/02\/19\/filomena-e-vitor-ha-tres-semanas-num-pavilhao-em-leiria-esperando-dias-melhores\/#primaryimage\"},\"thumbnailUrl\":\"https:\/\/portaltela.pt\/s.01k8rhncp4jt1\/2026\/02\/image-1434.jpg\",\"datePublished\":\"2026-02-19T18:28:00+00:00\",\"author\":{\"@id\":\"https:\/\/portaltela.pt\/#\/schema\/person\/c4278d4a6028830caff9ee44b42d32ed\"},\"breadcrumb\":{\"@id\":\"https:\/\/portaltela.pt\/noticias\/2026\/02\/19\/filomena-e-vitor-ha-tres-semanas-num-pavilhao-em-leiria-esperando-dias-melhores\/#breadcrumb\"},\"inLanguage\":\"pt-PT\",\"potentialAction\":[{\"@type\":\"ReadAction\",\"target\":[\"https:\/\/portaltela.pt\/noticias\/2026\/02\/19\/filomena-e-vitor-ha-tres-semanas-num-pavilhao-em-leiria-esperando-dias-melhores\/\"]}]},{\"@type\":\"ImageObject\",\"inLanguage\":\"pt-PT\",\"@id\":\"https:\/\/portaltela.pt\/noticias\/2026\/02\/19\/filomena-e-vitor-ha-tres-semanas-num-pavilhao-em-leiria-esperando-dias-melhores\/#primaryimage\",\"url\":\"https:\/\/portaltela.pt\/s.01k8rhncp4jt1\/2026\/02\/image-1434.jpg\",\"contentUrl\":\"https:\/\/portaltela.pt\/s.01k8rhncp4jt1\/2026\/02\/image-1434.jpg\",\"width\":796,\"height\":448,\"caption\":\"Foto: Paulo Cunha\/Lusa\"},{\"@type\":\"BreadcrumbList\",\"@id\":\"https:\/\/portaltela.pt\/noticias\/2026\/02\/19\/filomena-e-vitor-ha-tres-semanas-num-pavilhao-em-leiria-esperando-dias-melhores\/#breadcrumb\",\"itemListElement\":[{\"@type\":\"ListItem\",\"position\":1,\"name\":\"In\u00edcio\",\"item\":\"https:\/\/portaltela.pt\/\"},{\"@type\":\"ListItem\",\"position\":2,\"name\":\"Filomena e V\u00edtor h\u00e1 tr\u00eas semanas num pavilh\u00e3o em Leiria esperando dias melhores\"}]},{\"@type\":\"WebSite\",\"@id\":\"https:\/\/portaltela.pt\/#website\",\"url\":\"https:\/\/portaltela.pt\/\",\"name\":\"Portal Tela Portugal\",\"description\":\"\",\"potentialAction\":[{\"@type\":\"SearchAction\",\"target\":{\"@type\":\"EntryPoint\",\"urlTemplate\":\"https:\/\/portaltela.pt\/?s={search_term_string}\"},\"query-input\":{\"@type\":\"PropertyValueSpecification\",\"valueRequired\":true,\"valueName\":\"search_term_string\"}}],\"inLanguage\":\"pt-PT\"},{\"@type\":\"Person\",\"@id\":\"https:\/\/portaltela.pt\/#\/schema\/person\/c4278d4a6028830caff9ee44b42d32ed\",\"name\":\"Telinha\",\"image\":{\"@type\":\"ImageObject\",\"inLanguage\":\"pt-PT\",\"@id\":\"https:\/\/portaltela.pt\/s.01k8rhncp4jt1\/2025\/11\/talking-bot-125x125.png\",\"url\":\"https:\/\/portaltela.pt\/s.01k8rhncp4jt1\/2025\/11\/talking-bot-125x125.png\",\"contentUrl\":\"https:\/\/portaltela.pt\/s.01k8rhncp4jt1\/2025\/11\/talking-bot-125x125.png\",\"caption\":\"Telinha\"},\"sameAs\":[\"https:\/\/portaltela.pt\/\"],\"url\":\"https:\/\/portaltela.pt\/por\/367410592786\/\"}]}<\/script>\n<!-- \/ Yoast SEO plugin. -->","yoast_head_json":{"title":"Filomena e V\u00edtor h\u00e1 tr\u00eas semanas num pavilh\u00e3o em Leiria esperando dias melhores - Portal Tela Portugal","robots":{"index":"index","follow":"follow","max-snippet":"max-snippet:-1","max-image-preview":"max-image-preview:large","max-video-preview":"max-video-preview:-1"},"og_locale":"pt_PT","og_type":"article","og_title":"Filomena e V\u00edtor h\u00e1 tr\u00eas semanas num pavilh\u00e3o em Leiria esperando dias melhores - Portal Tela Portugal","og_description":"No pavilh\u00e3o Souto da Carpalhosa, em Leiria, chegaram a estar 26 desalojados por causa da depress\u00e3o Kristin; hoje h\u00e1 12 pessoas, entre elas Filomena e V\u00edtor, h\u00e1 quase tr\u00eas semanas \u00e0 espera de dias melhores. O espa\u00e7o \u00e9 dividido por lonas pretas, com uma mesa, aquecedor a \u00f3leo, domin\u00f3s, cartas, livros e televis\u00e3o com DVDs; os 12 residentes dormem em colch\u00f5es, numa \u00e1rea onde h\u00e1 ainda uma mesa corrida para as refei\u00e7\u00f5es. Em 28 de janeiro, Filomena C\u00e9sar acordou com ventania que provocou danos na casa; oito dos desalojados s\u00e3o da sua fam\u00edlia, que recebeu ajuda da prote\u00e7\u00e3o civil para vir para o pavilh\u00e3o. A casa continua danificada, com humidade no quarto de Filomena e V\u00edtor, telhado em risco, e uma racha no teto da casa da sogra; a fam\u00edlia aguarda ajuda para recuperar a habita\u00e7\u00e3o. Hoje, 12 pessoas dever\u00e3o passar a morar em tr\u00eas casas pr\u00e9-fabricadas instaladas junto ao pavilh\u00e3o; Filomena espera ficar perto dos seus c\u00e3es e agradece o apoio da Junta, mantendo a esperan\u00e7a num desfecho melhor.","og_url":"https:\/\/portaltela.pt\/noticias\/2026\/02\/19\/filomena-e-vitor-ha-tres-semanas-num-pavilhao-em-leiria-esperando-dias-melhores\/","og_site_name":"Portal Tela Portugal","article_published_time":"2026-02-19T18:28:00+00:00","author":"Telinha","twitter_card":"summary_large_image","twitter_misc":{"Escrito por":"Telinha","Tempo estimado de leitura":"2 minutos"},"schema":{"@context":"https:\/\/schema.org","@graph":[{"@type":"Article","@id":"https:\/\/portaltela.pt\/noticias\/2026\/02\/19\/filomena-e-vitor-ha-tres-semanas-num-pavilhao-em-leiria-esperando-dias-melhores\/#article","isPartOf":{"@id":"https:\/\/portaltela.pt\/noticias\/2026\/02\/19\/filomena-e-vitor-ha-tres-semanas-num-pavilhao-em-leiria-esperando-dias-melhores\/"},"author":{"name":"Telinha","@id":"https:\/\/portaltela.pt\/#\/schema\/person\/c4278d4a6028830caff9ee44b42d32ed"},"headline":"Filomena e V\u00edtor h\u00e1 tr\u00eas semanas num pavilh\u00e3o em Leiria esperando dias melhores","datePublished":"2026-02-19T18:28:00+00:00","mainEntityOfPage":{"@id":"https:\/\/portaltela.pt\/noticias\/2026\/02\/19\/filomena-e-vitor-ha-tres-semanas-num-pavilhao-em-leiria-esperando-dias-melhores\/"},"wordCount":371,"image":{"@id":"https:\/\/portaltela.pt\/noticias\/2026\/02\/19\/filomena-e-vitor-ha-tres-semanas-num-pavilhao-em-leiria-esperando-dias-melhores\/#primaryimage"},"thumbnailUrl":"https:\/\/portaltela.pt\/s.01k8rhncp4jt1\/2026\/02\/image-1434.jpg","keywords":["Apoio Social","desalojados","desalojamentos","habita\u00e7\u00e3o","Junta de Freguesia","Leiria"],"articleSection":["Not\u00edcias"],"inLanguage":"pt-PT"},{"@type":"WebPage","@id":"https:\/\/portaltela.pt\/noticias\/2026\/02\/19\/filomena-e-vitor-ha-tres-semanas-num-pavilhao-em-leiria-esperando-dias-melhores\/","url":"https:\/\/portaltela.pt\/noticias\/2026\/02\/19\/filomena-e-vitor-ha-tres-semanas-num-pavilhao-em-leiria-esperando-dias-melhores\/","name":"Filomena e V\u00edtor h\u00e1 tr\u00eas semanas num pavilh\u00e3o em Leiria esperando dias melhores - Portal Tela Portugal","isPartOf":{"@id":"https:\/\/portaltela.pt\/#website"},"primaryImageOfPage":{"@id":"https:\/\/portaltela.pt\/noticias\/2026\/02\/19\/filomena-e-vitor-ha-tres-semanas-num-pavilhao-em-leiria-esperando-dias-melhores\/#primaryimage"},"image":{"@id":"https:\/\/portaltela.pt\/noticias\/2026\/02\/19\/filomena-e-vitor-ha-tres-semanas-num-pavilhao-em-leiria-esperando-dias-melhores\/#primaryimage"},"thumbnailUrl":"https:\/\/portaltela.pt\/s.01k8rhncp4jt1\/2026\/02\/image-1434.jpg","datePublished":"2026-02-19T18:28:00+00:00","author":{"@id":"https:\/\/portaltela.pt\/#\/schema\/person\/c4278d4a6028830caff9ee44b42d32ed"},"breadcrumb":{"@id":"https:\/\/portaltela.pt\/noticias\/2026\/02\/19\/filomena-e-vitor-ha-tres-semanas-num-pavilhao-em-leiria-esperando-dias-melhores\/#breadcrumb"},"inLanguage":"pt-PT","potentialAction":[{"@type":"ReadAction","target":["https:\/\/portaltela.pt\/noticias\/2026\/02\/19\/filomena-e-vitor-ha-tres-semanas-num-pavilhao-em-leiria-esperando-dias-melhores\/"]}]},{"@type":"ImageObject","inLanguage":"pt-PT","@id":"https:\/\/portaltela.pt\/noticias\/2026\/02\/19\/filomena-e-vitor-ha-tres-semanas-num-pavilhao-em-leiria-esperando-dias-melhores\/#primaryimage","url":"https:\/\/portaltela.pt\/s.01k8rhncp4jt1\/2026\/02\/image-1434.jpg","contentUrl":"https:\/\/portaltela.pt\/s.01k8rhncp4jt1\/2026\/02\/image-1434.jpg","width":796,"height":448,"caption":"Foto: Paulo Cunha\/Lusa"},{"@type":"BreadcrumbList","@id":"https:\/\/portaltela.pt\/noticias\/2026\/02\/19\/filomena-e-vitor-ha-tres-semanas-num-pavilhao-em-leiria-esperando-dias-melhores\/#breadcrumb","itemListElement":[{"@type":"ListItem","position":1,"name":"In\u00edcio","item":"https:\/\/portaltela.pt\/"},{"@type":"ListItem","position":2,"name":"Filomena e V\u00edtor h\u00e1 tr\u00eas semanas num pavilh\u00e3o em Leiria esperando dias melhores"}]},{"@type":"WebSite","@id":"https:\/\/portaltela.pt\/#website","url":"https:\/\/portaltela.pt\/","name":"Portal Tela Portugal","description":"","potentialAction":[{"@type":"SearchAction","target":{"@type":"EntryPoint","urlTemplate":"https:\/\/portaltela.pt\/?s={search_term_string}"},"query-input":{"@type":"PropertyValueSpecification","valueRequired":true,"valueName":"search_term_string"}}],"inLanguage":"pt-PT"},{"@type":"Person","@id":"https:\/\/portaltela.pt\/#\/schema\/person\/c4278d4a6028830caff9ee44b42d32ed","name":"Telinha","image":{"@type":"ImageObject","inLanguage":"pt-PT","@id":"https:\/\/portaltela.pt\/s.01k8rhncp4jt1\/2025\/11\/talking-bot-125x125.png","url":"https:\/\/portaltela.pt\/s.01k8rhncp4jt1\/2025\/11\/talking-bot-125x125.png","contentUrl":"https:\/\/portaltela.pt\/s.01k8rhncp4jt1\/2025\/11\/talking-bot-125x125.png","caption":"Telinha"},"sameAs":["https:\/\/portaltela.pt\/"],"url":"https:\/\/portaltela.pt\/por\/367410592786\/"}]}},"_links":{"self":[{"href":"https:\/\/portaltela.pt\/api\/wp\/v2\/posts\/218045","targetHints":{"allow":["GET"]}}],"collection":[{"href":"https:\/\/portaltela.pt\/api\/wp\/v2\/posts"}],"about":[{"href":"https:\/\/portaltela.pt\/api\/wp\/v2\/types\/post"}],"author":[{"embeddable":true,"href":"https:\/\/portaltela.pt\/api\/wp\/v2\/users\/2"}],"replies":[{"embeddable":true,"href":"https:\/\/portaltela.pt\/api\/wp\/v2\/comments?post=218045"}],"version-history":[{"count":0,"href":"https:\/\/portaltela.pt\/api\/wp\/v2\/posts\/218045\/revisions"}],"wp:featuredmedia":[{"embeddable":true,"href":"https:\/\/portaltela.pt\/api\/wp\/v2\/media\/218049"}],"wp:attachment":[{"href":"https:\/\/portaltela.pt\/api\/wp\/v2\/media?parent=218045"}],"wp:term":[{"taxonomy":"category","embeddable":true,"href":"https:\/\/portaltela.pt\/api\/wp\/v2\/categories?post=218045"},{"taxonomy":"post_tag","embeddable":true,"href":"https:\/\/portaltela.pt\/api\/wp\/v2\/tags?post=218045"}],"curies":[{"name":"wp","href":"https:\/\/api.w.org\/{rel}","templated":true}]}}