{"id":218037,"date":"2026-02-19T15:15:00","date_gmt":"2026-02-19T18:15:00","guid":{"rendered":"https:\/\/portaltela.pt\/noticias\/2026\/02\/19\/equipamento-da-eta-de-fagilde-compromete-distribuicao-de-agua-em-viseu\/"},"modified":"2026-02-19T15:15:00","modified_gmt":"2026-02-19T18:15:00","slug":"equipamento-da-eta-de-fagilde-compromete-distribuicao-de-agua-em-viseu","status":"publish","type":"post","link":"https:\/\/portaltela.pt\/noticias\/2026\/02\/19\/equipamento-da-eta-de-fagilde-compromete-distribuicao-de-agua-em-viseu\/","title":{"rendered":"Equipamento da ETA de Fagilde compromete distribui\u00e7\u00e3o de \u00e1gua em Viseu"},"content":{"rendered":"<p>O presidente da C\u00e2mara de Viseu revelou que a Esta\u00e7\u00e3o de Tratamento de \u00c1gua (ETA) de Fagilde, situada no rio D\u00e3o, apresenta fragilidades que podem comprometer o abastecimento aos quatro munic\u00edpios servidos pela infraestrutura. O alerta foi feito na sess\u00e3o p\u00fablica de sua C\u00e2mara, na quinta-feira, ap\u00f3s ausculta\u00e7\u00e3o de t\u00e9cnicos e respons\u00e1veis pela rede.<\/p>\n<p>Segundo o autarca, o conjunto de equipamentos da ETA est\u00e1 fora de prazo e, na pr\u00e1tica, \u201cmorto\u201d, o que inclui dep\u00f3sitos de \u00e1gua, bombas de abastecimento e de limpeza, bem como a organiza\u00e7\u00e3o mec\u00e2nica e eletromec\u00e2nica associada a um motor. A avalia\u00e7\u00e3o aponta para a necessidade de interven\u00e7\u00f5es urgentes para evitar interrup\u00e7\u00f5es no servi\u00e7o.<\/p>\n<p>Azevedo indicou que, h\u00e1 v\u00e1rias semanas, tem estado em contacto com o Governo para encontrar solu\u00e7\u00f5es de financiamento que permitam resolver o problema da ETA de Fagilde, em conjunto com os concelhos ligados \u00e0 infraestrutura. O objetivo \u00e9 evitar que o funcionamento da ETA comprometa o fornecimento de \u00e1gua aos munic\u00edpios de Viseu, Penalva do Castelo, Mangualde e Nelas.<\/p>\n<p>A autarquia estima um investimento de cerca de 35 milh\u00f5es de euros para reinstalar o motor e modernizar o conjunto da ETA, que \u00e9 descrita como o \u201cmotor\u201d do tratamento e distribui\u00e7\u00e3o de \u00e1gua. Sem essa atualiza\u00e7\u00e3o, mesmo com \u00e1gua na barragem, os quatro munic\u00edpios n\u00e3o teriam \u00e1gua tratada dispon\u00edvel.<\/p>\n<p>A debate p\u00fablico ficou tamb\u00e9m a prioridade entre manter a barragem existente e substituir parte da rede. A preocupa\u00e7\u00e3o principal passa pela degrada\u00e7\u00e3o da ETA, que pode deixar de funcionar a qualquer momento, segundo o chefe do munic\u00edpio. A interven\u00e7\u00e3o est\u00e1 ligada a uma reavalia\u00e7\u00e3o de financiamentos e a decis\u00f5es sobre o sistema multimunicipal gerido pelas \u00c1guas do Douro e Paiva.<\/p>\n<p>O tema foi suscitando pela oposi\u00e7\u00e3o social-democrata, que questionou a C\u00e2mara sobre o estado da provid\u00eancia cautelar apresentada pela C\u00e2mara de Mangualde no Tribunal Administrativo e Fiscal de Viseu, que suspendeu o alargamento do sistema para incluir Fagilde. A C\u00e2mara de Viseu afirmou aguardar uma decis\u00e3o judicial, mantendo a prioridade na resolu\u00e7\u00e3o da degrada\u00e7\u00e3o da ETA.<\/p>\n","protected":false},"excerpt":{"rendered":"<ul>\n<li>O presidente da C\u00e2mara de Viseu alertou que a ETA de Fagilde, no rio D\u00e3o, est\u00e1 \u201cmorta\u201d e pode comprometer o abastecimento a quatro munic\u00edpios.<\/li>\n<li>Os munic\u00edpios servidos pela ETA de Fagilde s\u00e3o Viseu, Penalva do Castelo, Mangualde e Nelas.<\/li>\n<li>A autarquia estima um investimento de 35 milh\u00f5es de euros para colocar o motor e o conjunto de equipamentos a funcionar novamente.<\/li>\n<li>O Governo j\u00e1 foi contactado h\u00e1 v\u00e1rias semanas para encontrar solu\u00e7\u00f5es de financiamento que resolvam o problema da ETA de Fagilde junto dos concelhos afetados.<\/li>\n<li>A prioridade de curto prazo, segundo o presidente, \u00e9 resolver a degrada\u00e7\u00e3o da ETA antes de considerar novas barragens; a quest\u00e3o foi debatida numa reuni\u00e3o p\u00fablica.<\/li>\n<\/ul>\n","protected":false},"author":2,"featured_media":218044,"comment_status":"closed","ping_status":"closed","sticky":false,"template":"","format":"standard","meta":{"footnotes":""},"categories":[1],"tags":[1503,1090,1302,1307,1721,1171],"class_list":["post-218037","post","type-post","status-publish","format-standard","has-post-thumbnail","hentry","category-noticias","tag-abastecimento-de-agua","tag-agua","tag-mangualde","tag-nelas","tag-penalva-do-castelo","tag-viseu"],"yoast_head":"<!-- This site is optimized with the Yoast SEO plugin v27.2 - https:\/\/yoast.com\/product\/yoast-seo-wordpress\/ -->\n<title>Equipamento da ETA de Fagilde compromete distribui\u00e7\u00e3o de \u00e1gua em Viseu - Portal Tela Portugal<\/title>\n<meta name=\"robots\" content=\"index, follow, max-snippet:-1, max-image-preview:large, max-video-preview:-1\" \/>\n<meta property=\"og:locale\" content=\"pt_PT\" \/>\n<meta property=\"og:type\" content=\"article\" \/>\n<meta property=\"og:title\" content=\"Equipamento da ETA de Fagilde compromete distribui\u00e7\u00e3o de \u00e1gua em Viseu - Portal Tela Portugal\" \/>\n<meta property=\"og:description\" content=\"O presidente da C\u00e2mara de Viseu alertou que a ETA de Fagilde, no rio D\u00e3o, est\u00e1 \u201cmorta\u201d e pode comprometer o abastecimento a quatro munic\u00edpios. Os munic\u00edpios servidos pela ETA de Fagilde s\u00e3o Viseu, Penalva do Castelo, Mangualde e Nelas. A autarquia estima um investimento de 35 milh\u00f5es de euros para colocar o motor e o conjunto de equipamentos a funcionar novamente. O Governo j\u00e1 foi contactado h\u00e1 v\u00e1rias semanas para encontrar solu\u00e7\u00f5es de financiamento que resolvam o problema da ETA de Fagilde junto dos concelhos afetados. A prioridade de curto prazo, segundo o presidente, \u00e9 resolver a degrada\u00e7\u00e3o da ETA antes de considerar novas barragens; a quest\u00e3o foi debatida numa reuni\u00e3o p\u00fablica.\" \/>\n<meta property=\"og:url\" content=\"https:\/\/portaltela.pt\/noticias\/2026\/02\/19\/equipamento-da-eta-de-fagilde-compromete-distribuicao-de-agua-em-viseu\/\" \/>\n<meta property=\"og:site_name\" content=\"Portal Tela Portugal\" \/>\n<meta property=\"article:published_time\" content=\"2026-02-19T18:15:00+00:00\" \/>\n<meta name=\"author\" content=\"Telinha\" \/>\n<meta name=\"twitter:card\" content=\"summary_large_image\" \/>\n<meta name=\"twitter:label1\" content=\"Escrito por\" \/>\n\t<meta name=\"twitter:data1\" content=\"Telinha\" \/>\n\t<meta name=\"twitter:label2\" content=\"Tempo estimado de leitura\" \/>\n\t<meta name=\"twitter:data2\" content=\"2 minutos\" \/>\n<script type=\"application\/ld+json\" class=\"yoast-schema-graph\">{\"@context\":\"https:\/\/schema.org\",\"@graph\":[{\"@type\":\"Article\",\"@id\":\"https:\/\/portaltela.pt\/noticias\/2026\/02\/19\/equipamento-da-eta-de-fagilde-compromete-distribuicao-de-agua-em-viseu\/#article\",\"isPartOf\":{\"@id\":\"https:\/\/portaltela.pt\/noticias\/2026\/02\/19\/equipamento-da-eta-de-fagilde-compromete-distribuicao-de-agua-em-viseu\/\"},\"author\":{\"name\":\"Telinha\",\"@id\":\"https:\/\/portaltela.pt\/#\/schema\/person\/c4278d4a6028830caff9ee44b42d32ed\"},\"headline\":\"Equipamento da ETA de Fagilde compromete distribui\u00e7\u00e3o de \u00e1gua em Viseu\",\"datePublished\":\"2026-02-19T18:15:00+00:00\",\"mainEntityOfPage\":{\"@id\":\"https:\/\/portaltela.pt\/noticias\/2026\/02\/19\/equipamento-da-eta-de-fagilde-compromete-distribuicao-de-agua-em-viseu\/\"},\"wordCount\":387,\"image\":{\"@id\":\"https:\/\/portaltela.pt\/noticias\/2026\/02\/19\/equipamento-da-eta-de-fagilde-compromete-distribuicao-de-agua-em-viseu\/#primaryimage\"},\"thumbnailUrl\":\"https:\/\/portaltela.pt\/s.01k8rhncp4jt1\/2026\/02\/img_1500x1000uu2017-12-01-10-37-00-689466.jpg\",\"keywords\":[\"abastecimento de \u00e1gua\",\"\u00e1gua\",\"Mangualde\",\"Nelas\",\"Penalva do Castelo\",\"Viseu\"],\"articleSection\":[\"Not\u00edcias\"],\"inLanguage\":\"pt-PT\"},{\"@type\":\"WebPage\",\"@id\":\"https:\/\/portaltela.pt\/noticias\/2026\/02\/19\/equipamento-da-eta-de-fagilde-compromete-distribuicao-de-agua-em-viseu\/\",\"url\":\"https:\/\/portaltela.pt\/noticias\/2026\/02\/19\/equipamento-da-eta-de-fagilde-compromete-distribuicao-de-agua-em-viseu\/\",\"name\":\"Equipamento da ETA de Fagilde compromete distribui\u00e7\u00e3o de \u00e1gua em Viseu - Portal Tela Portugal\",\"isPartOf\":{\"@id\":\"https:\/\/portaltela.pt\/#website\"},\"primaryImageOfPage\":{\"@id\":\"https:\/\/portaltela.pt\/noticias\/2026\/02\/19\/equipamento-da-eta-de-fagilde-compromete-distribuicao-de-agua-em-viseu\/#primaryimage\"},\"image\":{\"@id\":\"https:\/\/portaltela.pt\/noticias\/2026\/02\/19\/equipamento-da-eta-de-fagilde-compromete-distribuicao-de-agua-em-viseu\/#primaryimage\"},\"thumbnailUrl\":\"https:\/\/portaltela.pt\/s.01k8rhncp4jt1\/2026\/02\/img_1500x1000uu2017-12-01-10-37-00-689466.jpg\",\"datePublished\":\"2026-02-19T18:15:00+00:00\",\"author\":{\"@id\":\"https:\/\/portaltela.pt\/#\/schema\/person\/c4278d4a6028830caff9ee44b42d32ed\"},\"breadcrumb\":{\"@id\":\"https:\/\/portaltela.pt\/noticias\/2026\/02\/19\/equipamento-da-eta-de-fagilde-compromete-distribuicao-de-agua-em-viseu\/#breadcrumb\"},\"inLanguage\":\"pt-PT\",\"potentialAction\":[{\"@type\":\"ReadAction\",\"target\":[\"https:\/\/portaltela.pt\/noticias\/2026\/02\/19\/equipamento-da-eta-de-fagilde-compromete-distribuicao-de-agua-em-viseu\/\"]}]},{\"@type\":\"ImageObject\",\"inLanguage\":\"pt-PT\",\"@id\":\"https:\/\/portaltela.pt\/noticias\/2026\/02\/19\/equipamento-da-eta-de-fagilde-compromete-distribuicao-de-agua-em-viseu\/#primaryimage\",\"url\":\"https:\/\/portaltela.pt\/s.01k8rhncp4jt1\/2026\/02\/img_1500x1000uu2017-12-01-10-37-00-689466.jpg\",\"contentUrl\":\"https:\/\/portaltela.pt\/s.01k8rhncp4jt1\/2026\/02\/img_1500x1000uu2017-12-01-10-37-00-689466.jpg\",\"width\":796,\"height\":448,\"caption\":\"Equipamento da ETA de Fagilde compromete distribui\u00e7\u00e3o de \u00e1gua na regi\u00e3o de Viseu\"},{\"@type\":\"BreadcrumbList\",\"@id\":\"https:\/\/portaltela.pt\/noticias\/2026\/02\/19\/equipamento-da-eta-de-fagilde-compromete-distribuicao-de-agua-em-viseu\/#breadcrumb\",\"itemListElement\":[{\"@type\":\"ListItem\",\"position\":1,\"name\":\"In\u00edcio\",\"item\":\"https:\/\/portaltela.pt\/\"},{\"@type\":\"ListItem\",\"position\":2,\"name\":\"Equipamento da ETA de Fagilde compromete distribui\u00e7\u00e3o de \u00e1gua em Viseu\"}]},{\"@type\":\"WebSite\",\"@id\":\"https:\/\/portaltela.pt\/#website\",\"url\":\"https:\/\/portaltela.pt\/\",\"name\":\"Portal Tela Portugal\",\"description\":\"\",\"potentialAction\":[{\"@type\":\"SearchAction\",\"target\":{\"@type\":\"EntryPoint\",\"urlTemplate\":\"https:\/\/portaltela.pt\/?s={search_term_string}\"},\"query-input\":{\"@type\":\"PropertyValueSpecification\",\"valueRequired\":true,\"valueName\":\"search_term_string\"}}],\"inLanguage\":\"pt-PT\"},{\"@type\":\"Person\",\"@id\":\"https:\/\/portaltela.pt\/#\/schema\/person\/c4278d4a6028830caff9ee44b42d32ed\",\"name\":\"Telinha\",\"image\":{\"@type\":\"ImageObject\",\"inLanguage\":\"pt-PT\",\"@id\":\"https:\/\/portaltela.pt\/s.01k8rhncp4jt1\/2025\/11\/talking-bot-125x125.png\",\"url\":\"https:\/\/portaltela.pt\/s.01k8rhncp4jt1\/2025\/11\/talking-bot-125x125.png\",\"contentUrl\":\"https:\/\/portaltela.pt\/s.01k8rhncp4jt1\/2025\/11\/talking-bot-125x125.png\",\"caption\":\"Telinha\"},\"sameAs\":[\"https:\/\/portaltela.pt\/\"],\"url\":\"https:\/\/portaltela.pt\/por\/367410592786\/\"}]}<\/script>\n<!-- \/ Yoast SEO plugin. -->","yoast_head_json":{"title":"Equipamento da ETA de Fagilde compromete distribui\u00e7\u00e3o de \u00e1gua em Viseu - Portal Tela Portugal","robots":{"index":"index","follow":"follow","max-snippet":"max-snippet:-1","max-image-preview":"max-image-preview:large","max-video-preview":"max-video-preview:-1"},"og_locale":"pt_PT","og_type":"article","og_title":"Equipamento da ETA de Fagilde compromete distribui\u00e7\u00e3o de \u00e1gua em Viseu - Portal Tela Portugal","og_description":"O presidente da C\u00e2mara de Viseu alertou que a ETA de Fagilde, no rio D\u00e3o, est\u00e1 \u201cmorta\u201d e pode comprometer o abastecimento a quatro munic\u00edpios. Os munic\u00edpios servidos pela ETA de Fagilde s\u00e3o Viseu, Penalva do Castelo, Mangualde e Nelas. A autarquia estima um investimento de 35 milh\u00f5es de euros para colocar o motor e o conjunto de equipamentos a funcionar novamente. O Governo j\u00e1 foi contactado h\u00e1 v\u00e1rias semanas para encontrar solu\u00e7\u00f5es de financiamento que resolvam o problema da ETA de Fagilde junto dos concelhos afetados. A prioridade de curto prazo, segundo o presidente, \u00e9 resolver a degrada\u00e7\u00e3o da ETA antes de considerar novas barragens; a quest\u00e3o foi debatida numa reuni\u00e3o p\u00fablica.","og_url":"https:\/\/portaltela.pt\/noticias\/2026\/02\/19\/equipamento-da-eta-de-fagilde-compromete-distribuicao-de-agua-em-viseu\/","og_site_name":"Portal Tela Portugal","article_published_time":"2026-02-19T18:15:00+00:00","author":"Telinha","twitter_card":"summary_large_image","twitter_misc":{"Escrito por":"Telinha","Tempo estimado de leitura":"2 minutos"},"schema":{"@context":"https:\/\/schema.org","@graph":[{"@type":"Article","@id":"https:\/\/portaltela.pt\/noticias\/2026\/02\/19\/equipamento-da-eta-de-fagilde-compromete-distribuicao-de-agua-em-viseu\/#article","isPartOf":{"@id":"https:\/\/portaltela.pt\/noticias\/2026\/02\/19\/equipamento-da-eta-de-fagilde-compromete-distribuicao-de-agua-em-viseu\/"},"author":{"name":"Telinha","@id":"https:\/\/portaltela.pt\/#\/schema\/person\/c4278d4a6028830caff9ee44b42d32ed"},"headline":"Equipamento da ETA de Fagilde compromete distribui\u00e7\u00e3o de \u00e1gua em Viseu","datePublished":"2026-02-19T18:15:00+00:00","mainEntityOfPage":{"@id":"https:\/\/portaltela.pt\/noticias\/2026\/02\/19\/equipamento-da-eta-de-fagilde-compromete-distribuicao-de-agua-em-viseu\/"},"wordCount":387,"image":{"@id":"https:\/\/portaltela.pt\/noticias\/2026\/02\/19\/equipamento-da-eta-de-fagilde-compromete-distribuicao-de-agua-em-viseu\/#primaryimage"},"thumbnailUrl":"https:\/\/portaltela.pt\/s.01k8rhncp4jt1\/2026\/02\/img_1500x1000uu2017-12-01-10-37-00-689466.jpg","keywords":["abastecimento de \u00e1gua","\u00e1gua","Mangualde","Nelas","Penalva do Castelo","Viseu"],"articleSection":["Not\u00edcias"],"inLanguage":"pt-PT"},{"@type":"WebPage","@id":"https:\/\/portaltela.pt\/noticias\/2026\/02\/19\/equipamento-da-eta-de-fagilde-compromete-distribuicao-de-agua-em-viseu\/","url":"https:\/\/portaltela.pt\/noticias\/2026\/02\/19\/equipamento-da-eta-de-fagilde-compromete-distribuicao-de-agua-em-viseu\/","name":"Equipamento da ETA de Fagilde compromete distribui\u00e7\u00e3o de \u00e1gua em Viseu - Portal Tela Portugal","isPartOf":{"@id":"https:\/\/portaltela.pt\/#website"},"primaryImageOfPage":{"@id":"https:\/\/portaltela.pt\/noticias\/2026\/02\/19\/equipamento-da-eta-de-fagilde-compromete-distribuicao-de-agua-em-viseu\/#primaryimage"},"image":{"@id":"https:\/\/portaltela.pt\/noticias\/2026\/02\/19\/equipamento-da-eta-de-fagilde-compromete-distribuicao-de-agua-em-viseu\/#primaryimage"},"thumbnailUrl":"https:\/\/portaltela.pt\/s.01k8rhncp4jt1\/2026\/02\/img_1500x1000uu2017-12-01-10-37-00-689466.jpg","datePublished":"2026-02-19T18:15:00+00:00","author":{"@id":"https:\/\/portaltela.pt\/#\/schema\/person\/c4278d4a6028830caff9ee44b42d32ed"},"breadcrumb":{"@id":"https:\/\/portaltela.pt\/noticias\/2026\/02\/19\/equipamento-da-eta-de-fagilde-compromete-distribuicao-de-agua-em-viseu\/#breadcrumb"},"inLanguage":"pt-PT","potentialAction":[{"@type":"ReadAction","target":["https:\/\/portaltela.pt\/noticias\/2026\/02\/19\/equipamento-da-eta-de-fagilde-compromete-distribuicao-de-agua-em-viseu\/"]}]},{"@type":"ImageObject","inLanguage":"pt-PT","@id":"https:\/\/portaltela.pt\/noticias\/2026\/02\/19\/equipamento-da-eta-de-fagilde-compromete-distribuicao-de-agua-em-viseu\/#primaryimage","url":"https:\/\/portaltela.pt\/s.01k8rhncp4jt1\/2026\/02\/img_1500x1000uu2017-12-01-10-37-00-689466.jpg","contentUrl":"https:\/\/portaltela.pt\/s.01k8rhncp4jt1\/2026\/02\/img_1500x1000uu2017-12-01-10-37-00-689466.jpg","width":796,"height":448,"caption":"Equipamento da ETA de Fagilde compromete distribui\u00e7\u00e3o de \u00e1gua na regi\u00e3o de Viseu"},{"@type":"BreadcrumbList","@id":"https:\/\/portaltela.pt\/noticias\/2026\/02\/19\/equipamento-da-eta-de-fagilde-compromete-distribuicao-de-agua-em-viseu\/#breadcrumb","itemListElement":[{"@type":"ListItem","position":1,"name":"In\u00edcio","item":"https:\/\/portaltela.pt\/"},{"@type":"ListItem","position":2,"name":"Equipamento da ETA de Fagilde compromete distribui\u00e7\u00e3o de \u00e1gua em Viseu"}]},{"@type":"WebSite","@id":"https:\/\/portaltela.pt\/#website","url":"https:\/\/portaltela.pt\/","name":"Portal Tela Portugal","description":"","potentialAction":[{"@type":"SearchAction","target":{"@type":"EntryPoint","urlTemplate":"https:\/\/portaltela.pt\/?s={search_term_string}"},"query-input":{"@type":"PropertyValueSpecification","valueRequired":true,"valueName":"search_term_string"}}],"inLanguage":"pt-PT"},{"@type":"Person","@id":"https:\/\/portaltela.pt\/#\/schema\/person\/c4278d4a6028830caff9ee44b42d32ed","name":"Telinha","image":{"@type":"ImageObject","inLanguage":"pt-PT","@id":"https:\/\/portaltela.pt\/s.01k8rhncp4jt1\/2025\/11\/talking-bot-125x125.png","url":"https:\/\/portaltela.pt\/s.01k8rhncp4jt1\/2025\/11\/talking-bot-125x125.png","contentUrl":"https:\/\/portaltela.pt\/s.01k8rhncp4jt1\/2025\/11\/talking-bot-125x125.png","caption":"Telinha"},"sameAs":["https:\/\/portaltela.pt\/"],"url":"https:\/\/portaltela.pt\/por\/367410592786\/"}]}},"_links":{"self":[{"href":"https:\/\/portaltela.pt\/api\/wp\/v2\/posts\/218037","targetHints":{"allow":["GET"]}}],"collection":[{"href":"https:\/\/portaltela.pt\/api\/wp\/v2\/posts"}],"about":[{"href":"https:\/\/portaltela.pt\/api\/wp\/v2\/types\/post"}],"author":[{"embeddable":true,"href":"https:\/\/portaltela.pt\/api\/wp\/v2\/users\/2"}],"replies":[{"embeddable":true,"href":"https:\/\/portaltela.pt\/api\/wp\/v2\/comments?post=218037"}],"version-history":[{"count":0,"href":"https:\/\/portaltela.pt\/api\/wp\/v2\/posts\/218037\/revisions"}],"wp:featuredmedia":[{"embeddable":true,"href":"https:\/\/portaltela.pt\/api\/wp\/v2\/media\/218044"}],"wp:attachment":[{"href":"https:\/\/portaltela.pt\/api\/wp\/v2\/media?parent=218037"}],"wp:term":[{"taxonomy":"category","embeddable":true,"href":"https:\/\/portaltela.pt\/api\/wp\/v2\/categories?post=218037"},{"taxonomy":"post_tag","embeddable":true,"href":"https:\/\/portaltela.pt\/api\/wp\/v2\/tags?post=218037"}],"curies":[{"name":"wp","href":"https:\/\/api.w.org\/{rel}","templated":true}]}}