{"id":218025,"date":"2026-02-19T15:28:00","date_gmt":"2026-02-19T18:28:00","guid":{"rendered":"https:\/\/portaltela.pt\/noticias\/2026\/02\/19\/ayuso-mantem-a-camisola-amarela-na-volta-ao-algarve-ate-ao-ultimo-dia\/"},"modified":"2026-02-19T15:28:00","modified_gmt":"2026-02-19T18:28:00","slug":"ayuso-mantem-a-camisola-amarela-na-volta-ao-algarve-ate-ao-ultimo-dia","status":"publish","type":"post","link":"https:\/\/portaltela.pt\/desporto\/2026\/02\/19\/ayuso-mantem-a-camisola-amarela-na-volta-ao-algarve-ate-ao-ultimo-dia\/","title":{"rendered":"Ayuso mant\u00e9m a camisola amarela na Volta ao Algarve at\u00e9 ao \u00faltimo dia"},"content":{"rendered":"<p>Juan Ayuso (Lidl-Trek) veste-se de amarelo na Volta ao Algarve ap\u00f3s terminar a segunda etapa na 2.\u00aa posi\u00e7\u00e3o, atr\u00e1s de Paul Seixas (Decathlon) na chegada ao Alto da F\u00f3ia. O espanhol assume a lideran\u00e7a da camisola amarela por ter tempo semelhante ao vencedor.<\/p>\n<p>Ayuso reconheceu que o timing da manobra o colocou menos bem nas curvas, admitindo que Seixas foi mais inteligente e mais forte. Ainda assim, o corredor espanhol afirma que pretende manter a camisola at\u00e9 ao \u00faltimo dia da prova.<\/p>\n<p>A subida \u00e0 F\u00f3ia decorreu por uma nova vertente, que Ayuso considerou dif\u00edcil, elogiando o esfor\u00e7o dos rivais pelo desafio proposto. O ciclista parte agora para o contrarrel\u00f3gio individual da terceira etapa, em Vilamoura, com 2.\u00ba lugar a Seixas e 7 segundos de vantagem sobre Jo\u00e3o Almeida (Emirates).<\/p>\n<p>No mapa da corrida, Almeida terminou em 3.\u00ba na F\u00f3ia, consolidando o registo das posi\u00e7\u00f5es diante dos favoritos. A etapa de contrarrel\u00f3gio tem 19,5 km e pode determinar altera\u00e7\u00f5es significativas na geral.<\/p>\n","protected":false},"excerpt":{"rendered":"<ul>\n<li>Juan Ayuso (Lidl-Trek) tornou\u2011se o novo camisola amarela da 52.\u00aa Volta ao Algarve ap\u00f3s terminar em segundo na chegada \u00e0 F\u00f3ia, ficando atr\u00e1s de Paul Seixas (Decathlon).<\/li>\n<li>Ayuso elogiou o vencedor e admitiu que o timing n\u00e3o foi ideal, dizendo que Seixas foi mais inteligente e mereceu a vit\u00f3ria, e tra\u00e7ou o objetivo de manter a amarela at\u00e9 ao \u00faltimo dia.<\/li>\n<li>A subida \u00e0 F\u00f3ia teve uma nova vertente, que Ayuso classificou como dif\u00edcil, considerando-a positiva.<\/li>\n<li>Na terceira etapa, o contrarrel\u00f3gio individual em Vilamoura (19,5 km) mant\u00e9m Ayuso com o mesmo tempo de Seixas e 7 segundos de vantagem sobre Jo\u00e3o Almeida (3.\u00ba).<\/li>\n<li>Jo\u00e3o Almeida terminou a F\u00f3ia em 3.\u00ba, refor\u00e7ando a posi\u00e7\u00e3o de Ayuso na geral para o contrarrel\u00f3gio.<\/li>\n<\/ul>\n","protected":false},"author":2,"featured_media":218035,"comment_status":"closed","ping_status":"closed","sticky":false,"template":"","format":"standard","meta":{"footnotes":""},"categories":[21],"tags":[928,923,6149,6069,6148,6083],"class_list":["post-218025","post","type-post","status-publish","format-standard","has-post-thumbnail","hentry","category-desporto","tag-algarve","tag-ciclismo","tag-contrarrelogio","tag-emirates","tag-joao-almeida","tag-lidl-trek"],"yoast_head":"<!-- This site is optimized with the Yoast SEO plugin v27.2 - https:\/\/yoast.com\/product\/yoast-seo-wordpress\/ -->\n<title>Ayuso mant\u00e9m a camisola amarela na Volta ao Algarve at\u00e9 ao \u00faltimo dia - Portal Tela Portugal<\/title>\n<meta name=\"robots\" content=\"index, follow, max-snippet:-1, max-image-preview:large, max-video-preview:-1\" \/>\n<meta property=\"og:locale\" content=\"pt_PT\" \/>\n<meta property=\"og:type\" content=\"article\" \/>\n<meta property=\"og:title\" content=\"Ayuso mant\u00e9m a camisola amarela na Volta ao Algarve at\u00e9 ao \u00faltimo dia - Portal Tela Portugal\" \/>\n<meta property=\"og:description\" content=\"Juan Ayuso (Lidl-Trek) tornou\u2011se o novo camisola amarela da 52.\u00aa Volta ao Algarve ap\u00f3s terminar em segundo na chegada \u00e0 F\u00f3ia, ficando atr\u00e1s de Paul Seixas (Decathlon). Ayuso elogiou o vencedor e admitiu que o timing n\u00e3o foi ideal, dizendo que Seixas foi mais inteligente e mereceu a vit\u00f3ria, e tra\u00e7ou o objetivo de manter a amarela at\u00e9 ao \u00faltimo dia. A subida \u00e0 F\u00f3ia teve uma nova vertente, que Ayuso classificou como dif\u00edcil, considerando-a positiva. Na terceira etapa, o contrarrel\u00f3gio individual em Vilamoura (19,5 km) mant\u00e9m Ayuso com o mesmo tempo de Seixas e 7 segundos de vantagem sobre Jo\u00e3o Almeida (3.\u00ba). Jo\u00e3o Almeida terminou a F\u00f3ia em 3.\u00ba, refor\u00e7ando a posi\u00e7\u00e3o de Ayuso na geral para o contrarrel\u00f3gio.\" \/>\n<meta property=\"og:url\" content=\"https:\/\/portaltela.pt\/noticias\/2026\/02\/19\/ayuso-mantem-a-camisola-amarela-na-volta-ao-algarve-ate-ao-ultimo-dia\/\" \/>\n<meta property=\"og:site_name\" content=\"Portal Tela Portugal\" \/>\n<meta property=\"article:published_time\" content=\"2026-02-19T18:28:00+00:00\" \/>\n<meta name=\"author\" content=\"Telinha\" \/>\n<meta name=\"twitter:card\" content=\"summary_large_image\" \/>\n<meta name=\"twitter:label1\" content=\"Escrito por\" \/>\n\t<meta name=\"twitter:data1\" content=\"Telinha\" \/>\n\t<meta name=\"twitter:label2\" content=\"Tempo estimado de leitura\" \/>\n\t<meta name=\"twitter:data2\" content=\"1 minuto\" \/>\n<script type=\"application\/ld+json\" class=\"yoast-schema-graph\">{\"@context\":\"https:\/\/schema.org\",\"@graph\":[{\"@type\":\"Article\",\"@id\":\"https:\/\/portaltela.pt\/noticias\/2026\/02\/19\/ayuso-mantem-a-camisola-amarela-na-volta-ao-algarve-ate-ao-ultimo-dia\/#article\",\"isPartOf\":{\"@id\":\"https:\/\/portaltela.pt\/noticias\/2026\/02\/19\/ayuso-mantem-a-camisola-amarela-na-volta-ao-algarve-ate-ao-ultimo-dia\/\"},\"author\":{\"name\":\"Telinha\",\"@id\":\"https:\/\/portaltela.pt\/#\/schema\/person\/c4278d4a6028830caff9ee44b42d32ed\"},\"headline\":\"Ayuso mant\u00e9m a camisola amarela na Volta ao Algarve at\u00e9 ao \u00faltimo dia\",\"datePublished\":\"2026-02-19T18:28:00+00:00\",\"mainEntityOfPage\":{\"@id\":\"https:\/\/portaltela.pt\/noticias\/2026\/02\/19\/ayuso-mantem-a-camisola-amarela-na-volta-ao-algarve-ate-ao-ultimo-dia\/\"},\"wordCount\":184,\"image\":{\"@id\":\"https:\/\/portaltela.pt\/noticias\/2026\/02\/19\/ayuso-mantem-a-camisola-amarela-na-volta-ao-algarve-ate-ao-ultimo-dia\/#primaryimage\"},\"thumbnailUrl\":\"https:\/\/portaltela.pt\/s.01k8rhncp4jt1\/2026\/02\/img_920x518uu2026-02-19-18-25-40-2422575.jpg\",\"keywords\":[\"Algarve\",\"ciclismo\",\"contrarrel\u00f3gio\",\"Emirates\",\"Jo\u00e3o Almeida\",\"Lidl-Trek\"],\"articleSection\":[\"Desporto\"],\"inLanguage\":\"pt-PT\"},{\"@type\":\"WebPage\",\"@id\":\"https:\/\/portaltela.pt\/noticias\/2026\/02\/19\/ayuso-mantem-a-camisola-amarela-na-volta-ao-algarve-ate-ao-ultimo-dia\/\",\"url\":\"https:\/\/portaltela.pt\/noticias\/2026\/02\/19\/ayuso-mantem-a-camisola-amarela-na-volta-ao-algarve-ate-ao-ultimo-dia\/\",\"name\":\"Ayuso mant\u00e9m a camisola amarela na Volta ao Algarve at\u00e9 ao \u00faltimo dia - Portal Tela Portugal\",\"isPartOf\":{\"@id\":\"https:\/\/portaltela.pt\/#website\"},\"primaryImageOfPage\":{\"@id\":\"https:\/\/portaltela.pt\/noticias\/2026\/02\/19\/ayuso-mantem-a-camisola-amarela-na-volta-ao-algarve-ate-ao-ultimo-dia\/#primaryimage\"},\"image\":{\"@id\":\"https:\/\/portaltela.pt\/noticias\/2026\/02\/19\/ayuso-mantem-a-camisola-amarela-na-volta-ao-algarve-ate-ao-ultimo-dia\/#primaryimage\"},\"thumbnailUrl\":\"https:\/\/portaltela.pt\/s.01k8rhncp4jt1\/2026\/02\/img_920x518uu2026-02-19-18-25-40-2422575.jpg\",\"datePublished\":\"2026-02-19T18:28:00+00:00\",\"author\":{\"@id\":\"https:\/\/portaltela.pt\/#\/schema\/person\/c4278d4a6028830caff9ee44b42d32ed\"},\"breadcrumb\":{\"@id\":\"https:\/\/portaltela.pt\/noticias\/2026\/02\/19\/ayuso-mantem-a-camisola-amarela-na-volta-ao-algarve-ate-ao-ultimo-dia\/#breadcrumb\"},\"inLanguage\":\"pt-PT\",\"potentialAction\":[{\"@type\":\"ReadAction\",\"target\":[\"https:\/\/portaltela.pt\/noticias\/2026\/02\/19\/ayuso-mantem-a-camisola-amarela-na-volta-ao-algarve-ate-ao-ultimo-dia\/\"]}]},{\"@type\":\"ImageObject\",\"inLanguage\":\"pt-PT\",\"@id\":\"https:\/\/portaltela.pt\/noticias\/2026\/02\/19\/ayuso-mantem-a-camisola-amarela-na-volta-ao-algarve-ate-ao-ultimo-dia\/#primaryimage\",\"url\":\"https:\/\/portaltela.pt\/s.01k8rhncp4jt1\/2026\/02\/img_920x518uu2026-02-19-18-25-40-2422575.jpg\",\"contentUrl\":\"https:\/\/portaltela.pt\/s.01k8rhncp4jt1\/2026\/02\/img_920x518uu2026-02-19-18-25-40-2422575.jpg\",\"width\":796,\"height\":448,\"caption\":\"Juan Ayuso \u00e9 o novo camisola amarela da Volta ao Algarve\"},{\"@type\":\"BreadcrumbList\",\"@id\":\"https:\/\/portaltela.pt\/noticias\/2026\/02\/19\/ayuso-mantem-a-camisola-amarela-na-volta-ao-algarve-ate-ao-ultimo-dia\/#breadcrumb\",\"itemListElement\":[{\"@type\":\"ListItem\",\"position\":1,\"name\":\"In\u00edcio\",\"item\":\"https:\/\/portaltela.pt\/\"},{\"@type\":\"ListItem\",\"position\":2,\"name\":\"Ayuso mant\u00e9m a camisola amarela na Volta ao Algarve at\u00e9 ao \u00faltimo dia\"}]},{\"@type\":\"WebSite\",\"@id\":\"https:\/\/portaltela.pt\/#website\",\"url\":\"https:\/\/portaltela.pt\/\",\"name\":\"Portal Tela Portugal\",\"description\":\"\",\"potentialAction\":[{\"@type\":\"SearchAction\",\"target\":{\"@type\":\"EntryPoint\",\"urlTemplate\":\"https:\/\/portaltela.pt\/?s={search_term_string}\"},\"query-input\":{\"@type\":\"PropertyValueSpecification\",\"valueRequired\":true,\"valueName\":\"search_term_string\"}}],\"inLanguage\":\"pt-PT\"},{\"@type\":\"Person\",\"@id\":\"https:\/\/portaltela.pt\/#\/schema\/person\/c4278d4a6028830caff9ee44b42d32ed\",\"name\":\"Telinha\",\"image\":{\"@type\":\"ImageObject\",\"inLanguage\":\"pt-PT\",\"@id\":\"https:\/\/portaltela.pt\/s.01k8rhncp4jt1\/2025\/11\/talking-bot-125x125.png\",\"url\":\"https:\/\/portaltela.pt\/s.01k8rhncp4jt1\/2025\/11\/talking-bot-125x125.png\",\"contentUrl\":\"https:\/\/portaltela.pt\/s.01k8rhncp4jt1\/2025\/11\/talking-bot-125x125.png\",\"caption\":\"Telinha\"},\"sameAs\":[\"https:\/\/portaltela.pt\/\"],\"url\":\"https:\/\/portaltela.pt\/por\/367410592786\/\"}]}<\/script>\n<!-- \/ Yoast SEO plugin. -->","yoast_head_json":{"title":"Ayuso mant\u00e9m a camisola amarela na Volta ao Algarve at\u00e9 ao \u00faltimo dia - Portal Tela Portugal","robots":{"index":"index","follow":"follow","max-snippet":"max-snippet:-1","max-image-preview":"max-image-preview:large","max-video-preview":"max-video-preview:-1"},"og_locale":"pt_PT","og_type":"article","og_title":"Ayuso mant\u00e9m a camisola amarela na Volta ao Algarve at\u00e9 ao \u00faltimo dia - Portal Tela Portugal","og_description":"Juan Ayuso (Lidl-Trek) tornou\u2011se o novo camisola amarela da 52.\u00aa Volta ao Algarve ap\u00f3s terminar em segundo na chegada \u00e0 F\u00f3ia, ficando atr\u00e1s de Paul Seixas (Decathlon). Ayuso elogiou o vencedor e admitiu que o timing n\u00e3o foi ideal, dizendo que Seixas foi mais inteligente e mereceu a vit\u00f3ria, e tra\u00e7ou o objetivo de manter a amarela at\u00e9 ao \u00faltimo dia. A subida \u00e0 F\u00f3ia teve uma nova vertente, que Ayuso classificou como dif\u00edcil, considerando-a positiva. Na terceira etapa, o contrarrel\u00f3gio individual em Vilamoura (19,5 km) mant\u00e9m Ayuso com o mesmo tempo de Seixas e 7 segundos de vantagem sobre Jo\u00e3o Almeida (3.\u00ba). Jo\u00e3o Almeida terminou a F\u00f3ia em 3.\u00ba, refor\u00e7ando a posi\u00e7\u00e3o de Ayuso na geral para o contrarrel\u00f3gio.","og_url":"https:\/\/portaltela.pt\/noticias\/2026\/02\/19\/ayuso-mantem-a-camisola-amarela-na-volta-ao-algarve-ate-ao-ultimo-dia\/","og_site_name":"Portal Tela Portugal","article_published_time":"2026-02-19T18:28:00+00:00","author":"Telinha","twitter_card":"summary_large_image","twitter_misc":{"Escrito por":"Telinha","Tempo estimado de leitura":"1 minuto"},"schema":{"@context":"https:\/\/schema.org","@graph":[{"@type":"Article","@id":"https:\/\/portaltela.pt\/noticias\/2026\/02\/19\/ayuso-mantem-a-camisola-amarela-na-volta-ao-algarve-ate-ao-ultimo-dia\/#article","isPartOf":{"@id":"https:\/\/portaltela.pt\/noticias\/2026\/02\/19\/ayuso-mantem-a-camisola-amarela-na-volta-ao-algarve-ate-ao-ultimo-dia\/"},"author":{"name":"Telinha","@id":"https:\/\/portaltela.pt\/#\/schema\/person\/c4278d4a6028830caff9ee44b42d32ed"},"headline":"Ayuso mant\u00e9m a camisola amarela na Volta ao Algarve at\u00e9 ao \u00faltimo dia","datePublished":"2026-02-19T18:28:00+00:00","mainEntityOfPage":{"@id":"https:\/\/portaltela.pt\/noticias\/2026\/02\/19\/ayuso-mantem-a-camisola-amarela-na-volta-ao-algarve-ate-ao-ultimo-dia\/"},"wordCount":184,"image":{"@id":"https:\/\/portaltela.pt\/noticias\/2026\/02\/19\/ayuso-mantem-a-camisola-amarela-na-volta-ao-algarve-ate-ao-ultimo-dia\/#primaryimage"},"thumbnailUrl":"https:\/\/portaltela.pt\/s.01k8rhncp4jt1\/2026\/02\/img_920x518uu2026-02-19-18-25-40-2422575.jpg","keywords":["Algarve","ciclismo","contrarrel\u00f3gio","Emirates","Jo\u00e3o Almeida","Lidl-Trek"],"articleSection":["Desporto"],"inLanguage":"pt-PT"},{"@type":"WebPage","@id":"https:\/\/portaltela.pt\/noticias\/2026\/02\/19\/ayuso-mantem-a-camisola-amarela-na-volta-ao-algarve-ate-ao-ultimo-dia\/","url":"https:\/\/portaltela.pt\/noticias\/2026\/02\/19\/ayuso-mantem-a-camisola-amarela-na-volta-ao-algarve-ate-ao-ultimo-dia\/","name":"Ayuso mant\u00e9m a camisola amarela na Volta ao Algarve at\u00e9 ao \u00faltimo dia - Portal Tela Portugal","isPartOf":{"@id":"https:\/\/portaltela.pt\/#website"},"primaryImageOfPage":{"@id":"https:\/\/portaltela.pt\/noticias\/2026\/02\/19\/ayuso-mantem-a-camisola-amarela-na-volta-ao-algarve-ate-ao-ultimo-dia\/#primaryimage"},"image":{"@id":"https:\/\/portaltela.pt\/noticias\/2026\/02\/19\/ayuso-mantem-a-camisola-amarela-na-volta-ao-algarve-ate-ao-ultimo-dia\/#primaryimage"},"thumbnailUrl":"https:\/\/portaltela.pt\/s.01k8rhncp4jt1\/2026\/02\/img_920x518uu2026-02-19-18-25-40-2422575.jpg","datePublished":"2026-02-19T18:28:00+00:00","author":{"@id":"https:\/\/portaltela.pt\/#\/schema\/person\/c4278d4a6028830caff9ee44b42d32ed"},"breadcrumb":{"@id":"https:\/\/portaltela.pt\/noticias\/2026\/02\/19\/ayuso-mantem-a-camisola-amarela-na-volta-ao-algarve-ate-ao-ultimo-dia\/#breadcrumb"},"inLanguage":"pt-PT","potentialAction":[{"@type":"ReadAction","target":["https:\/\/portaltela.pt\/noticias\/2026\/02\/19\/ayuso-mantem-a-camisola-amarela-na-volta-ao-algarve-ate-ao-ultimo-dia\/"]}]},{"@type":"ImageObject","inLanguage":"pt-PT","@id":"https:\/\/portaltela.pt\/noticias\/2026\/02\/19\/ayuso-mantem-a-camisola-amarela-na-volta-ao-algarve-ate-ao-ultimo-dia\/#primaryimage","url":"https:\/\/portaltela.pt\/s.01k8rhncp4jt1\/2026\/02\/img_920x518uu2026-02-19-18-25-40-2422575.jpg","contentUrl":"https:\/\/portaltela.pt\/s.01k8rhncp4jt1\/2026\/02\/img_920x518uu2026-02-19-18-25-40-2422575.jpg","width":796,"height":448,"caption":"Juan Ayuso \u00e9 o novo camisola amarela da Volta ao Algarve"},{"@type":"BreadcrumbList","@id":"https:\/\/portaltela.pt\/noticias\/2026\/02\/19\/ayuso-mantem-a-camisola-amarela-na-volta-ao-algarve-ate-ao-ultimo-dia\/#breadcrumb","itemListElement":[{"@type":"ListItem","position":1,"name":"In\u00edcio","item":"https:\/\/portaltela.pt\/"},{"@type":"ListItem","position":2,"name":"Ayuso mant\u00e9m a camisola amarela na Volta ao Algarve at\u00e9 ao \u00faltimo dia"}]},{"@type":"WebSite","@id":"https:\/\/portaltela.pt\/#website","url":"https:\/\/portaltela.pt\/","name":"Portal Tela Portugal","description":"","potentialAction":[{"@type":"SearchAction","target":{"@type":"EntryPoint","urlTemplate":"https:\/\/portaltela.pt\/?s={search_term_string}"},"query-input":{"@type":"PropertyValueSpecification","valueRequired":true,"valueName":"search_term_string"}}],"inLanguage":"pt-PT"},{"@type":"Person","@id":"https:\/\/portaltela.pt\/#\/schema\/person\/c4278d4a6028830caff9ee44b42d32ed","name":"Telinha","image":{"@type":"ImageObject","inLanguage":"pt-PT","@id":"https:\/\/portaltela.pt\/s.01k8rhncp4jt1\/2025\/11\/talking-bot-125x125.png","url":"https:\/\/portaltela.pt\/s.01k8rhncp4jt1\/2025\/11\/talking-bot-125x125.png","contentUrl":"https:\/\/portaltela.pt\/s.01k8rhncp4jt1\/2025\/11\/talking-bot-125x125.png","caption":"Telinha"},"sameAs":["https:\/\/portaltela.pt\/"],"url":"https:\/\/portaltela.pt\/por\/367410592786\/"}]}},"_links":{"self":[{"href":"https:\/\/portaltela.pt\/api\/wp\/v2\/posts\/218025","targetHints":{"allow":["GET"]}}],"collection":[{"href":"https:\/\/portaltela.pt\/api\/wp\/v2\/posts"}],"about":[{"href":"https:\/\/portaltela.pt\/api\/wp\/v2\/types\/post"}],"author":[{"embeddable":true,"href":"https:\/\/portaltela.pt\/api\/wp\/v2\/users\/2"}],"replies":[{"embeddable":true,"href":"https:\/\/portaltela.pt\/api\/wp\/v2\/comments?post=218025"}],"version-history":[{"count":0,"href":"https:\/\/portaltela.pt\/api\/wp\/v2\/posts\/218025\/revisions"}],"wp:featuredmedia":[{"embeddable":true,"href":"https:\/\/portaltela.pt\/api\/wp\/v2\/media\/218035"}],"wp:attachment":[{"href":"https:\/\/portaltela.pt\/api\/wp\/v2\/media?parent=218025"}],"wp:term":[{"taxonomy":"category","embeddable":true,"href":"https:\/\/portaltela.pt\/api\/wp\/v2\/categories?post=218025"},{"taxonomy":"post_tag","embeddable":true,"href":"https:\/\/portaltela.pt\/api\/wp\/v2\/tags?post=218025"}],"curies":[{"name":"wp","href":"https:\/\/api.w.org\/{rel}","templated":true}]}}