{"id":217995,"date":"2026-02-19T14:57:00","date_gmt":"2026-02-19T17:57:00","guid":{"rendered":"https:\/\/portaltela.pt\/noticias\/2026\/02\/19\/buscas-a-casa-do-ex-principe-andre-terminam-carlos-iii-mantem-agenda\/"},"modified":"2026-02-19T14:57:00","modified_gmt":"2026-02-19T17:57:00","slug":"buscas-a-casa-do-ex-principe-andre-terminam-carlos-iii-mantem-agenda","status":"publish","type":"post","link":"https:\/\/portaltela.pt\/noticias\/internacional\/2026\/02\/19\/buscas-a-casa-do-ex-principe-andre-terminam-carlos-iii-mantem-agenda\/","title":{"rendered":"Buscas \u00e0 casa do ex-pr\u00edncipe Andr\u00e9 terminam; Carlos III mant\u00e9m agenda"},"content":{"rendered":"<p>Oito horas ap\u00f3s a deten\u00e7\u00e3o, a Pol\u00edcia do Vale do Tamisa terminou as buscas no Royal Lodge, Windsor, casa do ex-pr\u00edncipe Andr\u00e9 por mais de 20 anos. Andrew Mountbatten-Windsor permanece detido desde a manh\u00e3 de hoje, sob investiga\u00e7\u00e3o por suspeita de m\u00e1 conduta no exerc\u00edcio de fun\u00e7\u00f5es p\u00fablicas.<\/p>\n<p>O detido est\u00e1 a ser interrogado pelas autoridades desde o in\u00edcio da manh\u00e3, segundo a pol\u00edcia. N\u00e3o foram divulgados mais detalhes sobre o inqu\u00e9rito ou o eventual envolvimento de outras pessoas.<\/p>\n<p>Enquanto o irm\u00e3o enfrenta o interrogat\u00f3rio, o rei Carlos III seguiu com a sua agenda, dirigindo-se \u00e0 Semana da Moda de Londres. O monarca participa de compromissos oficiais, mantendo a participa\u00e7\u00e3o prevista para a agenda real.<\/p>\n<p>As buscas no Royal Lodge ocorreram na sequ\u00eancia de acontecimentos recentes que levaram \u00e0 deten\u00e7\u00e3o do ex-pr\u00edncipe Andr\u00e9. A pol\u00edcia n\u00e3o avan\u00e7ou com mais informa\u00e7\u00f5es sobre o estado do inqu\u00e9rito ou poss\u00edveis futuras a\u00e7\u00f5es.<\/p>\n","protected":false},"excerpt":{"rendered":"<ul>\n<li>Oito horas depois da deten\u00e7\u00e3o do ex-pr\u00edncipe Andrew Mountbatten-Windsor, a Pol\u00edcia do Vale do Tamisa encerrou as buscas na Royal Lodge, Windsor.<\/li>\n<li>Andrew Mountbatten-Windsor permanece detido para ser interrogado por suspeita de m\u00e1 conduta no exerc\u00edcio de fun\u00e7\u00f5es p\u00fablicas.<\/li>\n<li>A Royal Lodge foi a casa dele durante mais de vinte anos.<\/li>\n<li>O rei Carlos III est\u00e1 a cumprir a sua agenda, tendo ido \u00e0 Semana da Moda de Londres.<\/li>\n<li>N\u00e3o h\u00e1, at\u00e9 ao momento, informa\u00e7\u00f5es adicionais sobre outras pessoas envolvidas na investiga\u00e7\u00e3o.<\/li>\n<\/ul>\n","protected":false},"author":2,"featured_media":218000,"comment_status":"closed","ping_status":"closed","sticky":false,"template":"","format":"standard","meta":{"footnotes":""},"categories":[4,1],"tags":[5839,4970,4139,4591,215,1802],"class_list":["post-217995","post","type-post","status-publish","format-standard","has-post-thumbnail","hentry","category-internacional","category-noticias","tag-a-nobreza","tag-andrew-mountbatten-windsor","tag-detencao","tag-inglaterra","tag-investigacao","tag-policia-judiciaria"],"yoast_head":"<!-- This site is optimized with the Yoast SEO plugin v27.2 - https:\/\/yoast.com\/product\/yoast-seo-wordpress\/ -->\n<title>Buscas \u00e0 casa do ex-pr\u00edncipe Andr\u00e9 terminam; Carlos III mant\u00e9m agenda - Portal Tela Portugal<\/title>\n<meta name=\"robots\" content=\"index, follow, max-snippet:-1, max-image-preview:large, max-video-preview:-1\" \/>\n<meta property=\"og:locale\" content=\"pt_PT\" \/>\n<meta property=\"og:type\" content=\"article\" \/>\n<meta property=\"og:title\" content=\"Buscas \u00e0 casa do ex-pr\u00edncipe Andr\u00e9 terminam; Carlos III mant\u00e9m agenda - Portal Tela Portugal\" \/>\n<meta property=\"og:description\" content=\"Oito horas depois da deten\u00e7\u00e3o do ex-pr\u00edncipe Andrew Mountbatten-Windsor, a Pol\u00edcia do Vale do Tamisa encerrou as buscas na Royal Lodge, Windsor. Andrew Mountbatten-Windsor permanece detido para ser interrogado por suspeita de m\u00e1 conduta no exerc\u00edcio de fun\u00e7\u00f5es p\u00fablicas. A Royal Lodge foi a casa dele durante mais de vinte anos. O rei Carlos III est\u00e1 a cumprir a sua agenda, tendo ido \u00e0 Semana da Moda de Londres. N\u00e3o h\u00e1, at\u00e9 ao momento, informa\u00e7\u00f5es adicionais sobre outras pessoas envolvidas na investiga\u00e7\u00e3o.\" \/>\n<meta property=\"og:url\" content=\"https:\/\/portaltela.pt\/noticias\/2026\/02\/19\/buscas-a-casa-do-ex-principe-andre-terminam-carlos-iii-mantem-agenda\/\" \/>\n<meta property=\"og:site_name\" content=\"Portal Tela Portugal\" \/>\n<meta property=\"article:published_time\" content=\"2026-02-19T17:57:00+00:00\" \/>\n<meta name=\"author\" content=\"Telinha\" \/>\n<meta name=\"twitter:card\" content=\"summary_large_image\" \/>\n<meta name=\"twitter:label1\" content=\"Escrito por\" \/>\n\t<meta name=\"twitter:data1\" content=\"Telinha\" \/>\n\t<meta name=\"twitter:label2\" content=\"Tempo estimado de leitura\" \/>\n\t<meta name=\"twitter:data2\" content=\"1 minuto\" \/>\n<script type=\"application\/ld+json\" class=\"yoast-schema-graph\">{\"@context\":\"https:\/\/schema.org\",\"@graph\":[{\"@type\":\"Article\",\"@id\":\"https:\/\/portaltela.pt\/noticias\/2026\/02\/19\/buscas-a-casa-do-ex-principe-andre-terminam-carlos-iii-mantem-agenda\/#article\",\"isPartOf\":{\"@id\":\"https:\/\/portaltela.pt\/noticias\/2026\/02\/19\/buscas-a-casa-do-ex-principe-andre-terminam-carlos-iii-mantem-agenda\/\"},\"author\":{\"name\":\"Telinha\",\"@id\":\"https:\/\/portaltela.pt\/#\/schema\/person\/c4278d4a6028830caff9ee44b42d32ed\"},\"headline\":\"Buscas \u00e0 casa do ex-pr\u00edncipe Andr\u00e9 terminam; Carlos III mant\u00e9m agenda\",\"datePublished\":\"2026-02-19T17:57:00+00:00\",\"mainEntityOfPage\":{\"@id\":\"https:\/\/portaltela.pt\/noticias\/2026\/02\/19\/buscas-a-casa-do-ex-principe-andre-terminam-carlos-iii-mantem-agenda\/\"},\"wordCount\":183,\"image\":{\"@id\":\"https:\/\/portaltela.pt\/noticias\/2026\/02\/19\/buscas-a-casa-do-ex-principe-andre-terminam-carlos-iii-mantem-agenda\/#primaryimage\"},\"thumbnailUrl\":\"https:\/\/portaltela.pt\/s.01k8rhncp4jt1\/2026\/02\/tpUHdbIMAGENStypeJPGshare1oBarraFacebook_Impar-1.jpg\",\"keywords\":[\"a nobreza\",\"Andrew Mountbatten-Windsor\",\"deten\u00e7\u00e3o\",\"Inglaterra\",\"investiga\u00e7\u00e3o\",\"Pol\u00edcia Judici\u00e1ria\"],\"articleSection\":[\"Internacional\",\"Not\u00edcias\"],\"inLanguage\":\"pt-PT\"},{\"@type\":\"WebPage\",\"@id\":\"https:\/\/portaltela.pt\/noticias\/2026\/02\/19\/buscas-a-casa-do-ex-principe-andre-terminam-carlos-iii-mantem-agenda\/\",\"url\":\"https:\/\/portaltela.pt\/noticias\/2026\/02\/19\/buscas-a-casa-do-ex-principe-andre-terminam-carlos-iii-mantem-agenda\/\",\"name\":\"Buscas \u00e0 casa do ex-pr\u00edncipe Andr\u00e9 terminam; Carlos III mant\u00e9m agenda - Portal Tela Portugal\",\"isPartOf\":{\"@id\":\"https:\/\/portaltela.pt\/#website\"},\"primaryImageOfPage\":{\"@id\":\"https:\/\/portaltela.pt\/noticias\/2026\/02\/19\/buscas-a-casa-do-ex-principe-andre-terminam-carlos-iii-mantem-agenda\/#primaryimage\"},\"image\":{\"@id\":\"https:\/\/portaltela.pt\/noticias\/2026\/02\/19\/buscas-a-casa-do-ex-principe-andre-terminam-carlos-iii-mantem-agenda\/#primaryimage\"},\"thumbnailUrl\":\"https:\/\/portaltela.pt\/s.01k8rhncp4jt1\/2026\/02\/tpUHdbIMAGENStypeJPGshare1oBarraFacebook_Impar-1.jpg\",\"datePublished\":\"2026-02-19T17:57:00+00:00\",\"author\":{\"@id\":\"https:\/\/portaltela.pt\/#\/schema\/person\/c4278d4a6028830caff9ee44b42d32ed\"},\"breadcrumb\":{\"@id\":\"https:\/\/portaltela.pt\/noticias\/2026\/02\/19\/buscas-a-casa-do-ex-principe-andre-terminam-carlos-iii-mantem-agenda\/#breadcrumb\"},\"inLanguage\":\"pt-PT\",\"potentialAction\":[{\"@type\":\"ReadAction\",\"target\":[\"https:\/\/portaltela.pt\/noticias\/2026\/02\/19\/buscas-a-casa-do-ex-principe-andre-terminam-carlos-iii-mantem-agenda\/\"]}]},{\"@type\":\"ImageObject\",\"inLanguage\":\"pt-PT\",\"@id\":\"https:\/\/portaltela.pt\/noticias\/2026\/02\/19\/buscas-a-casa-do-ex-principe-andre-terminam-carlos-iii-mantem-agenda\/#primaryimage\",\"url\":\"https:\/\/portaltela.pt\/s.01k8rhncp4jt1\/2026\/02\/tpUHdbIMAGENStypeJPGshare1oBarraFacebook_Impar-1.jpg\",\"contentUrl\":\"https:\/\/portaltela.pt\/s.01k8rhncp4jt1\/2026\/02\/tpUHdbIMAGENStypeJPGshare1oBarraFacebook_Impar-1.jpg\",\"width\":1200,\"height\":630,\"caption\":\"Britain's King Charles arrives to watch British\/Nigerian fashion designer Tolu Coker's AW26 catwalk show on the opening day of London Fashion Week, in London, Britain, February 19, 2026.\"},{\"@type\":\"BreadcrumbList\",\"@id\":\"https:\/\/portaltela.pt\/noticias\/2026\/02\/19\/buscas-a-casa-do-ex-principe-andre-terminam-carlos-iii-mantem-agenda\/#breadcrumb\",\"itemListElement\":[{\"@type\":\"ListItem\",\"position\":1,\"name\":\"In\u00edcio\",\"item\":\"https:\/\/portaltela.pt\/\"},{\"@type\":\"ListItem\",\"position\":2,\"name\":\"Buscas \u00e0 casa do ex-pr\u00edncipe Andr\u00e9 terminam; Carlos III mant\u00e9m agenda\"}]},{\"@type\":\"WebSite\",\"@id\":\"https:\/\/portaltela.pt\/#website\",\"url\":\"https:\/\/portaltela.pt\/\",\"name\":\"Portal Tela Portugal\",\"description\":\"\",\"potentialAction\":[{\"@type\":\"SearchAction\",\"target\":{\"@type\":\"EntryPoint\",\"urlTemplate\":\"https:\/\/portaltela.pt\/?s={search_term_string}\"},\"query-input\":{\"@type\":\"PropertyValueSpecification\",\"valueRequired\":true,\"valueName\":\"search_term_string\"}}],\"inLanguage\":\"pt-PT\"},{\"@type\":\"Person\",\"@id\":\"https:\/\/portaltela.pt\/#\/schema\/person\/c4278d4a6028830caff9ee44b42d32ed\",\"name\":\"Telinha\",\"image\":{\"@type\":\"ImageObject\",\"inLanguage\":\"pt-PT\",\"@id\":\"https:\/\/portaltela.pt\/s.01k8rhncp4jt1\/2025\/11\/talking-bot-125x125.png\",\"url\":\"https:\/\/portaltela.pt\/s.01k8rhncp4jt1\/2025\/11\/talking-bot-125x125.png\",\"contentUrl\":\"https:\/\/portaltela.pt\/s.01k8rhncp4jt1\/2025\/11\/talking-bot-125x125.png\",\"caption\":\"Telinha\"},\"sameAs\":[\"https:\/\/portaltela.pt\/\"],\"url\":\"https:\/\/portaltela.pt\/por\/367410592786\/\"}]}<\/script>\n<!-- \/ Yoast SEO plugin. -->","yoast_head_json":{"title":"Buscas \u00e0 casa do ex-pr\u00edncipe Andr\u00e9 terminam; Carlos III mant\u00e9m agenda - Portal Tela Portugal","robots":{"index":"index","follow":"follow","max-snippet":"max-snippet:-1","max-image-preview":"max-image-preview:large","max-video-preview":"max-video-preview:-1"},"og_locale":"pt_PT","og_type":"article","og_title":"Buscas \u00e0 casa do ex-pr\u00edncipe Andr\u00e9 terminam; Carlos III mant\u00e9m agenda - Portal Tela Portugal","og_description":"Oito horas depois da deten\u00e7\u00e3o do ex-pr\u00edncipe Andrew Mountbatten-Windsor, a Pol\u00edcia do Vale do Tamisa encerrou as buscas na Royal Lodge, Windsor. Andrew Mountbatten-Windsor permanece detido para ser interrogado por suspeita de m\u00e1 conduta no exerc\u00edcio de fun\u00e7\u00f5es p\u00fablicas. A Royal Lodge foi a casa dele durante mais de vinte anos. O rei Carlos III est\u00e1 a cumprir a sua agenda, tendo ido \u00e0 Semana da Moda de Londres. N\u00e3o h\u00e1, at\u00e9 ao momento, informa\u00e7\u00f5es adicionais sobre outras pessoas envolvidas na investiga\u00e7\u00e3o.","og_url":"https:\/\/portaltela.pt\/noticias\/2026\/02\/19\/buscas-a-casa-do-ex-principe-andre-terminam-carlos-iii-mantem-agenda\/","og_site_name":"Portal Tela Portugal","article_published_time":"2026-02-19T17:57:00+00:00","author":"Telinha","twitter_card":"summary_large_image","twitter_misc":{"Escrito por":"Telinha","Tempo estimado de leitura":"1 minuto"},"schema":{"@context":"https:\/\/schema.org","@graph":[{"@type":"Article","@id":"https:\/\/portaltela.pt\/noticias\/2026\/02\/19\/buscas-a-casa-do-ex-principe-andre-terminam-carlos-iii-mantem-agenda\/#article","isPartOf":{"@id":"https:\/\/portaltela.pt\/noticias\/2026\/02\/19\/buscas-a-casa-do-ex-principe-andre-terminam-carlos-iii-mantem-agenda\/"},"author":{"name":"Telinha","@id":"https:\/\/portaltela.pt\/#\/schema\/person\/c4278d4a6028830caff9ee44b42d32ed"},"headline":"Buscas \u00e0 casa do ex-pr\u00edncipe Andr\u00e9 terminam; Carlos III mant\u00e9m agenda","datePublished":"2026-02-19T17:57:00+00:00","mainEntityOfPage":{"@id":"https:\/\/portaltela.pt\/noticias\/2026\/02\/19\/buscas-a-casa-do-ex-principe-andre-terminam-carlos-iii-mantem-agenda\/"},"wordCount":183,"image":{"@id":"https:\/\/portaltela.pt\/noticias\/2026\/02\/19\/buscas-a-casa-do-ex-principe-andre-terminam-carlos-iii-mantem-agenda\/#primaryimage"},"thumbnailUrl":"https:\/\/portaltela.pt\/s.01k8rhncp4jt1\/2026\/02\/tpUHdbIMAGENStypeJPGshare1oBarraFacebook_Impar-1.jpg","keywords":["a nobreza","Andrew Mountbatten-Windsor","deten\u00e7\u00e3o","Inglaterra","investiga\u00e7\u00e3o","Pol\u00edcia Judici\u00e1ria"],"articleSection":["Internacional","Not\u00edcias"],"inLanguage":"pt-PT"},{"@type":"WebPage","@id":"https:\/\/portaltela.pt\/noticias\/2026\/02\/19\/buscas-a-casa-do-ex-principe-andre-terminam-carlos-iii-mantem-agenda\/","url":"https:\/\/portaltela.pt\/noticias\/2026\/02\/19\/buscas-a-casa-do-ex-principe-andre-terminam-carlos-iii-mantem-agenda\/","name":"Buscas \u00e0 casa do ex-pr\u00edncipe Andr\u00e9 terminam; Carlos III mant\u00e9m agenda - Portal Tela Portugal","isPartOf":{"@id":"https:\/\/portaltela.pt\/#website"},"primaryImageOfPage":{"@id":"https:\/\/portaltela.pt\/noticias\/2026\/02\/19\/buscas-a-casa-do-ex-principe-andre-terminam-carlos-iii-mantem-agenda\/#primaryimage"},"image":{"@id":"https:\/\/portaltela.pt\/noticias\/2026\/02\/19\/buscas-a-casa-do-ex-principe-andre-terminam-carlos-iii-mantem-agenda\/#primaryimage"},"thumbnailUrl":"https:\/\/portaltela.pt\/s.01k8rhncp4jt1\/2026\/02\/tpUHdbIMAGENStypeJPGshare1oBarraFacebook_Impar-1.jpg","datePublished":"2026-02-19T17:57:00+00:00","author":{"@id":"https:\/\/portaltela.pt\/#\/schema\/person\/c4278d4a6028830caff9ee44b42d32ed"},"breadcrumb":{"@id":"https:\/\/portaltela.pt\/noticias\/2026\/02\/19\/buscas-a-casa-do-ex-principe-andre-terminam-carlos-iii-mantem-agenda\/#breadcrumb"},"inLanguage":"pt-PT","potentialAction":[{"@type":"ReadAction","target":["https:\/\/portaltela.pt\/noticias\/2026\/02\/19\/buscas-a-casa-do-ex-principe-andre-terminam-carlos-iii-mantem-agenda\/"]}]},{"@type":"ImageObject","inLanguage":"pt-PT","@id":"https:\/\/portaltela.pt\/noticias\/2026\/02\/19\/buscas-a-casa-do-ex-principe-andre-terminam-carlos-iii-mantem-agenda\/#primaryimage","url":"https:\/\/portaltela.pt\/s.01k8rhncp4jt1\/2026\/02\/tpUHdbIMAGENStypeJPGshare1oBarraFacebook_Impar-1.jpg","contentUrl":"https:\/\/portaltela.pt\/s.01k8rhncp4jt1\/2026\/02\/tpUHdbIMAGENStypeJPGshare1oBarraFacebook_Impar-1.jpg","width":1200,"height":630,"caption":"Britain's King Charles arrives to watch British\/Nigerian fashion designer Tolu Coker's AW26 catwalk show on the opening day of London Fashion Week, in London, Britain, February 19, 2026."},{"@type":"BreadcrumbList","@id":"https:\/\/portaltela.pt\/noticias\/2026\/02\/19\/buscas-a-casa-do-ex-principe-andre-terminam-carlos-iii-mantem-agenda\/#breadcrumb","itemListElement":[{"@type":"ListItem","position":1,"name":"In\u00edcio","item":"https:\/\/portaltela.pt\/"},{"@type":"ListItem","position":2,"name":"Buscas \u00e0 casa do ex-pr\u00edncipe Andr\u00e9 terminam; Carlos III mant\u00e9m agenda"}]},{"@type":"WebSite","@id":"https:\/\/portaltela.pt\/#website","url":"https:\/\/portaltela.pt\/","name":"Portal Tela Portugal","description":"","potentialAction":[{"@type":"SearchAction","target":{"@type":"EntryPoint","urlTemplate":"https:\/\/portaltela.pt\/?s={search_term_string}"},"query-input":{"@type":"PropertyValueSpecification","valueRequired":true,"valueName":"search_term_string"}}],"inLanguage":"pt-PT"},{"@type":"Person","@id":"https:\/\/portaltela.pt\/#\/schema\/person\/c4278d4a6028830caff9ee44b42d32ed","name":"Telinha","image":{"@type":"ImageObject","inLanguage":"pt-PT","@id":"https:\/\/portaltela.pt\/s.01k8rhncp4jt1\/2025\/11\/talking-bot-125x125.png","url":"https:\/\/portaltela.pt\/s.01k8rhncp4jt1\/2025\/11\/talking-bot-125x125.png","contentUrl":"https:\/\/portaltela.pt\/s.01k8rhncp4jt1\/2025\/11\/talking-bot-125x125.png","caption":"Telinha"},"sameAs":["https:\/\/portaltela.pt\/"],"url":"https:\/\/portaltela.pt\/por\/367410592786\/"}]}},"_links":{"self":[{"href":"https:\/\/portaltela.pt\/api\/wp\/v2\/posts\/217995","targetHints":{"allow":["GET"]}}],"collection":[{"href":"https:\/\/portaltela.pt\/api\/wp\/v2\/posts"}],"about":[{"href":"https:\/\/portaltela.pt\/api\/wp\/v2\/types\/post"}],"author":[{"embeddable":true,"href":"https:\/\/portaltela.pt\/api\/wp\/v2\/users\/2"}],"replies":[{"embeddable":true,"href":"https:\/\/portaltela.pt\/api\/wp\/v2\/comments?post=217995"}],"version-history":[{"count":0,"href":"https:\/\/portaltela.pt\/api\/wp\/v2\/posts\/217995\/revisions"}],"wp:featuredmedia":[{"embeddable":true,"href":"https:\/\/portaltela.pt\/api\/wp\/v2\/media\/218000"}],"wp:attachment":[{"href":"https:\/\/portaltela.pt\/api\/wp\/v2\/media?parent=217995"}],"wp:term":[{"taxonomy":"category","embeddable":true,"href":"https:\/\/portaltela.pt\/api\/wp\/v2\/categories?post=217995"},{"taxonomy":"post_tag","embeddable":true,"href":"https:\/\/portaltela.pt\/api\/wp\/v2\/tags?post=217995"}],"curies":[{"name":"wp","href":"https:\/\/api.w.org\/{rel}","templated":true}]}}