{"id":217985,"date":"2026-02-19T15:17:11","date_gmt":"2026-02-19T18:17:11","guid":{"rendered":"https:\/\/portaltela.pt\/noticias\/2026\/02\/19\/exercito-dos-eua-pronto-para-atacar-o-irao-a-partir-de-sabado\/"},"modified":"2026-02-19T15:17:11","modified_gmt":"2026-02-19T18:17:11","slug":"exercito-dos-eua-pronto-para-atacar-o-irao-a-partir-de-sabado","status":"publish","type":"post","link":"https:\/\/portaltela.pt\/noticias\/internacional\/2026\/02\/19\/exercito-dos-eua-pronto-para-atacar-o-irao-a-partir-de-sabado\/","title":{"rendered":"Ex\u00e9rcito dos EUA pronto para atacar o Ir\u00e3o a partir de s\u00e1bado"},"content":{"rendered":"<p>O Ex\u00e9rcito dos EUA prepara-se para uma poss\u00edvel ofensiva contra o Ir\u00e3o, com indica\u00e7\u00f5es de que a\u00e7\u00f5es poder\u00e3o arrancar no fim de semana. A informa\u00e7\u00e3o surge a partir de relatos de v\u00e1rias fontes de seguran\u00e7a norte-americanas, mencionando uma decis\u00e3o ainda em avalia\u00e7\u00e3o pelo Presidente Donald Trump.<\/p>\n<p>Segundo relatos, a decis\u00e3o final n\u00e3o est\u00e1 tomada, apesar de o tema estar a ser discutido com os conselheiros pr\u00f3ximos do presidente. A Casa Branca analisa tamb\u00e9m os riscos de uma escalada regional e as potenciais consequ\u00eancias pol\u00edticas e militares de uma retra\u00e7\u00e3o.<\/p>\n<p>Numa escalada de tens\u00e3o, Trump publicou numa rede social que, se o Ir\u00e3o n\u00e3o ceder, poder\u00e1 ser necess\u00e1rio usar bases no exterior para repelir um poss\u00edvel ataque de um regime inst\u00e1vel. Essas declara\u00e7\u00f5es foram amplamente acompanhadas pela imprensa.<\/p>\n<p>Um conselheiro de Trump indicou \u00e0 Axios que existe uma probabilidade elevada de a\u00e7\u00e3o cin\u00e9tica nas pr\u00f3ximas semanas, mesmo com avan\u00e7os limitados nas negocia\u00e7\u00f5es. A vers\u00e3o oficial mant\u00e9m o foco na diplomacia, apesar do crescimento da ret\u00f3rica.<\/p>\n<p>Fontes pr\u00f3ximas do processo indicam que uma campanha militar seria extensa e orquestrada com apoio de Israel, envolvendo v\u00e1rias fases ao longo de semanas. O timing estaria dependente de movimenta\u00e7\u00f5es estrat\u00e9gicas no terreno.<\/p>\n<p>A chegada prevista do porta-avi\u00f5es USS Gerald Ford ao Mediterr\u00e2neo Oriental \u00e9 apontada como fator-chave para decidir o momento de qualquer ataque. Analistas veem essa mobiliza\u00e7\u00e3o como elemento central de planeamento.<\/p>\n<p>Antes de qualquer decis\u00e3o, o Pent\u00e1gono poder\u00e1 retirar parte do pessoal do M\u00e9dio Oriente para os EUA ou para a Europa, nos tr\u00eas dias que antecedem uma poss\u00edvel opera\u00e7\u00e3o, segundo a CBS, citando v\u00e1rias fontes.<\/p>\n<h3>Negocia\u00e7\u00f5es em Genebra<\/h3>\n<p>Conselheiros pr\u00f3ximos de Trump reuniram-se com o ministro iraniano dos Neg\u00f3cios Estrangeiros em Genebra, numa reuni\u00e3o de tr\u00eas horas, com avan\u00e7os reconhecidos por ambas as partes. Contudo, permanecem diverg\u00eancias significativas sobre quest\u00f5es-chave.<\/p>\n<p>O vice-presidente dos EUA afirmou que as negocia\u00e7\u00f5es evolu\u00edram bem em certos aspetos, mas que Trump fixa limites ainda n\u00e3o aceites pelo Ir\u00e3o. A comunica\u00e7\u00e3o oficial recusa lan\u00e7ar previs\u00f5es definitivas.<\/p>\n<p>A porta-voz da Casa Branca reiterou que h\u00e1 fundamentos para considerar uma a\u00e7\u00e3o, embora seja prefer\u00edvel primeiro manter o canal diplom\u00e1tico aberto. O Ir\u00e3o mant\u00e9m o argumento de que o enriquecimento nuclear faz parte do direito nacional.<\/p>\n<p>O chefe da energia at\u00f3mica iraniano garantiu que o enriquecimento \u00e9 uma mat\u00e9ria soberana, associando o direito de beneficiar pacificamente a uma prote\u00e7\u00e3o do programa nuclear sob supervis\u00e3o da AIEA.<\/p>\n","protected":false},"excerpt":{"rendered":"<ul>\n<li>Autoridades dos EUA disseram que as for\u00e7as armadas estar\u00e3o prontas para atacar o Ir\u00e3o a partir de s\u00e1bado, com Trump a ponderar a a\u00e7\u00e3o e a discutir o tema com os seus principais assessores.<\/li>\n<li>A Casa Branca avalia os riscos de uma escalada regional e as implica\u00e7\u00f5es pol\u00edticas e militares de uma retra\u00e7\u00e3o, apesar das negocia\u00e7\u00f5es entre Washington e Teer\u00e3o em Genebra.<\/li>\n<li>Trump escreveu na Truth Social que, se o Ir\u00e3o n\u00e3o chegar a um acordo, pode ser necess\u00e1rio usar Diego Garcia e o aer\u00f3dromo em Fairford para enfrentar um regime considerado inst\u00e1vel.<\/li>\n<li>Qualquer opera\u00e7\u00e3o seria provavelmente uma campanha massiva, com dura\u00e7\u00e3o de semanas, possivelmente realizada em conjunto com Israel, e o porta-avi\u00f5es USS Gerald Ford aproxima-se do Mediterr\u00e2neo oriental.<\/li>\n<li>O Pent\u00e1gono dever\u00e1 retirar temporariamente parte do pessoal do M\u00e9dio Oriente para os EUA ou para a Europa nos tr\u00eas dias que antecedem uma poss\u00edvel a\u00e7\u00e3o, segundo a CBS. As negocia\u00e7\u00f5es em Genebra contaram com Jared Kushner e Steve Witkoff a reunirem-se com o ministro dos Neg\u00f3cios Estrangeiros iraniano, Abbas Araghchi, com avan\u00e7os, mas ainda existindo grandes diverg\u00eancias.<\/li>\n<\/ul>\n","protected":false},"author":2,"featured_media":218001,"comment_status":"closed","ping_status":"closed","sticky":false,"template":"","format":"standard","meta":{"footnotes":""},"categories":[4,1],"tags":[6146,1779,62,3153,2036,4222],"class_list":["post-217985","post","type-post","status-publish","format-standard","has-post-thumbnail","hentry","category-internacional","category-noticias","tag-energia-atomica","tag-forcas-armadas","tag-guerra","tag-ira","tag-negociacoes-internacionais","tag-seguranca-internacional"],"yoast_head":"<!-- This site is optimized with the Yoast SEO plugin v27.2 - https:\/\/yoast.com\/product\/yoast-seo-wordpress\/ -->\n<title>Ex\u00e9rcito dos EUA pronto para atacar o Ir\u00e3o a partir de s\u00e1bado - Portal Tela Portugal<\/title>\n<meta name=\"robots\" content=\"index, follow, max-snippet:-1, max-image-preview:large, max-video-preview:-1\" \/>\n<meta property=\"og:locale\" content=\"pt_PT\" \/>\n<meta property=\"og:type\" content=\"article\" \/>\n<meta property=\"og:title\" content=\"Ex\u00e9rcito dos EUA pronto para atacar o Ir\u00e3o a partir de s\u00e1bado - Portal Tela Portugal\" \/>\n<meta property=\"og:description\" content=\"Autoridades dos EUA disseram que as for\u00e7as armadas estar\u00e3o prontas para atacar o Ir\u00e3o a partir de s\u00e1bado, com Trump a ponderar a a\u00e7\u00e3o e a discutir o tema com os seus principais assessores. A Casa Branca avalia os riscos de uma escalada regional e as implica\u00e7\u00f5es pol\u00edticas e militares de uma retra\u00e7\u00e3o, apesar das negocia\u00e7\u00f5es entre Washington e Teer\u00e3o em Genebra. Trump escreveu na Truth Social que, se o Ir\u00e3o n\u00e3o chegar a um acordo, pode ser necess\u00e1rio usar Diego Garcia e o aer\u00f3dromo em Fairford para enfrentar um regime considerado inst\u00e1vel. Qualquer opera\u00e7\u00e3o seria provavelmente uma campanha massiva, com dura\u00e7\u00e3o de semanas, possivelmente realizada em conjunto com Israel, e o porta-avi\u00f5es USS Gerald Ford aproxima-se do Mediterr\u00e2neo oriental. O Pent\u00e1gono dever\u00e1 retirar temporariamente parte do pessoal do M\u00e9dio Oriente para os EUA ou para a Europa nos tr\u00eas dias que antecedem uma poss\u00edvel a\u00e7\u00e3o, segundo a CBS. As negocia\u00e7\u00f5es em Genebra contaram com Jared Kushner e Steve Witkoff a reunirem-se com o ministro dos Neg\u00f3cios Estrangeiros iraniano, Abbas Araghchi, com avan\u00e7os, mas ainda existindo grandes diverg\u00eancias.\" \/>\n<meta property=\"og:url\" content=\"https:\/\/portaltela.pt\/noticias\/2026\/02\/19\/exercito-dos-eua-pronto-para-atacar-o-irao-a-partir-de-sabado\/\" \/>\n<meta property=\"og:site_name\" content=\"Portal Tela Portugal\" \/>\n<meta property=\"article:published_time\" content=\"2026-02-19T18:17:11+00:00\" \/>\n<meta name=\"author\" content=\"Telinha\" \/>\n<meta name=\"twitter:card\" content=\"summary_large_image\" \/>\n<meta name=\"twitter:label1\" content=\"Escrito por\" \/>\n\t<meta name=\"twitter:data1\" content=\"Telinha\" \/>\n\t<meta name=\"twitter:label2\" content=\"Tempo estimado de leitura\" \/>\n\t<meta name=\"twitter:data2\" content=\"2 minutos\" \/>\n<script type=\"application\/ld+json\" class=\"yoast-schema-graph\">{\"@context\":\"https:\/\/schema.org\",\"@graph\":[{\"@type\":\"Article\",\"@id\":\"https:\/\/portaltela.pt\/noticias\/2026\/02\/19\/exercito-dos-eua-pronto-para-atacar-o-irao-a-partir-de-sabado\/#article\",\"isPartOf\":{\"@id\":\"https:\/\/portaltela.pt\/noticias\/2026\/02\/19\/exercito-dos-eua-pronto-para-atacar-o-irao-a-partir-de-sabado\/\"},\"author\":{\"name\":\"Telinha\",\"@id\":\"https:\/\/portaltela.pt\/#\/schema\/person\/c4278d4a6028830caff9ee44b42d32ed\"},\"headline\":\"Ex\u00e9rcito dos EUA pronto para atacar o Ir\u00e3o a partir de s\u00e1bado\",\"datePublished\":\"2026-02-19T18:17:11+00:00\",\"mainEntityOfPage\":{\"@id\":\"https:\/\/portaltela.pt\/noticias\/2026\/02\/19\/exercito-dos-eua-pronto-para-atacar-o-irao-a-partir-de-sabado\/\"},\"wordCount\":478,\"image\":{\"@id\":\"https:\/\/portaltela.pt\/noticias\/2026\/02\/19\/exercito-dos-eua-pronto-para-atacar-o-irao-a-partir-de-sabado\/#primaryimage\"},\"thumbnailUrl\":\"https:\/\/portaltela.pt\/s.01k8rhncp4jt1\/2026\/02\/1536x864_cmsv2_4dcc73b9-4405-596a-9ee1-57745afbb7c1-9656573.jpg\",\"keywords\":[\"energia at\u00f3mica\",\"For\u00e7as Armadas\",\"guerra\",\"Ir\u00e3\",\"negocia\u00e7\u00f5es internacionais\",\"seguran\u00e7a internacional\"],\"articleSection\":[\"Internacional\",\"Not\u00edcias\"],\"inLanguage\":\"pt-PT\"},{\"@type\":\"WebPage\",\"@id\":\"https:\/\/portaltela.pt\/noticias\/2026\/02\/19\/exercito-dos-eua-pronto-para-atacar-o-irao-a-partir-de-sabado\/\",\"url\":\"https:\/\/portaltela.pt\/noticias\/2026\/02\/19\/exercito-dos-eua-pronto-para-atacar-o-irao-a-partir-de-sabado\/\",\"name\":\"Ex\u00e9rcito dos EUA pronto para atacar o Ir\u00e3o a partir de s\u00e1bado - Portal Tela Portugal\",\"isPartOf\":{\"@id\":\"https:\/\/portaltela.pt\/#website\"},\"primaryImageOfPage\":{\"@id\":\"https:\/\/portaltela.pt\/noticias\/2026\/02\/19\/exercito-dos-eua-pronto-para-atacar-o-irao-a-partir-de-sabado\/#primaryimage\"},\"image\":{\"@id\":\"https:\/\/portaltela.pt\/noticias\/2026\/02\/19\/exercito-dos-eua-pronto-para-atacar-o-irao-a-partir-de-sabado\/#primaryimage\"},\"thumbnailUrl\":\"https:\/\/portaltela.pt\/s.01k8rhncp4jt1\/2026\/02\/1536x864_cmsv2_4dcc73b9-4405-596a-9ee1-57745afbb7c1-9656573.jpg\",\"datePublished\":\"2026-02-19T18:17:11+00:00\",\"author\":{\"@id\":\"https:\/\/portaltela.pt\/#\/schema\/person\/c4278d4a6028830caff9ee44b42d32ed\"},\"breadcrumb\":{\"@id\":\"https:\/\/portaltela.pt\/noticias\/2026\/02\/19\/exercito-dos-eua-pronto-para-atacar-o-irao-a-partir-de-sabado\/#breadcrumb\"},\"inLanguage\":\"pt-PT\",\"potentialAction\":[{\"@type\":\"ReadAction\",\"target\":[\"https:\/\/portaltela.pt\/noticias\/2026\/02\/19\/exercito-dos-eua-pronto-para-atacar-o-irao-a-partir-de-sabado\/\"]}]},{\"@type\":\"ImageObject\",\"inLanguage\":\"pt-PT\",\"@id\":\"https:\/\/portaltela.pt\/noticias\/2026\/02\/19\/exercito-dos-eua-pronto-para-atacar-o-irao-a-partir-de-sabado\/#primaryimage\",\"url\":\"https:\/\/portaltela.pt\/s.01k8rhncp4jt1\/2026\/02\/1536x864_cmsv2_4dcc73b9-4405-596a-9ee1-57745afbb7c1-9656573.jpg\",\"contentUrl\":\"https:\/\/portaltela.pt\/s.01k8rhncp4jt1\/2026\/02\/1536x864_cmsv2_4dcc73b9-4405-596a-9ee1-57745afbb7c1-9656573.jpg\",\"width\":796,\"height\":448,\"caption\":\"Presidente dos EUA, Donald Trump, com o secret\u00e1rio de Estado Marco Rubio e o secret\u00e1rio da Guerra dos EUA, Pete Hegseth\"},{\"@type\":\"BreadcrumbList\",\"@id\":\"https:\/\/portaltela.pt\/noticias\/2026\/02\/19\/exercito-dos-eua-pronto-para-atacar-o-irao-a-partir-de-sabado\/#breadcrumb\",\"itemListElement\":[{\"@type\":\"ListItem\",\"position\":1,\"name\":\"In\u00edcio\",\"item\":\"https:\/\/portaltela.pt\/\"},{\"@type\":\"ListItem\",\"position\":2,\"name\":\"Ex\u00e9rcito dos EUA pronto para atacar o Ir\u00e3o a partir de s\u00e1bado\"}]},{\"@type\":\"WebSite\",\"@id\":\"https:\/\/portaltela.pt\/#website\",\"url\":\"https:\/\/portaltela.pt\/\",\"name\":\"Portal Tela Portugal\",\"description\":\"\",\"potentialAction\":[{\"@type\":\"SearchAction\",\"target\":{\"@type\":\"EntryPoint\",\"urlTemplate\":\"https:\/\/portaltela.pt\/?s={search_term_string}\"},\"query-input\":{\"@type\":\"PropertyValueSpecification\",\"valueRequired\":true,\"valueName\":\"search_term_string\"}}],\"inLanguage\":\"pt-PT\"},{\"@type\":\"Person\",\"@id\":\"https:\/\/portaltela.pt\/#\/schema\/person\/c4278d4a6028830caff9ee44b42d32ed\",\"name\":\"Telinha\",\"image\":{\"@type\":\"ImageObject\",\"inLanguage\":\"pt-PT\",\"@id\":\"https:\/\/portaltela.pt\/s.01k8rhncp4jt1\/2025\/11\/talking-bot-125x125.png\",\"url\":\"https:\/\/portaltela.pt\/s.01k8rhncp4jt1\/2025\/11\/talking-bot-125x125.png\",\"contentUrl\":\"https:\/\/portaltela.pt\/s.01k8rhncp4jt1\/2025\/11\/talking-bot-125x125.png\",\"caption\":\"Telinha\"},\"sameAs\":[\"https:\/\/portaltela.pt\/\"],\"url\":\"https:\/\/portaltela.pt\/por\/367410592786\/\"}]}<\/script>\n<!-- \/ Yoast SEO plugin. -->","yoast_head_json":{"title":"Ex\u00e9rcito dos EUA pronto para atacar o Ir\u00e3o a partir de s\u00e1bado - Portal Tela Portugal","robots":{"index":"index","follow":"follow","max-snippet":"max-snippet:-1","max-image-preview":"max-image-preview:large","max-video-preview":"max-video-preview:-1"},"og_locale":"pt_PT","og_type":"article","og_title":"Ex\u00e9rcito dos EUA pronto para atacar o Ir\u00e3o a partir de s\u00e1bado - Portal Tela Portugal","og_description":"Autoridades dos EUA disseram que as for\u00e7as armadas estar\u00e3o prontas para atacar o Ir\u00e3o a partir de s\u00e1bado, com Trump a ponderar a a\u00e7\u00e3o e a discutir o tema com os seus principais assessores. A Casa Branca avalia os riscos de uma escalada regional e as implica\u00e7\u00f5es pol\u00edticas e militares de uma retra\u00e7\u00e3o, apesar das negocia\u00e7\u00f5es entre Washington e Teer\u00e3o em Genebra. Trump escreveu na Truth Social que, se o Ir\u00e3o n\u00e3o chegar a um acordo, pode ser necess\u00e1rio usar Diego Garcia e o aer\u00f3dromo em Fairford para enfrentar um regime considerado inst\u00e1vel. Qualquer opera\u00e7\u00e3o seria provavelmente uma campanha massiva, com dura\u00e7\u00e3o de semanas, possivelmente realizada em conjunto com Israel, e o porta-avi\u00f5es USS Gerald Ford aproxima-se do Mediterr\u00e2neo oriental. O Pent\u00e1gono dever\u00e1 retirar temporariamente parte do pessoal do M\u00e9dio Oriente para os EUA ou para a Europa nos tr\u00eas dias que antecedem uma poss\u00edvel a\u00e7\u00e3o, segundo a CBS. As negocia\u00e7\u00f5es em Genebra contaram com Jared Kushner e Steve Witkoff a reunirem-se com o ministro dos Neg\u00f3cios Estrangeiros iraniano, Abbas Araghchi, com avan\u00e7os, mas ainda existindo grandes diverg\u00eancias.","og_url":"https:\/\/portaltela.pt\/noticias\/2026\/02\/19\/exercito-dos-eua-pronto-para-atacar-o-irao-a-partir-de-sabado\/","og_site_name":"Portal Tela Portugal","article_published_time":"2026-02-19T18:17:11+00:00","author":"Telinha","twitter_card":"summary_large_image","twitter_misc":{"Escrito por":"Telinha","Tempo estimado de leitura":"2 minutos"},"schema":{"@context":"https:\/\/schema.org","@graph":[{"@type":"Article","@id":"https:\/\/portaltela.pt\/noticias\/2026\/02\/19\/exercito-dos-eua-pronto-para-atacar-o-irao-a-partir-de-sabado\/#article","isPartOf":{"@id":"https:\/\/portaltela.pt\/noticias\/2026\/02\/19\/exercito-dos-eua-pronto-para-atacar-o-irao-a-partir-de-sabado\/"},"author":{"name":"Telinha","@id":"https:\/\/portaltela.pt\/#\/schema\/person\/c4278d4a6028830caff9ee44b42d32ed"},"headline":"Ex\u00e9rcito dos EUA pronto para atacar o Ir\u00e3o a partir de s\u00e1bado","datePublished":"2026-02-19T18:17:11+00:00","mainEntityOfPage":{"@id":"https:\/\/portaltela.pt\/noticias\/2026\/02\/19\/exercito-dos-eua-pronto-para-atacar-o-irao-a-partir-de-sabado\/"},"wordCount":478,"image":{"@id":"https:\/\/portaltela.pt\/noticias\/2026\/02\/19\/exercito-dos-eua-pronto-para-atacar-o-irao-a-partir-de-sabado\/#primaryimage"},"thumbnailUrl":"https:\/\/portaltela.pt\/s.01k8rhncp4jt1\/2026\/02\/1536x864_cmsv2_4dcc73b9-4405-596a-9ee1-57745afbb7c1-9656573.jpg","keywords":["energia at\u00f3mica","For\u00e7as Armadas","guerra","Ir\u00e3","negocia\u00e7\u00f5es internacionais","seguran\u00e7a internacional"],"articleSection":["Internacional","Not\u00edcias"],"inLanguage":"pt-PT"},{"@type":"WebPage","@id":"https:\/\/portaltela.pt\/noticias\/2026\/02\/19\/exercito-dos-eua-pronto-para-atacar-o-irao-a-partir-de-sabado\/","url":"https:\/\/portaltela.pt\/noticias\/2026\/02\/19\/exercito-dos-eua-pronto-para-atacar-o-irao-a-partir-de-sabado\/","name":"Ex\u00e9rcito dos EUA pronto para atacar o Ir\u00e3o a partir de s\u00e1bado - Portal Tela Portugal","isPartOf":{"@id":"https:\/\/portaltela.pt\/#website"},"primaryImageOfPage":{"@id":"https:\/\/portaltela.pt\/noticias\/2026\/02\/19\/exercito-dos-eua-pronto-para-atacar-o-irao-a-partir-de-sabado\/#primaryimage"},"image":{"@id":"https:\/\/portaltela.pt\/noticias\/2026\/02\/19\/exercito-dos-eua-pronto-para-atacar-o-irao-a-partir-de-sabado\/#primaryimage"},"thumbnailUrl":"https:\/\/portaltela.pt\/s.01k8rhncp4jt1\/2026\/02\/1536x864_cmsv2_4dcc73b9-4405-596a-9ee1-57745afbb7c1-9656573.jpg","datePublished":"2026-02-19T18:17:11+00:00","author":{"@id":"https:\/\/portaltela.pt\/#\/schema\/person\/c4278d4a6028830caff9ee44b42d32ed"},"breadcrumb":{"@id":"https:\/\/portaltela.pt\/noticias\/2026\/02\/19\/exercito-dos-eua-pronto-para-atacar-o-irao-a-partir-de-sabado\/#breadcrumb"},"inLanguage":"pt-PT","potentialAction":[{"@type":"ReadAction","target":["https:\/\/portaltela.pt\/noticias\/2026\/02\/19\/exercito-dos-eua-pronto-para-atacar-o-irao-a-partir-de-sabado\/"]}]},{"@type":"ImageObject","inLanguage":"pt-PT","@id":"https:\/\/portaltela.pt\/noticias\/2026\/02\/19\/exercito-dos-eua-pronto-para-atacar-o-irao-a-partir-de-sabado\/#primaryimage","url":"https:\/\/portaltela.pt\/s.01k8rhncp4jt1\/2026\/02\/1536x864_cmsv2_4dcc73b9-4405-596a-9ee1-57745afbb7c1-9656573.jpg","contentUrl":"https:\/\/portaltela.pt\/s.01k8rhncp4jt1\/2026\/02\/1536x864_cmsv2_4dcc73b9-4405-596a-9ee1-57745afbb7c1-9656573.jpg","width":796,"height":448,"caption":"Presidente dos EUA, Donald Trump, com o secret\u00e1rio de Estado Marco Rubio e o secret\u00e1rio da Guerra dos EUA, Pete Hegseth"},{"@type":"BreadcrumbList","@id":"https:\/\/portaltela.pt\/noticias\/2026\/02\/19\/exercito-dos-eua-pronto-para-atacar-o-irao-a-partir-de-sabado\/#breadcrumb","itemListElement":[{"@type":"ListItem","position":1,"name":"In\u00edcio","item":"https:\/\/portaltela.pt\/"},{"@type":"ListItem","position":2,"name":"Ex\u00e9rcito dos EUA pronto para atacar o Ir\u00e3o a partir de s\u00e1bado"}]},{"@type":"WebSite","@id":"https:\/\/portaltela.pt\/#website","url":"https:\/\/portaltela.pt\/","name":"Portal Tela Portugal","description":"","potentialAction":[{"@type":"SearchAction","target":{"@type":"EntryPoint","urlTemplate":"https:\/\/portaltela.pt\/?s={search_term_string}"},"query-input":{"@type":"PropertyValueSpecification","valueRequired":true,"valueName":"search_term_string"}}],"inLanguage":"pt-PT"},{"@type":"Person","@id":"https:\/\/portaltela.pt\/#\/schema\/person\/c4278d4a6028830caff9ee44b42d32ed","name":"Telinha","image":{"@type":"ImageObject","inLanguage":"pt-PT","@id":"https:\/\/portaltela.pt\/s.01k8rhncp4jt1\/2025\/11\/talking-bot-125x125.png","url":"https:\/\/portaltela.pt\/s.01k8rhncp4jt1\/2025\/11\/talking-bot-125x125.png","contentUrl":"https:\/\/portaltela.pt\/s.01k8rhncp4jt1\/2025\/11\/talking-bot-125x125.png","caption":"Telinha"},"sameAs":["https:\/\/portaltela.pt\/"],"url":"https:\/\/portaltela.pt\/por\/367410592786\/"}]}},"_links":{"self":[{"href":"https:\/\/portaltela.pt\/api\/wp\/v2\/posts\/217985","targetHints":{"allow":["GET"]}}],"collection":[{"href":"https:\/\/portaltela.pt\/api\/wp\/v2\/posts"}],"about":[{"href":"https:\/\/portaltela.pt\/api\/wp\/v2\/types\/post"}],"author":[{"embeddable":true,"href":"https:\/\/portaltela.pt\/api\/wp\/v2\/users\/2"}],"replies":[{"embeddable":true,"href":"https:\/\/portaltela.pt\/api\/wp\/v2\/comments?post=217985"}],"version-history":[{"count":0,"href":"https:\/\/portaltela.pt\/api\/wp\/v2\/posts\/217985\/revisions"}],"wp:featuredmedia":[{"embeddable":true,"href":"https:\/\/portaltela.pt\/api\/wp\/v2\/media\/218001"}],"wp:attachment":[{"href":"https:\/\/portaltela.pt\/api\/wp\/v2\/media?parent=217985"}],"wp:term":[{"taxonomy":"category","embeddable":true,"href":"https:\/\/portaltela.pt\/api\/wp\/v2\/categories?post=217985"},{"taxonomy":"post_tag","embeddable":true,"href":"https:\/\/portaltela.pt\/api\/wp\/v2\/tags?post=217985"}],"curies":[{"name":"wp","href":"https:\/\/api.w.org\/{rel}","templated":true}]}}