{"id":217968,"date":"2026-02-19T14:44:00","date_gmt":"2026-02-19T17:44:00","guid":{"rendered":"https:\/\/portaltela.pt\/noticias\/2026\/02\/19\/paradeiro-de-sarah-ferguson-continua-incerto-apos-detencao-do-ex-principe-andre\/"},"modified":"2026-02-19T14:44:00","modified_gmt":"2026-02-19T17:44:00","slug":"paradeiro-de-sarah-ferguson-continua-incerto-apos-detencao-do-ex-principe-andre","status":"publish","type":"post","link":"https:\/\/portaltela.pt\/noticias\/internacional\/2026\/02\/19\/paradeiro-de-sarah-ferguson-continua-incerto-apos-detencao-do-ex-principe-andre\/","title":{"rendered":"Paradeiro de Sarah Ferguson continua incerto ap\u00f3s deten\u00e7\u00e3o do ex-pr\u00edncipe Andr\u00e9"},"content":{"rendered":"<p>O paradeiro de Sarah Ferguson continua incerto ap\u00f3s a deten\u00e7\u00e3o do ex-pr\u00edncipe Andrew, ocorrida nesta quinta-feira. A ex-duquesa de Iorque n\u00e3o se pronunciou publicamente e permanece sem identifica\u00e7\u00e3o clara de resid\u00eancia.<\/p>\n<p>A situa\u00e7\u00e3o de Ferguson agrava-se pela liga\u00e7\u00e3o com Jeffrey Epstein e pela liquida\u00e7\u00e3o de empresas associadas ao seu nome. A 66 anos, a mesma esteve longe do p\u00fablico ap\u00f3s o div\u00f3rcio de 1996, mantendo-se em sil\u00eancio enquanto planeava mudar de casa e seguir uma vida mais independente.<\/p>\n<p>A 6 empresas registradas em nome de Ferguson foram encerradas recentemente: S Phoenix Events, Fergie&#8217;s Farm, La Luna Investments, Solamoon Ltd, Philanthrapreneur Ltd e Planet Partners Productions Ltd. As liquida\u00e7\u00f5es surgem ap\u00f3s a divulga\u00e7\u00e3o de documentos envolvendo Epstein.<\/p>\n<h3>Liga\u00e7\u00e3o a Epstein e desmantelamento empresarial<\/h3>\n<p>Documentos oficiais revelam refer\u00eancias a Epstein em emails como amigo fiel e supremo, embora Ferguson tenha apresentado uma desculpa p\u00fablica em 2011, reconhecendo ter feito um erro de julgamento ao aproximar-se do empres\u00e1rio.<\/p>\n<p>O impacto destas revela\u00e7\u00f5es n\u00e3o ficou apenas nos neg\u00f3cios. A organiza\u00e7\u00e3o de solidariedade Sarah&#8217;s Trust foi encerrada, e a publica\u00e7\u00e3o do seu \u00faltimo livro infantil foi cancelada, refletindo instabilidade recente na vida profissional e pessoal.<\/p>\n<p>Fontes pr\u00f3ximas indicam que Ferguson pode passar algum tempo no estrangeiro enquanto define os pr\u00f3ximos passos. N\u00e3o h\u00e1 confirma\u00e7\u00e3o de envolvimento das filhas Beatrice ou Eugenie nas decis\u00f5es sobre o paradeiro da m\u00e3e.<\/p>\n<h3>Perspetivas e pr\u00f3ximos passos<\/h3>\n<p>A deten\u00e7\u00e3o de Andrew Mountbatten-Windsor representa mais um cap\u00edtulo na vida p\u00fablica de Ferguson, marcada por pol\u00e9micas, e aumenta as possibilidades de novas a\u00e7\u00f5es legais contra a ex-duquesa, que permanece afastada do olhar medi\u00e1tico.<\/p>\n","protected":false},"excerpt":{"rendered":"<ul>\n<li>O paradeiro de Sarah Ferguson, ex-duquesa de Iorque, continua desconhecido ap\u00f3s a deten\u00e7\u00e3o do ex-pr\u00edncipe Andr\u00e9 nesta quinta-feira.<\/li>\n<li>Aos 66 anos, Ferguson atravessa um per\u00edodo de incerteza e, segundo fontes, planeava mudar-se para uma resid\u00eancia pr\u00f3pria construir uma vida independente.<\/li>\n<li>Seis empresas registadas em nome de Ferguson foram liquidadas: S Phoenix Events, Fergie&#8217;s Farm, La Luna Investments, Solamoon Ltd, Philanthrapreneur Ltd e Planet Partners Productions Ltd.<\/li>\n<li>As liquida\u00e7\u00f5es ocorrem numa altura em que voltam a surgir liga\u00e7\u00f5es entre Ferguson e Jeffrey Epstein, condenado por crimes sexuais contra menores.<\/li>\n<li>Al\u00e9m disso, a organiza\u00e7\u00e3o de solidariedade Sarah&#8217;s Trust encerrou e o lan\u00e7amento do \u00faltimo livro infantil foi cancelado, refletindo a instabilidade recente na sua vida. Fontes pr\u00f3ximas indicam que Ferguson pode passar algum tempo no estrangeiro, sem envolvimento direto das filhas Beatrice e Eugenie.<\/li>\n<\/ul>\n","protected":false},"author":2,"featured_media":217974,"comment_status":"closed","ping_status":"closed","sticky":false,"template":"","format":"standard","meta":{"footnotes":""},"categories":[4,1],"tags":[5839,4970,4139,5514,64,4963],"class_list":["post-217968","post","type-post","status-publish","format-standard","has-post-thumbnail","hentry","category-internacional","category-noticias","tag-a-nobreza","tag-andrew-mountbatten-windsor","tag-detencao","tag-escandalos","tag-familia","tag-sarah-ferguson"],"yoast_head":"<!-- This site is optimized with the Yoast SEO plugin v27.2 - https:\/\/yoast.com\/product\/yoast-seo-wordpress\/ -->\n<title>Paradeiro de Sarah Ferguson continua incerto ap\u00f3s deten\u00e7\u00e3o do ex-pr\u00edncipe Andr\u00e9 - Portal Tela Portugal<\/title>\n<meta name=\"robots\" content=\"index, follow, max-snippet:-1, max-image-preview:large, max-video-preview:-1\" \/>\n<meta property=\"og:locale\" content=\"pt_PT\" \/>\n<meta property=\"og:type\" content=\"article\" \/>\n<meta property=\"og:title\" content=\"Paradeiro de Sarah Ferguson continua incerto ap\u00f3s deten\u00e7\u00e3o do ex-pr\u00edncipe Andr\u00e9 - Portal Tela Portugal\" \/>\n<meta property=\"og:description\" content=\"O paradeiro de Sarah Ferguson, ex-duquesa de Iorque, continua desconhecido ap\u00f3s a deten\u00e7\u00e3o do ex-pr\u00edncipe Andr\u00e9 nesta quinta-feira. Aos 66 anos, Ferguson atravessa um per\u00edodo de incerteza e, segundo fontes, planeava mudar-se para uma resid\u00eancia pr\u00f3pria construir uma vida independente. Seis empresas registadas em nome de Ferguson foram liquidadas: S Phoenix Events, Fergie&#039;s Farm, La Luna Investments, Solamoon Ltd, Philanthrapreneur Ltd e Planet Partners Productions Ltd. As liquida\u00e7\u00f5es ocorrem numa altura em que voltam a surgir liga\u00e7\u00f5es entre Ferguson e Jeffrey Epstein, condenado por crimes sexuais contra menores. Al\u00e9m disso, a organiza\u00e7\u00e3o de solidariedade Sarah&#039;s Trust encerrou e o lan\u00e7amento do \u00faltimo livro infantil foi cancelado, refletindo a instabilidade recente na sua vida. Fontes pr\u00f3ximas indicam que Ferguson pode passar algum tempo no estrangeiro, sem envolvimento direto das filhas Beatrice e Eugenie.\" \/>\n<meta property=\"og:url\" content=\"https:\/\/portaltela.pt\/noticias\/2026\/02\/19\/paradeiro-de-sarah-ferguson-continua-incerto-apos-detencao-do-ex-principe-andre\/\" \/>\n<meta property=\"og:site_name\" content=\"Portal Tela Portugal\" \/>\n<meta property=\"article:published_time\" content=\"2026-02-19T17:44:00+00:00\" \/>\n<meta name=\"author\" content=\"Telinha\" \/>\n<meta name=\"twitter:card\" content=\"summary_large_image\" \/>\n<meta name=\"twitter:label1\" content=\"Escrito por\" \/>\n\t<meta name=\"twitter:data1\" content=\"Telinha\" \/>\n\t<meta name=\"twitter:label2\" content=\"Tempo estimado de leitura\" \/>\n\t<meta name=\"twitter:data2\" content=\"1 minuto\" \/>\n<script type=\"application\/ld+json\" class=\"yoast-schema-graph\">{\"@context\":\"https:\/\/schema.org\",\"@graph\":[{\"@type\":\"Article\",\"@id\":\"https:\/\/portaltela.pt\/noticias\/2026\/02\/19\/paradeiro-de-sarah-ferguson-continua-incerto-apos-detencao-do-ex-principe-andre\/#article\",\"isPartOf\":{\"@id\":\"https:\/\/portaltela.pt\/noticias\/2026\/02\/19\/paradeiro-de-sarah-ferguson-continua-incerto-apos-detencao-do-ex-principe-andre\/\"},\"author\":{\"name\":\"Telinha\",\"@id\":\"https:\/\/portaltela.pt\/#\/schema\/person\/c4278d4a6028830caff9ee44b42d32ed\"},\"headline\":\"Paradeiro de Sarah Ferguson continua incerto ap\u00f3s deten\u00e7\u00e3o do ex-pr\u00edncipe Andr\u00e9\",\"datePublished\":\"2026-02-19T17:44:00+00:00\",\"mainEntityOfPage\":{\"@id\":\"https:\/\/portaltela.pt\/noticias\/2026\/02\/19\/paradeiro-de-sarah-ferguson-continua-incerto-apos-detencao-do-ex-principe-andre\/\"},\"wordCount\":311,\"image\":{\"@id\":\"https:\/\/portaltela.pt\/noticias\/2026\/02\/19\/paradeiro-de-sarah-ferguson-continua-incerto-apos-detencao-do-ex-principe-andre\/#primaryimage\"},\"thumbnailUrl\":\"https:\/\/portaltela.pt\/s.01k8rhncp4jt1\/2026\/02\/e1cafae8-e208-4b6f-b82b-77b3e5173b24_1200x675.jpg\",\"keywords\":[\"a nobreza\",\"Andrew Mountbatten-Windsor\",\"deten\u00e7\u00e3o\",\"esc\u00e2ndalos\",\"fam\u00edlia\",\"Sarah Ferguson\"],\"articleSection\":[\"Internacional\",\"Not\u00edcias\"],\"inLanguage\":\"pt-PT\"},{\"@type\":\"WebPage\",\"@id\":\"https:\/\/portaltela.pt\/noticias\/2026\/02\/19\/paradeiro-de-sarah-ferguson-continua-incerto-apos-detencao-do-ex-principe-andre\/\",\"url\":\"https:\/\/portaltela.pt\/noticias\/2026\/02\/19\/paradeiro-de-sarah-ferguson-continua-incerto-apos-detencao-do-ex-principe-andre\/\",\"name\":\"Paradeiro de Sarah Ferguson continua incerto ap\u00f3s deten\u00e7\u00e3o do ex-pr\u00edncipe Andr\u00e9 - Portal Tela Portugal\",\"isPartOf\":{\"@id\":\"https:\/\/portaltela.pt\/#website\"},\"primaryImageOfPage\":{\"@id\":\"https:\/\/portaltela.pt\/noticias\/2026\/02\/19\/paradeiro-de-sarah-ferguson-continua-incerto-apos-detencao-do-ex-principe-andre\/#primaryimage\"},\"image\":{\"@id\":\"https:\/\/portaltela.pt\/noticias\/2026\/02\/19\/paradeiro-de-sarah-ferguson-continua-incerto-apos-detencao-do-ex-principe-andre\/#primaryimage\"},\"thumbnailUrl\":\"https:\/\/portaltela.pt\/s.01k8rhncp4jt1\/2026\/02\/e1cafae8-e208-4b6f-b82b-77b3e5173b24_1200x675.jpg\",\"datePublished\":\"2026-02-19T17:44:00+00:00\",\"author\":{\"@id\":\"https:\/\/portaltela.pt\/#\/schema\/person\/c4278d4a6028830caff9ee44b42d32ed\"},\"breadcrumb\":{\"@id\":\"https:\/\/portaltela.pt\/noticias\/2026\/02\/19\/paradeiro-de-sarah-ferguson-continua-incerto-apos-detencao-do-ex-principe-andre\/#breadcrumb\"},\"inLanguage\":\"pt-PT\",\"potentialAction\":[{\"@type\":\"ReadAction\",\"target\":[\"https:\/\/portaltela.pt\/noticias\/2026\/02\/19\/paradeiro-de-sarah-ferguson-continua-incerto-apos-detencao-do-ex-principe-andre\/\"]}]},{\"@type\":\"ImageObject\",\"inLanguage\":\"pt-PT\",\"@id\":\"https:\/\/portaltela.pt\/noticias\/2026\/02\/19\/paradeiro-de-sarah-ferguson-continua-incerto-apos-detencao-do-ex-principe-andre\/#primaryimage\",\"url\":\"https:\/\/portaltela.pt\/s.01k8rhncp4jt1\/2026\/02\/e1cafae8-e208-4b6f-b82b-77b3e5173b24_1200x675.jpg\",\"contentUrl\":\"https:\/\/portaltela.pt\/s.01k8rhncp4jt1\/2026\/02\/e1cafae8-e208-4b6f-b82b-77b3e5173b24_1200x675.jpg\",\"width\":796,\"height\":448,\"caption\":\"Seis empresas de Sarah Ferguson foram recentemente liquidadas\"},{\"@type\":\"BreadcrumbList\",\"@id\":\"https:\/\/portaltela.pt\/noticias\/2026\/02\/19\/paradeiro-de-sarah-ferguson-continua-incerto-apos-detencao-do-ex-principe-andre\/#breadcrumb\",\"itemListElement\":[{\"@type\":\"ListItem\",\"position\":1,\"name\":\"In\u00edcio\",\"item\":\"https:\/\/portaltela.pt\/\"},{\"@type\":\"ListItem\",\"position\":2,\"name\":\"Paradeiro de Sarah Ferguson continua incerto ap\u00f3s deten\u00e7\u00e3o do ex-pr\u00edncipe Andr\u00e9\"}]},{\"@type\":\"WebSite\",\"@id\":\"https:\/\/portaltela.pt\/#website\",\"url\":\"https:\/\/portaltela.pt\/\",\"name\":\"Portal Tela Portugal\",\"description\":\"\",\"potentialAction\":[{\"@type\":\"SearchAction\",\"target\":{\"@type\":\"EntryPoint\",\"urlTemplate\":\"https:\/\/portaltela.pt\/?s={search_term_string}\"},\"query-input\":{\"@type\":\"PropertyValueSpecification\",\"valueRequired\":true,\"valueName\":\"search_term_string\"}}],\"inLanguage\":\"pt-PT\"},{\"@type\":\"Person\",\"@id\":\"https:\/\/portaltela.pt\/#\/schema\/person\/c4278d4a6028830caff9ee44b42d32ed\",\"name\":\"Telinha\",\"image\":{\"@type\":\"ImageObject\",\"inLanguage\":\"pt-PT\",\"@id\":\"https:\/\/portaltela.pt\/s.01k8rhncp4jt1\/2025\/11\/talking-bot-125x125.png\",\"url\":\"https:\/\/portaltela.pt\/s.01k8rhncp4jt1\/2025\/11\/talking-bot-125x125.png\",\"contentUrl\":\"https:\/\/portaltela.pt\/s.01k8rhncp4jt1\/2025\/11\/talking-bot-125x125.png\",\"caption\":\"Telinha\"},\"sameAs\":[\"https:\/\/portaltela.pt\/\"],\"url\":\"https:\/\/portaltela.pt\/por\/367410592786\/\"}]}<\/script>\n<!-- \/ Yoast SEO plugin. -->","yoast_head_json":{"title":"Paradeiro de Sarah Ferguson continua incerto ap\u00f3s deten\u00e7\u00e3o do ex-pr\u00edncipe Andr\u00e9 - Portal Tela Portugal","robots":{"index":"index","follow":"follow","max-snippet":"max-snippet:-1","max-image-preview":"max-image-preview:large","max-video-preview":"max-video-preview:-1"},"og_locale":"pt_PT","og_type":"article","og_title":"Paradeiro de Sarah Ferguson continua incerto ap\u00f3s deten\u00e7\u00e3o do ex-pr\u00edncipe Andr\u00e9 - Portal Tela Portugal","og_description":"O paradeiro de Sarah Ferguson, ex-duquesa de Iorque, continua desconhecido ap\u00f3s a deten\u00e7\u00e3o do ex-pr\u00edncipe Andr\u00e9 nesta quinta-feira. Aos 66 anos, Ferguson atravessa um per\u00edodo de incerteza e, segundo fontes, planeava mudar-se para uma resid\u00eancia pr\u00f3pria construir uma vida independente. Seis empresas registadas em nome de Ferguson foram liquidadas: S Phoenix Events, Fergie's Farm, La Luna Investments, Solamoon Ltd, Philanthrapreneur Ltd e Planet Partners Productions Ltd. As liquida\u00e7\u00f5es ocorrem numa altura em que voltam a surgir liga\u00e7\u00f5es entre Ferguson e Jeffrey Epstein, condenado por crimes sexuais contra menores. Al\u00e9m disso, a organiza\u00e7\u00e3o de solidariedade Sarah's Trust encerrou e o lan\u00e7amento do \u00faltimo livro infantil foi cancelado, refletindo a instabilidade recente na sua vida. Fontes pr\u00f3ximas indicam que Ferguson pode passar algum tempo no estrangeiro, sem envolvimento direto das filhas Beatrice e Eugenie.","og_url":"https:\/\/portaltela.pt\/noticias\/2026\/02\/19\/paradeiro-de-sarah-ferguson-continua-incerto-apos-detencao-do-ex-principe-andre\/","og_site_name":"Portal Tela Portugal","article_published_time":"2026-02-19T17:44:00+00:00","author":"Telinha","twitter_card":"summary_large_image","twitter_misc":{"Escrito por":"Telinha","Tempo estimado de leitura":"1 minuto"},"schema":{"@context":"https:\/\/schema.org","@graph":[{"@type":"Article","@id":"https:\/\/portaltela.pt\/noticias\/2026\/02\/19\/paradeiro-de-sarah-ferguson-continua-incerto-apos-detencao-do-ex-principe-andre\/#article","isPartOf":{"@id":"https:\/\/portaltela.pt\/noticias\/2026\/02\/19\/paradeiro-de-sarah-ferguson-continua-incerto-apos-detencao-do-ex-principe-andre\/"},"author":{"name":"Telinha","@id":"https:\/\/portaltela.pt\/#\/schema\/person\/c4278d4a6028830caff9ee44b42d32ed"},"headline":"Paradeiro de Sarah Ferguson continua incerto ap\u00f3s deten\u00e7\u00e3o do ex-pr\u00edncipe Andr\u00e9","datePublished":"2026-02-19T17:44:00+00:00","mainEntityOfPage":{"@id":"https:\/\/portaltela.pt\/noticias\/2026\/02\/19\/paradeiro-de-sarah-ferguson-continua-incerto-apos-detencao-do-ex-principe-andre\/"},"wordCount":311,"image":{"@id":"https:\/\/portaltela.pt\/noticias\/2026\/02\/19\/paradeiro-de-sarah-ferguson-continua-incerto-apos-detencao-do-ex-principe-andre\/#primaryimage"},"thumbnailUrl":"https:\/\/portaltela.pt\/s.01k8rhncp4jt1\/2026\/02\/e1cafae8-e208-4b6f-b82b-77b3e5173b24_1200x675.jpg","keywords":["a nobreza","Andrew Mountbatten-Windsor","deten\u00e7\u00e3o","esc\u00e2ndalos","fam\u00edlia","Sarah Ferguson"],"articleSection":["Internacional","Not\u00edcias"],"inLanguage":"pt-PT"},{"@type":"WebPage","@id":"https:\/\/portaltela.pt\/noticias\/2026\/02\/19\/paradeiro-de-sarah-ferguson-continua-incerto-apos-detencao-do-ex-principe-andre\/","url":"https:\/\/portaltela.pt\/noticias\/2026\/02\/19\/paradeiro-de-sarah-ferguson-continua-incerto-apos-detencao-do-ex-principe-andre\/","name":"Paradeiro de Sarah Ferguson continua incerto ap\u00f3s deten\u00e7\u00e3o do ex-pr\u00edncipe Andr\u00e9 - Portal Tela Portugal","isPartOf":{"@id":"https:\/\/portaltela.pt\/#website"},"primaryImageOfPage":{"@id":"https:\/\/portaltela.pt\/noticias\/2026\/02\/19\/paradeiro-de-sarah-ferguson-continua-incerto-apos-detencao-do-ex-principe-andre\/#primaryimage"},"image":{"@id":"https:\/\/portaltela.pt\/noticias\/2026\/02\/19\/paradeiro-de-sarah-ferguson-continua-incerto-apos-detencao-do-ex-principe-andre\/#primaryimage"},"thumbnailUrl":"https:\/\/portaltela.pt\/s.01k8rhncp4jt1\/2026\/02\/e1cafae8-e208-4b6f-b82b-77b3e5173b24_1200x675.jpg","datePublished":"2026-02-19T17:44:00+00:00","author":{"@id":"https:\/\/portaltela.pt\/#\/schema\/person\/c4278d4a6028830caff9ee44b42d32ed"},"breadcrumb":{"@id":"https:\/\/portaltela.pt\/noticias\/2026\/02\/19\/paradeiro-de-sarah-ferguson-continua-incerto-apos-detencao-do-ex-principe-andre\/#breadcrumb"},"inLanguage":"pt-PT","potentialAction":[{"@type":"ReadAction","target":["https:\/\/portaltela.pt\/noticias\/2026\/02\/19\/paradeiro-de-sarah-ferguson-continua-incerto-apos-detencao-do-ex-principe-andre\/"]}]},{"@type":"ImageObject","inLanguage":"pt-PT","@id":"https:\/\/portaltela.pt\/noticias\/2026\/02\/19\/paradeiro-de-sarah-ferguson-continua-incerto-apos-detencao-do-ex-principe-andre\/#primaryimage","url":"https:\/\/portaltela.pt\/s.01k8rhncp4jt1\/2026\/02\/e1cafae8-e208-4b6f-b82b-77b3e5173b24_1200x675.jpg","contentUrl":"https:\/\/portaltela.pt\/s.01k8rhncp4jt1\/2026\/02\/e1cafae8-e208-4b6f-b82b-77b3e5173b24_1200x675.jpg","width":796,"height":448,"caption":"Seis empresas de Sarah Ferguson foram recentemente liquidadas"},{"@type":"BreadcrumbList","@id":"https:\/\/portaltela.pt\/noticias\/2026\/02\/19\/paradeiro-de-sarah-ferguson-continua-incerto-apos-detencao-do-ex-principe-andre\/#breadcrumb","itemListElement":[{"@type":"ListItem","position":1,"name":"In\u00edcio","item":"https:\/\/portaltela.pt\/"},{"@type":"ListItem","position":2,"name":"Paradeiro de Sarah Ferguson continua incerto ap\u00f3s deten\u00e7\u00e3o do ex-pr\u00edncipe Andr\u00e9"}]},{"@type":"WebSite","@id":"https:\/\/portaltela.pt\/#website","url":"https:\/\/portaltela.pt\/","name":"Portal Tela Portugal","description":"","potentialAction":[{"@type":"SearchAction","target":{"@type":"EntryPoint","urlTemplate":"https:\/\/portaltela.pt\/?s={search_term_string}"},"query-input":{"@type":"PropertyValueSpecification","valueRequired":true,"valueName":"search_term_string"}}],"inLanguage":"pt-PT"},{"@type":"Person","@id":"https:\/\/portaltela.pt\/#\/schema\/person\/c4278d4a6028830caff9ee44b42d32ed","name":"Telinha","image":{"@type":"ImageObject","inLanguage":"pt-PT","@id":"https:\/\/portaltela.pt\/s.01k8rhncp4jt1\/2025\/11\/talking-bot-125x125.png","url":"https:\/\/portaltela.pt\/s.01k8rhncp4jt1\/2025\/11\/talking-bot-125x125.png","contentUrl":"https:\/\/portaltela.pt\/s.01k8rhncp4jt1\/2025\/11\/talking-bot-125x125.png","caption":"Telinha"},"sameAs":["https:\/\/portaltela.pt\/"],"url":"https:\/\/portaltela.pt\/por\/367410592786\/"}]}},"_links":{"self":[{"href":"https:\/\/portaltela.pt\/api\/wp\/v2\/posts\/217968","targetHints":{"allow":["GET"]}}],"collection":[{"href":"https:\/\/portaltela.pt\/api\/wp\/v2\/posts"}],"about":[{"href":"https:\/\/portaltela.pt\/api\/wp\/v2\/types\/post"}],"author":[{"embeddable":true,"href":"https:\/\/portaltela.pt\/api\/wp\/v2\/users\/2"}],"replies":[{"embeddable":true,"href":"https:\/\/portaltela.pt\/api\/wp\/v2\/comments?post=217968"}],"version-history":[{"count":0,"href":"https:\/\/portaltela.pt\/api\/wp\/v2\/posts\/217968\/revisions"}],"wp:featuredmedia":[{"embeddable":true,"href":"https:\/\/portaltela.pt\/api\/wp\/v2\/media\/217974"}],"wp:attachment":[{"href":"https:\/\/portaltela.pt\/api\/wp\/v2\/media?parent=217968"}],"wp:term":[{"taxonomy":"category","embeddable":true,"href":"https:\/\/portaltela.pt\/api\/wp\/v2\/categories?post=217968"},{"taxonomy":"post_tag","embeddable":true,"href":"https:\/\/portaltela.pt\/api\/wp\/v2\/tags?post=217968"}],"curies":[{"name":"wp","href":"https:\/\/api.w.org\/{rel}","templated":true}]}}