{"id":217967,"date":"2026-02-19T14:51:00","date_gmt":"2026-02-19T17:51:00","guid":{"rendered":"https:\/\/portaltela.pt\/noticias\/2026\/02\/19\/prejuizos-acima-de-100-milhoes-de-euros-na-beira-baixa-por-mau-tempo\/"},"modified":"2026-02-19T14:51:00","modified_gmt":"2026-02-19T17:51:00","slug":"prejuizos-acima-de-100-milhoes-de-euros-na-beira-baixa-por-mau-tempo","status":"publish","type":"post","link":"https:\/\/portaltela.pt\/noticias\/2026\/02\/19\/prejuizos-acima-de-100-milhoes-de-euros-na-beira-baixa-por-mau-tempo\/","title":{"rendered":"Preju\u00edzos acima de 100 milh\u00f5es de euros na Beira Baixa por mau tempo"},"content":{"rendered":"<p>A passagem das depress\u00f5es Kristin, Leonardo e Marta pelas regi\u00f5es Centro e Beira Baixa causou preju\u00edzos superiores a 100 milh\u00f5es de euros, segundo o presidente da Comiss\u00e3o Distrital de Prote\u00e7\u00e3o Civil. A avalia\u00e7\u00e3o, ainda preliminar, aponta metade dos custos na floresta e o restante em habita\u00e7\u00f5es, infraestruturas e patrim\u00f3nio.<\/p>\n<p>Ao longo do per\u00edodo cr\u00edtico, o Comando Sub-Regional de Emerg\u00eancia e Prote\u00e7\u00e3o Civil da Beira Baixa registou 2.049 ocorr\u00eancias. Ainda h\u00e1 64 pessoas ausentes das suas casas e 300 habita\u00e7\u00f5es sem energia, al\u00e9m de falhas nas comunica\u00e7\u00f5es, indicou Jo\u00e3o Lobo.<\/p>\n<h3>Impacto por concelho e pr\u00f3ximos passos<\/h3>\n<p>Os seis munic\u00edpios mais afetados concentram o grosso dos danos, sobretudo em Castelo Branco, Vila Velha de R\u00f3d\u00e3o, Proen\u00e7a-a-Nova, Sert\u00e3, Oleiros e Vila de Rei, com Sert\u00e3 na lideran\u00e7a dos estragos. Covilh\u00e3, Belmonte e Fund\u00e3o sofreram menos, assim como Idanha-a-Nova e Penamacor.<\/p>\n<p>Os valores j\u00e1 estimados para infraestruturas p\u00fablicas, empresas, associa\u00e7\u00f5es e setores religiosos rondam os 50 milh\u00f5es de euros. A floresta pode ter perdas tamb\u00e9m na ordem de 50 milh\u00f5es, de acordo com o ICNF, com danos \u00e0 rede vi\u00e1ria florestal a exigir desobstru\u00e7\u00e3o.<\/p>\n<p>A gest\u00e3o do problema envolve munic\u00edpios, ICNF, For\u00e7as Armadas e apoio do Governo, incluindo o Minist\u00e9rio da Agricultura e da Sustentabilidade das Florestas. Vila de Rei abriu um edital para tratar da recupera\u00e7\u00e3o, com extens\u00e3o prevista a outros concelhos e participa\u00e7\u00e3o de privados.<\/p>\n<p>O objetivo \u00e9 acelerar a desobstru\u00e7\u00e3o de vias, assegurar a capacidade de armazenamento de madeira pela ind\u00fastria e preparar respostas a eventuais pragas. As autoridades destacam a necessidade de coordena\u00e7\u00e3o a n\u00edvel nacional e apoio financeiro, incluindo fundos a fundo perdido.<\/p>\n<p>O primeiro-ministro mencionou a exist\u00eancia de um Plano de Recupera\u00e7\u00e3o e Resili\u00eancia espec\u00edfico para a regi\u00e3o. Existe perspetiva de apoio significativo para mitigar impactos futuros e promover a recupera\u00e7\u00e3o do territ\u00f3rio.<\/p>\n","protected":false},"excerpt":{"rendered":"<ul>\n<li>As tempestades provocaram preju\u00edzos de mais de 100 milh\u00f5es de euros na Beira Baixa, metade na floresta e o restante em habita\u00e7\u00f5es, estruturas, patrim\u00f3nio cultural, associativo e religioso.<\/li>\n<li>Durante o per\u00edodo cr\u00edtico, o Comando Sub-Regional de Emerg\u00eancia e Prote\u00e7\u00e3o Civil respondeu a 2.049 ocorr\u00eancias; 64 pessoas ainda n\u00e3o voltaram \u00e0s suas casas e 300 habita\u00e7\u00f5es permanecem sem energia.<\/li>\n<li>Os danos concentram-se em seis dos oito concelhos da regi\u00e3o: Castelo Branco, Vila Velha de R\u00f3d\u00e3o, Proen\u00e7a-a-Nova, Sert\u00e3, Oleiros e Vila de Rei, com a Sert\u00e3 na lideran\u00e7a dos preju\u00edzos.<\/li>\n<li>O Governo articula apoio atrav\u00e9s do Plano de Recupera\u00e7\u00e3o e Resili\u00eancia, com possibilidade de apoios a fundo perdido; envolvem-se ICNF, For\u00e7as Armadas, munic\u00edpios e setor privado.<\/li>\n<li>Prioridade \u00e9 desobstruir milhares de quil\u00f3metros de rede florestal, tratar pragas e preparar a ind\u00fastria transformadora para receber madeira, numa resposta conjunta entre entidades locais e nacionais.<\/li>\n<\/ul>\n","protected":false},"author":2,"featured_media":217977,"comment_status":"closed","ping_status":"closed","sticky":false,"template":"","format":"standard","meta":{"footnotes":""},"categories":[1],"tags":[3670,1112,4576,2817,320,5481],"class_list":["post-217967","post","type-post","status-publish","format-standard","has-post-thumbnail","hentry","category-noticias","tag-beira-baixa","tag-castelo-branco","tag-florestal","tag-habitacoes","tag-protecao-civil","tag-serta"],"yoast_head":"<!-- This site is optimized with the Yoast SEO plugin v27.2 - https:\/\/yoast.com\/product\/yoast-seo-wordpress\/ -->\n<title>Preju\u00edzos acima de 100 milh\u00f5es de euros na Beira Baixa por mau tempo - Portal Tela Portugal<\/title>\n<meta name=\"robots\" content=\"index, follow, max-snippet:-1, max-image-preview:large, max-video-preview:-1\" \/>\n<meta property=\"og:locale\" content=\"pt_PT\" \/>\n<meta property=\"og:type\" content=\"article\" \/>\n<meta property=\"og:title\" content=\"Preju\u00edzos acima de 100 milh\u00f5es de euros na Beira Baixa por mau tempo - Portal Tela Portugal\" \/>\n<meta property=\"og:description\" content=\"As tempestades provocaram preju\u00edzos de mais de 100 milh\u00f5es de euros na Beira Baixa, metade na floresta e o restante em habita\u00e7\u00f5es, estruturas, patrim\u00f3nio cultural, associativo e religioso. Durante o per\u00edodo cr\u00edtico, o Comando Sub-Regional de Emerg\u00eancia e Prote\u00e7\u00e3o Civil respondeu a 2.049 ocorr\u00eancias; 64 pessoas ainda n\u00e3o voltaram \u00e0s suas casas e 300 habita\u00e7\u00f5es permanecem sem energia. Os danos concentram-se em seis dos oito concelhos da regi\u00e3o: Castelo Branco, Vila Velha de R\u00f3d\u00e3o, Proen\u00e7a-a-Nova, Sert\u00e3, Oleiros e Vila de Rei, com a Sert\u00e3 na lideran\u00e7a dos preju\u00edzos. O Governo articula apoio atrav\u00e9s do Plano de Recupera\u00e7\u00e3o e Resili\u00eancia, com possibilidade de apoios a fundo perdido; envolvem-se ICNF, For\u00e7as Armadas, munic\u00edpios e setor privado. Prioridade \u00e9 desobstruir milhares de quil\u00f3metros de rede florestal, tratar pragas e preparar a ind\u00fastria transformadora para receber madeira, numa resposta conjunta entre entidades locais e nacionais.\" \/>\n<meta property=\"og:url\" content=\"https:\/\/portaltela.pt\/noticias\/2026\/02\/19\/prejuizos-acima-de-100-milhoes-de-euros-na-beira-baixa-por-mau-tempo\/\" \/>\n<meta property=\"og:site_name\" content=\"Portal Tela Portugal\" \/>\n<meta property=\"article:published_time\" content=\"2026-02-19T17:51:00+00:00\" \/>\n<meta name=\"author\" content=\"Telinha\" \/>\n<meta name=\"twitter:card\" content=\"summary_large_image\" \/>\n<meta name=\"twitter:label1\" content=\"Escrito por\" \/>\n\t<meta name=\"twitter:data1\" content=\"Telinha\" \/>\n\t<meta name=\"twitter:label2\" content=\"Tempo estimado de leitura\" \/>\n\t<meta name=\"twitter:data2\" content=\"2 minutos\" \/>\n<script type=\"application\/ld+json\" class=\"yoast-schema-graph\">{\"@context\":\"https:\/\/schema.org\",\"@graph\":[{\"@type\":\"Article\",\"@id\":\"https:\/\/portaltela.pt\/noticias\/2026\/02\/19\/prejuizos-acima-de-100-milhoes-de-euros-na-beira-baixa-por-mau-tempo\/#article\",\"isPartOf\":{\"@id\":\"https:\/\/portaltela.pt\/noticias\/2026\/02\/19\/prejuizos-acima-de-100-milhoes-de-euros-na-beira-baixa-por-mau-tempo\/\"},\"author\":{\"name\":\"Telinha\",\"@id\":\"https:\/\/portaltela.pt\/#\/schema\/person\/c4278d4a6028830caff9ee44b42d32ed\"},\"headline\":\"Preju\u00edzos acima de 100 milh\u00f5es de euros na Beira Baixa por mau tempo\",\"datePublished\":\"2026-02-19T17:51:00+00:00\",\"mainEntityOfPage\":{\"@id\":\"https:\/\/portaltela.pt\/noticias\/2026\/02\/19\/prejuizos-acima-de-100-milhoes-de-euros-na-beira-baixa-por-mau-tempo\/\"},\"wordCount\":351,\"image\":{\"@id\":\"https:\/\/portaltela.pt\/noticias\/2026\/02\/19\/prejuizos-acima-de-100-milhoes-de-euros-na-beira-baixa-por-mau-tempo\/#primaryimage\"},\"thumbnailUrl\":\"https:\/\/portaltela.pt\/s.01k8rhncp4jt1\/2026\/02\/image-1431.jpg\",\"keywords\":[\"Beira Baixa\",\"Castelo Branco\",\"florestal\",\"habita\u00e7\u00f5es\",\"prote\u00e7\u00e3o civil\",\"Sert\u00e3\"],\"articleSection\":[\"Not\u00edcias\"],\"inLanguage\":\"pt-PT\"},{\"@type\":\"WebPage\",\"@id\":\"https:\/\/portaltela.pt\/noticias\/2026\/02\/19\/prejuizos-acima-de-100-milhoes-de-euros-na-beira-baixa-por-mau-tempo\/\",\"url\":\"https:\/\/portaltela.pt\/noticias\/2026\/02\/19\/prejuizos-acima-de-100-milhoes-de-euros-na-beira-baixa-por-mau-tempo\/\",\"name\":\"Preju\u00edzos acima de 100 milh\u00f5es de euros na Beira Baixa por mau tempo - Portal Tela Portugal\",\"isPartOf\":{\"@id\":\"https:\/\/portaltela.pt\/#website\"},\"primaryImageOfPage\":{\"@id\":\"https:\/\/portaltela.pt\/noticias\/2026\/02\/19\/prejuizos-acima-de-100-milhoes-de-euros-na-beira-baixa-por-mau-tempo\/#primaryimage\"},\"image\":{\"@id\":\"https:\/\/portaltela.pt\/noticias\/2026\/02\/19\/prejuizos-acima-de-100-milhoes-de-euros-na-beira-baixa-por-mau-tempo\/#primaryimage\"},\"thumbnailUrl\":\"https:\/\/portaltela.pt\/s.01k8rhncp4jt1\/2026\/02\/image-1431.jpg\",\"datePublished\":\"2026-02-19T17:51:00+00:00\",\"author\":{\"@id\":\"https:\/\/portaltela.pt\/#\/schema\/person\/c4278d4a6028830caff9ee44b42d32ed\"},\"breadcrumb\":{\"@id\":\"https:\/\/portaltela.pt\/noticias\/2026\/02\/19\/prejuizos-acima-de-100-milhoes-de-euros-na-beira-baixa-por-mau-tempo\/#breadcrumb\"},\"inLanguage\":\"pt-PT\",\"potentialAction\":[{\"@type\":\"ReadAction\",\"target\":[\"https:\/\/portaltela.pt\/noticias\/2026\/02\/19\/prejuizos-acima-de-100-milhoes-de-euros-na-beira-baixa-por-mau-tempo\/\"]}]},{\"@type\":\"ImageObject\",\"inLanguage\":\"pt-PT\",\"@id\":\"https:\/\/portaltela.pt\/noticias\/2026\/02\/19\/prejuizos-acima-de-100-milhoes-de-euros-na-beira-baixa-por-mau-tempo\/#primaryimage\",\"url\":\"https:\/\/portaltela.pt\/s.01k8rhncp4jt1\/2026\/02\/image-1431.jpg\",\"contentUrl\":\"https:\/\/portaltela.pt\/s.01k8rhncp4jt1\/2026\/02\/image-1431.jpg\",\"width\":796,\"height\":448,\"caption\":\"A passagem da depress\u00e3o Kristin pelo territ\u00f3rio portugu\u00eas deixou um rasto de destrui\u00e7\u00e3o\"},{\"@type\":\"BreadcrumbList\",\"@id\":\"https:\/\/portaltela.pt\/noticias\/2026\/02\/19\/prejuizos-acima-de-100-milhoes-de-euros-na-beira-baixa-por-mau-tempo\/#breadcrumb\",\"itemListElement\":[{\"@type\":\"ListItem\",\"position\":1,\"name\":\"In\u00edcio\",\"item\":\"https:\/\/portaltela.pt\/\"},{\"@type\":\"ListItem\",\"position\":2,\"name\":\"Preju\u00edzos acima de 100 milh\u00f5es de euros na Beira Baixa por mau tempo\"}]},{\"@type\":\"WebSite\",\"@id\":\"https:\/\/portaltela.pt\/#website\",\"url\":\"https:\/\/portaltela.pt\/\",\"name\":\"Portal Tela Portugal\",\"description\":\"\",\"potentialAction\":[{\"@type\":\"SearchAction\",\"target\":{\"@type\":\"EntryPoint\",\"urlTemplate\":\"https:\/\/portaltela.pt\/?s={search_term_string}\"},\"query-input\":{\"@type\":\"PropertyValueSpecification\",\"valueRequired\":true,\"valueName\":\"search_term_string\"}}],\"inLanguage\":\"pt-PT\"},{\"@type\":\"Person\",\"@id\":\"https:\/\/portaltela.pt\/#\/schema\/person\/c4278d4a6028830caff9ee44b42d32ed\",\"name\":\"Telinha\",\"image\":{\"@type\":\"ImageObject\",\"inLanguage\":\"pt-PT\",\"@id\":\"https:\/\/portaltela.pt\/s.01k8rhncp4jt1\/2025\/11\/talking-bot-125x125.png\",\"url\":\"https:\/\/portaltela.pt\/s.01k8rhncp4jt1\/2025\/11\/talking-bot-125x125.png\",\"contentUrl\":\"https:\/\/portaltela.pt\/s.01k8rhncp4jt1\/2025\/11\/talking-bot-125x125.png\",\"caption\":\"Telinha\"},\"sameAs\":[\"https:\/\/portaltela.pt\/\"],\"url\":\"https:\/\/portaltela.pt\/por\/367410592786\/\"}]}<\/script>\n<!-- \/ Yoast SEO plugin. -->","yoast_head_json":{"title":"Preju\u00edzos acima de 100 milh\u00f5es de euros na Beira Baixa por mau tempo - Portal Tela Portugal","robots":{"index":"index","follow":"follow","max-snippet":"max-snippet:-1","max-image-preview":"max-image-preview:large","max-video-preview":"max-video-preview:-1"},"og_locale":"pt_PT","og_type":"article","og_title":"Preju\u00edzos acima de 100 milh\u00f5es de euros na Beira Baixa por mau tempo - Portal Tela Portugal","og_description":"As tempestades provocaram preju\u00edzos de mais de 100 milh\u00f5es de euros na Beira Baixa, metade na floresta e o restante em habita\u00e7\u00f5es, estruturas, patrim\u00f3nio cultural, associativo e religioso. Durante o per\u00edodo cr\u00edtico, o Comando Sub-Regional de Emerg\u00eancia e Prote\u00e7\u00e3o Civil respondeu a 2.049 ocorr\u00eancias; 64 pessoas ainda n\u00e3o voltaram \u00e0s suas casas e 300 habita\u00e7\u00f5es permanecem sem energia. Os danos concentram-se em seis dos oito concelhos da regi\u00e3o: Castelo Branco, Vila Velha de R\u00f3d\u00e3o, Proen\u00e7a-a-Nova, Sert\u00e3, Oleiros e Vila de Rei, com a Sert\u00e3 na lideran\u00e7a dos preju\u00edzos. O Governo articula apoio atrav\u00e9s do Plano de Recupera\u00e7\u00e3o e Resili\u00eancia, com possibilidade de apoios a fundo perdido; envolvem-se ICNF, For\u00e7as Armadas, munic\u00edpios e setor privado. Prioridade \u00e9 desobstruir milhares de quil\u00f3metros de rede florestal, tratar pragas e preparar a ind\u00fastria transformadora para receber madeira, numa resposta conjunta entre entidades locais e nacionais.","og_url":"https:\/\/portaltela.pt\/noticias\/2026\/02\/19\/prejuizos-acima-de-100-milhoes-de-euros-na-beira-baixa-por-mau-tempo\/","og_site_name":"Portal Tela Portugal","article_published_time":"2026-02-19T17:51:00+00:00","author":"Telinha","twitter_card":"summary_large_image","twitter_misc":{"Escrito por":"Telinha","Tempo estimado de leitura":"2 minutos"},"schema":{"@context":"https:\/\/schema.org","@graph":[{"@type":"Article","@id":"https:\/\/portaltela.pt\/noticias\/2026\/02\/19\/prejuizos-acima-de-100-milhoes-de-euros-na-beira-baixa-por-mau-tempo\/#article","isPartOf":{"@id":"https:\/\/portaltela.pt\/noticias\/2026\/02\/19\/prejuizos-acima-de-100-milhoes-de-euros-na-beira-baixa-por-mau-tempo\/"},"author":{"name":"Telinha","@id":"https:\/\/portaltela.pt\/#\/schema\/person\/c4278d4a6028830caff9ee44b42d32ed"},"headline":"Preju\u00edzos acima de 100 milh\u00f5es de euros na Beira Baixa por mau tempo","datePublished":"2026-02-19T17:51:00+00:00","mainEntityOfPage":{"@id":"https:\/\/portaltela.pt\/noticias\/2026\/02\/19\/prejuizos-acima-de-100-milhoes-de-euros-na-beira-baixa-por-mau-tempo\/"},"wordCount":351,"image":{"@id":"https:\/\/portaltela.pt\/noticias\/2026\/02\/19\/prejuizos-acima-de-100-milhoes-de-euros-na-beira-baixa-por-mau-tempo\/#primaryimage"},"thumbnailUrl":"https:\/\/portaltela.pt\/s.01k8rhncp4jt1\/2026\/02\/image-1431.jpg","keywords":["Beira Baixa","Castelo Branco","florestal","habita\u00e7\u00f5es","prote\u00e7\u00e3o civil","Sert\u00e3"],"articleSection":["Not\u00edcias"],"inLanguage":"pt-PT"},{"@type":"WebPage","@id":"https:\/\/portaltela.pt\/noticias\/2026\/02\/19\/prejuizos-acima-de-100-milhoes-de-euros-na-beira-baixa-por-mau-tempo\/","url":"https:\/\/portaltela.pt\/noticias\/2026\/02\/19\/prejuizos-acima-de-100-milhoes-de-euros-na-beira-baixa-por-mau-tempo\/","name":"Preju\u00edzos acima de 100 milh\u00f5es de euros na Beira Baixa por mau tempo - Portal Tela Portugal","isPartOf":{"@id":"https:\/\/portaltela.pt\/#website"},"primaryImageOfPage":{"@id":"https:\/\/portaltela.pt\/noticias\/2026\/02\/19\/prejuizos-acima-de-100-milhoes-de-euros-na-beira-baixa-por-mau-tempo\/#primaryimage"},"image":{"@id":"https:\/\/portaltela.pt\/noticias\/2026\/02\/19\/prejuizos-acima-de-100-milhoes-de-euros-na-beira-baixa-por-mau-tempo\/#primaryimage"},"thumbnailUrl":"https:\/\/portaltela.pt\/s.01k8rhncp4jt1\/2026\/02\/image-1431.jpg","datePublished":"2026-02-19T17:51:00+00:00","author":{"@id":"https:\/\/portaltela.pt\/#\/schema\/person\/c4278d4a6028830caff9ee44b42d32ed"},"breadcrumb":{"@id":"https:\/\/portaltela.pt\/noticias\/2026\/02\/19\/prejuizos-acima-de-100-milhoes-de-euros-na-beira-baixa-por-mau-tempo\/#breadcrumb"},"inLanguage":"pt-PT","potentialAction":[{"@type":"ReadAction","target":["https:\/\/portaltela.pt\/noticias\/2026\/02\/19\/prejuizos-acima-de-100-milhoes-de-euros-na-beira-baixa-por-mau-tempo\/"]}]},{"@type":"ImageObject","inLanguage":"pt-PT","@id":"https:\/\/portaltela.pt\/noticias\/2026\/02\/19\/prejuizos-acima-de-100-milhoes-de-euros-na-beira-baixa-por-mau-tempo\/#primaryimage","url":"https:\/\/portaltela.pt\/s.01k8rhncp4jt1\/2026\/02\/image-1431.jpg","contentUrl":"https:\/\/portaltela.pt\/s.01k8rhncp4jt1\/2026\/02\/image-1431.jpg","width":796,"height":448,"caption":"A passagem da depress\u00e3o Kristin pelo territ\u00f3rio portugu\u00eas deixou um rasto de destrui\u00e7\u00e3o"},{"@type":"BreadcrumbList","@id":"https:\/\/portaltela.pt\/noticias\/2026\/02\/19\/prejuizos-acima-de-100-milhoes-de-euros-na-beira-baixa-por-mau-tempo\/#breadcrumb","itemListElement":[{"@type":"ListItem","position":1,"name":"In\u00edcio","item":"https:\/\/portaltela.pt\/"},{"@type":"ListItem","position":2,"name":"Preju\u00edzos acima de 100 milh\u00f5es de euros na Beira Baixa por mau tempo"}]},{"@type":"WebSite","@id":"https:\/\/portaltela.pt\/#website","url":"https:\/\/portaltela.pt\/","name":"Portal Tela Portugal","description":"","potentialAction":[{"@type":"SearchAction","target":{"@type":"EntryPoint","urlTemplate":"https:\/\/portaltela.pt\/?s={search_term_string}"},"query-input":{"@type":"PropertyValueSpecification","valueRequired":true,"valueName":"search_term_string"}}],"inLanguage":"pt-PT"},{"@type":"Person","@id":"https:\/\/portaltela.pt\/#\/schema\/person\/c4278d4a6028830caff9ee44b42d32ed","name":"Telinha","image":{"@type":"ImageObject","inLanguage":"pt-PT","@id":"https:\/\/portaltela.pt\/s.01k8rhncp4jt1\/2025\/11\/talking-bot-125x125.png","url":"https:\/\/portaltela.pt\/s.01k8rhncp4jt1\/2025\/11\/talking-bot-125x125.png","contentUrl":"https:\/\/portaltela.pt\/s.01k8rhncp4jt1\/2025\/11\/talking-bot-125x125.png","caption":"Telinha"},"sameAs":["https:\/\/portaltela.pt\/"],"url":"https:\/\/portaltela.pt\/por\/367410592786\/"}]}},"_links":{"self":[{"href":"https:\/\/portaltela.pt\/api\/wp\/v2\/posts\/217967","targetHints":{"allow":["GET"]}}],"collection":[{"href":"https:\/\/portaltela.pt\/api\/wp\/v2\/posts"}],"about":[{"href":"https:\/\/portaltela.pt\/api\/wp\/v2\/types\/post"}],"author":[{"embeddable":true,"href":"https:\/\/portaltela.pt\/api\/wp\/v2\/users\/2"}],"replies":[{"embeddable":true,"href":"https:\/\/portaltela.pt\/api\/wp\/v2\/comments?post=217967"}],"version-history":[{"count":0,"href":"https:\/\/portaltela.pt\/api\/wp\/v2\/posts\/217967\/revisions"}],"wp:featuredmedia":[{"embeddable":true,"href":"https:\/\/portaltela.pt\/api\/wp\/v2\/media\/217977"}],"wp:attachment":[{"href":"https:\/\/portaltela.pt\/api\/wp\/v2\/media?parent=217967"}],"wp:term":[{"taxonomy":"category","embeddable":true,"href":"https:\/\/portaltela.pt\/api\/wp\/v2\/categories?post=217967"},{"taxonomy":"post_tag","embeddable":true,"href":"https:\/\/portaltela.pt\/api\/wp\/v2\/tags?post=217967"}],"curies":[{"name":"wp","href":"https:\/\/api.w.org\/{rel}","templated":true}]}}