{"id":217952,"date":"2026-02-19T14:56:00","date_gmt":"2026-02-19T17:56:00","guid":{"rendered":"https:\/\/portaltela.pt\/noticias\/2026\/02\/19\/pan-pede-ao-governo-nao-excluir-apoios-do-mau-tempo-a-quem-tem-dividas-ao-fisco\/"},"modified":"2026-02-19T14:56:00","modified_gmt":"2026-02-19T17:56:00","slug":"pan-pede-ao-governo-nao-excluir-apoios-do-mau-tempo-a-quem-tem-dividas-ao-fisco","status":"publish","type":"post","link":"https:\/\/portaltela.pt\/noticias\/politica\/2026\/02\/19\/pan-pede-ao-governo-nao-excluir-apoios-do-mau-tempo-a-quem-tem-dividas-ao-fisco\/","title":{"rendered":"PAN pede ao Governo n\u00e3o excluir apoios do mau tempo a quem tem d\u00edvidas ao fisco"},"content":{"rendered":"<p>Durante o debate quinzenal na Assembleia da Rep\u00fablica, In\u00eas de Sousa Real, deputada \u00fanica do PAN, pediu ao Governo para n\u00e3o excluir do apoio \u00e0s v\u00edtimas das tempestades as pessoas com d\u00edvidas ao fisco. O primeiro-ministro, Lu\u00eds Montenegro, respondeu que nem todas as ajudas seguem o mesmo regime.<\/p>\n<p>A parlamentar questionou se seria poss\u00edvel estabelecer exce\u00e7\u00f5es para fam\u00edlias vulner\u00e1veis que enfrentam dificuldades em regularizar a d\u00edvida fiscal e ao mesmo tempo aceder aos apoios. A deputada destacou a press\u00e3o financeira e a complexidade de lidar com d\u00edvidas e com os procedimentos de apoio.<\/p>\n<p>Montenegro explicou que h\u00e1 apoios com condi\u00e7\u00f5es diferentes. Citou ajudas de montante at\u00e9 dois IAS, destinadas a quem enfrenta maiores dificuldades, que n\u00e3o exigem regulariza\u00e7\u00e3o fiscal. Acrescentou que, em alguns casos, \u00e9 necess\u00e1rio um plano de pagamento para acesso aos apoios.<\/p>\n<h3>Contexto<\/h3>\n<p>O chefe do Governo sublinhou que existem outros apoios, nomeadamente para empresas, que mant\u00eam regras semelhantes \u00e0s de d\u00e9cadas anteriores. Referiu que a exig\u00eancia de regularidade contributiva e fiscal pode persistir em certos apoios, com base em perspetivas herdadas.<\/p>\n<p>Questionado sobre a cria\u00e7\u00e3o de um Atlas de Risco das Altera\u00e7\u00f5es Clim\u00e1ticas, Montenegro garantiu que o Governo n\u00e3o subestima os impactos das mudan\u00e7as clim\u00e1ticas nem as suas consequ\u00eancias. Indicou que o programa PTRR pode ser uma via para responder \u00e0s preocupa\u00e7\u00f5es apresentadas.<\/p>\n<p>O Primeiro-Ministro concluiu mencionando que o PTRR pode ser uma ferramenta importante para a recupera\u00e7\u00e3o, transforma\u00e7\u00e3o e resili\u00eancia, alinhada com as necessidades de quem foi atingido pelas tempestades.<\/p>\n","protected":false},"excerpt":{"rendered":"<ul>\n<li>O PAN pediu ao Governo para n\u00e3o excluir do apoio \u00e0s v\u00edtimas das tempestades quem tenha d\u00edvidas ao fisco, em plena discuss\u00e3o no parlamento.<\/li>\n<li>A deputada In\u00eas de Sousa Real questionou se h\u00e1 disponibilidade para repensar a exclus\u00e3o de contribuintes com d\u00edvidas ao fisco.<\/li>\n<li>O primeiro-ministro, Lu\u00eds Montenegro, explicou que nem todas as ajudas t\u00eam o mesmo regime; alguns apoios, at\u00e9 dois IAS, n\u00e3o ficam condicionados \u00e0 regulariza\u00e7\u00e3o fiscal.<\/li>\n<li>Montenegro acrescentou que h\u00e1 apoios em empresas que exigem situa\u00e7\u00e3o contributiva e fiscal regularizada, e sublinhou a necessidade de ter um plano de pagamento aprovado para aceder aos apoios.<\/li>\n<li>A deputada pediu ainda um Atlas de Risco das Altera\u00e7\u00f5es Clim\u00e1ticas; o primeiro-ministro afirmou que o governo n\u00e3o subestima as altera\u00e7\u00f5es clim\u00e1ticas e referiu o programa PTRR como poss\u00edvel resposta.<\/li>\n<\/ul>\n","protected":false},"author":2,"featured_media":217960,"comment_status":"closed","ping_status":"closed","sticky":false,"template":"","format":"standard","meta":{"footnotes":""},"categories":[1,5],"tags":[2665,4818,1211,34,3427,2832],"class_list":["post-217952","post","type-post","status-publish","format-standard","has-post-thumbnail","hentry","category-noticias","category-politica","tag-alteracoes-climaticas","tag-apoio-as-catastrofes-naturais","tag-apoio-social","tag-governo","tag-pan","tag-politica"],"yoast_head":"<!-- This site is optimized with the Yoast SEO plugin v27.2 - https:\/\/yoast.com\/product\/yoast-seo-wordpress\/ -->\n<title>PAN pede ao Governo n\u00e3o excluir apoios do mau tempo a quem tem d\u00edvidas ao fisco - Portal Tela Portugal<\/title>\n<meta name=\"robots\" content=\"index, follow, max-snippet:-1, max-image-preview:large, max-video-preview:-1\" \/>\n<meta property=\"og:locale\" content=\"pt_PT\" \/>\n<meta property=\"og:type\" content=\"article\" \/>\n<meta property=\"og:title\" content=\"PAN pede ao Governo n\u00e3o excluir apoios do mau tempo a quem tem d\u00edvidas ao fisco - Portal Tela Portugal\" \/>\n<meta property=\"og:description\" content=\"O PAN pediu ao Governo para n\u00e3o excluir do apoio \u00e0s v\u00edtimas das tempestades quem tenha d\u00edvidas ao fisco, em plena discuss\u00e3o no parlamento. A deputada In\u00eas de Sousa Real questionou se h\u00e1 disponibilidade para repensar a exclus\u00e3o de contribuintes com d\u00edvidas ao fisco. O primeiro-ministro, Lu\u00eds Montenegro, explicou que nem todas as ajudas t\u00eam o mesmo regime; alguns apoios, at\u00e9 dois IAS, n\u00e3o ficam condicionados \u00e0 regulariza\u00e7\u00e3o fiscal. Montenegro acrescentou que h\u00e1 apoios em empresas que exigem situa\u00e7\u00e3o contributiva e fiscal regularizada, e sublinhou a necessidade de ter um plano de pagamento aprovado para aceder aos apoios. A deputada pediu ainda um Atlas de Risco das Altera\u00e7\u00f5es Clim\u00e1ticas; o primeiro-ministro afirmou que o governo n\u00e3o subestima as altera\u00e7\u00f5es clim\u00e1ticas e referiu o programa PTRR como poss\u00edvel resposta.\" \/>\n<meta property=\"og:url\" content=\"https:\/\/portaltela.pt\/noticias\/2026\/02\/19\/pan-pede-ao-governo-nao-excluir-apoios-do-mau-tempo-a-quem-tem-dividas-ao-fisco\/\" \/>\n<meta property=\"og:site_name\" content=\"Portal Tela Portugal\" \/>\n<meta property=\"article:published_time\" content=\"2026-02-19T17:56:00+00:00\" \/>\n<meta name=\"author\" content=\"Telinha\" \/>\n<meta name=\"twitter:card\" content=\"summary_large_image\" \/>\n<meta name=\"twitter:label1\" content=\"Escrito por\" \/>\n\t<meta name=\"twitter:data1\" content=\"Telinha\" \/>\n\t<meta name=\"twitter:label2\" content=\"Tempo estimado de leitura\" \/>\n\t<meta name=\"twitter:data2\" content=\"1 minuto\" \/>\n<script type=\"application\/ld+json\" class=\"yoast-schema-graph\">{\"@context\":\"https:\/\/schema.org\",\"@graph\":[{\"@type\":\"Article\",\"@id\":\"https:\/\/portaltela.pt\/noticias\/2026\/02\/19\/pan-pede-ao-governo-nao-excluir-apoios-do-mau-tempo-a-quem-tem-dividas-ao-fisco\/#article\",\"isPartOf\":{\"@id\":\"https:\/\/portaltela.pt\/noticias\/2026\/02\/19\/pan-pede-ao-governo-nao-excluir-apoios-do-mau-tempo-a-quem-tem-dividas-ao-fisco\/\"},\"author\":{\"name\":\"Telinha\",\"@id\":\"https:\/\/portaltela.pt\/#\/schema\/person\/c4278d4a6028830caff9ee44b42d32ed\"},\"headline\":\"PAN pede ao Governo n\u00e3o excluir apoios do mau tempo a quem tem d\u00edvidas ao fisco\",\"datePublished\":\"2026-02-19T17:56:00+00:00\",\"mainEntityOfPage\":{\"@id\":\"https:\/\/portaltela.pt\/noticias\/2026\/02\/19\/pan-pede-ao-governo-nao-excluir-apoios-do-mau-tempo-a-quem-tem-dividas-ao-fisco\/\"},\"wordCount\":292,\"image\":{\"@id\":\"https:\/\/portaltela.pt\/noticias\/2026\/02\/19\/pan-pede-ao-governo-nao-excluir-apoios-do-mau-tempo-a-quem-tem-dividas-ao-fisco\/#primaryimage\"},\"thumbnailUrl\":\"https:\/\/portaltela.pt\/s.01k8rhncp4jt1\/2026\/02\/img_1500x1000uu2026-02-19-17-55-29-2267754.jpg\",\"keywords\":[\"Altera\u00e7\u00f5es Clim\u00e1ticas\",\"Apoio \u00e0s Cat\u00e1strofes Naturais\",\"Apoio Social\",\"governo\",\"PAN\",\"pol\u00edtica\"],\"articleSection\":[\"Not\u00edcias\",\"Pol\u00edtica\"],\"inLanguage\":\"pt-PT\"},{\"@type\":\"WebPage\",\"@id\":\"https:\/\/portaltela.pt\/noticias\/2026\/02\/19\/pan-pede-ao-governo-nao-excluir-apoios-do-mau-tempo-a-quem-tem-dividas-ao-fisco\/\",\"url\":\"https:\/\/portaltela.pt\/noticias\/2026\/02\/19\/pan-pede-ao-governo-nao-excluir-apoios-do-mau-tempo-a-quem-tem-dividas-ao-fisco\/\",\"name\":\"PAN pede ao Governo n\u00e3o excluir apoios do mau tempo a quem tem d\u00edvidas ao fisco - Portal Tela Portugal\",\"isPartOf\":{\"@id\":\"https:\/\/portaltela.pt\/#website\"},\"primaryImageOfPage\":{\"@id\":\"https:\/\/portaltela.pt\/noticias\/2026\/02\/19\/pan-pede-ao-governo-nao-excluir-apoios-do-mau-tempo-a-quem-tem-dividas-ao-fisco\/#primaryimage\"},\"image\":{\"@id\":\"https:\/\/portaltela.pt\/noticias\/2026\/02\/19\/pan-pede-ao-governo-nao-excluir-apoios-do-mau-tempo-a-quem-tem-dividas-ao-fisco\/#primaryimage\"},\"thumbnailUrl\":\"https:\/\/portaltela.pt\/s.01k8rhncp4jt1\/2026\/02\/img_1500x1000uu2026-02-19-17-55-29-2267754.jpg\",\"datePublished\":\"2026-02-19T17:56:00+00:00\",\"author\":{\"@id\":\"https:\/\/portaltela.pt\/#\/schema\/person\/c4278d4a6028830caff9ee44b42d32ed\"},\"breadcrumb\":{\"@id\":\"https:\/\/portaltela.pt\/noticias\/2026\/02\/19\/pan-pede-ao-governo-nao-excluir-apoios-do-mau-tempo-a-quem-tem-dividas-ao-fisco\/#breadcrumb\"},\"inLanguage\":\"pt-PT\",\"potentialAction\":[{\"@type\":\"ReadAction\",\"target\":[\"https:\/\/portaltela.pt\/noticias\/2026\/02\/19\/pan-pede-ao-governo-nao-excluir-apoios-do-mau-tempo-a-quem-tem-dividas-ao-fisco\/\"]}]},{\"@type\":\"ImageObject\",\"inLanguage\":\"pt-PT\",\"@id\":\"https:\/\/portaltela.pt\/noticias\/2026\/02\/19\/pan-pede-ao-governo-nao-excluir-apoios-do-mau-tempo-a-quem-tem-dividas-ao-fisco\/#primaryimage\",\"url\":\"https:\/\/portaltela.pt\/s.01k8rhncp4jt1\/2026\/02\/img_1500x1000uu2026-02-19-17-55-29-2267754.jpg\",\"contentUrl\":\"https:\/\/portaltela.pt\/s.01k8rhncp4jt1\/2026\/02\/img_1500x1000uu2026-02-19-17-55-29-2267754.jpg\",\"width\":796,\"height\":448,\"caption\":\"In\u00eas de Sousa Real\"},{\"@type\":\"BreadcrumbList\",\"@id\":\"https:\/\/portaltela.pt\/noticias\/2026\/02\/19\/pan-pede-ao-governo-nao-excluir-apoios-do-mau-tempo-a-quem-tem-dividas-ao-fisco\/#breadcrumb\",\"itemListElement\":[{\"@type\":\"ListItem\",\"position\":1,\"name\":\"In\u00edcio\",\"item\":\"https:\/\/portaltela.pt\/\"},{\"@type\":\"ListItem\",\"position\":2,\"name\":\"PAN pede ao Governo n\u00e3o excluir apoios do mau tempo a quem tem d\u00edvidas ao fisco\"}]},{\"@type\":\"WebSite\",\"@id\":\"https:\/\/portaltela.pt\/#website\",\"url\":\"https:\/\/portaltela.pt\/\",\"name\":\"Portal Tela Portugal\",\"description\":\"\",\"potentialAction\":[{\"@type\":\"SearchAction\",\"target\":{\"@type\":\"EntryPoint\",\"urlTemplate\":\"https:\/\/portaltela.pt\/?s={search_term_string}\"},\"query-input\":{\"@type\":\"PropertyValueSpecification\",\"valueRequired\":true,\"valueName\":\"search_term_string\"}}],\"inLanguage\":\"pt-PT\"},{\"@type\":\"Person\",\"@id\":\"https:\/\/portaltela.pt\/#\/schema\/person\/c4278d4a6028830caff9ee44b42d32ed\",\"name\":\"Telinha\",\"image\":{\"@type\":\"ImageObject\",\"inLanguage\":\"pt-PT\",\"@id\":\"https:\/\/portaltela.pt\/s.01k8rhncp4jt1\/2025\/11\/talking-bot-125x125.png\",\"url\":\"https:\/\/portaltela.pt\/s.01k8rhncp4jt1\/2025\/11\/talking-bot-125x125.png\",\"contentUrl\":\"https:\/\/portaltela.pt\/s.01k8rhncp4jt1\/2025\/11\/talking-bot-125x125.png\",\"caption\":\"Telinha\"},\"sameAs\":[\"https:\/\/portaltela.pt\/\"],\"url\":\"https:\/\/portaltela.pt\/por\/367410592786\/\"}]}<\/script>\n<!-- \/ Yoast SEO plugin. -->","yoast_head_json":{"title":"PAN pede ao Governo n\u00e3o excluir apoios do mau tempo a quem tem d\u00edvidas ao fisco - Portal Tela Portugal","robots":{"index":"index","follow":"follow","max-snippet":"max-snippet:-1","max-image-preview":"max-image-preview:large","max-video-preview":"max-video-preview:-1"},"og_locale":"pt_PT","og_type":"article","og_title":"PAN pede ao Governo n\u00e3o excluir apoios do mau tempo a quem tem d\u00edvidas ao fisco - Portal Tela Portugal","og_description":"O PAN pediu ao Governo para n\u00e3o excluir do apoio \u00e0s v\u00edtimas das tempestades quem tenha d\u00edvidas ao fisco, em plena discuss\u00e3o no parlamento. A deputada In\u00eas de Sousa Real questionou se h\u00e1 disponibilidade para repensar a exclus\u00e3o de contribuintes com d\u00edvidas ao fisco. O primeiro-ministro, Lu\u00eds Montenegro, explicou que nem todas as ajudas t\u00eam o mesmo regime; alguns apoios, at\u00e9 dois IAS, n\u00e3o ficam condicionados \u00e0 regulariza\u00e7\u00e3o fiscal. Montenegro acrescentou que h\u00e1 apoios em empresas que exigem situa\u00e7\u00e3o contributiva e fiscal regularizada, e sublinhou a necessidade de ter um plano de pagamento aprovado para aceder aos apoios. A deputada pediu ainda um Atlas de Risco das Altera\u00e7\u00f5es Clim\u00e1ticas; o primeiro-ministro afirmou que o governo n\u00e3o subestima as altera\u00e7\u00f5es clim\u00e1ticas e referiu o programa PTRR como poss\u00edvel resposta.","og_url":"https:\/\/portaltela.pt\/noticias\/2026\/02\/19\/pan-pede-ao-governo-nao-excluir-apoios-do-mau-tempo-a-quem-tem-dividas-ao-fisco\/","og_site_name":"Portal Tela Portugal","article_published_time":"2026-02-19T17:56:00+00:00","author":"Telinha","twitter_card":"summary_large_image","twitter_misc":{"Escrito por":"Telinha","Tempo estimado de leitura":"1 minuto"},"schema":{"@context":"https:\/\/schema.org","@graph":[{"@type":"Article","@id":"https:\/\/portaltela.pt\/noticias\/2026\/02\/19\/pan-pede-ao-governo-nao-excluir-apoios-do-mau-tempo-a-quem-tem-dividas-ao-fisco\/#article","isPartOf":{"@id":"https:\/\/portaltela.pt\/noticias\/2026\/02\/19\/pan-pede-ao-governo-nao-excluir-apoios-do-mau-tempo-a-quem-tem-dividas-ao-fisco\/"},"author":{"name":"Telinha","@id":"https:\/\/portaltela.pt\/#\/schema\/person\/c4278d4a6028830caff9ee44b42d32ed"},"headline":"PAN pede ao Governo n\u00e3o excluir apoios do mau tempo a quem tem d\u00edvidas ao fisco","datePublished":"2026-02-19T17:56:00+00:00","mainEntityOfPage":{"@id":"https:\/\/portaltela.pt\/noticias\/2026\/02\/19\/pan-pede-ao-governo-nao-excluir-apoios-do-mau-tempo-a-quem-tem-dividas-ao-fisco\/"},"wordCount":292,"image":{"@id":"https:\/\/portaltela.pt\/noticias\/2026\/02\/19\/pan-pede-ao-governo-nao-excluir-apoios-do-mau-tempo-a-quem-tem-dividas-ao-fisco\/#primaryimage"},"thumbnailUrl":"https:\/\/portaltela.pt\/s.01k8rhncp4jt1\/2026\/02\/img_1500x1000uu2026-02-19-17-55-29-2267754.jpg","keywords":["Altera\u00e7\u00f5es Clim\u00e1ticas","Apoio \u00e0s Cat\u00e1strofes Naturais","Apoio Social","governo","PAN","pol\u00edtica"],"articleSection":["Not\u00edcias","Pol\u00edtica"],"inLanguage":"pt-PT"},{"@type":"WebPage","@id":"https:\/\/portaltela.pt\/noticias\/2026\/02\/19\/pan-pede-ao-governo-nao-excluir-apoios-do-mau-tempo-a-quem-tem-dividas-ao-fisco\/","url":"https:\/\/portaltela.pt\/noticias\/2026\/02\/19\/pan-pede-ao-governo-nao-excluir-apoios-do-mau-tempo-a-quem-tem-dividas-ao-fisco\/","name":"PAN pede ao Governo n\u00e3o excluir apoios do mau tempo a quem tem d\u00edvidas ao fisco - Portal Tela Portugal","isPartOf":{"@id":"https:\/\/portaltela.pt\/#website"},"primaryImageOfPage":{"@id":"https:\/\/portaltela.pt\/noticias\/2026\/02\/19\/pan-pede-ao-governo-nao-excluir-apoios-do-mau-tempo-a-quem-tem-dividas-ao-fisco\/#primaryimage"},"image":{"@id":"https:\/\/portaltela.pt\/noticias\/2026\/02\/19\/pan-pede-ao-governo-nao-excluir-apoios-do-mau-tempo-a-quem-tem-dividas-ao-fisco\/#primaryimage"},"thumbnailUrl":"https:\/\/portaltela.pt\/s.01k8rhncp4jt1\/2026\/02\/img_1500x1000uu2026-02-19-17-55-29-2267754.jpg","datePublished":"2026-02-19T17:56:00+00:00","author":{"@id":"https:\/\/portaltela.pt\/#\/schema\/person\/c4278d4a6028830caff9ee44b42d32ed"},"breadcrumb":{"@id":"https:\/\/portaltela.pt\/noticias\/2026\/02\/19\/pan-pede-ao-governo-nao-excluir-apoios-do-mau-tempo-a-quem-tem-dividas-ao-fisco\/#breadcrumb"},"inLanguage":"pt-PT","potentialAction":[{"@type":"ReadAction","target":["https:\/\/portaltela.pt\/noticias\/2026\/02\/19\/pan-pede-ao-governo-nao-excluir-apoios-do-mau-tempo-a-quem-tem-dividas-ao-fisco\/"]}]},{"@type":"ImageObject","inLanguage":"pt-PT","@id":"https:\/\/portaltela.pt\/noticias\/2026\/02\/19\/pan-pede-ao-governo-nao-excluir-apoios-do-mau-tempo-a-quem-tem-dividas-ao-fisco\/#primaryimage","url":"https:\/\/portaltela.pt\/s.01k8rhncp4jt1\/2026\/02\/img_1500x1000uu2026-02-19-17-55-29-2267754.jpg","contentUrl":"https:\/\/portaltela.pt\/s.01k8rhncp4jt1\/2026\/02\/img_1500x1000uu2026-02-19-17-55-29-2267754.jpg","width":796,"height":448,"caption":"In\u00eas de Sousa Real"},{"@type":"BreadcrumbList","@id":"https:\/\/portaltela.pt\/noticias\/2026\/02\/19\/pan-pede-ao-governo-nao-excluir-apoios-do-mau-tempo-a-quem-tem-dividas-ao-fisco\/#breadcrumb","itemListElement":[{"@type":"ListItem","position":1,"name":"In\u00edcio","item":"https:\/\/portaltela.pt\/"},{"@type":"ListItem","position":2,"name":"PAN pede ao Governo n\u00e3o excluir apoios do mau tempo a quem tem d\u00edvidas ao fisco"}]},{"@type":"WebSite","@id":"https:\/\/portaltela.pt\/#website","url":"https:\/\/portaltela.pt\/","name":"Portal Tela Portugal","description":"","potentialAction":[{"@type":"SearchAction","target":{"@type":"EntryPoint","urlTemplate":"https:\/\/portaltela.pt\/?s={search_term_string}"},"query-input":{"@type":"PropertyValueSpecification","valueRequired":true,"valueName":"search_term_string"}}],"inLanguage":"pt-PT"},{"@type":"Person","@id":"https:\/\/portaltela.pt\/#\/schema\/person\/c4278d4a6028830caff9ee44b42d32ed","name":"Telinha","image":{"@type":"ImageObject","inLanguage":"pt-PT","@id":"https:\/\/portaltela.pt\/s.01k8rhncp4jt1\/2025\/11\/talking-bot-125x125.png","url":"https:\/\/portaltela.pt\/s.01k8rhncp4jt1\/2025\/11\/talking-bot-125x125.png","contentUrl":"https:\/\/portaltela.pt\/s.01k8rhncp4jt1\/2025\/11\/talking-bot-125x125.png","caption":"Telinha"},"sameAs":["https:\/\/portaltela.pt\/"],"url":"https:\/\/portaltela.pt\/por\/367410592786\/"}]}},"_links":{"self":[{"href":"https:\/\/portaltela.pt\/api\/wp\/v2\/posts\/217952","targetHints":{"allow":["GET"]}}],"collection":[{"href":"https:\/\/portaltela.pt\/api\/wp\/v2\/posts"}],"about":[{"href":"https:\/\/portaltela.pt\/api\/wp\/v2\/types\/post"}],"author":[{"embeddable":true,"href":"https:\/\/portaltela.pt\/api\/wp\/v2\/users\/2"}],"replies":[{"embeddable":true,"href":"https:\/\/portaltela.pt\/api\/wp\/v2\/comments?post=217952"}],"version-history":[{"count":0,"href":"https:\/\/portaltela.pt\/api\/wp\/v2\/posts\/217952\/revisions"}],"wp:featuredmedia":[{"embeddable":true,"href":"https:\/\/portaltela.pt\/api\/wp\/v2\/media\/217960"}],"wp:attachment":[{"href":"https:\/\/portaltela.pt\/api\/wp\/v2\/media?parent=217952"}],"wp:term":[{"taxonomy":"category","embeddable":true,"href":"https:\/\/portaltela.pt\/api\/wp\/v2\/categories?post=217952"},{"taxonomy":"post_tag","embeddable":true,"href":"https:\/\/portaltela.pt\/api\/wp\/v2\/tags?post=217952"}],"curies":[{"name":"wp","href":"https:\/\/api.w.org\/{rel}","templated":true}]}}