{"id":217947,"date":"2026-02-19T14:53:36","date_gmt":"2026-02-19T17:53:36","guid":{"rendered":"https:\/\/portaltela.pt\/noticias\/2026\/02\/19\/jose-fonte-falha-novamente-o-jogo-contra-o-famalicao\/"},"modified":"2026-02-19T14:53:36","modified_gmt":"2026-02-19T17:53:36","slug":"jose-fonte-falha-novamente-o-jogo-contra-o-famalicao","status":"publish","type":"post","link":"https:\/\/portaltela.pt\/desporto\/futebol\/2026\/02\/19\/jose-fonte-falha-novamente-o-jogo-contra-o-famalicao\/","title":{"rendered":"Jos\u00e9 Fonte falha novamente o jogo contra o Famalic\u00e3o"},"content":{"rendered":"<p>Jos\u00e9 Fonte n\u00e3o ser\u00e1 op\u00e7\u00e3o para o jogo do Casa Pia frente ao Famalic\u00e3o, marcado para segunda-feira \u00e0s 20h15. O jogador, com 42 anos, continua lesionado e n\u00e3o foi ainda utiliz\u00e1vel pelo novo treinador dos casapianos.<\/p>\n<p>O central sofreu uma entorse muscular na coxa direita durante a derrota por 3-0 frente ao Sporting, em Alvalade, a 16 de janeiro. Na altura, o Club recordou que a recupera\u00e7\u00e3o devia durar mais de um m\u00eas.<\/p>\n<p>Aos dias de hoje, n\u00e3o houve evolu\u00e7\u00e3o que permita ao defesa-central regressar aos relvados para a jornada 23 da Liga. O Casa Pia segue no 13.\u00ba lugar, com 22 pontos, competindo pela rea\u00e7\u00e3o na segunda metade da \u00e9poca.<\/p>\n<h3>Poss\u00edvel regresso em mar\u00e7o<\/h3>\n<p>Caso haja melhoria, Jos\u00e9 Fonte poder\u00e1 enfrentar o Moreirense no dia 1 de mar\u00e7o, dando ao Casa Pia mais experi\u00eancia para combater pela zona central da classifica\u00e7\u00e3o. A equipa mant\u00e9m objetivos de consolida\u00e7\u00e3o na tabela.<\/p>\n","protected":false},"excerpt":{"rendered":"<ul>\n<li>Jos\u00e9 Fonte, central de 42 anos, n\u00e3o ser\u00e1 op\u00e7\u00e3o de \u00c1lvaro Pacheco para o jogo entre Casa Pia e Famalic\u00e3o, da jornada 23 da Liga, marcado para segunda-feira \u00e0s 20h15.<\/li>\n<li>O defesa lesionou-se na derrota por 3-0 frente ao Sporting, em Alvalade, a 16 de janeiro, com uma les\u00e3o muscular na coxa direita.<\/li>\n<li>O Registo indica que a recupera\u00e7\u00e3o dever\u00e1 demorar mais de um m\u00eas, mantendo-o ausente dos relvados.<\/li>\n<li>H\u00e1 possibilidade de enfrentar o Moreirense no dia 1 de mar\u00e7o, segundo a expectativa atual.<\/li>\n<li>O Casa Pia \u00e9 13.\u00ba classificado da Liga, com 22 pontos.<\/li>\n<\/ul>\n","protected":false},"author":2,"featured_media":217954,"comment_status":"closed","ping_status":"closed","sticky":false,"template":"","format":"standard","meta":{"footnotes":""},"categories":[21,24],"tags":[4143,1788,5176,1396,32,2538],"class_list":["post-217947","post","type-post","status-publish","format-standard","has-post-thumbnail","hentry","category-desporto","category-futebol","tag-1-liga","tag-a-liga","tag-casa-pia","tag-famalicao","tag-futebol","tag-lesoes"],"yoast_head":"<!-- This site is optimized with the Yoast SEO plugin v27.2 - https:\/\/yoast.com\/product\/yoast-seo-wordpress\/ -->\n<title>Jos\u00e9 Fonte falha novamente o jogo contra o Famalic\u00e3o - Portal Tela Portugal<\/title>\n<meta name=\"robots\" content=\"index, follow, max-snippet:-1, max-image-preview:large, max-video-preview:-1\" \/>\n<meta property=\"og:locale\" content=\"pt_PT\" \/>\n<meta property=\"og:type\" content=\"article\" \/>\n<meta property=\"og:title\" content=\"Jos\u00e9 Fonte falha novamente o jogo contra o Famalic\u00e3o - Portal Tela Portugal\" \/>\n<meta property=\"og:description\" content=\"Jos\u00e9 Fonte, central de 42 anos, n\u00e3o ser\u00e1 op\u00e7\u00e3o de \u00c1lvaro Pacheco para o jogo entre Casa Pia e Famalic\u00e3o, da jornada 23 da Liga, marcado para segunda-feira \u00e0s 20h15. O defesa lesionou-se na derrota por 3-0 frente ao Sporting, em Alvalade, a 16 de janeiro, com uma les\u00e3o muscular na coxa direita. O Registo indica que a recupera\u00e7\u00e3o dever\u00e1 demorar mais de um m\u00eas, mantendo-o ausente dos relvados. H\u00e1 possibilidade de enfrentar o Moreirense no dia 1 de mar\u00e7o, segundo a expectativa atual. O Casa Pia \u00e9 13.\u00ba classificado da Liga, com 22 pontos.\" \/>\n<meta property=\"og:url\" content=\"https:\/\/portaltela.pt\/noticias\/2026\/02\/19\/jose-fonte-falha-novamente-o-jogo-contra-o-famalicao\/\" \/>\n<meta property=\"og:site_name\" content=\"Portal Tela Portugal\" \/>\n<meta property=\"article:published_time\" content=\"2026-02-19T17:53:36+00:00\" \/>\n<meta name=\"author\" content=\"Telinha\" \/>\n<meta name=\"twitter:card\" content=\"summary_large_image\" \/>\n<meta name=\"twitter:label1\" content=\"Escrito por\" \/>\n\t<meta name=\"twitter:data1\" content=\"Telinha\" \/>\n\t<meta name=\"twitter:label2\" content=\"Tempo estimado de leitura\" \/>\n\t<meta name=\"twitter:data2\" content=\"1 minuto\" \/>\n<script type=\"application\/ld+json\" class=\"yoast-schema-graph\">{\"@context\":\"https:\/\/schema.org\",\"@graph\":[{\"@type\":\"Article\",\"@id\":\"https:\/\/portaltela.pt\/noticias\/2026\/02\/19\/jose-fonte-falha-novamente-o-jogo-contra-o-famalicao\/#article\",\"isPartOf\":{\"@id\":\"https:\/\/portaltela.pt\/noticias\/2026\/02\/19\/jose-fonte-falha-novamente-o-jogo-contra-o-famalicao\/\"},\"author\":{\"name\":\"Telinha\",\"@id\":\"https:\/\/portaltela.pt\/#\/schema\/person\/c4278d4a6028830caff9ee44b42d32ed\"},\"headline\":\"Jos\u00e9 Fonte falha novamente o jogo contra o Famalic\u00e3o\",\"datePublished\":\"2026-02-19T17:53:36+00:00\",\"mainEntityOfPage\":{\"@id\":\"https:\/\/portaltela.pt\/noticias\/2026\/02\/19\/jose-fonte-falha-novamente-o-jogo-contra-o-famalicao\/\"},\"wordCount\":171,\"image\":{\"@id\":\"https:\/\/portaltela.pt\/noticias\/2026\/02\/19\/jose-fonte-falha-novamente-o-jogo-contra-o-famalicao\/#primaryimage\"},\"thumbnailUrl\":\"https:\/\/portaltela.pt\/s.01k8rhncp4jt1\/2026\/02\/img_920x518uu2026-01-18-16-11-02-2415545-im-639071198011684388.jpg\",\"keywords\":[\"1. Liga\",\"A Liga\",\"Casa Pia\",\"Famalic\u00e3o\",\"futebol\",\"les\u00f5es\"],\"articleSection\":[\"Desporto\",\"Futebol\"],\"inLanguage\":\"pt-PT\"},{\"@type\":\"WebPage\",\"@id\":\"https:\/\/portaltela.pt\/noticias\/2026\/02\/19\/jose-fonte-falha-novamente-o-jogo-contra-o-famalicao\/\",\"url\":\"https:\/\/portaltela.pt\/noticias\/2026\/02\/19\/jose-fonte-falha-novamente-o-jogo-contra-o-famalicao\/\",\"name\":\"Jos\u00e9 Fonte falha novamente o jogo contra o Famalic\u00e3o - Portal Tela Portugal\",\"isPartOf\":{\"@id\":\"https:\/\/portaltela.pt\/#website\"},\"primaryImageOfPage\":{\"@id\":\"https:\/\/portaltela.pt\/noticias\/2026\/02\/19\/jose-fonte-falha-novamente-o-jogo-contra-o-famalicao\/#primaryimage\"},\"image\":{\"@id\":\"https:\/\/portaltela.pt\/noticias\/2026\/02\/19\/jose-fonte-falha-novamente-o-jogo-contra-o-famalicao\/#primaryimage\"},\"thumbnailUrl\":\"https:\/\/portaltela.pt\/s.01k8rhncp4jt1\/2026\/02\/img_920x518uu2026-01-18-16-11-02-2415545-im-639071198011684388.jpg\",\"datePublished\":\"2026-02-19T17:53:36+00:00\",\"author\":{\"@id\":\"https:\/\/portaltela.pt\/#\/schema\/person\/c4278d4a6028830caff9ee44b42d32ed\"},\"breadcrumb\":{\"@id\":\"https:\/\/portaltela.pt\/noticias\/2026\/02\/19\/jose-fonte-falha-novamente-o-jogo-contra-o-famalicao\/#breadcrumb\"},\"inLanguage\":\"pt-PT\",\"potentialAction\":[{\"@type\":\"ReadAction\",\"target\":[\"https:\/\/portaltela.pt\/noticias\/2026\/02\/19\/jose-fonte-falha-novamente-o-jogo-contra-o-famalicao\/\"]}]},{\"@type\":\"ImageObject\",\"inLanguage\":\"pt-PT\",\"@id\":\"https:\/\/portaltela.pt\/noticias\/2026\/02\/19\/jose-fonte-falha-novamente-o-jogo-contra-o-famalicao\/#primaryimage\",\"url\":\"https:\/\/portaltela.pt\/s.01k8rhncp4jt1\/2026\/02\/img_920x518uu2026-01-18-16-11-02-2415545-im-639071198011684388.jpg\",\"contentUrl\":\"https:\/\/portaltela.pt\/s.01k8rhncp4jt1\/2026\/02\/img_920x518uu2026-01-18-16-11-02-2415545-im-639071198011684388.jpg\",\"width\":796,\"height\":448,\"caption\":\"Jos\u00e9 Fonte recebeu assist\u00eancia e acabou substitu\u00eddo em Alvalade\"},{\"@type\":\"BreadcrumbList\",\"@id\":\"https:\/\/portaltela.pt\/noticias\/2026\/02\/19\/jose-fonte-falha-novamente-o-jogo-contra-o-famalicao\/#breadcrumb\",\"itemListElement\":[{\"@type\":\"ListItem\",\"position\":1,\"name\":\"In\u00edcio\",\"item\":\"https:\/\/portaltela.pt\/\"},{\"@type\":\"ListItem\",\"position\":2,\"name\":\"Jos\u00e9 Fonte falha novamente o jogo contra o Famalic\u00e3o\"}]},{\"@type\":\"WebSite\",\"@id\":\"https:\/\/portaltela.pt\/#website\",\"url\":\"https:\/\/portaltela.pt\/\",\"name\":\"Portal Tela Portugal\",\"description\":\"\",\"potentialAction\":[{\"@type\":\"SearchAction\",\"target\":{\"@type\":\"EntryPoint\",\"urlTemplate\":\"https:\/\/portaltela.pt\/?s={search_term_string}\"},\"query-input\":{\"@type\":\"PropertyValueSpecification\",\"valueRequired\":true,\"valueName\":\"search_term_string\"}}],\"inLanguage\":\"pt-PT\"},{\"@type\":\"Person\",\"@id\":\"https:\/\/portaltela.pt\/#\/schema\/person\/c4278d4a6028830caff9ee44b42d32ed\",\"name\":\"Telinha\",\"image\":{\"@type\":\"ImageObject\",\"inLanguage\":\"pt-PT\",\"@id\":\"https:\/\/portaltela.pt\/s.01k8rhncp4jt1\/2025\/11\/talking-bot-125x125.png\",\"url\":\"https:\/\/portaltela.pt\/s.01k8rhncp4jt1\/2025\/11\/talking-bot-125x125.png\",\"contentUrl\":\"https:\/\/portaltela.pt\/s.01k8rhncp4jt1\/2025\/11\/talking-bot-125x125.png\",\"caption\":\"Telinha\"},\"sameAs\":[\"https:\/\/portaltela.pt\/\"],\"url\":\"https:\/\/portaltela.pt\/por\/367410592786\/\"}]}<\/script>\n<!-- \/ Yoast SEO plugin. -->","yoast_head_json":{"title":"Jos\u00e9 Fonte falha novamente o jogo contra o Famalic\u00e3o - Portal Tela Portugal","robots":{"index":"index","follow":"follow","max-snippet":"max-snippet:-1","max-image-preview":"max-image-preview:large","max-video-preview":"max-video-preview:-1"},"og_locale":"pt_PT","og_type":"article","og_title":"Jos\u00e9 Fonte falha novamente o jogo contra o Famalic\u00e3o - Portal Tela Portugal","og_description":"Jos\u00e9 Fonte, central de 42 anos, n\u00e3o ser\u00e1 op\u00e7\u00e3o de \u00c1lvaro Pacheco para o jogo entre Casa Pia e Famalic\u00e3o, da jornada 23 da Liga, marcado para segunda-feira \u00e0s 20h15. O defesa lesionou-se na derrota por 3-0 frente ao Sporting, em Alvalade, a 16 de janeiro, com uma les\u00e3o muscular na coxa direita. O Registo indica que a recupera\u00e7\u00e3o dever\u00e1 demorar mais de um m\u00eas, mantendo-o ausente dos relvados. H\u00e1 possibilidade de enfrentar o Moreirense no dia 1 de mar\u00e7o, segundo a expectativa atual. O Casa Pia \u00e9 13.\u00ba classificado da Liga, com 22 pontos.","og_url":"https:\/\/portaltela.pt\/noticias\/2026\/02\/19\/jose-fonte-falha-novamente-o-jogo-contra-o-famalicao\/","og_site_name":"Portal Tela Portugal","article_published_time":"2026-02-19T17:53:36+00:00","author":"Telinha","twitter_card":"summary_large_image","twitter_misc":{"Escrito por":"Telinha","Tempo estimado de leitura":"1 minuto"},"schema":{"@context":"https:\/\/schema.org","@graph":[{"@type":"Article","@id":"https:\/\/portaltela.pt\/noticias\/2026\/02\/19\/jose-fonte-falha-novamente-o-jogo-contra-o-famalicao\/#article","isPartOf":{"@id":"https:\/\/portaltela.pt\/noticias\/2026\/02\/19\/jose-fonte-falha-novamente-o-jogo-contra-o-famalicao\/"},"author":{"name":"Telinha","@id":"https:\/\/portaltela.pt\/#\/schema\/person\/c4278d4a6028830caff9ee44b42d32ed"},"headline":"Jos\u00e9 Fonte falha novamente o jogo contra o Famalic\u00e3o","datePublished":"2026-02-19T17:53:36+00:00","mainEntityOfPage":{"@id":"https:\/\/portaltela.pt\/noticias\/2026\/02\/19\/jose-fonte-falha-novamente-o-jogo-contra-o-famalicao\/"},"wordCount":171,"image":{"@id":"https:\/\/portaltela.pt\/noticias\/2026\/02\/19\/jose-fonte-falha-novamente-o-jogo-contra-o-famalicao\/#primaryimage"},"thumbnailUrl":"https:\/\/portaltela.pt\/s.01k8rhncp4jt1\/2026\/02\/img_920x518uu2026-01-18-16-11-02-2415545-im-639071198011684388.jpg","keywords":["1. Liga","A Liga","Casa Pia","Famalic\u00e3o","futebol","les\u00f5es"],"articleSection":["Desporto","Futebol"],"inLanguage":"pt-PT"},{"@type":"WebPage","@id":"https:\/\/portaltela.pt\/noticias\/2026\/02\/19\/jose-fonte-falha-novamente-o-jogo-contra-o-famalicao\/","url":"https:\/\/portaltela.pt\/noticias\/2026\/02\/19\/jose-fonte-falha-novamente-o-jogo-contra-o-famalicao\/","name":"Jos\u00e9 Fonte falha novamente o jogo contra o Famalic\u00e3o - Portal Tela Portugal","isPartOf":{"@id":"https:\/\/portaltela.pt\/#website"},"primaryImageOfPage":{"@id":"https:\/\/portaltela.pt\/noticias\/2026\/02\/19\/jose-fonte-falha-novamente-o-jogo-contra-o-famalicao\/#primaryimage"},"image":{"@id":"https:\/\/portaltela.pt\/noticias\/2026\/02\/19\/jose-fonte-falha-novamente-o-jogo-contra-o-famalicao\/#primaryimage"},"thumbnailUrl":"https:\/\/portaltela.pt\/s.01k8rhncp4jt1\/2026\/02\/img_920x518uu2026-01-18-16-11-02-2415545-im-639071198011684388.jpg","datePublished":"2026-02-19T17:53:36+00:00","author":{"@id":"https:\/\/portaltela.pt\/#\/schema\/person\/c4278d4a6028830caff9ee44b42d32ed"},"breadcrumb":{"@id":"https:\/\/portaltela.pt\/noticias\/2026\/02\/19\/jose-fonte-falha-novamente-o-jogo-contra-o-famalicao\/#breadcrumb"},"inLanguage":"pt-PT","potentialAction":[{"@type":"ReadAction","target":["https:\/\/portaltela.pt\/noticias\/2026\/02\/19\/jose-fonte-falha-novamente-o-jogo-contra-o-famalicao\/"]}]},{"@type":"ImageObject","inLanguage":"pt-PT","@id":"https:\/\/portaltela.pt\/noticias\/2026\/02\/19\/jose-fonte-falha-novamente-o-jogo-contra-o-famalicao\/#primaryimage","url":"https:\/\/portaltela.pt\/s.01k8rhncp4jt1\/2026\/02\/img_920x518uu2026-01-18-16-11-02-2415545-im-639071198011684388.jpg","contentUrl":"https:\/\/portaltela.pt\/s.01k8rhncp4jt1\/2026\/02\/img_920x518uu2026-01-18-16-11-02-2415545-im-639071198011684388.jpg","width":796,"height":448,"caption":"Jos\u00e9 Fonte recebeu assist\u00eancia e acabou substitu\u00eddo em Alvalade"},{"@type":"BreadcrumbList","@id":"https:\/\/portaltela.pt\/noticias\/2026\/02\/19\/jose-fonte-falha-novamente-o-jogo-contra-o-famalicao\/#breadcrumb","itemListElement":[{"@type":"ListItem","position":1,"name":"In\u00edcio","item":"https:\/\/portaltela.pt\/"},{"@type":"ListItem","position":2,"name":"Jos\u00e9 Fonte falha novamente o jogo contra o Famalic\u00e3o"}]},{"@type":"WebSite","@id":"https:\/\/portaltela.pt\/#website","url":"https:\/\/portaltela.pt\/","name":"Portal Tela Portugal","description":"","potentialAction":[{"@type":"SearchAction","target":{"@type":"EntryPoint","urlTemplate":"https:\/\/portaltela.pt\/?s={search_term_string}"},"query-input":{"@type":"PropertyValueSpecification","valueRequired":true,"valueName":"search_term_string"}}],"inLanguage":"pt-PT"},{"@type":"Person","@id":"https:\/\/portaltela.pt\/#\/schema\/person\/c4278d4a6028830caff9ee44b42d32ed","name":"Telinha","image":{"@type":"ImageObject","inLanguage":"pt-PT","@id":"https:\/\/portaltela.pt\/s.01k8rhncp4jt1\/2025\/11\/talking-bot-125x125.png","url":"https:\/\/portaltela.pt\/s.01k8rhncp4jt1\/2025\/11\/talking-bot-125x125.png","contentUrl":"https:\/\/portaltela.pt\/s.01k8rhncp4jt1\/2025\/11\/talking-bot-125x125.png","caption":"Telinha"},"sameAs":["https:\/\/portaltela.pt\/"],"url":"https:\/\/portaltela.pt\/por\/367410592786\/"}]}},"_links":{"self":[{"href":"https:\/\/portaltela.pt\/api\/wp\/v2\/posts\/217947","targetHints":{"allow":["GET"]}}],"collection":[{"href":"https:\/\/portaltela.pt\/api\/wp\/v2\/posts"}],"about":[{"href":"https:\/\/portaltela.pt\/api\/wp\/v2\/types\/post"}],"author":[{"embeddable":true,"href":"https:\/\/portaltela.pt\/api\/wp\/v2\/users\/2"}],"replies":[{"embeddable":true,"href":"https:\/\/portaltela.pt\/api\/wp\/v2\/comments?post=217947"}],"version-history":[{"count":0,"href":"https:\/\/portaltela.pt\/api\/wp\/v2\/posts\/217947\/revisions"}],"wp:featuredmedia":[{"embeddable":true,"href":"https:\/\/portaltela.pt\/api\/wp\/v2\/media\/217954"}],"wp:attachment":[{"href":"https:\/\/portaltela.pt\/api\/wp\/v2\/media?parent=217947"}],"wp:term":[{"taxonomy":"category","embeddable":true,"href":"https:\/\/portaltela.pt\/api\/wp\/v2\/categories?post=217947"},{"taxonomy":"post_tag","embeddable":true,"href":"https:\/\/portaltela.pt\/api\/wp\/v2\/tags?post=217947"}],"curies":[{"name":"wp","href":"https:\/\/api.w.org\/{rel}","templated":true}]}}