{"id":217925,"date":"2026-02-19T14:29:00","date_gmt":"2026-02-19T17:29:00","guid":{"rendered":"https:\/\/portaltela.pt\/noticias\/2026\/02\/19\/il-pede-previsibilidade-montenegro-nao-define-data-para-regresso-da-eletricidade\/"},"modified":"2026-02-19T14:29:00","modified_gmt":"2026-02-19T17:29:00","slug":"il-pede-previsibilidade-montenegro-nao-define-data-para-regresso-da-eletricidade","status":"publish","type":"post","link":"https:\/\/portaltela.pt\/noticias\/politica\/2026\/02\/19\/il-pede-previsibilidade-montenegro-nao-define-data-para-regresso-da-eletricidade\/","title":{"rendered":"IL pede previsibilidade; Montenegro n\u00e3o define data para regresso da eletricidade"},"content":{"rendered":"<p>Durante o debate quinzenal na Assembleia da Rep\u00fablica, a presidente da IL, Mariana Leit\u00e3o, criticou a resposta \u00e0s tempestades recentes, afirmando que o Estado chega tarde e a m\u00e1s horas. Pediu previsibilidade para as pessoas sem eletricidade.<\/p>\n<p>Lu\u00eds Montenegro afirmou que o esfor\u00e7o est\u00e1 a ocorrer de forma total, incluindo o fornecimento de geradores de grande porte enquanto se restabelece a liga\u00e7\u00e3o \u00e0 rete el\u00e9ctrica. N\u00e3o indicou uma data concreta para a normaliza\u00e7\u00e3o.<\/p>\n<p>O primeiro-ministro explicou que n\u00e3o pode prometer uma data espec\u00edfica, evitando criar expectativas que depois n\u00e3o se confirmem, o que agravaria a ang\u00fastia dos cidad\u00e3os. Afirmou ainda que a prioridade \u00e9 resolver o problema com realismo.<\/p>\n<h3>Programa PTRR<\/h3>\n<p>Durante a interpela\u00e7\u00e3o, Leit\u00e3o solicitou detalhes sobre o programa Portugal Recupera\u00e7\u00e3o, Transforma\u00e7\u00e3o e Resili\u00eancia (PTRR), incluindo objetivos, apoiados, infraestruturas cr\u00edticas, munic\u00edpios abrangidos, valor, financiamento e tutela. Montenegro n\u00e3o avan\u00e7ou com respostas, dizendo apenas que o documento ser\u00e1 apresentado aos partidos na pr\u00f3xima semana para aprofundamento.<\/p>\n<p>Ao terminar o debate, Leit\u00e3o criticou a vis\u00e3o de futuro do Governo e pediu menos nomea\u00e7\u00f5es partid\u00e1rias, al\u00e9m de concursos t\u00e9cnicos mais rigorosos para as estruturas p\u00fablicas. Questionou se o modelo atual est\u00e1 esgotado e se h\u00e1 disponibilidade para planear o futuro.<\/p>\n<p>Apesar das cr\u00edticas, Montenegro manteve a disponibilidade para di\u00e1logo com a IL. O Governo disse que, ponto a ponto, pretende construir pontes para discutir solu\u00e7\u00f5es e avan\u00e7ar com as propostas.<\/p>\n","protected":false},"excerpt":{"rendered":"<ul>\n<li>Na Assembleia da Rep\u00fablica, a IL pediu previsibilidade para fam\u00edlias sem energia ap\u00f3s as tempestades, reclamando que o Estado chega muitas vezes tarde.<\/li>\n<li>O l\u00edder do governo, Lu\u00eds Montenegro, afirmou que, enquanto a liga\u00e7\u00e3o n\u00e3o for restabelecida, h\u00e1 apoio com geradores de grande porte.<\/li>\n<li>O primeiro-ministro disse esperar que a situa\u00e7\u00e3o se resolva nas pr\u00f3ximas semanas, sem conseguir indicar uma data concreta.<\/li>\n<li>A IL questionou o programa Portugal Recupera\u00e7\u00e3o, Transforma\u00e7\u00e3o e Resili\u00eancia, pedindo detalhes sobre objetivos, custos, financiamento e gest\u00e3o, sem novidades durante o debate.<\/li>\n<li>Ao encerrar, a deputada da IL pediu menos nomea\u00e7\u00f5es partid\u00e1rias e mais concursos t\u00e9cnicos, enquanto o primeiro-ministro reiterou disponibilidade para di\u00e1logo.<\/li>\n<\/ul>\n","protected":false},"author":2,"featured_media":217927,"comment_status":"closed","ping_status":"closed","sticky":false,"template":"","format":"standard","meta":{"footnotes":""},"categories":[1,5],"tags":[4729,4211,3732,34,2832,1014],"class_list":["post-217925","post","type-post","status-publish","format-standard","has-post-thumbnail","hentry","category-noticias","category-politica","tag-abastecimento-de-energia","tag-assembleia-nacional","tag-eletricidade","tag-governo","tag-politica","tag-portugal"],"yoast_head":"<!-- This site is optimized with the Yoast SEO plugin v27.2 - https:\/\/yoast.com\/product\/yoast-seo-wordpress\/ -->\n<title>IL pede previsibilidade; Montenegro n\u00e3o define data para regresso da eletricidade - Portal Tela Portugal<\/title>\n<meta name=\"robots\" content=\"index, follow, max-snippet:-1, max-image-preview:large, max-video-preview:-1\" \/>\n<meta property=\"og:locale\" content=\"pt_PT\" \/>\n<meta property=\"og:type\" content=\"article\" \/>\n<meta property=\"og:title\" content=\"IL pede previsibilidade; Montenegro n\u00e3o define data para regresso da eletricidade - Portal Tela Portugal\" \/>\n<meta property=\"og:description\" content=\"Na Assembleia da Rep\u00fablica, a IL pediu previsibilidade para fam\u00edlias sem energia ap\u00f3s as tempestades, reclamando que o Estado chega muitas vezes tarde. O l\u00edder do governo, Lu\u00eds Montenegro, afirmou que, enquanto a liga\u00e7\u00e3o n\u00e3o for restabelecida, h\u00e1 apoio com geradores de grande porte. O primeiro-ministro disse esperar que a situa\u00e7\u00e3o se resolva nas pr\u00f3ximas semanas, sem conseguir indicar uma data concreta. A IL questionou o programa Portugal Recupera\u00e7\u00e3o, Transforma\u00e7\u00e3o e Resili\u00eancia, pedindo detalhes sobre objetivos, custos, financiamento e gest\u00e3o, sem novidades durante o debate. Ao encerrar, a deputada da IL pediu menos nomea\u00e7\u00f5es partid\u00e1rias e mais concursos t\u00e9cnicos, enquanto o primeiro-ministro reiterou disponibilidade para di\u00e1logo.\" \/>\n<meta property=\"og:url\" content=\"https:\/\/portaltela.pt\/noticias\/2026\/02\/19\/il-pede-previsibilidade-montenegro-nao-define-data-para-regresso-da-eletricidade\/\" \/>\n<meta property=\"og:site_name\" content=\"Portal Tela Portugal\" \/>\n<meta property=\"article:published_time\" content=\"2026-02-19T17:29:00+00:00\" \/>\n<meta name=\"author\" content=\"Telinha\" \/>\n<meta name=\"twitter:card\" content=\"summary_large_image\" \/>\n<meta name=\"twitter:label1\" content=\"Escrito por\" \/>\n\t<meta name=\"twitter:data1\" content=\"Telinha\" \/>\n\t<meta name=\"twitter:label2\" content=\"Tempo estimado de leitura\" \/>\n\t<meta name=\"twitter:data2\" content=\"1 minuto\" \/>\n<script type=\"application\/ld+json\" class=\"yoast-schema-graph\">{\"@context\":\"https:\/\/schema.org\",\"@graph\":[{\"@type\":\"Article\",\"@id\":\"https:\/\/portaltela.pt\/noticias\/2026\/02\/19\/il-pede-previsibilidade-montenegro-nao-define-data-para-regresso-da-eletricidade\/#article\",\"isPartOf\":{\"@id\":\"https:\/\/portaltela.pt\/noticias\/2026\/02\/19\/il-pede-previsibilidade-montenegro-nao-define-data-para-regresso-da-eletricidade\/\"},\"author\":{\"name\":\"Telinha\",\"@id\":\"https:\/\/portaltela.pt\/#\/schema\/person\/c4278d4a6028830caff9ee44b42d32ed\"},\"headline\":\"IL pede previsibilidade; Montenegro n\u00e3o define data para regresso da eletricidade\",\"datePublished\":\"2026-02-19T17:29:00+00:00\",\"mainEntityOfPage\":{\"@id\":\"https:\/\/portaltela.pt\/noticias\/2026\/02\/19\/il-pede-previsibilidade-montenegro-nao-define-data-para-regresso-da-eletricidade\/\"},\"wordCount\":273,\"image\":{\"@id\":\"https:\/\/portaltela.pt\/noticias\/2026\/02\/19\/il-pede-previsibilidade-montenegro-nao-define-data-para-regresso-da-eletricidade\/#primaryimage\"},\"thumbnailUrl\":\"https:\/\/portaltela.pt\/s.01k8rhncp4jt1\/2026\/02\/884eeaee-dd60-48ba-b26e-c3bdb1a6937c_1200x675.jpg\",\"keywords\":[\"abastecimento de energia\",\"Assembleia Nacional\",\"eletricidade\",\"governo\",\"pol\u00edtica\",\"Portugal\"],\"articleSection\":[\"Not\u00edcias\",\"Pol\u00edtica\"],\"inLanguage\":\"pt-PT\"},{\"@type\":\"WebPage\",\"@id\":\"https:\/\/portaltela.pt\/noticias\/2026\/02\/19\/il-pede-previsibilidade-montenegro-nao-define-data-para-regresso-da-eletricidade\/\",\"url\":\"https:\/\/portaltela.pt\/noticias\/2026\/02\/19\/il-pede-previsibilidade-montenegro-nao-define-data-para-regresso-da-eletricidade\/\",\"name\":\"IL pede previsibilidade; Montenegro n\u00e3o define data para regresso da eletricidade - Portal Tela Portugal\",\"isPartOf\":{\"@id\":\"https:\/\/portaltela.pt\/#website\"},\"primaryImageOfPage\":{\"@id\":\"https:\/\/portaltela.pt\/noticias\/2026\/02\/19\/il-pede-previsibilidade-montenegro-nao-define-data-para-regresso-da-eletricidade\/#primaryimage\"},\"image\":{\"@id\":\"https:\/\/portaltela.pt\/noticias\/2026\/02\/19\/il-pede-previsibilidade-montenegro-nao-define-data-para-regresso-da-eletricidade\/#primaryimage\"},\"thumbnailUrl\":\"https:\/\/portaltela.pt\/s.01k8rhncp4jt1\/2026\/02\/884eeaee-dd60-48ba-b26e-c3bdb1a6937c_1200x675.jpg\",\"datePublished\":\"2026-02-19T17:29:00+00:00\",\"author\":{\"@id\":\"https:\/\/portaltela.pt\/#\/schema\/person\/c4278d4a6028830caff9ee44b42d32ed\"},\"breadcrumb\":{\"@id\":\"https:\/\/portaltela.pt\/noticias\/2026\/02\/19\/il-pede-previsibilidade-montenegro-nao-define-data-para-regresso-da-eletricidade\/#breadcrumb\"},\"inLanguage\":\"pt-PT\",\"potentialAction\":[{\"@type\":\"ReadAction\",\"target\":[\"https:\/\/portaltela.pt\/noticias\/2026\/02\/19\/il-pede-previsibilidade-montenegro-nao-define-data-para-regresso-da-eletricidade\/\"]}]},{\"@type\":\"ImageObject\",\"inLanguage\":\"pt-PT\",\"@id\":\"https:\/\/portaltela.pt\/noticias\/2026\/02\/19\/il-pede-previsibilidade-montenegro-nao-define-data-para-regresso-da-eletricidade\/#primaryimage\",\"url\":\"https:\/\/portaltela.pt\/s.01k8rhncp4jt1\/2026\/02\/884eeaee-dd60-48ba-b26e-c3bdb1a6937c_1200x675.jpg\",\"contentUrl\":\"https:\/\/portaltela.pt\/s.01k8rhncp4jt1\/2026\/02\/884eeaee-dd60-48ba-b26e-c3bdb1a6937c_1200x675.jpg\",\"width\":796,\"height\":448,\"caption\":\"A presidente da Iniciativa Liberal, Mariana Leit\u00e3o\"},{\"@type\":\"BreadcrumbList\",\"@id\":\"https:\/\/portaltela.pt\/noticias\/2026\/02\/19\/il-pede-previsibilidade-montenegro-nao-define-data-para-regresso-da-eletricidade\/#breadcrumb\",\"itemListElement\":[{\"@type\":\"ListItem\",\"position\":1,\"name\":\"In\u00edcio\",\"item\":\"https:\/\/portaltela.pt\/\"},{\"@type\":\"ListItem\",\"position\":2,\"name\":\"IL pede previsibilidade; Montenegro n\u00e3o define data para regresso da eletricidade\"}]},{\"@type\":\"WebSite\",\"@id\":\"https:\/\/portaltela.pt\/#website\",\"url\":\"https:\/\/portaltela.pt\/\",\"name\":\"Portal Tela Portugal\",\"description\":\"\",\"potentialAction\":[{\"@type\":\"SearchAction\",\"target\":{\"@type\":\"EntryPoint\",\"urlTemplate\":\"https:\/\/portaltela.pt\/?s={search_term_string}\"},\"query-input\":{\"@type\":\"PropertyValueSpecification\",\"valueRequired\":true,\"valueName\":\"search_term_string\"}}],\"inLanguage\":\"pt-PT\"},{\"@type\":\"Person\",\"@id\":\"https:\/\/portaltela.pt\/#\/schema\/person\/c4278d4a6028830caff9ee44b42d32ed\",\"name\":\"Telinha\",\"image\":{\"@type\":\"ImageObject\",\"inLanguage\":\"pt-PT\",\"@id\":\"https:\/\/portaltela.pt\/s.01k8rhncp4jt1\/2025\/11\/talking-bot-125x125.png\",\"url\":\"https:\/\/portaltela.pt\/s.01k8rhncp4jt1\/2025\/11\/talking-bot-125x125.png\",\"contentUrl\":\"https:\/\/portaltela.pt\/s.01k8rhncp4jt1\/2025\/11\/talking-bot-125x125.png\",\"caption\":\"Telinha\"},\"sameAs\":[\"https:\/\/portaltela.pt\/\"],\"url\":\"https:\/\/portaltela.pt\/por\/367410592786\/\"}]}<\/script>\n<!-- \/ Yoast SEO plugin. -->","yoast_head_json":{"title":"IL pede previsibilidade; Montenegro n\u00e3o define data para regresso da eletricidade - Portal Tela Portugal","robots":{"index":"index","follow":"follow","max-snippet":"max-snippet:-1","max-image-preview":"max-image-preview:large","max-video-preview":"max-video-preview:-1"},"og_locale":"pt_PT","og_type":"article","og_title":"IL pede previsibilidade; Montenegro n\u00e3o define data para regresso da eletricidade - Portal Tela Portugal","og_description":"Na Assembleia da Rep\u00fablica, a IL pediu previsibilidade para fam\u00edlias sem energia ap\u00f3s as tempestades, reclamando que o Estado chega muitas vezes tarde. O l\u00edder do governo, Lu\u00eds Montenegro, afirmou que, enquanto a liga\u00e7\u00e3o n\u00e3o for restabelecida, h\u00e1 apoio com geradores de grande porte. O primeiro-ministro disse esperar que a situa\u00e7\u00e3o se resolva nas pr\u00f3ximas semanas, sem conseguir indicar uma data concreta. A IL questionou o programa Portugal Recupera\u00e7\u00e3o, Transforma\u00e7\u00e3o e Resili\u00eancia, pedindo detalhes sobre objetivos, custos, financiamento e gest\u00e3o, sem novidades durante o debate. Ao encerrar, a deputada da IL pediu menos nomea\u00e7\u00f5es partid\u00e1rias e mais concursos t\u00e9cnicos, enquanto o primeiro-ministro reiterou disponibilidade para di\u00e1logo.","og_url":"https:\/\/portaltela.pt\/noticias\/2026\/02\/19\/il-pede-previsibilidade-montenegro-nao-define-data-para-regresso-da-eletricidade\/","og_site_name":"Portal Tela Portugal","article_published_time":"2026-02-19T17:29:00+00:00","author":"Telinha","twitter_card":"summary_large_image","twitter_misc":{"Escrito por":"Telinha","Tempo estimado de leitura":"1 minuto"},"schema":{"@context":"https:\/\/schema.org","@graph":[{"@type":"Article","@id":"https:\/\/portaltela.pt\/noticias\/2026\/02\/19\/il-pede-previsibilidade-montenegro-nao-define-data-para-regresso-da-eletricidade\/#article","isPartOf":{"@id":"https:\/\/portaltela.pt\/noticias\/2026\/02\/19\/il-pede-previsibilidade-montenegro-nao-define-data-para-regresso-da-eletricidade\/"},"author":{"name":"Telinha","@id":"https:\/\/portaltela.pt\/#\/schema\/person\/c4278d4a6028830caff9ee44b42d32ed"},"headline":"IL pede previsibilidade; Montenegro n\u00e3o define data para regresso da eletricidade","datePublished":"2026-02-19T17:29:00+00:00","mainEntityOfPage":{"@id":"https:\/\/portaltela.pt\/noticias\/2026\/02\/19\/il-pede-previsibilidade-montenegro-nao-define-data-para-regresso-da-eletricidade\/"},"wordCount":273,"image":{"@id":"https:\/\/portaltela.pt\/noticias\/2026\/02\/19\/il-pede-previsibilidade-montenegro-nao-define-data-para-regresso-da-eletricidade\/#primaryimage"},"thumbnailUrl":"https:\/\/portaltela.pt\/s.01k8rhncp4jt1\/2026\/02\/884eeaee-dd60-48ba-b26e-c3bdb1a6937c_1200x675.jpg","keywords":["abastecimento de energia","Assembleia Nacional","eletricidade","governo","pol\u00edtica","Portugal"],"articleSection":["Not\u00edcias","Pol\u00edtica"],"inLanguage":"pt-PT"},{"@type":"WebPage","@id":"https:\/\/portaltela.pt\/noticias\/2026\/02\/19\/il-pede-previsibilidade-montenegro-nao-define-data-para-regresso-da-eletricidade\/","url":"https:\/\/portaltela.pt\/noticias\/2026\/02\/19\/il-pede-previsibilidade-montenegro-nao-define-data-para-regresso-da-eletricidade\/","name":"IL pede previsibilidade; Montenegro n\u00e3o define data para regresso da eletricidade - Portal Tela Portugal","isPartOf":{"@id":"https:\/\/portaltela.pt\/#website"},"primaryImageOfPage":{"@id":"https:\/\/portaltela.pt\/noticias\/2026\/02\/19\/il-pede-previsibilidade-montenegro-nao-define-data-para-regresso-da-eletricidade\/#primaryimage"},"image":{"@id":"https:\/\/portaltela.pt\/noticias\/2026\/02\/19\/il-pede-previsibilidade-montenegro-nao-define-data-para-regresso-da-eletricidade\/#primaryimage"},"thumbnailUrl":"https:\/\/portaltela.pt\/s.01k8rhncp4jt1\/2026\/02\/884eeaee-dd60-48ba-b26e-c3bdb1a6937c_1200x675.jpg","datePublished":"2026-02-19T17:29:00+00:00","author":{"@id":"https:\/\/portaltela.pt\/#\/schema\/person\/c4278d4a6028830caff9ee44b42d32ed"},"breadcrumb":{"@id":"https:\/\/portaltela.pt\/noticias\/2026\/02\/19\/il-pede-previsibilidade-montenegro-nao-define-data-para-regresso-da-eletricidade\/#breadcrumb"},"inLanguage":"pt-PT","potentialAction":[{"@type":"ReadAction","target":["https:\/\/portaltela.pt\/noticias\/2026\/02\/19\/il-pede-previsibilidade-montenegro-nao-define-data-para-regresso-da-eletricidade\/"]}]},{"@type":"ImageObject","inLanguage":"pt-PT","@id":"https:\/\/portaltela.pt\/noticias\/2026\/02\/19\/il-pede-previsibilidade-montenegro-nao-define-data-para-regresso-da-eletricidade\/#primaryimage","url":"https:\/\/portaltela.pt\/s.01k8rhncp4jt1\/2026\/02\/884eeaee-dd60-48ba-b26e-c3bdb1a6937c_1200x675.jpg","contentUrl":"https:\/\/portaltela.pt\/s.01k8rhncp4jt1\/2026\/02\/884eeaee-dd60-48ba-b26e-c3bdb1a6937c_1200x675.jpg","width":796,"height":448,"caption":"A presidente da Iniciativa Liberal, Mariana Leit\u00e3o"},{"@type":"BreadcrumbList","@id":"https:\/\/portaltela.pt\/noticias\/2026\/02\/19\/il-pede-previsibilidade-montenegro-nao-define-data-para-regresso-da-eletricidade\/#breadcrumb","itemListElement":[{"@type":"ListItem","position":1,"name":"In\u00edcio","item":"https:\/\/portaltela.pt\/"},{"@type":"ListItem","position":2,"name":"IL pede previsibilidade; Montenegro n\u00e3o define data para regresso da eletricidade"}]},{"@type":"WebSite","@id":"https:\/\/portaltela.pt\/#website","url":"https:\/\/portaltela.pt\/","name":"Portal Tela Portugal","description":"","potentialAction":[{"@type":"SearchAction","target":{"@type":"EntryPoint","urlTemplate":"https:\/\/portaltela.pt\/?s={search_term_string}"},"query-input":{"@type":"PropertyValueSpecification","valueRequired":true,"valueName":"search_term_string"}}],"inLanguage":"pt-PT"},{"@type":"Person","@id":"https:\/\/portaltela.pt\/#\/schema\/person\/c4278d4a6028830caff9ee44b42d32ed","name":"Telinha","image":{"@type":"ImageObject","inLanguage":"pt-PT","@id":"https:\/\/portaltela.pt\/s.01k8rhncp4jt1\/2025\/11\/talking-bot-125x125.png","url":"https:\/\/portaltela.pt\/s.01k8rhncp4jt1\/2025\/11\/talking-bot-125x125.png","contentUrl":"https:\/\/portaltela.pt\/s.01k8rhncp4jt1\/2025\/11\/talking-bot-125x125.png","caption":"Telinha"},"sameAs":["https:\/\/portaltela.pt\/"],"url":"https:\/\/portaltela.pt\/por\/367410592786\/"}]}},"_links":{"self":[{"href":"https:\/\/portaltela.pt\/api\/wp\/v2\/posts\/217925","targetHints":{"allow":["GET"]}}],"collection":[{"href":"https:\/\/portaltela.pt\/api\/wp\/v2\/posts"}],"about":[{"href":"https:\/\/portaltela.pt\/api\/wp\/v2\/types\/post"}],"author":[{"embeddable":true,"href":"https:\/\/portaltela.pt\/api\/wp\/v2\/users\/2"}],"replies":[{"embeddable":true,"href":"https:\/\/portaltela.pt\/api\/wp\/v2\/comments?post=217925"}],"version-history":[{"count":0,"href":"https:\/\/portaltela.pt\/api\/wp\/v2\/posts\/217925\/revisions"}],"wp:featuredmedia":[{"embeddable":true,"href":"https:\/\/portaltela.pt\/api\/wp\/v2\/media\/217927"}],"wp:attachment":[{"href":"https:\/\/portaltela.pt\/api\/wp\/v2\/media?parent=217925"}],"wp:term":[{"taxonomy":"category","embeddable":true,"href":"https:\/\/portaltela.pt\/api\/wp\/v2\/categories?post=217925"},{"taxonomy":"post_tag","embeddable":true,"href":"https:\/\/portaltela.pt\/api\/wp\/v2\/tags?post=217925"}],"curies":[{"name":"wp","href":"https:\/\/api.w.org\/{rel}","templated":true}]}}