{"id":217919,"date":"2026-02-19T14:14:00","date_gmt":"2026-02-19T17:14:00","guid":{"rendered":"https:\/\/portaltela.pt\/noticias\/2026\/02\/19\/ventura-aponta-incompetencia-do-governo-montenegro-acusa-falta-de-seriedade\/"},"modified":"2026-02-19T14:14:00","modified_gmt":"2026-02-19T17:14:00","slug":"ventura-aponta-incompetencia-do-governo-montenegro-acusa-falta-de-seriedade","status":"publish","type":"post","link":"https:\/\/portaltela.pt\/noticias\/politica\/2026\/02\/19\/ventura-aponta-incompetencia-do-governo-montenegro-acusa-falta-de-seriedade\/","title":{"rendered":"Ventura aponta incompet\u00eancia do Governo; Montenegro acusa falta de seriedade"},"content":{"rendered":"<p>O presidente do Chega, Andr\u00e9 Ventura, acusou o primeiro-ministro de incompet\u00eancia na gest\u00e3o das consequ\u00eancias das tempestades durante o debate quinzenal na Assembleia da Rep\u00fablica, na quinta-feira. O mais recente epis\u00f3dio surgiu no plen\u00e1rio da C\u00e2mara, com interrup\u00e7\u00f5es do presidente Jos\u00e9 Pedro Aguiar-Branco.<\/p>\n<p>Lu\u00eds Montenegro respondeu, dizendo que o tom de Ventura com larachas revelou falta de seriedade e responsabilidade. O confronto entre os dois abriu caminhos para cr\u00edticas cruzadas sobre a resposta governamental \u00e0 crise desatada pelas intemp\u00e9ries.<\/p>\n<p>Ventura afirmou que o Governo falhou na prote\u00e7\u00e3o civil e na comunica\u00e7\u00e3o, citando falhas associadas ao ministro Castro Almeida. O l\u00edder do Chega questionou a efic\u00e1cia das a\u00e7\u00f5es tomadas nos dias que se seguiram \u00e0s tempestades.<\/p>\n<h3>Debate e contesta\u00e7\u00e3o<\/h3>\n<p>Montenegro rebatou, descrevendo as medidas j\u00e1 implementadas ap\u00f3s a passagem da depress\u00e3o Kristin e desafiando Ventura a indicar onde exatamente o Governo falhou. A sess\u00e3o registrou ainda acusa\u00e7\u00f5es de falta de prepara\u00e7\u00e3o por parte do l\u00edder do Chega.<\/p>\n<p>O primeiro-ministro negou falhas no SIRESP, na Prote\u00e7\u00e3o Civil ou nas For\u00e7as Armadas, argumentando que o Governo tem cumprido o seu papel. A resposta incluiu contesta\u00e7\u00e3o \u00e0s cita\u00e7\u00f5es de Ventura sobre as consequ\u00eancias para a popula\u00e7\u00e3o.<\/p>\n<p>Montenegro solicitou que Ventura demonstre responsabilidade e credibilidade para manter o apoio p\u00fablico. O chefe do executivo criticou tamb\u00e9m o tom usado pelo l\u00edder do Chega ao abordar temas sens\u00edveis da crise.<\/p>\n<p>Ventura afirmou que o ministro da Presid\u00eancia, Ant\u00f3nio Leit\u00e3o Amaro, reconheceu falhas do SIRESP nos primeiros dias e apontou que os bombeiros continuam sem autonomia de comando, por responsabilidade de PSD e PS.<\/p>\n","protected":false},"excerpt":{"rendered":"<ul>\n<li>O presidente do Chega, Andr\u00e9 Ventura, acusou o primeiro-ministro de incompet\u00eancia na gest\u00e3o das consequ\u00eancias das tempestades.<\/li>\n<li>Lu\u00eds Montenegro, l\u00edder do Governo, rejeitou as acusa\u00e7\u00f5es e disse que Ventura mostrou falta de seriedade e prepara\u00e7\u00e3o, com \u201clarachas\u201d.<\/li>\n<li>O debate quinzenal no parlamento ficou marcado por interrup\u00e7\u00f5es do Presidente da Assembleia, Jos\u00e9 Pedro Aguiar-Branco, e apelos \u00e0 modera\u00e7\u00e3o.<\/li>\n<li>Ventura disse que o Governo falhou na respostas urgentes, citando falhas na Prote\u00e7\u00e3o Civil, no sistema SIRESP e nas For\u00e7as Armadas.<\/li>\n<li>Montenegro defendeu a atua\u00e7\u00e3o do Governo, criticou a falta de seriedade de Ventura e apontou que houve declara\u00e7\u00f5es confusas sobre o Mecanismo Europeu de Prote\u00e7\u00e3o Civil.<\/li>\n<\/ul>\n","protected":false},"author":2,"featured_media":217922,"comment_status":"closed","ping_status":"closed","sticky":false,"template":"","format":"standard","meta":{"footnotes":""},"categories":[1,5],"tags":[2453,2142,34,3111,320,5432],"class_list":["post-217919","post","type-post","status-publish","format-standard","has-post-thumbnail","hentry","category-noticias","category-politica","tag-andre-ventura","tag-chega","tag-governo","tag-montenegro","tag-protecao-civil","tag-siresp"],"yoast_head":"<!-- This site is optimized with the Yoast SEO plugin v27.2 - https:\/\/yoast.com\/product\/yoast-seo-wordpress\/ -->\n<title>Ventura aponta incompet\u00eancia do Governo; Montenegro acusa falta de seriedade - Portal Tela Portugal<\/title>\n<meta name=\"robots\" content=\"index, follow, max-snippet:-1, max-image-preview:large, max-video-preview:-1\" \/>\n<meta property=\"og:locale\" content=\"pt_PT\" \/>\n<meta property=\"og:type\" content=\"article\" \/>\n<meta property=\"og:title\" content=\"Ventura aponta incompet\u00eancia do Governo; Montenegro acusa falta de seriedade - Portal Tela Portugal\" \/>\n<meta property=\"og:description\" content=\"O presidente do Chega, Andr\u00e9 Ventura, acusou o primeiro-ministro de incompet\u00eancia na gest\u00e3o das consequ\u00eancias das tempestades. Lu\u00eds Montenegro, l\u00edder do Governo, rejeitou as acusa\u00e7\u00f5es e disse que Ventura mostrou falta de seriedade e prepara\u00e7\u00e3o, com \u201clarachas\u201d. O debate quinzenal no parlamento ficou marcado por interrup\u00e7\u00f5es do Presidente da Assembleia, Jos\u00e9 Pedro Aguiar-Branco, e apelos \u00e0 modera\u00e7\u00e3o. Ventura disse que o Governo falhou na respostas urgentes, citando falhas na Prote\u00e7\u00e3o Civil, no sistema SIRESP e nas For\u00e7as Armadas. Montenegro defendeu a atua\u00e7\u00e3o do Governo, criticou a falta de seriedade de Ventura e apontou que houve declara\u00e7\u00f5es confusas sobre o Mecanismo Europeu de Prote\u00e7\u00e3o Civil.\" \/>\n<meta property=\"og:url\" content=\"https:\/\/portaltela.pt\/noticias\/2026\/02\/19\/ventura-aponta-incompetencia-do-governo-montenegro-acusa-falta-de-seriedade\/\" \/>\n<meta property=\"og:site_name\" content=\"Portal Tela Portugal\" \/>\n<meta property=\"article:published_time\" content=\"2026-02-19T17:14:00+00:00\" \/>\n<meta name=\"author\" content=\"Telinha\" \/>\n<meta name=\"twitter:card\" content=\"summary_large_image\" \/>\n<meta name=\"twitter:label1\" content=\"Escrito por\" \/>\n\t<meta name=\"twitter:data1\" content=\"Telinha\" \/>\n\t<meta name=\"twitter:label2\" content=\"Tempo estimado de leitura\" \/>\n\t<meta name=\"twitter:data2\" content=\"1 minuto\" \/>\n<script type=\"application\/ld+json\" class=\"yoast-schema-graph\">{\"@context\":\"https:\/\/schema.org\",\"@graph\":[{\"@type\":\"Article\",\"@id\":\"https:\/\/portaltela.pt\/noticias\/2026\/02\/19\/ventura-aponta-incompetencia-do-governo-montenegro-acusa-falta-de-seriedade\/#article\",\"isPartOf\":{\"@id\":\"https:\/\/portaltela.pt\/noticias\/2026\/02\/19\/ventura-aponta-incompetencia-do-governo-montenegro-acusa-falta-de-seriedade\/\"},\"author\":{\"name\":\"Telinha\",\"@id\":\"https:\/\/portaltela.pt\/#\/schema\/person\/c4278d4a6028830caff9ee44b42d32ed\"},\"headline\":\"Ventura aponta incompet\u00eancia do Governo; Montenegro acusa falta de seriedade\",\"datePublished\":\"2026-02-19T17:14:00+00:00\",\"mainEntityOfPage\":{\"@id\":\"https:\/\/portaltela.pt\/noticias\/2026\/02\/19\/ventura-aponta-incompetencia-do-governo-montenegro-acusa-falta-de-seriedade\/\"},\"wordCount\":303,\"image\":{\"@id\":\"https:\/\/portaltela.pt\/noticias\/2026\/02\/19\/ventura-aponta-incompetencia-do-governo-montenegro-acusa-falta-de-seriedade\/#primaryimage\"},\"thumbnailUrl\":\"https:\/\/portaltela.pt\/s.01k8rhncp4jt1\/2026\/02\/image-1427.jpg\",\"keywords\":[\"Andr\u00e9 Ventura\",\"CHEGA\",\"governo\",\"Montenegro\",\"prote\u00e7\u00e3o civil\",\"SIRESP\"],\"articleSection\":[\"Not\u00edcias\",\"Pol\u00edtica\"],\"inLanguage\":\"pt-PT\"},{\"@type\":\"WebPage\",\"@id\":\"https:\/\/portaltela.pt\/noticias\/2026\/02\/19\/ventura-aponta-incompetencia-do-governo-montenegro-acusa-falta-de-seriedade\/\",\"url\":\"https:\/\/portaltela.pt\/noticias\/2026\/02\/19\/ventura-aponta-incompetencia-do-governo-montenegro-acusa-falta-de-seriedade\/\",\"name\":\"Ventura aponta incompet\u00eancia do Governo; Montenegro acusa falta de seriedade - Portal Tela Portugal\",\"isPartOf\":{\"@id\":\"https:\/\/portaltela.pt\/#website\"},\"primaryImageOfPage\":{\"@id\":\"https:\/\/portaltela.pt\/noticias\/2026\/02\/19\/ventura-aponta-incompetencia-do-governo-montenegro-acusa-falta-de-seriedade\/#primaryimage\"},\"image\":{\"@id\":\"https:\/\/portaltela.pt\/noticias\/2026\/02\/19\/ventura-aponta-incompetencia-do-governo-montenegro-acusa-falta-de-seriedade\/#primaryimage\"},\"thumbnailUrl\":\"https:\/\/portaltela.pt\/s.01k8rhncp4jt1\/2026\/02\/image-1427.jpg\",\"datePublished\":\"2026-02-19T17:14:00+00:00\",\"author\":{\"@id\":\"https:\/\/portaltela.pt\/#\/schema\/person\/c4278d4a6028830caff9ee44b42d32ed\"},\"breadcrumb\":{\"@id\":\"https:\/\/portaltela.pt\/noticias\/2026\/02\/19\/ventura-aponta-incompetencia-do-governo-montenegro-acusa-falta-de-seriedade\/#breadcrumb\"},\"inLanguage\":\"pt-PT\",\"potentialAction\":[{\"@type\":\"ReadAction\",\"target\":[\"https:\/\/portaltela.pt\/noticias\/2026\/02\/19\/ventura-aponta-incompetencia-do-governo-montenegro-acusa-falta-de-seriedade\/\"]}]},{\"@type\":\"ImageObject\",\"inLanguage\":\"pt-PT\",\"@id\":\"https:\/\/portaltela.pt\/noticias\/2026\/02\/19\/ventura-aponta-incompetencia-do-governo-montenegro-acusa-falta-de-seriedade\/#primaryimage\",\"url\":\"https:\/\/portaltela.pt\/s.01k8rhncp4jt1\/2026\/02\/image-1427.jpg\",\"contentUrl\":\"https:\/\/portaltela.pt\/s.01k8rhncp4jt1\/2026\/02\/image-1427.jpg\",\"width\":796,\"height\":448,\"caption\":\"O presidente e deputado do Chega, Andr\u00e9 Ventura\"},{\"@type\":\"BreadcrumbList\",\"@id\":\"https:\/\/portaltela.pt\/noticias\/2026\/02\/19\/ventura-aponta-incompetencia-do-governo-montenegro-acusa-falta-de-seriedade\/#breadcrumb\",\"itemListElement\":[{\"@type\":\"ListItem\",\"position\":1,\"name\":\"In\u00edcio\",\"item\":\"https:\/\/portaltela.pt\/\"},{\"@type\":\"ListItem\",\"position\":2,\"name\":\"Ventura aponta incompet\u00eancia do Governo; Montenegro acusa falta de seriedade\"}]},{\"@type\":\"WebSite\",\"@id\":\"https:\/\/portaltela.pt\/#website\",\"url\":\"https:\/\/portaltela.pt\/\",\"name\":\"Portal Tela Portugal\",\"description\":\"\",\"potentialAction\":[{\"@type\":\"SearchAction\",\"target\":{\"@type\":\"EntryPoint\",\"urlTemplate\":\"https:\/\/portaltela.pt\/?s={search_term_string}\"},\"query-input\":{\"@type\":\"PropertyValueSpecification\",\"valueRequired\":true,\"valueName\":\"search_term_string\"}}],\"inLanguage\":\"pt-PT\"},{\"@type\":\"Person\",\"@id\":\"https:\/\/portaltela.pt\/#\/schema\/person\/c4278d4a6028830caff9ee44b42d32ed\",\"name\":\"Telinha\",\"image\":{\"@type\":\"ImageObject\",\"inLanguage\":\"pt-PT\",\"@id\":\"https:\/\/portaltela.pt\/s.01k8rhncp4jt1\/2025\/11\/talking-bot-125x125.png\",\"url\":\"https:\/\/portaltela.pt\/s.01k8rhncp4jt1\/2025\/11\/talking-bot-125x125.png\",\"contentUrl\":\"https:\/\/portaltela.pt\/s.01k8rhncp4jt1\/2025\/11\/talking-bot-125x125.png\",\"caption\":\"Telinha\"},\"sameAs\":[\"https:\/\/portaltela.pt\/\"],\"url\":\"https:\/\/portaltela.pt\/por\/367410592786\/\"}]}<\/script>\n<!-- \/ Yoast SEO plugin. -->","yoast_head_json":{"title":"Ventura aponta incompet\u00eancia do Governo; Montenegro acusa falta de seriedade - Portal Tela Portugal","robots":{"index":"index","follow":"follow","max-snippet":"max-snippet:-1","max-image-preview":"max-image-preview:large","max-video-preview":"max-video-preview:-1"},"og_locale":"pt_PT","og_type":"article","og_title":"Ventura aponta incompet\u00eancia do Governo; Montenegro acusa falta de seriedade - Portal Tela Portugal","og_description":"O presidente do Chega, Andr\u00e9 Ventura, acusou o primeiro-ministro de incompet\u00eancia na gest\u00e3o das consequ\u00eancias das tempestades. Lu\u00eds Montenegro, l\u00edder do Governo, rejeitou as acusa\u00e7\u00f5es e disse que Ventura mostrou falta de seriedade e prepara\u00e7\u00e3o, com \u201clarachas\u201d. O debate quinzenal no parlamento ficou marcado por interrup\u00e7\u00f5es do Presidente da Assembleia, Jos\u00e9 Pedro Aguiar-Branco, e apelos \u00e0 modera\u00e7\u00e3o. Ventura disse que o Governo falhou na respostas urgentes, citando falhas na Prote\u00e7\u00e3o Civil, no sistema SIRESP e nas For\u00e7as Armadas. Montenegro defendeu a atua\u00e7\u00e3o do Governo, criticou a falta de seriedade de Ventura e apontou que houve declara\u00e7\u00f5es confusas sobre o Mecanismo Europeu de Prote\u00e7\u00e3o Civil.","og_url":"https:\/\/portaltela.pt\/noticias\/2026\/02\/19\/ventura-aponta-incompetencia-do-governo-montenegro-acusa-falta-de-seriedade\/","og_site_name":"Portal Tela Portugal","article_published_time":"2026-02-19T17:14:00+00:00","author":"Telinha","twitter_card":"summary_large_image","twitter_misc":{"Escrito por":"Telinha","Tempo estimado de leitura":"1 minuto"},"schema":{"@context":"https:\/\/schema.org","@graph":[{"@type":"Article","@id":"https:\/\/portaltela.pt\/noticias\/2026\/02\/19\/ventura-aponta-incompetencia-do-governo-montenegro-acusa-falta-de-seriedade\/#article","isPartOf":{"@id":"https:\/\/portaltela.pt\/noticias\/2026\/02\/19\/ventura-aponta-incompetencia-do-governo-montenegro-acusa-falta-de-seriedade\/"},"author":{"name":"Telinha","@id":"https:\/\/portaltela.pt\/#\/schema\/person\/c4278d4a6028830caff9ee44b42d32ed"},"headline":"Ventura aponta incompet\u00eancia do Governo; Montenegro acusa falta de seriedade","datePublished":"2026-02-19T17:14:00+00:00","mainEntityOfPage":{"@id":"https:\/\/portaltela.pt\/noticias\/2026\/02\/19\/ventura-aponta-incompetencia-do-governo-montenegro-acusa-falta-de-seriedade\/"},"wordCount":303,"image":{"@id":"https:\/\/portaltela.pt\/noticias\/2026\/02\/19\/ventura-aponta-incompetencia-do-governo-montenegro-acusa-falta-de-seriedade\/#primaryimage"},"thumbnailUrl":"https:\/\/portaltela.pt\/s.01k8rhncp4jt1\/2026\/02\/image-1427.jpg","keywords":["Andr\u00e9 Ventura","CHEGA","governo","Montenegro","prote\u00e7\u00e3o civil","SIRESP"],"articleSection":["Not\u00edcias","Pol\u00edtica"],"inLanguage":"pt-PT"},{"@type":"WebPage","@id":"https:\/\/portaltela.pt\/noticias\/2026\/02\/19\/ventura-aponta-incompetencia-do-governo-montenegro-acusa-falta-de-seriedade\/","url":"https:\/\/portaltela.pt\/noticias\/2026\/02\/19\/ventura-aponta-incompetencia-do-governo-montenegro-acusa-falta-de-seriedade\/","name":"Ventura aponta incompet\u00eancia do Governo; Montenegro acusa falta de seriedade - Portal Tela Portugal","isPartOf":{"@id":"https:\/\/portaltela.pt\/#website"},"primaryImageOfPage":{"@id":"https:\/\/portaltela.pt\/noticias\/2026\/02\/19\/ventura-aponta-incompetencia-do-governo-montenegro-acusa-falta-de-seriedade\/#primaryimage"},"image":{"@id":"https:\/\/portaltela.pt\/noticias\/2026\/02\/19\/ventura-aponta-incompetencia-do-governo-montenegro-acusa-falta-de-seriedade\/#primaryimage"},"thumbnailUrl":"https:\/\/portaltela.pt\/s.01k8rhncp4jt1\/2026\/02\/image-1427.jpg","datePublished":"2026-02-19T17:14:00+00:00","author":{"@id":"https:\/\/portaltela.pt\/#\/schema\/person\/c4278d4a6028830caff9ee44b42d32ed"},"breadcrumb":{"@id":"https:\/\/portaltela.pt\/noticias\/2026\/02\/19\/ventura-aponta-incompetencia-do-governo-montenegro-acusa-falta-de-seriedade\/#breadcrumb"},"inLanguage":"pt-PT","potentialAction":[{"@type":"ReadAction","target":["https:\/\/portaltela.pt\/noticias\/2026\/02\/19\/ventura-aponta-incompetencia-do-governo-montenegro-acusa-falta-de-seriedade\/"]}]},{"@type":"ImageObject","inLanguage":"pt-PT","@id":"https:\/\/portaltela.pt\/noticias\/2026\/02\/19\/ventura-aponta-incompetencia-do-governo-montenegro-acusa-falta-de-seriedade\/#primaryimage","url":"https:\/\/portaltela.pt\/s.01k8rhncp4jt1\/2026\/02\/image-1427.jpg","contentUrl":"https:\/\/portaltela.pt\/s.01k8rhncp4jt1\/2026\/02\/image-1427.jpg","width":796,"height":448,"caption":"O presidente e deputado do Chega, Andr\u00e9 Ventura"},{"@type":"BreadcrumbList","@id":"https:\/\/portaltela.pt\/noticias\/2026\/02\/19\/ventura-aponta-incompetencia-do-governo-montenegro-acusa-falta-de-seriedade\/#breadcrumb","itemListElement":[{"@type":"ListItem","position":1,"name":"In\u00edcio","item":"https:\/\/portaltela.pt\/"},{"@type":"ListItem","position":2,"name":"Ventura aponta incompet\u00eancia do Governo; Montenegro acusa falta de seriedade"}]},{"@type":"WebSite","@id":"https:\/\/portaltela.pt\/#website","url":"https:\/\/portaltela.pt\/","name":"Portal Tela Portugal","description":"","potentialAction":[{"@type":"SearchAction","target":{"@type":"EntryPoint","urlTemplate":"https:\/\/portaltela.pt\/?s={search_term_string}"},"query-input":{"@type":"PropertyValueSpecification","valueRequired":true,"valueName":"search_term_string"}}],"inLanguage":"pt-PT"},{"@type":"Person","@id":"https:\/\/portaltela.pt\/#\/schema\/person\/c4278d4a6028830caff9ee44b42d32ed","name":"Telinha","image":{"@type":"ImageObject","inLanguage":"pt-PT","@id":"https:\/\/portaltela.pt\/s.01k8rhncp4jt1\/2025\/11\/talking-bot-125x125.png","url":"https:\/\/portaltela.pt\/s.01k8rhncp4jt1\/2025\/11\/talking-bot-125x125.png","contentUrl":"https:\/\/portaltela.pt\/s.01k8rhncp4jt1\/2025\/11\/talking-bot-125x125.png","caption":"Telinha"},"sameAs":["https:\/\/portaltela.pt\/"],"url":"https:\/\/portaltela.pt\/por\/367410592786\/"}]}},"_links":{"self":[{"href":"https:\/\/portaltela.pt\/api\/wp\/v2\/posts\/217919","targetHints":{"allow":["GET"]}}],"collection":[{"href":"https:\/\/portaltela.pt\/api\/wp\/v2\/posts"}],"about":[{"href":"https:\/\/portaltela.pt\/api\/wp\/v2\/types\/post"}],"author":[{"embeddable":true,"href":"https:\/\/portaltela.pt\/api\/wp\/v2\/users\/2"}],"replies":[{"embeddable":true,"href":"https:\/\/portaltela.pt\/api\/wp\/v2\/comments?post=217919"}],"version-history":[{"count":0,"href":"https:\/\/portaltela.pt\/api\/wp\/v2\/posts\/217919\/revisions"}],"wp:featuredmedia":[{"embeddable":true,"href":"https:\/\/portaltela.pt\/api\/wp\/v2\/media\/217922"}],"wp:attachment":[{"href":"https:\/\/portaltela.pt\/api\/wp\/v2\/media?parent=217919"}],"wp:term":[{"taxonomy":"category","embeddable":true,"href":"https:\/\/portaltela.pt\/api\/wp\/v2\/categories?post=217919"},{"taxonomy":"post_tag","embeddable":true,"href":"https:\/\/portaltela.pt\/api\/wp\/v2\/tags?post=217919"}],"curies":[{"name":"wp","href":"https:\/\/api.w.org\/{rel}","templated":true}]}}