{"id":217903,"date":"2026-02-19T14:20:00","date_gmt":"2026-02-19T17:20:00","guid":{"rendered":"https:\/\/portaltela.pt\/noticias\/2026\/02\/19\/volta-ao-algarve-paul-seixas-vence-ayuso-e-almeida-na-subida-a-foia\/"},"modified":"2026-02-19T14:20:00","modified_gmt":"2026-02-19T17:20:00","slug":"volta-ao-algarve-paul-seixas-vence-ayuso-e-almeida-na-subida-a-foia","status":"publish","type":"post","link":"https:\/\/portaltela.pt\/desporto\/2026\/02\/19\/volta-ao-algarve-paul-seixas-vence-ayuso-e-almeida-na-subida-a-foia\/","title":{"rendered":"Volta ao Algarve: Paul Seixas vence Ayuso e Almeida na subida \u00e0 F\u00f3ia"},"content":{"rendered":"<p>Paul Seixas (Decathlon CMA CGM Team) conquistou a segunda etapa da Volta ao Algarve, esta quinta-feira, ao vencer na subida \u00e0 F\u00f3ia. Juan Ayuso (Lidl-Trek) ficou em segundo, Jo\u00e3o Almeida (UAE Team Emirates-XRG) terminou em terceiro, a 2 segundos dos l\u00edderes. Local: Alto da F\u00f3ia, em Monchique.<\/p>\n<p>A tirada tinha 147 km, com a meta marcada na F\u00f3ia ap\u00f3s 8,8 km de subida com uma inclina\u00e7\u00e3o m\u00e9dia de 6,2%. O percurso combinou estradas pouco utilizadas na regi\u00e3o algarvia, com zonas estreitas e sinuosas.<\/p>\n<p>A fuga inicial, aos 6 km, contou com oito ciclistas. A 20 km da meta, restavam cinco na frente, com Tom\u00e1s Contte a destacar-se na camisola da montanha. A aproxima\u00e7\u00e3o \u00e0 F\u00f3ia manteve o ritmo alto, com bonifica\u00e7\u00f5es disputadas.<\/p>\n<p>Na subida final, a frente manteve-se entre Almeida, Ayuso e Seixas. Brandon McNulty reclamou de uma queda numa curva, abrindo espa\u00e7o para o duelo entre os tr\u00eas. O jovem Seixas aproveitou o sprint para vencer.<\/p>\n<p>Este triunfo marca o primeiro sucesso profissional do franc\u00eas de 19 anos, que se destacou recentemente ao vencer o Tour d&#8217;Avenir 2025. Ayuso procurava manter a lideran\u00e7a na geral, com Almeida a somar tempo importante na fase final.<\/p>\n","protected":false},"excerpt":{"rendered":"<ul>\n<li>O franc\u00eas Paul Seixas (19 anos, Decathlon CMA CGM Team) venceu a segunda etapa da Volta ao Algarve, batendo Juan Ayuso no sprint final; Jo\u00e3o Almeida foi terceiro.<\/li>\n<li>A tirada teve 147 quil\u00f3metros, partiu de Vilamoura e incluiu a subida ao Alto da F\u00f3ia, de 8,8 quil\u00f3metros a uma inclina\u00e7\u00e3o m\u00e9dia de 6,2 por cento.<\/li>\n<li>Um grupo de fuga chegou a ter oito ciclistas, com Tom\u00e1s Contte a vestir a camisola da montanha ao liderar as contagens anteriores \u00e0 subida final.<\/li>\n<li>Houve dois momentos de bonifica\u00e7\u00e3o antes da F\u00f3ia, com Ayuso a conquistar um segundo nesse contexto.<\/li>\n<li>Este triunfo representa o primeiro t\u00edtulo profissional de Seixas, perfilando o jovem como promessa numa poss\u00edvel continuidade de sucesso na modalidade.<\/li>\n<\/ul>\n","protected":false},"author":2,"featured_media":217904,"comment_status":"closed","ping_status":"closed","sticky":false,"template":"","format":"standard","meta":{"footnotes":""},"categories":[21],"tags":[928,923,1285,3504,152,5198],"class_list":["post-217903","post","type-post","status-publish","format-standard","has-post-thumbnail","hentry","category-desporto","tag-algarve","tag-ciclismo","tag-competicao","tag-corridas","tag-desporto","tag-monchique"],"yoast_head":"<!-- This site is optimized with the Yoast SEO plugin v27.2 - https:\/\/yoast.com\/product\/yoast-seo-wordpress\/ -->\n<title>Volta ao Algarve: Paul Seixas vence Ayuso e Almeida na subida \u00e0 F\u00f3ia - Portal Tela Portugal<\/title>\n<meta name=\"robots\" content=\"index, follow, max-snippet:-1, max-image-preview:large, max-video-preview:-1\" \/>\n<meta property=\"og:locale\" content=\"pt_PT\" \/>\n<meta property=\"og:type\" content=\"article\" \/>\n<meta property=\"og:title\" content=\"Volta ao Algarve: Paul Seixas vence Ayuso e Almeida na subida \u00e0 F\u00f3ia - Portal Tela Portugal\" \/>\n<meta property=\"og:description\" content=\"O franc\u00eas Paul Seixas (19 anos, Decathlon CMA CGM Team) venceu a segunda etapa da Volta ao Algarve, batendo Juan Ayuso no sprint final; Jo\u00e3o Almeida foi terceiro. A tirada teve 147 quil\u00f3metros, partiu de Vilamoura e incluiu a subida ao Alto da F\u00f3ia, de 8,8 quil\u00f3metros a uma inclina\u00e7\u00e3o m\u00e9dia de 6,2 por cento. Um grupo de fuga chegou a ter oito ciclistas, com Tom\u00e1s Contte a vestir a camisola da montanha ao liderar as contagens anteriores \u00e0 subida final. Houve dois momentos de bonifica\u00e7\u00e3o antes da F\u00f3ia, com Ayuso a conquistar um segundo nesse contexto. Este triunfo representa o primeiro t\u00edtulo profissional de Seixas, perfilando o jovem como promessa numa poss\u00edvel continuidade de sucesso na modalidade.\" \/>\n<meta property=\"og:url\" content=\"https:\/\/portaltela.pt\/noticias\/2026\/02\/19\/volta-ao-algarve-paul-seixas-vence-ayuso-e-almeida-na-subida-a-foia\/\" \/>\n<meta property=\"og:site_name\" content=\"Portal Tela Portugal\" \/>\n<meta property=\"article:published_time\" content=\"2026-02-19T17:20:00+00:00\" \/>\n<meta name=\"author\" content=\"Telinha\" \/>\n<meta name=\"twitter:card\" content=\"summary_large_image\" \/>\n<meta name=\"twitter:label1\" content=\"Escrito por\" \/>\n\t<meta name=\"twitter:data1\" content=\"Telinha\" \/>\n\t<meta name=\"twitter:label2\" content=\"Tempo estimado de leitura\" \/>\n\t<meta name=\"twitter:data2\" content=\"1 minuto\" \/>\n<script type=\"application\/ld+json\" class=\"yoast-schema-graph\">{\"@context\":\"https:\/\/schema.org\",\"@graph\":[{\"@type\":\"Article\",\"@id\":\"https:\/\/portaltela.pt\/noticias\/2026\/02\/19\/volta-ao-algarve-paul-seixas-vence-ayuso-e-almeida-na-subida-a-foia\/#article\",\"isPartOf\":{\"@id\":\"https:\/\/portaltela.pt\/noticias\/2026\/02\/19\/volta-ao-algarve-paul-seixas-vence-ayuso-e-almeida-na-subida-a-foia\/\"},\"author\":{\"name\":\"Telinha\",\"@id\":\"https:\/\/portaltela.pt\/#\/schema\/person\/c4278d4a6028830caff9ee44b42d32ed\"},\"headline\":\"Volta ao Algarve: Paul Seixas vence Ayuso e Almeida na subida \u00e0 F\u00f3ia\",\"datePublished\":\"2026-02-19T17:20:00+00:00\",\"mainEntityOfPage\":{\"@id\":\"https:\/\/portaltela.pt\/noticias\/2026\/02\/19\/volta-ao-algarve-paul-seixas-vence-ayuso-e-almeida-na-subida-a-foia\/\"},\"wordCount\":216,\"image\":{\"@id\":\"https:\/\/portaltela.pt\/noticias\/2026\/02\/19\/volta-ao-algarve-paul-seixas-vence-ayuso-e-almeida-na-subida-a-foia\/#primaryimage\"},\"thumbnailUrl\":\"https:\/\/portaltela.pt\/s.01k8rhncp4jt1\/2026\/02\/2165358.jpg\",\"keywords\":[\"Algarve\",\"ciclismo\",\"competi\u00e7\u00e3o\",\"corridas\",\"desporto\",\"Monchique\"],\"articleSection\":[\"Desporto\"],\"inLanguage\":\"pt-PT\"},{\"@type\":\"WebPage\",\"@id\":\"https:\/\/portaltela.pt\/noticias\/2026\/02\/19\/volta-ao-algarve-paul-seixas-vence-ayuso-e-almeida-na-subida-a-foia\/\",\"url\":\"https:\/\/portaltela.pt\/noticias\/2026\/02\/19\/volta-ao-algarve-paul-seixas-vence-ayuso-e-almeida-na-subida-a-foia\/\",\"name\":\"Volta ao Algarve: Paul Seixas vence Ayuso e Almeida na subida \u00e0 F\u00f3ia - Portal Tela Portugal\",\"isPartOf\":{\"@id\":\"https:\/\/portaltela.pt\/#website\"},\"primaryImageOfPage\":{\"@id\":\"https:\/\/portaltela.pt\/noticias\/2026\/02\/19\/volta-ao-algarve-paul-seixas-vence-ayuso-e-almeida-na-subida-a-foia\/#primaryimage\"},\"image\":{\"@id\":\"https:\/\/portaltela.pt\/noticias\/2026\/02\/19\/volta-ao-algarve-paul-seixas-vence-ayuso-e-almeida-na-subida-a-foia\/#primaryimage\"},\"thumbnailUrl\":\"https:\/\/portaltela.pt\/s.01k8rhncp4jt1\/2026\/02\/2165358.jpg\",\"datePublished\":\"2026-02-19T17:20:00+00:00\",\"author\":{\"@id\":\"https:\/\/portaltela.pt\/#\/schema\/person\/c4278d4a6028830caff9ee44b42d32ed\"},\"breadcrumb\":{\"@id\":\"https:\/\/portaltela.pt\/noticias\/2026\/02\/19\/volta-ao-algarve-paul-seixas-vence-ayuso-e-almeida-na-subida-a-foia\/#breadcrumb\"},\"inLanguage\":\"pt-PT\",\"potentialAction\":[{\"@type\":\"ReadAction\",\"target\":[\"https:\/\/portaltela.pt\/noticias\/2026\/02\/19\/volta-ao-algarve-paul-seixas-vence-ayuso-e-almeida-na-subida-a-foia\/\"]}]},{\"@type\":\"ImageObject\",\"inLanguage\":\"pt-PT\",\"@id\":\"https:\/\/portaltela.pt\/noticias\/2026\/02\/19\/volta-ao-algarve-paul-seixas-vence-ayuso-e-almeida-na-subida-a-foia\/#primaryimage\",\"url\":\"https:\/\/portaltela.pt\/s.01k8rhncp4jt1\/2026\/02\/2165358.jpg\",\"contentUrl\":\"https:\/\/portaltela.pt\/s.01k8rhncp4jt1\/2026\/02\/2165358.jpg\",\"width\":796,\"height\":448,\"caption\":\"Photo\"},{\"@type\":\"BreadcrumbList\",\"@id\":\"https:\/\/portaltela.pt\/noticias\/2026\/02\/19\/volta-ao-algarve-paul-seixas-vence-ayuso-e-almeida-na-subida-a-foia\/#breadcrumb\",\"itemListElement\":[{\"@type\":\"ListItem\",\"position\":1,\"name\":\"In\u00edcio\",\"item\":\"https:\/\/portaltela.pt\/\"},{\"@type\":\"ListItem\",\"position\":2,\"name\":\"Volta ao Algarve: Paul Seixas vence Ayuso e Almeida na subida \u00e0 F\u00f3ia\"}]},{\"@type\":\"WebSite\",\"@id\":\"https:\/\/portaltela.pt\/#website\",\"url\":\"https:\/\/portaltela.pt\/\",\"name\":\"Portal Tela Portugal\",\"description\":\"\",\"potentialAction\":[{\"@type\":\"SearchAction\",\"target\":{\"@type\":\"EntryPoint\",\"urlTemplate\":\"https:\/\/portaltela.pt\/?s={search_term_string}\"},\"query-input\":{\"@type\":\"PropertyValueSpecification\",\"valueRequired\":true,\"valueName\":\"search_term_string\"}}],\"inLanguage\":\"pt-PT\"},{\"@type\":\"Person\",\"@id\":\"https:\/\/portaltela.pt\/#\/schema\/person\/c4278d4a6028830caff9ee44b42d32ed\",\"name\":\"Telinha\",\"image\":{\"@type\":\"ImageObject\",\"inLanguage\":\"pt-PT\",\"@id\":\"https:\/\/portaltela.pt\/s.01k8rhncp4jt1\/2025\/11\/talking-bot-125x125.png\",\"url\":\"https:\/\/portaltela.pt\/s.01k8rhncp4jt1\/2025\/11\/talking-bot-125x125.png\",\"contentUrl\":\"https:\/\/portaltela.pt\/s.01k8rhncp4jt1\/2025\/11\/talking-bot-125x125.png\",\"caption\":\"Telinha\"},\"sameAs\":[\"https:\/\/portaltela.pt\/\"],\"url\":\"https:\/\/portaltela.pt\/por\/367410592786\/\"}]}<\/script>\n<!-- \/ Yoast SEO plugin. -->","yoast_head_json":{"title":"Volta ao Algarve: Paul Seixas vence Ayuso e Almeida na subida \u00e0 F\u00f3ia - Portal Tela Portugal","robots":{"index":"index","follow":"follow","max-snippet":"max-snippet:-1","max-image-preview":"max-image-preview:large","max-video-preview":"max-video-preview:-1"},"og_locale":"pt_PT","og_type":"article","og_title":"Volta ao Algarve: Paul Seixas vence Ayuso e Almeida na subida \u00e0 F\u00f3ia - Portal Tela Portugal","og_description":"O franc\u00eas Paul Seixas (19 anos, Decathlon CMA CGM Team) venceu a segunda etapa da Volta ao Algarve, batendo Juan Ayuso no sprint final; Jo\u00e3o Almeida foi terceiro. A tirada teve 147 quil\u00f3metros, partiu de Vilamoura e incluiu a subida ao Alto da F\u00f3ia, de 8,8 quil\u00f3metros a uma inclina\u00e7\u00e3o m\u00e9dia de 6,2 por cento. Um grupo de fuga chegou a ter oito ciclistas, com Tom\u00e1s Contte a vestir a camisola da montanha ao liderar as contagens anteriores \u00e0 subida final. Houve dois momentos de bonifica\u00e7\u00e3o antes da F\u00f3ia, com Ayuso a conquistar um segundo nesse contexto. Este triunfo representa o primeiro t\u00edtulo profissional de Seixas, perfilando o jovem como promessa numa poss\u00edvel continuidade de sucesso na modalidade.","og_url":"https:\/\/portaltela.pt\/noticias\/2026\/02\/19\/volta-ao-algarve-paul-seixas-vence-ayuso-e-almeida-na-subida-a-foia\/","og_site_name":"Portal Tela Portugal","article_published_time":"2026-02-19T17:20:00+00:00","author":"Telinha","twitter_card":"summary_large_image","twitter_misc":{"Escrito por":"Telinha","Tempo estimado de leitura":"1 minuto"},"schema":{"@context":"https:\/\/schema.org","@graph":[{"@type":"Article","@id":"https:\/\/portaltela.pt\/noticias\/2026\/02\/19\/volta-ao-algarve-paul-seixas-vence-ayuso-e-almeida-na-subida-a-foia\/#article","isPartOf":{"@id":"https:\/\/portaltela.pt\/noticias\/2026\/02\/19\/volta-ao-algarve-paul-seixas-vence-ayuso-e-almeida-na-subida-a-foia\/"},"author":{"name":"Telinha","@id":"https:\/\/portaltela.pt\/#\/schema\/person\/c4278d4a6028830caff9ee44b42d32ed"},"headline":"Volta ao Algarve: Paul Seixas vence Ayuso e Almeida na subida \u00e0 F\u00f3ia","datePublished":"2026-02-19T17:20:00+00:00","mainEntityOfPage":{"@id":"https:\/\/portaltela.pt\/noticias\/2026\/02\/19\/volta-ao-algarve-paul-seixas-vence-ayuso-e-almeida-na-subida-a-foia\/"},"wordCount":216,"image":{"@id":"https:\/\/portaltela.pt\/noticias\/2026\/02\/19\/volta-ao-algarve-paul-seixas-vence-ayuso-e-almeida-na-subida-a-foia\/#primaryimage"},"thumbnailUrl":"https:\/\/portaltela.pt\/s.01k8rhncp4jt1\/2026\/02\/2165358.jpg","keywords":["Algarve","ciclismo","competi\u00e7\u00e3o","corridas","desporto","Monchique"],"articleSection":["Desporto"],"inLanguage":"pt-PT"},{"@type":"WebPage","@id":"https:\/\/portaltela.pt\/noticias\/2026\/02\/19\/volta-ao-algarve-paul-seixas-vence-ayuso-e-almeida-na-subida-a-foia\/","url":"https:\/\/portaltela.pt\/noticias\/2026\/02\/19\/volta-ao-algarve-paul-seixas-vence-ayuso-e-almeida-na-subida-a-foia\/","name":"Volta ao Algarve: Paul Seixas vence Ayuso e Almeida na subida \u00e0 F\u00f3ia - Portal Tela Portugal","isPartOf":{"@id":"https:\/\/portaltela.pt\/#website"},"primaryImageOfPage":{"@id":"https:\/\/portaltela.pt\/noticias\/2026\/02\/19\/volta-ao-algarve-paul-seixas-vence-ayuso-e-almeida-na-subida-a-foia\/#primaryimage"},"image":{"@id":"https:\/\/portaltela.pt\/noticias\/2026\/02\/19\/volta-ao-algarve-paul-seixas-vence-ayuso-e-almeida-na-subida-a-foia\/#primaryimage"},"thumbnailUrl":"https:\/\/portaltela.pt\/s.01k8rhncp4jt1\/2026\/02\/2165358.jpg","datePublished":"2026-02-19T17:20:00+00:00","author":{"@id":"https:\/\/portaltela.pt\/#\/schema\/person\/c4278d4a6028830caff9ee44b42d32ed"},"breadcrumb":{"@id":"https:\/\/portaltela.pt\/noticias\/2026\/02\/19\/volta-ao-algarve-paul-seixas-vence-ayuso-e-almeida-na-subida-a-foia\/#breadcrumb"},"inLanguage":"pt-PT","potentialAction":[{"@type":"ReadAction","target":["https:\/\/portaltela.pt\/noticias\/2026\/02\/19\/volta-ao-algarve-paul-seixas-vence-ayuso-e-almeida-na-subida-a-foia\/"]}]},{"@type":"ImageObject","inLanguage":"pt-PT","@id":"https:\/\/portaltela.pt\/noticias\/2026\/02\/19\/volta-ao-algarve-paul-seixas-vence-ayuso-e-almeida-na-subida-a-foia\/#primaryimage","url":"https:\/\/portaltela.pt\/s.01k8rhncp4jt1\/2026\/02\/2165358.jpg","contentUrl":"https:\/\/portaltela.pt\/s.01k8rhncp4jt1\/2026\/02\/2165358.jpg","width":796,"height":448,"caption":"Photo"},{"@type":"BreadcrumbList","@id":"https:\/\/portaltela.pt\/noticias\/2026\/02\/19\/volta-ao-algarve-paul-seixas-vence-ayuso-e-almeida-na-subida-a-foia\/#breadcrumb","itemListElement":[{"@type":"ListItem","position":1,"name":"In\u00edcio","item":"https:\/\/portaltela.pt\/"},{"@type":"ListItem","position":2,"name":"Volta ao Algarve: Paul Seixas vence Ayuso e Almeida na subida \u00e0 F\u00f3ia"}]},{"@type":"WebSite","@id":"https:\/\/portaltela.pt\/#website","url":"https:\/\/portaltela.pt\/","name":"Portal Tela Portugal","description":"","potentialAction":[{"@type":"SearchAction","target":{"@type":"EntryPoint","urlTemplate":"https:\/\/portaltela.pt\/?s={search_term_string}"},"query-input":{"@type":"PropertyValueSpecification","valueRequired":true,"valueName":"search_term_string"}}],"inLanguage":"pt-PT"},{"@type":"Person","@id":"https:\/\/portaltela.pt\/#\/schema\/person\/c4278d4a6028830caff9ee44b42d32ed","name":"Telinha","image":{"@type":"ImageObject","inLanguage":"pt-PT","@id":"https:\/\/portaltela.pt\/s.01k8rhncp4jt1\/2025\/11\/talking-bot-125x125.png","url":"https:\/\/portaltela.pt\/s.01k8rhncp4jt1\/2025\/11\/talking-bot-125x125.png","contentUrl":"https:\/\/portaltela.pt\/s.01k8rhncp4jt1\/2025\/11\/talking-bot-125x125.png","caption":"Telinha"},"sameAs":["https:\/\/portaltela.pt\/"],"url":"https:\/\/portaltela.pt\/por\/367410592786\/"}]}},"_links":{"self":[{"href":"https:\/\/portaltela.pt\/api\/wp\/v2\/posts\/217903","targetHints":{"allow":["GET"]}}],"collection":[{"href":"https:\/\/portaltela.pt\/api\/wp\/v2\/posts"}],"about":[{"href":"https:\/\/portaltela.pt\/api\/wp\/v2\/types\/post"}],"author":[{"embeddable":true,"href":"https:\/\/portaltela.pt\/api\/wp\/v2\/users\/2"}],"replies":[{"embeddable":true,"href":"https:\/\/portaltela.pt\/api\/wp\/v2\/comments?post=217903"}],"version-history":[{"count":0,"href":"https:\/\/portaltela.pt\/api\/wp\/v2\/posts\/217903\/revisions"}],"wp:featuredmedia":[{"embeddable":true,"href":"https:\/\/portaltela.pt\/api\/wp\/v2\/media\/217904"}],"wp:attachment":[{"href":"https:\/\/portaltela.pt\/api\/wp\/v2\/media?parent=217903"}],"wp:term":[{"taxonomy":"category","embeddable":true,"href":"https:\/\/portaltela.pt\/api\/wp\/v2\/categories?post=217903"},{"taxonomy":"post_tag","embeddable":true,"href":"https:\/\/portaltela.pt\/api\/wp\/v2\/tags?post=217903"}],"curies":[{"name":"wp","href":"https:\/\/api.w.org\/{rel}","templated":true}]}}