{"id":217834,"date":"2026-02-19T13:35:00","date_gmt":"2026-02-19T16:35:00","guid":{"rendered":"https:\/\/portaltela.pt\/noticias\/2026\/02\/19\/racismo-no-futebol-apenas-sancionar-nao-resolve-o-problema\/"},"modified":"2026-02-19T13:35:00","modified_gmt":"2026-02-19T16:35:00","slug":"racismo-no-futebol-apenas-sancionar-nao-resolve-o-problema","status":"publish","type":"post","link":"https:\/\/portaltela.pt\/desporto\/futebol\/2026\/02\/19\/racismo-no-futebol-apenas-sancionar-nao-resolve-o-problema\/","title":{"rendered":"Racismo no futebol: apenas sancionar n\u00e3o resolve o problema"},"content":{"rendered":"<p>Um incidente durante a meia-final de acesso aos oitavos de final da Champions League entre Real Madrid e Benfica, na ter\u00e7a-feira, ocorreu ap\u00f3s Vinicius J\u00fanior marcar o golo da vit\u00f3ria (1-0). O avan\u00e7ado brasileiro foi alvo de alegado insulto racista por parte de Gianluca Prestianni, extremo do Benfica, no est\u00e1dio Santiago Bernab\u00e9u. O \u00e1rbitro franc\u00eas Fran\u00e7ois Letexier pediu o protocolo antirracismo e interrompeu o jogo.<\/p>\n<p>A discuss\u00e3o sobre o tema tem levado especialistas a questionar o foco exclusivo em san\u00e7\u00f5es. Lu\u00edsa \u00c1vila da Costa, presidente da Associa\u00e7\u00e3o de Filosofia do Desporto em L\u00edngua Portuguesa, defende que a puni\u00e7\u00e3o \u00e9 insuficiente e que o combate ao racismo exige reforma na forma\u00e7\u00e3o \u00e9tica dos atletas. O fen\u00f3meno \u00e9 visto como estrutural e amplificado pelo ambiente desportivo.<\/p>\n<h3>Debates sobre a efic\u00e1cia das san\u00e7\u00f5es<\/h3>\n<p>A especialista ressalta que diretrizes disciplinares ajudam, mas n\u00e3o resolvem as ra\u00edzes do problema, que exigem educa\u00e7\u00e3o cont\u00ednua para jogadores, treinadores e \u00e1rbitros. Acusa\u00e7\u00f5es de \u201cmarketing\u201d associadas a campanhas anti-racismo s\u00e3o vistas como insuficientes para mudan\u00e7as profundas.<\/p>\n<h3>Desdobramentos e investiga\u00e7\u00e3o<\/h3>\n<p>O Benfica mant\u00e9m a vers\u00e3o de Prestianni, negando qualquer insulto e defendendo coopera\u00e7\u00e3o com a UEFA. A institui\u00e7\u00e3o afirmou prestar total colabora\u00e7\u00e3o, enquanto a UEFA nomeou um Inspetor de \u00c9tica e Disciplina para investigar o caso. Est\u00e3o previstas audi\u00e7\u00f5es de Vinicius J\u00fanior e de Prestianni nos pr\u00f3ximos dias, com poss\u00edveis san\u00e7\u00f5es que podem incluir suspens\u00e3o para o jogador argentino.<\/p>\n","protected":false},"excerpt":{"rendered":"<ul>\n<li>A respons\u00e1vel pela Associa\u00e7\u00e3o de Filosofia do Desporto em L\u00edngua Portuguesa afirma que as san\u00e7\u00f5es contra o racismo no futebol s\u00e3o, em parte, um \u201cexerc\u00edcio de marketing\u201d e n\u00e3o resolvem o fen\u00f3meno.<\/li>\n<li>Defende que o combate ao racismo exige reformar a forma\u00e7\u00e3o de atletas, com foco educativo e \u00e9tico, especialmente para jogadores profissionais.<\/li>\n<li>A especialista aponta que o racismo \u00e9 um problema estrutural e que o ambiente de jogo potencia a visibilidade do insulto.<\/li>\n<li>Critica a burocratiza\u00e7\u00e3o de iniciativas como o cart\u00e3o branco e sustenta que a luta contra xenofobia e \u00f3dio n\u00e3o pode depender apenas de pr\u00e9mios ou castigos.<\/li>\n<li>No caso em an\u00e1lise, Vinicius J\u00fanior alegou ter ouvido insultos racistas de Gianluca Prestianni durante um jogo da Champions; a UEFA instaurou um inqu\u00e9rito, com poss\u00edvel suspens\u00e3o de Prestianni e audi\u00e7\u00f5es marcadas para breve.<\/li>\n<\/ul>\n","protected":false},"author":2,"featured_media":217837,"comment_status":"closed","ping_status":"closed","sticky":false,"template":"","format":"standard","meta":{"footnotes":""},"categories":[21,24],"tags":[3577,32,6031,6032,2714,2265],"class_list":["post-217834","post","type-post","status-publish","format-standard","has-post-thumbnail","hentry","category-desporto","category-futebol","tag-champions-league","tag-futebol","tag-gianluca-prestianni","tag-racismo","tag-real-madrid","tag-vinicius-junior"],"yoast_head":"<!-- This site is optimized with the Yoast SEO plugin v27.2 - https:\/\/yoast.com\/product\/yoast-seo-wordpress\/ -->\n<title>Racismo no futebol: apenas sancionar n\u00e3o resolve o problema - Portal Tela Portugal<\/title>\n<meta name=\"robots\" content=\"index, follow, max-snippet:-1, max-image-preview:large, max-video-preview:-1\" \/>\n<meta property=\"og:locale\" content=\"pt_PT\" \/>\n<meta property=\"og:type\" content=\"article\" \/>\n<meta property=\"og:title\" content=\"Racismo no futebol: apenas sancionar n\u00e3o resolve o problema - Portal Tela Portugal\" \/>\n<meta property=\"og:description\" content=\"A respons\u00e1vel pela Associa\u00e7\u00e3o de Filosofia do Desporto em L\u00edngua Portuguesa afirma que as san\u00e7\u00f5es contra o racismo no futebol s\u00e3o, em parte, um \u201cexerc\u00edcio de marketing\u201d e n\u00e3o resolvem o fen\u00f3meno. Defende que o combate ao racismo exige reformar a forma\u00e7\u00e3o de atletas, com foco educativo e \u00e9tico, especialmente para jogadores profissionais. A especialista aponta que o racismo \u00e9 um problema estrutural e que o ambiente de jogo potencia a visibilidade do insulto. Critica a burocratiza\u00e7\u00e3o de iniciativas como o cart\u00e3o branco e sustenta que a luta contra xenofobia e \u00f3dio n\u00e3o pode depender apenas de pr\u00e9mios ou castigos. No caso em an\u00e1lise, Vinicius J\u00fanior alegou ter ouvido insultos racistas de Gianluca Prestianni durante um jogo da Champions; a UEFA instaurou um inqu\u00e9rito, com poss\u00edvel suspens\u00e3o de Prestianni e audi\u00e7\u00f5es marcadas para breve.\" \/>\n<meta property=\"og:url\" content=\"https:\/\/portaltela.pt\/noticias\/2026\/02\/19\/racismo-no-futebol-apenas-sancionar-nao-resolve-o-problema\/\" \/>\n<meta property=\"og:site_name\" content=\"Portal Tela Portugal\" \/>\n<meta property=\"article:published_time\" content=\"2026-02-19T16:35:00+00:00\" \/>\n<meta name=\"author\" content=\"Telinha\" \/>\n<meta name=\"twitter:card\" content=\"summary_large_image\" \/>\n<meta name=\"twitter:label1\" content=\"Escrito por\" \/>\n\t<meta name=\"twitter:data1\" content=\"Telinha\" \/>\n\t<meta name=\"twitter:label2\" content=\"Tempo estimado de leitura\" \/>\n\t<meta name=\"twitter:data2\" content=\"1 minuto\" \/>\n<script type=\"application\/ld+json\" class=\"yoast-schema-graph\">{\"@context\":\"https:\/\/schema.org\",\"@graph\":[{\"@type\":\"Article\",\"@id\":\"https:\/\/portaltela.pt\/noticias\/2026\/02\/19\/racismo-no-futebol-apenas-sancionar-nao-resolve-o-problema\/#article\",\"isPartOf\":{\"@id\":\"https:\/\/portaltela.pt\/noticias\/2026\/02\/19\/racismo-no-futebol-apenas-sancionar-nao-resolve-o-problema\/\"},\"author\":{\"name\":\"Telinha\",\"@id\":\"https:\/\/portaltela.pt\/#\/schema\/person\/c4278d4a6028830caff9ee44b42d32ed\"},\"headline\":\"Racismo no futebol: apenas sancionar n\u00e3o resolve o problema\",\"datePublished\":\"2026-02-19T16:35:00+00:00\",\"mainEntityOfPage\":{\"@id\":\"https:\/\/portaltela.pt\/noticias\/2026\/02\/19\/racismo-no-futebol-apenas-sancionar-nao-resolve-o-problema\/\"},\"wordCount\":276,\"image\":{\"@id\":\"https:\/\/portaltela.pt\/noticias\/2026\/02\/19\/racismo-no-futebol-apenas-sancionar-nao-resolve-o-problema\/#primaryimage\"},\"thumbnailUrl\":\"https:\/\/portaltela.pt\/s.01k8rhncp4jt1\/2026\/02\/img_1200x721uu2026-02-18-14-32-02-2422323-im-639070408210638596-1.jpg\",\"keywords\":[\"Champions League\",\"futebol\",\"Gianluca Prestianni\",\"racismo\",\"Real Madrid\",\"Vin\u00edcius J\u00fanior\"],\"articleSection\":[\"Desporto\",\"Futebol\"],\"inLanguage\":\"pt-PT\"},{\"@type\":\"WebPage\",\"@id\":\"https:\/\/portaltela.pt\/noticias\/2026\/02\/19\/racismo-no-futebol-apenas-sancionar-nao-resolve-o-problema\/\",\"url\":\"https:\/\/portaltela.pt\/noticias\/2026\/02\/19\/racismo-no-futebol-apenas-sancionar-nao-resolve-o-problema\/\",\"name\":\"Racismo no futebol: apenas sancionar n\u00e3o resolve o problema - Portal Tela Portugal\",\"isPartOf\":{\"@id\":\"https:\/\/portaltela.pt\/#website\"},\"primaryImageOfPage\":{\"@id\":\"https:\/\/portaltela.pt\/noticias\/2026\/02\/19\/racismo-no-futebol-apenas-sancionar-nao-resolve-o-problema\/#primaryimage\"},\"image\":{\"@id\":\"https:\/\/portaltela.pt\/noticias\/2026\/02\/19\/racismo-no-futebol-apenas-sancionar-nao-resolve-o-problema\/#primaryimage\"},\"thumbnailUrl\":\"https:\/\/portaltela.pt\/s.01k8rhncp4jt1\/2026\/02\/img_1200x721uu2026-02-18-14-32-02-2422323-im-639070408210638596-1.jpg\",\"datePublished\":\"2026-02-19T16:35:00+00:00\",\"author\":{\"@id\":\"https:\/\/portaltela.pt\/#\/schema\/person\/c4278d4a6028830caff9ee44b42d32ed\"},\"breadcrumb\":{\"@id\":\"https:\/\/portaltela.pt\/noticias\/2026\/02\/19\/racismo-no-futebol-apenas-sancionar-nao-resolve-o-problema\/#breadcrumb\"},\"inLanguage\":\"pt-PT\",\"potentialAction\":[{\"@type\":\"ReadAction\",\"target\":[\"https:\/\/portaltela.pt\/noticias\/2026\/02\/19\/racismo-no-futebol-apenas-sancionar-nao-resolve-o-problema\/\"]}]},{\"@type\":\"ImageObject\",\"inLanguage\":\"pt-PT\",\"@id\":\"https:\/\/portaltela.pt\/noticias\/2026\/02\/19\/racismo-no-futebol-apenas-sancionar-nao-resolve-o-problema\/#primaryimage\",\"url\":\"https:\/\/portaltela.pt\/s.01k8rhncp4jt1\/2026\/02\/img_1200x721uu2026-02-18-14-32-02-2422323-im-639070408210638596-1.jpg\",\"contentUrl\":\"https:\/\/portaltela.pt\/s.01k8rhncp4jt1\/2026\/02\/img_1200x721uu2026-02-18-14-32-02-2422323-im-639070408210638596-1.jpg\",\"width\":796,\"height\":448,\"caption\":\"\u00abRacismo no futebol? Se a resposta for apenas sancionat\u00f3ria, ficamos apenas no sintoma\u00bb\"},{\"@type\":\"BreadcrumbList\",\"@id\":\"https:\/\/portaltela.pt\/noticias\/2026\/02\/19\/racismo-no-futebol-apenas-sancionar-nao-resolve-o-problema\/#breadcrumb\",\"itemListElement\":[{\"@type\":\"ListItem\",\"position\":1,\"name\":\"In\u00edcio\",\"item\":\"https:\/\/portaltela.pt\/\"},{\"@type\":\"ListItem\",\"position\":2,\"name\":\"Racismo no futebol: apenas sancionar n\u00e3o resolve o problema\"}]},{\"@type\":\"WebSite\",\"@id\":\"https:\/\/portaltela.pt\/#website\",\"url\":\"https:\/\/portaltela.pt\/\",\"name\":\"Portal Tela Portugal\",\"description\":\"\",\"potentialAction\":[{\"@type\":\"SearchAction\",\"target\":{\"@type\":\"EntryPoint\",\"urlTemplate\":\"https:\/\/portaltela.pt\/?s={search_term_string}\"},\"query-input\":{\"@type\":\"PropertyValueSpecification\",\"valueRequired\":true,\"valueName\":\"search_term_string\"}}],\"inLanguage\":\"pt-PT\"},{\"@type\":\"Person\",\"@id\":\"https:\/\/portaltela.pt\/#\/schema\/person\/c4278d4a6028830caff9ee44b42d32ed\",\"name\":\"Telinha\",\"image\":{\"@type\":\"ImageObject\",\"inLanguage\":\"pt-PT\",\"@id\":\"https:\/\/portaltela.pt\/s.01k8rhncp4jt1\/2025\/11\/talking-bot-125x125.png\",\"url\":\"https:\/\/portaltela.pt\/s.01k8rhncp4jt1\/2025\/11\/talking-bot-125x125.png\",\"contentUrl\":\"https:\/\/portaltela.pt\/s.01k8rhncp4jt1\/2025\/11\/talking-bot-125x125.png\",\"caption\":\"Telinha\"},\"sameAs\":[\"https:\/\/portaltela.pt\/\"],\"url\":\"https:\/\/portaltela.pt\/por\/367410592786\/\"}]}<\/script>\n<!-- \/ Yoast SEO plugin. -->","yoast_head_json":{"title":"Racismo no futebol: apenas sancionar n\u00e3o resolve o problema - Portal Tela Portugal","robots":{"index":"index","follow":"follow","max-snippet":"max-snippet:-1","max-image-preview":"max-image-preview:large","max-video-preview":"max-video-preview:-1"},"og_locale":"pt_PT","og_type":"article","og_title":"Racismo no futebol: apenas sancionar n\u00e3o resolve o problema - Portal Tela Portugal","og_description":"A respons\u00e1vel pela Associa\u00e7\u00e3o de Filosofia do Desporto em L\u00edngua Portuguesa afirma que as san\u00e7\u00f5es contra o racismo no futebol s\u00e3o, em parte, um \u201cexerc\u00edcio de marketing\u201d e n\u00e3o resolvem o fen\u00f3meno. Defende que o combate ao racismo exige reformar a forma\u00e7\u00e3o de atletas, com foco educativo e \u00e9tico, especialmente para jogadores profissionais. A especialista aponta que o racismo \u00e9 um problema estrutural e que o ambiente de jogo potencia a visibilidade do insulto. Critica a burocratiza\u00e7\u00e3o de iniciativas como o cart\u00e3o branco e sustenta que a luta contra xenofobia e \u00f3dio n\u00e3o pode depender apenas de pr\u00e9mios ou castigos. No caso em an\u00e1lise, Vinicius J\u00fanior alegou ter ouvido insultos racistas de Gianluca Prestianni durante um jogo da Champions; a UEFA instaurou um inqu\u00e9rito, com poss\u00edvel suspens\u00e3o de Prestianni e audi\u00e7\u00f5es marcadas para breve.","og_url":"https:\/\/portaltela.pt\/noticias\/2026\/02\/19\/racismo-no-futebol-apenas-sancionar-nao-resolve-o-problema\/","og_site_name":"Portal Tela Portugal","article_published_time":"2026-02-19T16:35:00+00:00","author":"Telinha","twitter_card":"summary_large_image","twitter_misc":{"Escrito por":"Telinha","Tempo estimado de leitura":"1 minuto"},"schema":{"@context":"https:\/\/schema.org","@graph":[{"@type":"Article","@id":"https:\/\/portaltela.pt\/noticias\/2026\/02\/19\/racismo-no-futebol-apenas-sancionar-nao-resolve-o-problema\/#article","isPartOf":{"@id":"https:\/\/portaltela.pt\/noticias\/2026\/02\/19\/racismo-no-futebol-apenas-sancionar-nao-resolve-o-problema\/"},"author":{"name":"Telinha","@id":"https:\/\/portaltela.pt\/#\/schema\/person\/c4278d4a6028830caff9ee44b42d32ed"},"headline":"Racismo no futebol: apenas sancionar n\u00e3o resolve o problema","datePublished":"2026-02-19T16:35:00+00:00","mainEntityOfPage":{"@id":"https:\/\/portaltela.pt\/noticias\/2026\/02\/19\/racismo-no-futebol-apenas-sancionar-nao-resolve-o-problema\/"},"wordCount":276,"image":{"@id":"https:\/\/portaltela.pt\/noticias\/2026\/02\/19\/racismo-no-futebol-apenas-sancionar-nao-resolve-o-problema\/#primaryimage"},"thumbnailUrl":"https:\/\/portaltela.pt\/s.01k8rhncp4jt1\/2026\/02\/img_1200x721uu2026-02-18-14-32-02-2422323-im-639070408210638596-1.jpg","keywords":["Champions League","futebol","Gianluca Prestianni","racismo","Real Madrid","Vin\u00edcius J\u00fanior"],"articleSection":["Desporto","Futebol"],"inLanguage":"pt-PT"},{"@type":"WebPage","@id":"https:\/\/portaltela.pt\/noticias\/2026\/02\/19\/racismo-no-futebol-apenas-sancionar-nao-resolve-o-problema\/","url":"https:\/\/portaltela.pt\/noticias\/2026\/02\/19\/racismo-no-futebol-apenas-sancionar-nao-resolve-o-problema\/","name":"Racismo no futebol: apenas sancionar n\u00e3o resolve o problema - Portal Tela Portugal","isPartOf":{"@id":"https:\/\/portaltela.pt\/#website"},"primaryImageOfPage":{"@id":"https:\/\/portaltela.pt\/noticias\/2026\/02\/19\/racismo-no-futebol-apenas-sancionar-nao-resolve-o-problema\/#primaryimage"},"image":{"@id":"https:\/\/portaltela.pt\/noticias\/2026\/02\/19\/racismo-no-futebol-apenas-sancionar-nao-resolve-o-problema\/#primaryimage"},"thumbnailUrl":"https:\/\/portaltela.pt\/s.01k8rhncp4jt1\/2026\/02\/img_1200x721uu2026-02-18-14-32-02-2422323-im-639070408210638596-1.jpg","datePublished":"2026-02-19T16:35:00+00:00","author":{"@id":"https:\/\/portaltela.pt\/#\/schema\/person\/c4278d4a6028830caff9ee44b42d32ed"},"breadcrumb":{"@id":"https:\/\/portaltela.pt\/noticias\/2026\/02\/19\/racismo-no-futebol-apenas-sancionar-nao-resolve-o-problema\/#breadcrumb"},"inLanguage":"pt-PT","potentialAction":[{"@type":"ReadAction","target":["https:\/\/portaltela.pt\/noticias\/2026\/02\/19\/racismo-no-futebol-apenas-sancionar-nao-resolve-o-problema\/"]}]},{"@type":"ImageObject","inLanguage":"pt-PT","@id":"https:\/\/portaltela.pt\/noticias\/2026\/02\/19\/racismo-no-futebol-apenas-sancionar-nao-resolve-o-problema\/#primaryimage","url":"https:\/\/portaltela.pt\/s.01k8rhncp4jt1\/2026\/02\/img_1200x721uu2026-02-18-14-32-02-2422323-im-639070408210638596-1.jpg","contentUrl":"https:\/\/portaltela.pt\/s.01k8rhncp4jt1\/2026\/02\/img_1200x721uu2026-02-18-14-32-02-2422323-im-639070408210638596-1.jpg","width":796,"height":448,"caption":"\u00abRacismo no futebol? Se a resposta for apenas sancionat\u00f3ria, ficamos apenas no sintoma\u00bb"},{"@type":"BreadcrumbList","@id":"https:\/\/portaltela.pt\/noticias\/2026\/02\/19\/racismo-no-futebol-apenas-sancionar-nao-resolve-o-problema\/#breadcrumb","itemListElement":[{"@type":"ListItem","position":1,"name":"In\u00edcio","item":"https:\/\/portaltela.pt\/"},{"@type":"ListItem","position":2,"name":"Racismo no futebol: apenas sancionar n\u00e3o resolve o problema"}]},{"@type":"WebSite","@id":"https:\/\/portaltela.pt\/#website","url":"https:\/\/portaltela.pt\/","name":"Portal Tela Portugal","description":"","potentialAction":[{"@type":"SearchAction","target":{"@type":"EntryPoint","urlTemplate":"https:\/\/portaltela.pt\/?s={search_term_string}"},"query-input":{"@type":"PropertyValueSpecification","valueRequired":true,"valueName":"search_term_string"}}],"inLanguage":"pt-PT"},{"@type":"Person","@id":"https:\/\/portaltela.pt\/#\/schema\/person\/c4278d4a6028830caff9ee44b42d32ed","name":"Telinha","image":{"@type":"ImageObject","inLanguage":"pt-PT","@id":"https:\/\/portaltela.pt\/s.01k8rhncp4jt1\/2025\/11\/talking-bot-125x125.png","url":"https:\/\/portaltela.pt\/s.01k8rhncp4jt1\/2025\/11\/talking-bot-125x125.png","contentUrl":"https:\/\/portaltela.pt\/s.01k8rhncp4jt1\/2025\/11\/talking-bot-125x125.png","caption":"Telinha"},"sameAs":["https:\/\/portaltela.pt\/"],"url":"https:\/\/portaltela.pt\/por\/367410592786\/"}]}},"_links":{"self":[{"href":"https:\/\/portaltela.pt\/api\/wp\/v2\/posts\/217834","targetHints":{"allow":["GET"]}}],"collection":[{"href":"https:\/\/portaltela.pt\/api\/wp\/v2\/posts"}],"about":[{"href":"https:\/\/portaltela.pt\/api\/wp\/v2\/types\/post"}],"author":[{"embeddable":true,"href":"https:\/\/portaltela.pt\/api\/wp\/v2\/users\/2"}],"replies":[{"embeddable":true,"href":"https:\/\/portaltela.pt\/api\/wp\/v2\/comments?post=217834"}],"version-history":[{"count":0,"href":"https:\/\/portaltela.pt\/api\/wp\/v2\/posts\/217834\/revisions"}],"wp:featuredmedia":[{"embeddable":true,"href":"https:\/\/portaltela.pt\/api\/wp\/v2\/media\/217837"}],"wp:attachment":[{"href":"https:\/\/portaltela.pt\/api\/wp\/v2\/media?parent=217834"}],"wp:term":[{"taxonomy":"category","embeddable":true,"href":"https:\/\/portaltela.pt\/api\/wp\/v2\/categories?post=217834"},{"taxonomy":"post_tag","embeddable":true,"href":"https:\/\/portaltela.pt\/api\/wp\/v2\/tags?post=217834"}],"curies":[{"name":"wp","href":"https:\/\/api.w.org\/{rel}","templated":true}]}}