{"id":217822,"date":"2026-02-19T13:40:00","date_gmt":"2026-02-19T16:40:00","guid":{"rendered":"https:\/\/portaltela.pt\/noticias\/2026\/02\/19\/angola-gera-102-milhoes-de-euros-com-cafe-em-2025-um-terco-para-portugal\/"},"modified":"2026-02-19T13:40:00","modified_gmt":"2026-02-19T16:40:00","slug":"angola-gera-102-milhoes-de-euros-com-cafe-em-2025-um-terco-para-portugal","status":"publish","type":"post","link":"https:\/\/portaltela.pt\/noticias\/economia\/2026\/02\/19\/angola-gera-102-milhoes-de-euros-com-cafe-em-2025-um-terco-para-portugal\/","title":{"rendered":"Angola gera 10,2 milh\u00f5es de euros com caf\u00e9 em 2025, um ter\u00e7o para Portugal"},"content":{"rendered":"<p>Angola arrecadou 10,2 milh\u00f5es de euros com exporta\u00e7\u00e3o de caf\u00e9 em 2025, segundo dados do setor. A distribui\u00e7\u00e3o indica que cerca de um ter\u00e7o desse montante destina-se a Portugal.<\/p>\n<p>A venda externa de caf\u00e9 angolano posiciona o pa\u00eds como produtor ativo no mercado internacional, com receitas que refletem o desempenho de exporta\u00e7\u00f5es no \u00faltimo ano. N\u00e3o foram detalhados os termos contratuais ou os pa\u00edses compradores adicionais.<\/p>\n<p>Entre os fatores apontados para o volume divulgado est\u00e3o as condi\u00e7\u00f5es de produ\u00e7\u00e3o, a procura internacional e a valoriza\u00e7\u00e3o de determinados lotes de caf\u00e9. Informa\u00e7\u00f5es complementares sobre contratos e destinos n\u00e3o foram publicadas.<\/p>\n","protected":false},"excerpt":{"rendered":"<ul>\n<li>Angola arrecadou 10,2 ME com a exporta\u00e7\u00e3o de caf\u00e9 em 2025.<\/li>\n<li>Um ter\u00e7o do montante ficou destinado a Portugal.<\/li>\n<li>N\u00e3o h\u00e1 mais detalhes dispon\u00edveis no texto fornecido.<\/li>\n<\/ul>\n","protected":false},"author":2,"featured_media":217825,"comment_status":"closed","ping_status":"closed","sticky":false,"template":"","format":"standard","meta":{"footnotes":""},"categories":[2,1],"tags":[4837,5765,28,2541,3892,1014],"class_list":["post-217822","post","type-post","status-publish","format-standard","has-post-thumbnail","hentry","category-economia","category-noticias","tag-angola","tag-cafe","tag-economia","tag-exportacoes","tag-exportacoes-internacionais","tag-portugal"],"yoast_head":"<!-- This site is optimized with the Yoast SEO plugin v27.2 - https:\/\/yoast.com\/product\/yoast-seo-wordpress\/ -->\n<title>Angola gera 10,2 milh\u00f5es de euros com caf\u00e9 em 2025, um ter\u00e7o para Portugal - Portal Tela Portugal<\/title>\n<meta name=\"robots\" content=\"index, follow, max-snippet:-1, max-image-preview:large, max-video-preview:-1\" \/>\n<meta property=\"og:locale\" content=\"pt_PT\" \/>\n<meta property=\"og:type\" content=\"article\" \/>\n<meta property=\"og:title\" content=\"Angola gera 10,2 milh\u00f5es de euros com caf\u00e9 em 2025, um ter\u00e7o para Portugal - Portal Tela Portugal\" \/>\n<meta property=\"og:description\" content=\"Angola arrecadou 10,2 ME com a exporta\u00e7\u00e3o de caf\u00e9 em 2025. Um ter\u00e7o do montante ficou destinado a Portugal. N\u00e3o h\u00e1 mais detalhes dispon\u00edveis no texto fornecido.\" \/>\n<meta property=\"og:url\" content=\"https:\/\/portaltela.pt\/noticias\/2026\/02\/19\/angola-gera-102-milhoes-de-euros-com-cafe-em-2025-um-terco-para-portugal\/\" \/>\n<meta property=\"og:site_name\" content=\"Portal Tela Portugal\" \/>\n<meta property=\"article:published_time\" content=\"2026-02-19T16:40:00+00:00\" \/>\n<meta name=\"author\" content=\"Telinha\" \/>\n<meta name=\"twitter:card\" content=\"summary_large_image\" \/>\n<meta name=\"twitter:label1\" content=\"Escrito por\" \/>\n\t<meta name=\"twitter:data1\" content=\"Telinha\" \/>\n\t<meta name=\"twitter:label2\" content=\"Tempo estimado de leitura\" \/>\n\t<meta name=\"twitter:data2\" content=\"1 minuto\" \/>\n<script type=\"application\/ld+json\" class=\"yoast-schema-graph\">{\"@context\":\"https:\/\/schema.org\",\"@graph\":[{\"@type\":\"Article\",\"@id\":\"https:\/\/portaltela.pt\/noticias\/2026\/02\/19\/angola-gera-102-milhoes-de-euros-com-cafe-em-2025-um-terco-para-portugal\/#article\",\"isPartOf\":{\"@id\":\"https:\/\/portaltela.pt\/noticias\/2026\/02\/19\/angola-gera-102-milhoes-de-euros-com-cafe-em-2025-um-terco-para-portugal\/\"},\"author\":{\"name\":\"Telinha\",\"@id\":\"https:\/\/portaltela.pt\/#\/schema\/person\/c4278d4a6028830caff9ee44b42d32ed\"},\"headline\":\"Angola gera 10,2 milh\u00f5es de euros com caf\u00e9 em 2025, um ter\u00e7o para Portugal\",\"datePublished\":\"2026-02-19T16:40:00+00:00\",\"mainEntityOfPage\":{\"@id\":\"https:\/\/portaltela.pt\/noticias\/2026\/02\/19\/angola-gera-102-milhoes-de-euros-com-cafe-em-2025-um-terco-para-portugal\/\"},\"wordCount\":125,\"image\":{\"@id\":\"https:\/\/portaltela.pt\/noticias\/2026\/02\/19\/angola-gera-102-milhoes-de-euros-com-cafe-em-2025-um-terco-para-portugal\/#primaryimage\"},\"thumbnailUrl\":\"https:\/\/portaltela.pt\/s.01k8rhncp4jt1\/2026\/02\/CACHE_780X1200_ANALOG_WATERMARKED_40565400_2221041_03042023121213.jpg\",\"keywords\":[\"Angola\",\"caf\u00e9\",\"economia\",\"exporta\u00e7\u00f5es\",\"exporta\u00e7\u00f5es internacionais\",\"Portugal\"],\"articleSection\":[\"Economia\",\"Not\u00edcias\"],\"inLanguage\":\"pt-PT\"},{\"@type\":\"WebPage\",\"@id\":\"https:\/\/portaltela.pt\/noticias\/2026\/02\/19\/angola-gera-102-milhoes-de-euros-com-cafe-em-2025-um-terco-para-portugal\/\",\"url\":\"https:\/\/portaltela.pt\/noticias\/2026\/02\/19\/angola-gera-102-milhoes-de-euros-com-cafe-em-2025-um-terco-para-portugal\/\",\"name\":\"Angola gera 10,2 milh\u00f5es de euros com caf\u00e9 em 2025, um ter\u00e7o para Portugal - Portal Tela Portugal\",\"isPartOf\":{\"@id\":\"https:\/\/portaltela.pt\/#website\"},\"primaryImageOfPage\":{\"@id\":\"https:\/\/portaltela.pt\/noticias\/2026\/02\/19\/angola-gera-102-milhoes-de-euros-com-cafe-em-2025-um-terco-para-portugal\/#primaryimage\"},\"image\":{\"@id\":\"https:\/\/portaltela.pt\/noticias\/2026\/02\/19\/angola-gera-102-milhoes-de-euros-com-cafe-em-2025-um-terco-para-portugal\/#primaryimage\"},\"thumbnailUrl\":\"https:\/\/portaltela.pt\/s.01k8rhncp4jt1\/2026\/02\/CACHE_780X1200_ANALOG_WATERMARKED_40565400_2221041_03042023121213.jpg\",\"datePublished\":\"2026-02-19T16:40:00+00:00\",\"author\":{\"@id\":\"https:\/\/portaltela.pt\/#\/schema\/person\/c4278d4a6028830caff9ee44b42d32ed\"},\"breadcrumb\":{\"@id\":\"https:\/\/portaltela.pt\/noticias\/2026\/02\/19\/angola-gera-102-milhoes-de-euros-com-cafe-em-2025-um-terco-para-portugal\/#breadcrumb\"},\"inLanguage\":\"pt-PT\",\"potentialAction\":[{\"@type\":\"ReadAction\",\"target\":[\"https:\/\/portaltela.pt\/noticias\/2026\/02\/19\/angola-gera-102-milhoes-de-euros-com-cafe-em-2025-um-terco-para-portugal\/\"]}]},{\"@type\":\"ImageObject\",\"inLanguage\":\"pt-PT\",\"@id\":\"https:\/\/portaltela.pt\/noticias\/2026\/02\/19\/angola-gera-102-milhoes-de-euros-com-cafe-em-2025-um-terco-para-portugal\/#primaryimage\",\"url\":\"https:\/\/portaltela.pt\/s.01k8rhncp4jt1\/2026\/02\/CACHE_780X1200_ANALOG_WATERMARKED_40565400_2221041_03042023121213.jpg\",\"contentUrl\":\"https:\/\/portaltela.pt\/s.01k8rhncp4jt1\/2026\/02\/CACHE_780X1200_ANALOG_WATERMARKED_40565400_2221041_03042023121213.jpg\",\"width\":796,\"height\":448,\"caption\":\"Angola arrecadou 10,2 ME com exporta\u00e7\u00e3o de caf\u00e9 em 2025, um ter\u00e7o para Portugal\"},{\"@type\":\"BreadcrumbList\",\"@id\":\"https:\/\/portaltela.pt\/noticias\/2026\/02\/19\/angola-gera-102-milhoes-de-euros-com-cafe-em-2025-um-terco-para-portugal\/#breadcrumb\",\"itemListElement\":[{\"@type\":\"ListItem\",\"position\":1,\"name\":\"In\u00edcio\",\"item\":\"https:\/\/portaltela.pt\/\"},{\"@type\":\"ListItem\",\"position\":2,\"name\":\"Angola gera 10,2 milh\u00f5es de euros com caf\u00e9 em 2025, um ter\u00e7o para Portugal\"}]},{\"@type\":\"WebSite\",\"@id\":\"https:\/\/portaltela.pt\/#website\",\"url\":\"https:\/\/portaltela.pt\/\",\"name\":\"Portal Tela Portugal\",\"description\":\"\",\"potentialAction\":[{\"@type\":\"SearchAction\",\"target\":{\"@type\":\"EntryPoint\",\"urlTemplate\":\"https:\/\/portaltela.pt\/?s={search_term_string}\"},\"query-input\":{\"@type\":\"PropertyValueSpecification\",\"valueRequired\":true,\"valueName\":\"search_term_string\"}}],\"inLanguage\":\"pt-PT\"},{\"@type\":\"Person\",\"@id\":\"https:\/\/portaltela.pt\/#\/schema\/person\/c4278d4a6028830caff9ee44b42d32ed\",\"name\":\"Telinha\",\"image\":{\"@type\":\"ImageObject\",\"inLanguage\":\"pt-PT\",\"@id\":\"https:\/\/portaltela.pt\/s.01k8rhncp4jt1\/2025\/11\/talking-bot-125x125.png\",\"url\":\"https:\/\/portaltela.pt\/s.01k8rhncp4jt1\/2025\/11\/talking-bot-125x125.png\",\"contentUrl\":\"https:\/\/portaltela.pt\/s.01k8rhncp4jt1\/2025\/11\/talking-bot-125x125.png\",\"caption\":\"Telinha\"},\"sameAs\":[\"https:\/\/portaltela.pt\/\"],\"url\":\"https:\/\/portaltela.pt\/por\/367410592786\/\"}]}<\/script>\n<!-- \/ Yoast SEO plugin. -->","yoast_head_json":{"title":"Angola gera 10,2 milh\u00f5es de euros com caf\u00e9 em 2025, um ter\u00e7o para Portugal - Portal Tela Portugal","robots":{"index":"index","follow":"follow","max-snippet":"max-snippet:-1","max-image-preview":"max-image-preview:large","max-video-preview":"max-video-preview:-1"},"og_locale":"pt_PT","og_type":"article","og_title":"Angola gera 10,2 milh\u00f5es de euros com caf\u00e9 em 2025, um ter\u00e7o para Portugal - Portal Tela Portugal","og_description":"Angola arrecadou 10,2 ME com a exporta\u00e7\u00e3o de caf\u00e9 em 2025. Um ter\u00e7o do montante ficou destinado a Portugal. N\u00e3o h\u00e1 mais detalhes dispon\u00edveis no texto fornecido.","og_url":"https:\/\/portaltela.pt\/noticias\/2026\/02\/19\/angola-gera-102-milhoes-de-euros-com-cafe-em-2025-um-terco-para-portugal\/","og_site_name":"Portal Tela Portugal","article_published_time":"2026-02-19T16:40:00+00:00","author":"Telinha","twitter_card":"summary_large_image","twitter_misc":{"Escrito por":"Telinha","Tempo estimado de leitura":"1 minuto"},"schema":{"@context":"https:\/\/schema.org","@graph":[{"@type":"Article","@id":"https:\/\/portaltela.pt\/noticias\/2026\/02\/19\/angola-gera-102-milhoes-de-euros-com-cafe-em-2025-um-terco-para-portugal\/#article","isPartOf":{"@id":"https:\/\/portaltela.pt\/noticias\/2026\/02\/19\/angola-gera-102-milhoes-de-euros-com-cafe-em-2025-um-terco-para-portugal\/"},"author":{"name":"Telinha","@id":"https:\/\/portaltela.pt\/#\/schema\/person\/c4278d4a6028830caff9ee44b42d32ed"},"headline":"Angola gera 10,2 milh\u00f5es de euros com caf\u00e9 em 2025, um ter\u00e7o para Portugal","datePublished":"2026-02-19T16:40:00+00:00","mainEntityOfPage":{"@id":"https:\/\/portaltela.pt\/noticias\/2026\/02\/19\/angola-gera-102-milhoes-de-euros-com-cafe-em-2025-um-terco-para-portugal\/"},"wordCount":125,"image":{"@id":"https:\/\/portaltela.pt\/noticias\/2026\/02\/19\/angola-gera-102-milhoes-de-euros-com-cafe-em-2025-um-terco-para-portugal\/#primaryimage"},"thumbnailUrl":"https:\/\/portaltela.pt\/s.01k8rhncp4jt1\/2026\/02\/CACHE_780X1200_ANALOG_WATERMARKED_40565400_2221041_03042023121213.jpg","keywords":["Angola","caf\u00e9","economia","exporta\u00e7\u00f5es","exporta\u00e7\u00f5es internacionais","Portugal"],"articleSection":["Economia","Not\u00edcias"],"inLanguage":"pt-PT"},{"@type":"WebPage","@id":"https:\/\/portaltela.pt\/noticias\/2026\/02\/19\/angola-gera-102-milhoes-de-euros-com-cafe-em-2025-um-terco-para-portugal\/","url":"https:\/\/portaltela.pt\/noticias\/2026\/02\/19\/angola-gera-102-milhoes-de-euros-com-cafe-em-2025-um-terco-para-portugal\/","name":"Angola gera 10,2 milh\u00f5es de euros com caf\u00e9 em 2025, um ter\u00e7o para Portugal - Portal Tela Portugal","isPartOf":{"@id":"https:\/\/portaltela.pt\/#website"},"primaryImageOfPage":{"@id":"https:\/\/portaltela.pt\/noticias\/2026\/02\/19\/angola-gera-102-milhoes-de-euros-com-cafe-em-2025-um-terco-para-portugal\/#primaryimage"},"image":{"@id":"https:\/\/portaltela.pt\/noticias\/2026\/02\/19\/angola-gera-102-milhoes-de-euros-com-cafe-em-2025-um-terco-para-portugal\/#primaryimage"},"thumbnailUrl":"https:\/\/portaltela.pt\/s.01k8rhncp4jt1\/2026\/02\/CACHE_780X1200_ANALOG_WATERMARKED_40565400_2221041_03042023121213.jpg","datePublished":"2026-02-19T16:40:00+00:00","author":{"@id":"https:\/\/portaltela.pt\/#\/schema\/person\/c4278d4a6028830caff9ee44b42d32ed"},"breadcrumb":{"@id":"https:\/\/portaltela.pt\/noticias\/2026\/02\/19\/angola-gera-102-milhoes-de-euros-com-cafe-em-2025-um-terco-para-portugal\/#breadcrumb"},"inLanguage":"pt-PT","potentialAction":[{"@type":"ReadAction","target":["https:\/\/portaltela.pt\/noticias\/2026\/02\/19\/angola-gera-102-milhoes-de-euros-com-cafe-em-2025-um-terco-para-portugal\/"]}]},{"@type":"ImageObject","inLanguage":"pt-PT","@id":"https:\/\/portaltela.pt\/noticias\/2026\/02\/19\/angola-gera-102-milhoes-de-euros-com-cafe-em-2025-um-terco-para-portugal\/#primaryimage","url":"https:\/\/portaltela.pt\/s.01k8rhncp4jt1\/2026\/02\/CACHE_780X1200_ANALOG_WATERMARKED_40565400_2221041_03042023121213.jpg","contentUrl":"https:\/\/portaltela.pt\/s.01k8rhncp4jt1\/2026\/02\/CACHE_780X1200_ANALOG_WATERMARKED_40565400_2221041_03042023121213.jpg","width":796,"height":448,"caption":"Angola arrecadou 10,2 ME com exporta\u00e7\u00e3o de caf\u00e9 em 2025, um ter\u00e7o para Portugal"},{"@type":"BreadcrumbList","@id":"https:\/\/portaltela.pt\/noticias\/2026\/02\/19\/angola-gera-102-milhoes-de-euros-com-cafe-em-2025-um-terco-para-portugal\/#breadcrumb","itemListElement":[{"@type":"ListItem","position":1,"name":"In\u00edcio","item":"https:\/\/portaltela.pt\/"},{"@type":"ListItem","position":2,"name":"Angola gera 10,2 milh\u00f5es de euros com caf\u00e9 em 2025, um ter\u00e7o para Portugal"}]},{"@type":"WebSite","@id":"https:\/\/portaltela.pt\/#website","url":"https:\/\/portaltela.pt\/","name":"Portal Tela Portugal","description":"","potentialAction":[{"@type":"SearchAction","target":{"@type":"EntryPoint","urlTemplate":"https:\/\/portaltela.pt\/?s={search_term_string}"},"query-input":{"@type":"PropertyValueSpecification","valueRequired":true,"valueName":"search_term_string"}}],"inLanguage":"pt-PT"},{"@type":"Person","@id":"https:\/\/portaltela.pt\/#\/schema\/person\/c4278d4a6028830caff9ee44b42d32ed","name":"Telinha","image":{"@type":"ImageObject","inLanguage":"pt-PT","@id":"https:\/\/portaltela.pt\/s.01k8rhncp4jt1\/2025\/11\/talking-bot-125x125.png","url":"https:\/\/portaltela.pt\/s.01k8rhncp4jt1\/2025\/11\/talking-bot-125x125.png","contentUrl":"https:\/\/portaltela.pt\/s.01k8rhncp4jt1\/2025\/11\/talking-bot-125x125.png","caption":"Telinha"},"sameAs":["https:\/\/portaltela.pt\/"],"url":"https:\/\/portaltela.pt\/por\/367410592786\/"}]}},"_links":{"self":[{"href":"https:\/\/portaltela.pt\/api\/wp\/v2\/posts\/217822","targetHints":{"allow":["GET"]}}],"collection":[{"href":"https:\/\/portaltela.pt\/api\/wp\/v2\/posts"}],"about":[{"href":"https:\/\/portaltela.pt\/api\/wp\/v2\/types\/post"}],"author":[{"embeddable":true,"href":"https:\/\/portaltela.pt\/api\/wp\/v2\/users\/2"}],"replies":[{"embeddable":true,"href":"https:\/\/portaltela.pt\/api\/wp\/v2\/comments?post=217822"}],"version-history":[{"count":0,"href":"https:\/\/portaltela.pt\/api\/wp\/v2\/posts\/217822\/revisions"}],"wp:featuredmedia":[{"embeddable":true,"href":"https:\/\/portaltela.pt\/api\/wp\/v2\/media\/217825"}],"wp:attachment":[{"href":"https:\/\/portaltela.pt\/api\/wp\/v2\/media?parent=217822"}],"wp:term":[{"taxonomy":"category","embeddable":true,"href":"https:\/\/portaltela.pt\/api\/wp\/v2\/categories?post=217822"},{"taxonomy":"post_tag","embeddable":true,"href":"https:\/\/portaltela.pt\/api\/wp\/v2\/tags?post=217822"}],"curies":[{"name":"wp","href":"https:\/\/api.w.org\/{rel}","templated":true}]}}