{"id":217808,"date":"2026-02-19T13:24:02","date_gmt":"2026-02-19T16:24:02","guid":{"rendered":"https:\/\/portaltela.pt\/noticias\/2026\/02\/19\/sporting-prepara-visita-ao-moreirense-com-4-baixas-no-treino-e-reforco-ofensivo\/"},"modified":"2026-02-19T13:24:02","modified_gmt":"2026-02-19T16:24:02","slug":"sporting-prepara-visita-ao-moreirense-com-4-baixas-no-treino-e-reforco-ofensivo","status":"publish","type":"post","link":"https:\/\/portaltela.pt\/desporto\/futebol\/2026\/02\/19\/sporting-prepara-visita-ao-moreirense-com-4-baixas-no-treino-e-reforco-ofensivo\/","title":{"rendered":"Sporting prepara visita ao Moreirense com 4 baixas no treino e refor\u00e7o ofensivo"},"content":{"rendered":"<p>O Sporting prosseguiu na manh\u00e3 desta quinta-feira a prepara\u00e7\u00e3o para a visita ao Moreirense, da 23.\u00aa jornada da Liga. O jogo est\u00e1 marcado para s\u00e1bado, \u00e0s 18h00, no Est\u00e1dio Comendador Joaquim de Almeida Freitas. Rui Borges orientou mais uma sess\u00e3o de treino, com foco na estrat\u00e9gia para o encontro.<\/p>\n<p>Quatro jogadores ficaram de fora devido a problemas f\u00edsicos. Debast e Ioannidis seguem com problemas no joelho esquerdo, Kochorashvili continua em tratamento de um trauma, e Geovany Quenda termina a reabilita\u00e7\u00e3o da les\u00e3o no quinto metatarso do p\u00e9 direito em Londres. Ao contr\u00e1rio do dia anterior, em que chamou jogadores da equipa B, hoje apenas Gabriel Silva participou nos exerc\u00edcios de ataque.<\/p>\n<p>Amanh\u00e3 h\u00e1 nova sess\u00e3o de treino pela frescura da manh\u00e3, antes da antevis\u00e3o do jogo marcada para as 12h30, no Audit\u00f3rio Ant\u00f3nio Capela, da Academia Cristiano Ronaldo. A equipa segue determinada a alinhar a melhor estrat\u00e9gia para o encontro com o Moreirense.<\/p>\n","protected":false},"excerpt":{"rendered":"<ul>\n<li>O Sporting prossegue a prepara\u00e7\u00e3o para a visita ao Moreirense, jogo da jornada 23 da Liga, marcado para s\u00e1bado \u00e0s 18h00 no Est\u00e1dio Comendador Joaquim de Almeida Freitas.<\/li>\n<li>Rui Borges orientou mais uma sess\u00e3o matinal com quatro baixas: Debast, Ioannidis, Kochorashvili e Geovany Quenda.<\/li>\n<li>Debast e Ioannidis treinam com problemas no joelho esquerdo, Kochorashvili continua em tratamento e Geovany Quenda aguarda fim da reabilita\u00e7\u00e3o no quinto metatarso do p\u00e9 direito.<\/li>\n<li>Ao contr\u00e1rio do dia anterior, apenas Gabriel Silva foi integrado nos exerc\u00edcios da equipa principal, mantendo o grupo com menos entradas da equipa B.<\/li>\n<li>Amanh\u00e3 h\u00e1 nova sess\u00e3o matinal antes da antevis\u00e3o do treinador, marcada para as 12h30, na Academia Cristiano Ronaldo, no Audit\u00f3rio Ant\u00f3nio Capela.<\/li>\n<\/ul>\n","protected":false},"author":2,"featured_media":217816,"comment_status":"closed","ping_status":"closed","sticky":false,"template":"","format":"standard","meta":{"footnotes":""},"categories":[21,24],"tags":[152,32,1735,1786,5579,1652],"class_list":["post-217808","post","type-post","status-publish","format-standard","has-post-thumbnail","hentry","category-desporto","category-futebol","tag-desporto","tag-futebol","tag-lesionados","tag-liga","tag-moreirense","tag-sporting"],"yoast_head":"<!-- This site is optimized with the Yoast SEO plugin v27.2 - https:\/\/yoast.com\/product\/yoast-seo-wordpress\/ -->\n<title>Sporting prepara visita ao Moreirense com 4 baixas no treino e refor\u00e7o ofensivo - Portal Tela Portugal<\/title>\n<meta name=\"robots\" content=\"index, follow, max-snippet:-1, max-image-preview:large, max-video-preview:-1\" \/>\n<meta property=\"og:locale\" content=\"pt_PT\" \/>\n<meta property=\"og:type\" content=\"article\" \/>\n<meta property=\"og:title\" content=\"Sporting prepara visita ao Moreirense com 4 baixas no treino e refor\u00e7o ofensivo - Portal Tela Portugal\" \/>\n<meta property=\"og:description\" content=\"O Sporting prossegue a prepara\u00e7\u00e3o para a visita ao Moreirense, jogo da jornada 23 da Liga, marcado para s\u00e1bado \u00e0s 18h00 no Est\u00e1dio Comendador Joaquim de Almeida Freitas. Rui Borges orientou mais uma sess\u00e3o matinal com quatro baixas: Debast, Ioannidis, Kochorashvili e Geovany Quenda. Debast e Ioannidis treinam com problemas no joelho esquerdo, Kochorashvili continua em tratamento e Geovany Quenda aguarda fim da reabilita\u00e7\u00e3o no quinto metatarso do p\u00e9 direito. Ao contr\u00e1rio do dia anterior, apenas Gabriel Silva foi integrado nos exerc\u00edcios da equipa principal, mantendo o grupo com menos entradas da equipa B. Amanh\u00e3 h\u00e1 nova sess\u00e3o matinal antes da antevis\u00e3o do treinador, marcada para as 12h30, na Academia Cristiano Ronaldo, no Audit\u00f3rio Ant\u00f3nio Capela.\" \/>\n<meta property=\"og:url\" content=\"https:\/\/portaltela.pt\/noticias\/2026\/02\/19\/sporting-prepara-visita-ao-moreirense-com-4-baixas-no-treino-e-reforco-ofensivo\/\" \/>\n<meta property=\"og:site_name\" content=\"Portal Tela Portugal\" \/>\n<meta property=\"article:published_time\" content=\"2026-02-19T16:24:02+00:00\" \/>\n<meta name=\"author\" content=\"Telinha\" \/>\n<meta name=\"twitter:card\" content=\"summary_large_image\" \/>\n<meta name=\"twitter:label1\" content=\"Escrito por\" \/>\n\t<meta name=\"twitter:data1\" content=\"Telinha\" \/>\n\t<meta name=\"twitter:label2\" content=\"Tempo estimado de leitura\" \/>\n\t<meta name=\"twitter:data2\" content=\"1 minuto\" \/>\n<script type=\"application\/ld+json\" class=\"yoast-schema-graph\">{\"@context\":\"https:\/\/schema.org\",\"@graph\":[{\"@type\":\"Article\",\"@id\":\"https:\/\/portaltela.pt\/noticias\/2026\/02\/19\/sporting-prepara-visita-ao-moreirense-com-4-baixas-no-treino-e-reforco-ofensivo\/#article\",\"isPartOf\":{\"@id\":\"https:\/\/portaltela.pt\/noticias\/2026\/02\/19\/sporting-prepara-visita-ao-moreirense-com-4-baixas-no-treino-e-reforco-ofensivo\/\"},\"author\":{\"name\":\"Telinha\",\"@id\":\"https:\/\/portaltela.pt\/#\/schema\/person\/c4278d4a6028830caff9ee44b42d32ed\"},\"headline\":\"Sporting prepara visita ao Moreirense com 4 baixas no treino e refor\u00e7o ofensivo\",\"datePublished\":\"2026-02-19T16:24:02+00:00\",\"mainEntityOfPage\":{\"@id\":\"https:\/\/portaltela.pt\/noticias\/2026\/02\/19\/sporting-prepara-visita-ao-moreirense-com-4-baixas-no-treino-e-reforco-ofensivo\/\"},\"wordCount\":180,\"image\":{\"@id\":\"https:\/\/portaltela.pt\/noticias\/2026\/02\/19\/sporting-prepara-visita-ao-moreirense-com-4-baixas-no-treino-e-reforco-ofensivo\/#primaryimage\"},\"thumbnailUrl\":\"https:\/\/portaltela.pt\/s.01k8rhncp4jt1\/2026\/02\/img_920x518uu2026-02-19-15-25-41-2422520.jpg\",\"keywords\":[\"desporto\",\"futebol\",\"Lesionados\",\"Liga\",\"Moreirense\",\"Sporting\"],\"articleSection\":[\"Desporto\",\"Futebol\"],\"inLanguage\":\"pt-PT\"},{\"@type\":\"WebPage\",\"@id\":\"https:\/\/portaltela.pt\/noticias\/2026\/02\/19\/sporting-prepara-visita-ao-moreirense-com-4-baixas-no-treino-e-reforco-ofensivo\/\",\"url\":\"https:\/\/portaltela.pt\/noticias\/2026\/02\/19\/sporting-prepara-visita-ao-moreirense-com-4-baixas-no-treino-e-reforco-ofensivo\/\",\"name\":\"Sporting prepara visita ao Moreirense com 4 baixas no treino e refor\u00e7o ofensivo - Portal Tela Portugal\",\"isPartOf\":{\"@id\":\"https:\/\/portaltela.pt\/#website\"},\"primaryImageOfPage\":{\"@id\":\"https:\/\/portaltela.pt\/noticias\/2026\/02\/19\/sporting-prepara-visita-ao-moreirense-com-4-baixas-no-treino-e-reforco-ofensivo\/#primaryimage\"},\"image\":{\"@id\":\"https:\/\/portaltela.pt\/noticias\/2026\/02\/19\/sporting-prepara-visita-ao-moreirense-com-4-baixas-no-treino-e-reforco-ofensivo\/#primaryimage\"},\"thumbnailUrl\":\"https:\/\/portaltela.pt\/s.01k8rhncp4jt1\/2026\/02\/img_920x518uu2026-02-19-15-25-41-2422520.jpg\",\"datePublished\":\"2026-02-19T16:24:02+00:00\",\"author\":{\"@id\":\"https:\/\/portaltela.pt\/#\/schema\/person\/c4278d4a6028830caff9ee44b42d32ed\"},\"breadcrumb\":{\"@id\":\"https:\/\/portaltela.pt\/noticias\/2026\/02\/19\/sporting-prepara-visita-ao-moreirense-com-4-baixas-no-treino-e-reforco-ofensivo\/#breadcrumb\"},\"inLanguage\":\"pt-PT\",\"potentialAction\":[{\"@type\":\"ReadAction\",\"target\":[\"https:\/\/portaltela.pt\/noticias\/2026\/02\/19\/sporting-prepara-visita-ao-moreirense-com-4-baixas-no-treino-e-reforco-ofensivo\/\"]}]},{\"@type\":\"ImageObject\",\"inLanguage\":\"pt-PT\",\"@id\":\"https:\/\/portaltela.pt\/noticias\/2026\/02\/19\/sporting-prepara-visita-ao-moreirense-com-4-baixas-no-treino-e-reforco-ofensivo\/#primaryimage\",\"url\":\"https:\/\/portaltela.pt\/s.01k8rhncp4jt1\/2026\/02\/img_920x518uu2026-02-19-15-25-41-2422520.jpg\",\"contentUrl\":\"https:\/\/portaltela.pt\/s.01k8rhncp4jt1\/2026\/02\/img_920x518uu2026-02-19-15-25-41-2422520.jpg\",\"width\":796,\"height\":448,\"caption\":\"Rui Borges faz a antevis\u00e3o ao jogo contra o Moreirense amanh\u00e3, na Academia, a partir das 12h30\"},{\"@type\":\"BreadcrumbList\",\"@id\":\"https:\/\/portaltela.pt\/noticias\/2026\/02\/19\/sporting-prepara-visita-ao-moreirense-com-4-baixas-no-treino-e-reforco-ofensivo\/#breadcrumb\",\"itemListElement\":[{\"@type\":\"ListItem\",\"position\":1,\"name\":\"In\u00edcio\",\"item\":\"https:\/\/portaltela.pt\/\"},{\"@type\":\"ListItem\",\"position\":2,\"name\":\"Sporting prepara visita ao Moreirense com 4 baixas no treino e refor\u00e7o ofensivo\"}]},{\"@type\":\"WebSite\",\"@id\":\"https:\/\/portaltela.pt\/#website\",\"url\":\"https:\/\/portaltela.pt\/\",\"name\":\"Portal Tela Portugal\",\"description\":\"\",\"potentialAction\":[{\"@type\":\"SearchAction\",\"target\":{\"@type\":\"EntryPoint\",\"urlTemplate\":\"https:\/\/portaltela.pt\/?s={search_term_string}\"},\"query-input\":{\"@type\":\"PropertyValueSpecification\",\"valueRequired\":true,\"valueName\":\"search_term_string\"}}],\"inLanguage\":\"pt-PT\"},{\"@type\":\"Person\",\"@id\":\"https:\/\/portaltela.pt\/#\/schema\/person\/c4278d4a6028830caff9ee44b42d32ed\",\"name\":\"Telinha\",\"image\":{\"@type\":\"ImageObject\",\"inLanguage\":\"pt-PT\",\"@id\":\"https:\/\/portaltela.pt\/s.01k8rhncp4jt1\/2025\/11\/talking-bot-125x125.png\",\"url\":\"https:\/\/portaltela.pt\/s.01k8rhncp4jt1\/2025\/11\/talking-bot-125x125.png\",\"contentUrl\":\"https:\/\/portaltela.pt\/s.01k8rhncp4jt1\/2025\/11\/talking-bot-125x125.png\",\"caption\":\"Telinha\"},\"sameAs\":[\"https:\/\/portaltela.pt\/\"],\"url\":\"https:\/\/portaltela.pt\/por\/367410592786\/\"}]}<\/script>\n<!-- \/ Yoast SEO plugin. -->","yoast_head_json":{"title":"Sporting prepara visita ao Moreirense com 4 baixas no treino e refor\u00e7o ofensivo - Portal Tela Portugal","robots":{"index":"index","follow":"follow","max-snippet":"max-snippet:-1","max-image-preview":"max-image-preview:large","max-video-preview":"max-video-preview:-1"},"og_locale":"pt_PT","og_type":"article","og_title":"Sporting prepara visita ao Moreirense com 4 baixas no treino e refor\u00e7o ofensivo - Portal Tela Portugal","og_description":"O Sporting prossegue a prepara\u00e7\u00e3o para a visita ao Moreirense, jogo da jornada 23 da Liga, marcado para s\u00e1bado \u00e0s 18h00 no Est\u00e1dio Comendador Joaquim de Almeida Freitas. Rui Borges orientou mais uma sess\u00e3o matinal com quatro baixas: Debast, Ioannidis, Kochorashvili e Geovany Quenda. Debast e Ioannidis treinam com problemas no joelho esquerdo, Kochorashvili continua em tratamento e Geovany Quenda aguarda fim da reabilita\u00e7\u00e3o no quinto metatarso do p\u00e9 direito. Ao contr\u00e1rio do dia anterior, apenas Gabriel Silva foi integrado nos exerc\u00edcios da equipa principal, mantendo o grupo com menos entradas da equipa B. Amanh\u00e3 h\u00e1 nova sess\u00e3o matinal antes da antevis\u00e3o do treinador, marcada para as 12h30, na Academia Cristiano Ronaldo, no Audit\u00f3rio Ant\u00f3nio Capela.","og_url":"https:\/\/portaltela.pt\/noticias\/2026\/02\/19\/sporting-prepara-visita-ao-moreirense-com-4-baixas-no-treino-e-reforco-ofensivo\/","og_site_name":"Portal Tela Portugal","article_published_time":"2026-02-19T16:24:02+00:00","author":"Telinha","twitter_card":"summary_large_image","twitter_misc":{"Escrito por":"Telinha","Tempo estimado de leitura":"1 minuto"},"schema":{"@context":"https:\/\/schema.org","@graph":[{"@type":"Article","@id":"https:\/\/portaltela.pt\/noticias\/2026\/02\/19\/sporting-prepara-visita-ao-moreirense-com-4-baixas-no-treino-e-reforco-ofensivo\/#article","isPartOf":{"@id":"https:\/\/portaltela.pt\/noticias\/2026\/02\/19\/sporting-prepara-visita-ao-moreirense-com-4-baixas-no-treino-e-reforco-ofensivo\/"},"author":{"name":"Telinha","@id":"https:\/\/portaltela.pt\/#\/schema\/person\/c4278d4a6028830caff9ee44b42d32ed"},"headline":"Sporting prepara visita ao Moreirense com 4 baixas no treino e refor\u00e7o ofensivo","datePublished":"2026-02-19T16:24:02+00:00","mainEntityOfPage":{"@id":"https:\/\/portaltela.pt\/noticias\/2026\/02\/19\/sporting-prepara-visita-ao-moreirense-com-4-baixas-no-treino-e-reforco-ofensivo\/"},"wordCount":180,"image":{"@id":"https:\/\/portaltela.pt\/noticias\/2026\/02\/19\/sporting-prepara-visita-ao-moreirense-com-4-baixas-no-treino-e-reforco-ofensivo\/#primaryimage"},"thumbnailUrl":"https:\/\/portaltela.pt\/s.01k8rhncp4jt1\/2026\/02\/img_920x518uu2026-02-19-15-25-41-2422520.jpg","keywords":["desporto","futebol","Lesionados","Liga","Moreirense","Sporting"],"articleSection":["Desporto","Futebol"],"inLanguage":"pt-PT"},{"@type":"WebPage","@id":"https:\/\/portaltela.pt\/noticias\/2026\/02\/19\/sporting-prepara-visita-ao-moreirense-com-4-baixas-no-treino-e-reforco-ofensivo\/","url":"https:\/\/portaltela.pt\/noticias\/2026\/02\/19\/sporting-prepara-visita-ao-moreirense-com-4-baixas-no-treino-e-reforco-ofensivo\/","name":"Sporting prepara visita ao Moreirense com 4 baixas no treino e refor\u00e7o ofensivo - Portal Tela Portugal","isPartOf":{"@id":"https:\/\/portaltela.pt\/#website"},"primaryImageOfPage":{"@id":"https:\/\/portaltela.pt\/noticias\/2026\/02\/19\/sporting-prepara-visita-ao-moreirense-com-4-baixas-no-treino-e-reforco-ofensivo\/#primaryimage"},"image":{"@id":"https:\/\/portaltela.pt\/noticias\/2026\/02\/19\/sporting-prepara-visita-ao-moreirense-com-4-baixas-no-treino-e-reforco-ofensivo\/#primaryimage"},"thumbnailUrl":"https:\/\/portaltela.pt\/s.01k8rhncp4jt1\/2026\/02\/img_920x518uu2026-02-19-15-25-41-2422520.jpg","datePublished":"2026-02-19T16:24:02+00:00","author":{"@id":"https:\/\/portaltela.pt\/#\/schema\/person\/c4278d4a6028830caff9ee44b42d32ed"},"breadcrumb":{"@id":"https:\/\/portaltela.pt\/noticias\/2026\/02\/19\/sporting-prepara-visita-ao-moreirense-com-4-baixas-no-treino-e-reforco-ofensivo\/#breadcrumb"},"inLanguage":"pt-PT","potentialAction":[{"@type":"ReadAction","target":["https:\/\/portaltela.pt\/noticias\/2026\/02\/19\/sporting-prepara-visita-ao-moreirense-com-4-baixas-no-treino-e-reforco-ofensivo\/"]}]},{"@type":"ImageObject","inLanguage":"pt-PT","@id":"https:\/\/portaltela.pt\/noticias\/2026\/02\/19\/sporting-prepara-visita-ao-moreirense-com-4-baixas-no-treino-e-reforco-ofensivo\/#primaryimage","url":"https:\/\/portaltela.pt\/s.01k8rhncp4jt1\/2026\/02\/img_920x518uu2026-02-19-15-25-41-2422520.jpg","contentUrl":"https:\/\/portaltela.pt\/s.01k8rhncp4jt1\/2026\/02\/img_920x518uu2026-02-19-15-25-41-2422520.jpg","width":796,"height":448,"caption":"Rui Borges faz a antevis\u00e3o ao jogo contra o Moreirense amanh\u00e3, na Academia, a partir das 12h30"},{"@type":"BreadcrumbList","@id":"https:\/\/portaltela.pt\/noticias\/2026\/02\/19\/sporting-prepara-visita-ao-moreirense-com-4-baixas-no-treino-e-reforco-ofensivo\/#breadcrumb","itemListElement":[{"@type":"ListItem","position":1,"name":"In\u00edcio","item":"https:\/\/portaltela.pt\/"},{"@type":"ListItem","position":2,"name":"Sporting prepara visita ao Moreirense com 4 baixas no treino e refor\u00e7o ofensivo"}]},{"@type":"WebSite","@id":"https:\/\/portaltela.pt\/#website","url":"https:\/\/portaltela.pt\/","name":"Portal Tela Portugal","description":"","potentialAction":[{"@type":"SearchAction","target":{"@type":"EntryPoint","urlTemplate":"https:\/\/portaltela.pt\/?s={search_term_string}"},"query-input":{"@type":"PropertyValueSpecification","valueRequired":true,"valueName":"search_term_string"}}],"inLanguage":"pt-PT"},{"@type":"Person","@id":"https:\/\/portaltela.pt\/#\/schema\/person\/c4278d4a6028830caff9ee44b42d32ed","name":"Telinha","image":{"@type":"ImageObject","inLanguage":"pt-PT","@id":"https:\/\/portaltela.pt\/s.01k8rhncp4jt1\/2025\/11\/talking-bot-125x125.png","url":"https:\/\/portaltela.pt\/s.01k8rhncp4jt1\/2025\/11\/talking-bot-125x125.png","contentUrl":"https:\/\/portaltela.pt\/s.01k8rhncp4jt1\/2025\/11\/talking-bot-125x125.png","caption":"Telinha"},"sameAs":["https:\/\/portaltela.pt\/"],"url":"https:\/\/portaltela.pt\/por\/367410592786\/"}]}},"_links":{"self":[{"href":"https:\/\/portaltela.pt\/api\/wp\/v2\/posts\/217808","targetHints":{"allow":["GET"]}}],"collection":[{"href":"https:\/\/portaltela.pt\/api\/wp\/v2\/posts"}],"about":[{"href":"https:\/\/portaltela.pt\/api\/wp\/v2\/types\/post"}],"author":[{"embeddable":true,"href":"https:\/\/portaltela.pt\/api\/wp\/v2\/users\/2"}],"replies":[{"embeddable":true,"href":"https:\/\/portaltela.pt\/api\/wp\/v2\/comments?post=217808"}],"version-history":[{"count":0,"href":"https:\/\/portaltela.pt\/api\/wp\/v2\/posts\/217808\/revisions"}],"wp:featuredmedia":[{"embeddable":true,"href":"https:\/\/portaltela.pt\/api\/wp\/v2\/media\/217816"}],"wp:attachment":[{"href":"https:\/\/portaltela.pt\/api\/wp\/v2\/media?parent=217808"}],"wp:term":[{"taxonomy":"category","embeddable":true,"href":"https:\/\/portaltela.pt\/api\/wp\/v2\/categories?post=217808"},{"taxonomy":"post_tag","embeddable":true,"href":"https:\/\/portaltela.pt\/api\/wp\/v2\/tags?post=217808"}],"curies":[{"name":"wp","href":"https:\/\/api.w.org\/{rel}","templated":true}]}}