{"id":217804,"date":"2026-02-19T13:16:44","date_gmt":"2026-02-19T16:16:44","guid":{"rendered":"https:\/\/portaltela.pt\/noticias\/2026\/02\/19\/rali-de-portugal-volta-a-viseu-em-2027-com-classificativa-e-base-logistica\/"},"modified":"2026-02-19T13:16:44","modified_gmt":"2026-02-19T16:16:44","slug":"rali-de-portugal-volta-a-viseu-em-2027-com-classificativa-e-base-logistica","status":"publish","type":"post","link":"https:\/\/portaltela.pt\/desporto\/2026\/02\/19\/rali-de-portugal-volta-a-viseu-em-2027-com-classificativa-e-base-logistica\/","title":{"rendered":"Rali de Portugal volta a Viseu em 2027 com classificativa e base log\u00edstica"},"content":{"rendered":"<p>O Rali de Portugal regressa a Viseu em 2027, com uma etapa classificativa e a cidade a funcionar como base log\u00edstica da prova. A decis\u00e3o foi anunciada pelo presidente da C\u00e2mara de Viseu.<\/p>\n<p>O autarca destacou que o evento dever\u00e1 atrair milhares de pessoas, com impacto econ\u00f3mico significativo para a regi\u00e3o. A cidade fica respons\u00e1vel pela organiza\u00e7\u00e3o operacional a partir de Viseu, envolvendo manuten\u00e7\u00e3o, emerg\u00eancias, log\u00edstica e equipas t\u00e9cnicas.<\/p>\n<p>A opera\u00e7\u00e3o prevista em Viseu ter\u00e1 dura\u00e7\u00e3o de cerca de duas semanas, abrangendo a regi\u00e3o e o pa\u00eds. No total, a estrutura prevista dever\u00e1 envolver cerca de quatro mil profissionais, entre mec\u00e2nicos, operacionais e representantes das marcas.<\/p>\n<p>A C\u00e2mara de Viseu confirmou o apoio financeiro direto de 400 mil euros, com possibilidade de at\u00e9 150 mil euros adicionais em apoio log\u00edstico. As equipas t\u00e9cnicas da prova definir\u00e3o os trajetos no concelho.<\/p>\n<p>O regresso do Rali a Viseu levou o munic\u00edpio a abdicar de parte do ciclismo, que acolhe uma etapa da Volta a Portugal em Bicicleta. O contrato com o ACP terminava neste ano, abrindo espa\u00e7o para o Rali.<\/p>\n<p>Jo\u00e3o Azevedo, presidente socialista, afirmou que o rali pode gerar um impacto econ\u00f3mico de cerca de 150 milh\u00f5es de euros na regi\u00e3o e posiciona Viseu como n\u00facleo da competi\u00e7\u00e3o nos pr\u00f3ximos anos. Est\u00e3o garantidos os dois primeiros anos do calend\u00e1rio, 2027 e 2028.<\/p>\n<p>Protocolo com o Autom\u00f3vel Clube de Portugal (ACP) foi aprovado em reuni\u00e3o de executivo, com tr\u00eas vereadores do PSD a abstiverem-se. A absten\u00e7\u00e3o decorreu da alegada falta de transpar\u00eancia nos n\u00fameros envolvidos no acordo.<\/p>\n","protected":false},"excerpt":{"rendered":"<ul>\n<li>O Rali de Portugal regressa a Viseu em 2027, com uma classificativa e a cidade a funcionar como base log\u00edstica de todo o evento.<\/li>\n<li>A C\u00e2mara de Viseu investe na organiza\u00e7\u00e3o, com apoio financeiro direto de 400 mil euros e at\u00e9 150 mil euros em apoio log\u00edstico, prevendo uma opera\u00e7\u00e3o de cerca de duas semanas.<\/li>\n<li>Est\u00e3o assegurados os primeiros dois anos do calend\u00e1rio normal da prova, 2027 e 2028, e o objetivo \u00e9 transformar Viseu no \u201ccora\u00e7\u00e3o\u201d do Rali de Portugal para os pr\u00f3ximos anos.<\/li>\n<li>O protocolo com o Autom\u00f3vel Clube de Portugal (ACP) foi aprovado, tendo absten\u00e7\u00e3o de tr\u00eas vereadores do PSD, que contestaram a transpar\u00eancia dos n\u00fameros apresentados.<\/li>\n<li>A mudan\u00e7a envolve abdicar do ciclismo na regi\u00e3o, com vista a potenciar um impacto econ\u00f3mico estimado em cerca de 150 milh\u00f5es de euros na zona.<\/li>\n<\/ul>\n","protected":false},"author":2,"featured_media":217813,"comment_status":"closed","ping_status":"closed","sticky":false,"template":"","format":"standard","meta":{"footnotes":""},"categories":[21],"tags":[6115,152,961,363,1171,2235],"class_list":["post-217804","post","type-post","status-publish","format-standard","has-post-thumbnail","hentry","category-desporto","tag-_economia","tag-desporto","tag-logistica","tag-transportes","tag-viseu","tag-volta-a-portugal"],"yoast_head":"<!-- This site is optimized with the Yoast SEO plugin v27.2 - https:\/\/yoast.com\/product\/yoast-seo-wordpress\/ -->\n<title>Rali de Portugal volta a Viseu em 2027 com classificativa e base log\u00edstica - Portal Tela Portugal<\/title>\n<meta name=\"robots\" content=\"index, follow, max-snippet:-1, max-image-preview:large, max-video-preview:-1\" \/>\n<meta property=\"og:locale\" content=\"pt_PT\" \/>\n<meta property=\"og:type\" content=\"article\" \/>\n<meta property=\"og:title\" content=\"Rali de Portugal volta a Viseu em 2027 com classificativa e base log\u00edstica - Portal Tela Portugal\" \/>\n<meta property=\"og:description\" content=\"O Rali de Portugal regressa a Viseu em 2027, com uma classificativa e a cidade a funcionar como base log\u00edstica de todo o evento. A C\u00e2mara de Viseu investe na organiza\u00e7\u00e3o, com apoio financeiro direto de 400 mil euros e at\u00e9 150 mil euros em apoio log\u00edstico, prevendo uma opera\u00e7\u00e3o de cerca de duas semanas. Est\u00e3o assegurados os primeiros dois anos do calend\u00e1rio normal da prova, 2027 e 2028, e o objetivo \u00e9 transformar Viseu no \u201ccora\u00e7\u00e3o\u201d do Rali de Portugal para os pr\u00f3ximos anos. O protocolo com o Autom\u00f3vel Clube de Portugal (ACP) foi aprovado, tendo absten\u00e7\u00e3o de tr\u00eas vereadores do PSD, que contestaram a transpar\u00eancia dos n\u00fameros apresentados. A mudan\u00e7a envolve abdicar do ciclismo na regi\u00e3o, com vista a potenciar um impacto econ\u00f3mico estimado em cerca de 150 milh\u00f5es de euros na zona.\" \/>\n<meta property=\"og:url\" content=\"https:\/\/portaltela.pt\/noticias\/2026\/02\/19\/rali-de-portugal-volta-a-viseu-em-2027-com-classificativa-e-base-logistica\/\" \/>\n<meta property=\"og:site_name\" content=\"Portal Tela Portugal\" \/>\n<meta property=\"article:published_time\" content=\"2026-02-19T16:16:44+00:00\" \/>\n<meta name=\"author\" content=\"Telinha\" \/>\n<meta name=\"twitter:card\" content=\"summary_large_image\" \/>\n<meta name=\"twitter:label1\" content=\"Escrito por\" \/>\n\t<meta name=\"twitter:data1\" content=\"Telinha\" \/>\n\t<meta name=\"twitter:label2\" content=\"Tempo estimado de leitura\" \/>\n\t<meta name=\"twitter:data2\" content=\"1 minuto\" \/>\n<script type=\"application\/ld+json\" class=\"yoast-schema-graph\">{\"@context\":\"https:\/\/schema.org\",\"@graph\":[{\"@type\":\"Article\",\"@id\":\"https:\/\/portaltela.pt\/noticias\/2026\/02\/19\/rali-de-portugal-volta-a-viseu-em-2027-com-classificativa-e-base-logistica\/#article\",\"isPartOf\":{\"@id\":\"https:\/\/portaltela.pt\/noticias\/2026\/02\/19\/rali-de-portugal-volta-a-viseu-em-2027-com-classificativa-e-base-logistica\/\"},\"author\":{\"name\":\"Telinha\",\"@id\":\"https:\/\/portaltela.pt\/#\/schema\/person\/c4278d4a6028830caff9ee44b42d32ed\"},\"headline\":\"Rali de Portugal volta a Viseu em 2027 com classificativa e base log\u00edstica\",\"datePublished\":\"2026-02-19T16:16:44+00:00\",\"mainEntityOfPage\":{\"@id\":\"https:\/\/portaltela.pt\/noticias\/2026\/02\/19\/rali-de-portugal-volta-a-viseu-em-2027-com-classificativa-e-base-logistica\/\"},\"wordCount\":299,\"image\":{\"@id\":\"https:\/\/portaltela.pt\/noticias\/2026\/02\/19\/rali-de-portugal-volta-a-viseu-em-2027-com-classificativa-e-base-logistica\/#primaryimage\"},\"thumbnailUrl\":\"https:\/\/portaltela.pt\/s.01k8rhncp4jt1\/2026\/02\/img_920x518uu2025-07-21-20-58-23-2378271.jpg\",\"keywords\":[\"_economia\",\"desporto\",\"Log\u00edstica\",\"transportes\",\"Viseu\",\"Volta a Portugal\"],\"articleSection\":[\"Desporto\"],\"inLanguage\":\"pt-PT\"},{\"@type\":\"WebPage\",\"@id\":\"https:\/\/portaltela.pt\/noticias\/2026\/02\/19\/rali-de-portugal-volta-a-viseu-em-2027-com-classificativa-e-base-logistica\/\",\"url\":\"https:\/\/portaltela.pt\/noticias\/2026\/02\/19\/rali-de-portugal-volta-a-viseu-em-2027-com-classificativa-e-base-logistica\/\",\"name\":\"Rali de Portugal volta a Viseu em 2027 com classificativa e base log\u00edstica - Portal Tela Portugal\",\"isPartOf\":{\"@id\":\"https:\/\/portaltela.pt\/#website\"},\"primaryImageOfPage\":{\"@id\":\"https:\/\/portaltela.pt\/noticias\/2026\/02\/19\/rali-de-portugal-volta-a-viseu-em-2027-com-classificativa-e-base-logistica\/#primaryimage\"},\"image\":{\"@id\":\"https:\/\/portaltela.pt\/noticias\/2026\/02\/19\/rali-de-portugal-volta-a-viseu-em-2027-com-classificativa-e-base-logistica\/#primaryimage\"},\"thumbnailUrl\":\"https:\/\/portaltela.pt\/s.01k8rhncp4jt1\/2026\/02\/img_920x518uu2025-07-21-20-58-23-2378271.jpg\",\"datePublished\":\"2026-02-19T16:16:44+00:00\",\"author\":{\"@id\":\"https:\/\/portaltela.pt\/#\/schema\/person\/c4278d4a6028830caff9ee44b42d32ed\"},\"breadcrumb\":{\"@id\":\"https:\/\/portaltela.pt\/noticias\/2026\/02\/19\/rali-de-portugal-volta-a-viseu-em-2027-com-classificativa-e-base-logistica\/#breadcrumb\"},\"inLanguage\":\"pt-PT\",\"potentialAction\":[{\"@type\":\"ReadAction\",\"target\":[\"https:\/\/portaltela.pt\/noticias\/2026\/02\/19\/rali-de-portugal-volta-a-viseu-em-2027-com-classificativa-e-base-logistica\/\"]}]},{\"@type\":\"ImageObject\",\"inLanguage\":\"pt-PT\",\"@id\":\"https:\/\/portaltela.pt\/noticias\/2026\/02\/19\/rali-de-portugal-volta-a-viseu-em-2027-com-classificativa-e-base-logistica\/#primaryimage\",\"url\":\"https:\/\/portaltela.pt\/s.01k8rhncp4jt1\/2026\/02\/img_920x518uu2025-07-21-20-58-23-2378271.jpg\",\"contentUrl\":\"https:\/\/portaltela.pt\/s.01k8rhncp4jt1\/2026\/02\/img_920x518uu2025-07-21-20-58-23-2378271.jpg\",\"width\":920,\"height\":518,\"caption\":\"Rali de Portugal regressa a Viseu\"},{\"@type\":\"BreadcrumbList\",\"@id\":\"https:\/\/portaltela.pt\/noticias\/2026\/02\/19\/rali-de-portugal-volta-a-viseu-em-2027-com-classificativa-e-base-logistica\/#breadcrumb\",\"itemListElement\":[{\"@type\":\"ListItem\",\"position\":1,\"name\":\"In\u00edcio\",\"item\":\"https:\/\/portaltela.pt\/\"},{\"@type\":\"ListItem\",\"position\":2,\"name\":\"Rali de Portugal volta a Viseu em 2027 com classificativa e base log\u00edstica\"}]},{\"@type\":\"WebSite\",\"@id\":\"https:\/\/portaltela.pt\/#website\",\"url\":\"https:\/\/portaltela.pt\/\",\"name\":\"Portal Tela Portugal\",\"description\":\"\",\"potentialAction\":[{\"@type\":\"SearchAction\",\"target\":{\"@type\":\"EntryPoint\",\"urlTemplate\":\"https:\/\/portaltela.pt\/?s={search_term_string}\"},\"query-input\":{\"@type\":\"PropertyValueSpecification\",\"valueRequired\":true,\"valueName\":\"search_term_string\"}}],\"inLanguage\":\"pt-PT\"},{\"@type\":\"Person\",\"@id\":\"https:\/\/portaltela.pt\/#\/schema\/person\/c4278d4a6028830caff9ee44b42d32ed\",\"name\":\"Telinha\",\"image\":{\"@type\":\"ImageObject\",\"inLanguage\":\"pt-PT\",\"@id\":\"https:\/\/portaltela.pt\/s.01k8rhncp4jt1\/2025\/11\/talking-bot-125x125.png\",\"url\":\"https:\/\/portaltela.pt\/s.01k8rhncp4jt1\/2025\/11\/talking-bot-125x125.png\",\"contentUrl\":\"https:\/\/portaltela.pt\/s.01k8rhncp4jt1\/2025\/11\/talking-bot-125x125.png\",\"caption\":\"Telinha\"},\"sameAs\":[\"https:\/\/portaltela.pt\/\"],\"url\":\"https:\/\/portaltela.pt\/por\/367410592786\/\"}]}<\/script>\n<!-- \/ Yoast SEO plugin. -->","yoast_head_json":{"title":"Rali de Portugal volta a Viseu em 2027 com classificativa e base log\u00edstica - Portal Tela Portugal","robots":{"index":"index","follow":"follow","max-snippet":"max-snippet:-1","max-image-preview":"max-image-preview:large","max-video-preview":"max-video-preview:-1"},"og_locale":"pt_PT","og_type":"article","og_title":"Rali de Portugal volta a Viseu em 2027 com classificativa e base log\u00edstica - Portal Tela Portugal","og_description":"O Rali de Portugal regressa a Viseu em 2027, com uma classificativa e a cidade a funcionar como base log\u00edstica de todo o evento. A C\u00e2mara de Viseu investe na organiza\u00e7\u00e3o, com apoio financeiro direto de 400 mil euros e at\u00e9 150 mil euros em apoio log\u00edstico, prevendo uma opera\u00e7\u00e3o de cerca de duas semanas. Est\u00e3o assegurados os primeiros dois anos do calend\u00e1rio normal da prova, 2027 e 2028, e o objetivo \u00e9 transformar Viseu no \u201ccora\u00e7\u00e3o\u201d do Rali de Portugal para os pr\u00f3ximos anos. O protocolo com o Autom\u00f3vel Clube de Portugal (ACP) foi aprovado, tendo absten\u00e7\u00e3o de tr\u00eas vereadores do PSD, que contestaram a transpar\u00eancia dos n\u00fameros apresentados. A mudan\u00e7a envolve abdicar do ciclismo na regi\u00e3o, com vista a potenciar um impacto econ\u00f3mico estimado em cerca de 150 milh\u00f5es de euros na zona.","og_url":"https:\/\/portaltela.pt\/noticias\/2026\/02\/19\/rali-de-portugal-volta-a-viseu-em-2027-com-classificativa-e-base-logistica\/","og_site_name":"Portal Tela Portugal","article_published_time":"2026-02-19T16:16:44+00:00","author":"Telinha","twitter_card":"summary_large_image","twitter_misc":{"Escrito por":"Telinha","Tempo estimado de leitura":"1 minuto"},"schema":{"@context":"https:\/\/schema.org","@graph":[{"@type":"Article","@id":"https:\/\/portaltela.pt\/noticias\/2026\/02\/19\/rali-de-portugal-volta-a-viseu-em-2027-com-classificativa-e-base-logistica\/#article","isPartOf":{"@id":"https:\/\/portaltela.pt\/noticias\/2026\/02\/19\/rali-de-portugal-volta-a-viseu-em-2027-com-classificativa-e-base-logistica\/"},"author":{"name":"Telinha","@id":"https:\/\/portaltela.pt\/#\/schema\/person\/c4278d4a6028830caff9ee44b42d32ed"},"headline":"Rali de Portugal volta a Viseu em 2027 com classificativa e base log\u00edstica","datePublished":"2026-02-19T16:16:44+00:00","mainEntityOfPage":{"@id":"https:\/\/portaltela.pt\/noticias\/2026\/02\/19\/rali-de-portugal-volta-a-viseu-em-2027-com-classificativa-e-base-logistica\/"},"wordCount":299,"image":{"@id":"https:\/\/portaltela.pt\/noticias\/2026\/02\/19\/rali-de-portugal-volta-a-viseu-em-2027-com-classificativa-e-base-logistica\/#primaryimage"},"thumbnailUrl":"https:\/\/portaltela.pt\/s.01k8rhncp4jt1\/2026\/02\/img_920x518uu2025-07-21-20-58-23-2378271.jpg","keywords":["_economia","desporto","Log\u00edstica","transportes","Viseu","Volta a Portugal"],"articleSection":["Desporto"],"inLanguage":"pt-PT"},{"@type":"WebPage","@id":"https:\/\/portaltela.pt\/noticias\/2026\/02\/19\/rali-de-portugal-volta-a-viseu-em-2027-com-classificativa-e-base-logistica\/","url":"https:\/\/portaltela.pt\/noticias\/2026\/02\/19\/rali-de-portugal-volta-a-viseu-em-2027-com-classificativa-e-base-logistica\/","name":"Rali de Portugal volta a Viseu em 2027 com classificativa e base log\u00edstica - Portal Tela Portugal","isPartOf":{"@id":"https:\/\/portaltela.pt\/#website"},"primaryImageOfPage":{"@id":"https:\/\/portaltela.pt\/noticias\/2026\/02\/19\/rali-de-portugal-volta-a-viseu-em-2027-com-classificativa-e-base-logistica\/#primaryimage"},"image":{"@id":"https:\/\/portaltela.pt\/noticias\/2026\/02\/19\/rali-de-portugal-volta-a-viseu-em-2027-com-classificativa-e-base-logistica\/#primaryimage"},"thumbnailUrl":"https:\/\/portaltela.pt\/s.01k8rhncp4jt1\/2026\/02\/img_920x518uu2025-07-21-20-58-23-2378271.jpg","datePublished":"2026-02-19T16:16:44+00:00","author":{"@id":"https:\/\/portaltela.pt\/#\/schema\/person\/c4278d4a6028830caff9ee44b42d32ed"},"breadcrumb":{"@id":"https:\/\/portaltela.pt\/noticias\/2026\/02\/19\/rali-de-portugal-volta-a-viseu-em-2027-com-classificativa-e-base-logistica\/#breadcrumb"},"inLanguage":"pt-PT","potentialAction":[{"@type":"ReadAction","target":["https:\/\/portaltela.pt\/noticias\/2026\/02\/19\/rali-de-portugal-volta-a-viseu-em-2027-com-classificativa-e-base-logistica\/"]}]},{"@type":"ImageObject","inLanguage":"pt-PT","@id":"https:\/\/portaltela.pt\/noticias\/2026\/02\/19\/rali-de-portugal-volta-a-viseu-em-2027-com-classificativa-e-base-logistica\/#primaryimage","url":"https:\/\/portaltela.pt\/s.01k8rhncp4jt1\/2026\/02\/img_920x518uu2025-07-21-20-58-23-2378271.jpg","contentUrl":"https:\/\/portaltela.pt\/s.01k8rhncp4jt1\/2026\/02\/img_920x518uu2025-07-21-20-58-23-2378271.jpg","width":920,"height":518,"caption":"Rali de Portugal regressa a Viseu"},{"@type":"BreadcrumbList","@id":"https:\/\/portaltela.pt\/noticias\/2026\/02\/19\/rali-de-portugal-volta-a-viseu-em-2027-com-classificativa-e-base-logistica\/#breadcrumb","itemListElement":[{"@type":"ListItem","position":1,"name":"In\u00edcio","item":"https:\/\/portaltela.pt\/"},{"@type":"ListItem","position":2,"name":"Rali de Portugal volta a Viseu em 2027 com classificativa e base log\u00edstica"}]},{"@type":"WebSite","@id":"https:\/\/portaltela.pt\/#website","url":"https:\/\/portaltela.pt\/","name":"Portal Tela Portugal","description":"","potentialAction":[{"@type":"SearchAction","target":{"@type":"EntryPoint","urlTemplate":"https:\/\/portaltela.pt\/?s={search_term_string}"},"query-input":{"@type":"PropertyValueSpecification","valueRequired":true,"valueName":"search_term_string"}}],"inLanguage":"pt-PT"},{"@type":"Person","@id":"https:\/\/portaltela.pt\/#\/schema\/person\/c4278d4a6028830caff9ee44b42d32ed","name":"Telinha","image":{"@type":"ImageObject","inLanguage":"pt-PT","@id":"https:\/\/portaltela.pt\/s.01k8rhncp4jt1\/2025\/11\/talking-bot-125x125.png","url":"https:\/\/portaltela.pt\/s.01k8rhncp4jt1\/2025\/11\/talking-bot-125x125.png","contentUrl":"https:\/\/portaltela.pt\/s.01k8rhncp4jt1\/2025\/11\/talking-bot-125x125.png","caption":"Telinha"},"sameAs":["https:\/\/portaltela.pt\/"],"url":"https:\/\/portaltela.pt\/por\/367410592786\/"}]}},"_links":{"self":[{"href":"https:\/\/portaltela.pt\/api\/wp\/v2\/posts\/217804","targetHints":{"allow":["GET"]}}],"collection":[{"href":"https:\/\/portaltela.pt\/api\/wp\/v2\/posts"}],"about":[{"href":"https:\/\/portaltela.pt\/api\/wp\/v2\/types\/post"}],"author":[{"embeddable":true,"href":"https:\/\/portaltela.pt\/api\/wp\/v2\/users\/2"}],"replies":[{"embeddable":true,"href":"https:\/\/portaltela.pt\/api\/wp\/v2\/comments?post=217804"}],"version-history":[{"count":0,"href":"https:\/\/portaltela.pt\/api\/wp\/v2\/posts\/217804\/revisions"}],"wp:featuredmedia":[{"embeddable":true,"href":"https:\/\/portaltela.pt\/api\/wp\/v2\/media\/217813"}],"wp:attachment":[{"href":"https:\/\/portaltela.pt\/api\/wp\/v2\/media?parent=217804"}],"wp:term":[{"taxonomy":"category","embeddable":true,"href":"https:\/\/portaltela.pt\/api\/wp\/v2\/categories?post=217804"},{"taxonomy":"post_tag","embeddable":true,"href":"https:\/\/portaltela.pt\/api\/wp\/v2\/tags?post=217804"}],"curies":[{"name":"wp","href":"https:\/\/api.w.org\/{rel}","templated":true}]}}