{"id":217777,"date":"2026-02-19T13:11:01","date_gmt":"2026-02-19T16:11:01","guid":{"rendered":"https:\/\/portaltela.pt\/noticias\/2026\/02\/19\/sporting-doa-donativos-em-acao-solidaria-com-inacio-e-suarez\/"},"modified":"2026-02-19T13:11:01","modified_gmt":"2026-02-19T16:11:01","slug":"sporting-doa-donativos-em-acao-solidaria-com-inacio-e-suarez","status":"publish","type":"post","link":"https:\/\/portaltela.pt\/desporto\/futebol\/2026\/02\/19\/sporting-doa-donativos-em-acao-solidaria-com-inacio-e-suarez\/","title":{"rendered":"Sporting doa donativos em a\u00e7\u00e3o solid\u00e1ria com In\u00e1cio e Su\u00e1rez"},"content":{"rendered":"<p>O Sporting juntou-se a um movimento solid\u00e1rio na Zona Centro, afetada pela tempestade Kristin. Em Marinha Grande, Gon\u00e7alo In\u00e1cio e Luis Su\u00e1rez entregaram donativos \u00e0s entidades locais, por meio da Funda\u00e7\u00e3o do clube.<\/p>\n<p>Os jogadores deslocaram-se ao Pavilh\u00e3o Gimnodesportivo para entregar bens \u00e0s fam\u00edlias carenciadas e acompanhar o trabalho de distribui\u00e7\u00e3o realizado pela comunidade. A a\u00e7\u00e3o teve como objetivo apoiar os moradores afetados.<\/p>\n<p>Al\u00e9m da entrega, os atletas reuniram-se com Ars\u00e9nio Cruz, um adepto de 75 anos cuja casa ficou destru\u00edda. O encontro ficou marcado por um abra\u00e7o entre Su\u00e1rez e o senhor Ars\u00e9nio, numa visita que tamb\u00e9m inclui um convite para ver o jogo diante do Estoril no Jos\u00e9 Alvalade, no dia 27.<\/p>\n<h3>Ato solid\u00e1rio no terreno e homenagem local<\/h3>\n<p>A iniciativa reuniu, segundo o clube, o envolvimento da equipa principal e de residentes, num gesto que pretende trazer al\u00edvio \u00e0s fam\u00edlias da regi\u00e3o. Ars\u00e9nio manifestou emo\u00e7\u00e3o e agradecimento pela ajuda recebida.<\/p>\n<p>A visita ocorreu numa alturas em que a regi\u00e3o tenta recuperar ap\u00f3s a tempestade, com a placa que resistiu \u00e0 chuva e ao vento a simbolizar a resili\u00eancia local. A a\u00e7\u00e3o refor\u00e7a o papel social da institui\u00e7\u00e3o junto da comunidade.<\/p>\n","protected":false},"excerpt":{"rendered":"<ul>\n<li>O Sporting associou-se \u00e0 solidariedade ap\u00f3s a tempestade Kristin, envolvendo-se com Gon\u00e7alo In\u00e1cio e Luis Su\u00e1rez.<\/li>\n<li>Os jogadores foram entregar donativos no Pavilh\u00e3o Gimnodesportivo da Marinha Grande, \u00e0s entidades locais que distribuem apoio \u00e0s fam\u00edlias carenciadas.<\/li>\n<li>Os futebolistas visitaram Ars\u00e9nio Cruz, adepto do Sporting de 75 anos, cuja casa ficou destru\u00edda pela tempestade, recebendo um abra\u00e7o dos jogadores.<\/li>\n<li>In\u00e1cio ainda convidou Ars\u00e9nio para estar presente no jogo de dia 27, no Est\u00e1dio Jos\u00e9 Alvalade, frente ao Estoril, pela 24.\u00aa jornada.<\/li>\n<li>A a\u00e7\u00e3o \u00e9 apresentada como simples gesto de ajuda que, para os envolvidos, faz diferen\u00e7a nas semanas ap\u00f3s o desastre.<\/li>\n<\/ul>\n","protected":false},"author":2,"featured_media":217780,"comment_status":"closed","ping_status":"closed","sticky":false,"template":"","format":"standard","meta":{"footnotes":""},"categories":[21,24],"tags":[620,32,4298,4071,1652,5545],"class_list":["post-217777","post","type-post","status-publish","format-standard","has-post-thumbnail","hentry","category-desporto","category-futebol","tag-doacao","tag-futebol","tag-marinha","tag-solidariedade-social","tag-sporting","tag-zona-centro"],"yoast_head":"<!-- This site is optimized with the Yoast SEO plugin v27.2 - https:\/\/yoast.com\/product\/yoast-seo-wordpress\/ -->\n<title>Sporting doa donativos em a\u00e7\u00e3o solid\u00e1ria com In\u00e1cio e Su\u00e1rez - Portal Tela Portugal<\/title>\n<meta name=\"robots\" content=\"index, follow, max-snippet:-1, max-image-preview:large, max-video-preview:-1\" \/>\n<meta property=\"og:locale\" content=\"pt_PT\" \/>\n<meta property=\"og:type\" content=\"article\" \/>\n<meta property=\"og:title\" content=\"Sporting doa donativos em a\u00e7\u00e3o solid\u00e1ria com In\u00e1cio e Su\u00e1rez - Portal Tela Portugal\" \/>\n<meta property=\"og:description\" content=\"O Sporting associou-se \u00e0 solidariedade ap\u00f3s a tempestade Kristin, envolvendo-se com Gon\u00e7alo In\u00e1cio e Luis Su\u00e1rez. Os jogadores foram entregar donativos no Pavilh\u00e3o Gimnodesportivo da Marinha Grande, \u00e0s entidades locais que distribuem apoio \u00e0s fam\u00edlias carenciadas. Os futebolistas visitaram Ars\u00e9nio Cruz, adepto do Sporting de 75 anos, cuja casa ficou destru\u00edda pela tempestade, recebendo um abra\u00e7o dos jogadores. In\u00e1cio ainda convidou Ars\u00e9nio para estar presente no jogo de dia 27, no Est\u00e1dio Jos\u00e9 Alvalade, frente ao Estoril, pela 24.\u00aa jornada. A a\u00e7\u00e3o \u00e9 apresentada como simples gesto de ajuda que, para os envolvidos, faz diferen\u00e7a nas semanas ap\u00f3s o desastre.\" \/>\n<meta property=\"og:url\" content=\"https:\/\/portaltela.pt\/noticias\/2026\/02\/19\/sporting-doa-donativos-em-acao-solidaria-com-inacio-e-suarez\/\" \/>\n<meta property=\"og:site_name\" content=\"Portal Tela Portugal\" \/>\n<meta property=\"article:published_time\" content=\"2026-02-19T16:11:01+00:00\" \/>\n<meta name=\"author\" content=\"Telinha\" \/>\n<meta name=\"twitter:card\" content=\"summary_large_image\" \/>\n<meta name=\"twitter:label1\" content=\"Escrito por\" \/>\n\t<meta name=\"twitter:data1\" content=\"Telinha\" \/>\n\t<meta name=\"twitter:label2\" content=\"Tempo estimado de leitura\" \/>\n\t<meta name=\"twitter:data2\" content=\"1 minuto\" \/>\n<script type=\"application\/ld+json\" class=\"yoast-schema-graph\">{\"@context\":\"https:\/\/schema.org\",\"@graph\":[{\"@type\":\"Article\",\"@id\":\"https:\/\/portaltela.pt\/noticias\/2026\/02\/19\/sporting-doa-donativos-em-acao-solidaria-com-inacio-e-suarez\/#article\",\"isPartOf\":{\"@id\":\"https:\/\/portaltela.pt\/noticias\/2026\/02\/19\/sporting-doa-donativos-em-acao-solidaria-com-inacio-e-suarez\/\"},\"author\":{\"name\":\"Telinha\",\"@id\":\"https:\/\/portaltela.pt\/#\/schema\/person\/c4278d4a6028830caff9ee44b42d32ed\"},\"headline\":\"Sporting doa donativos em a\u00e7\u00e3o solid\u00e1ria com In\u00e1cio e Su\u00e1rez\",\"datePublished\":\"2026-02-19T16:11:01+00:00\",\"mainEntityOfPage\":{\"@id\":\"https:\/\/portaltela.pt\/noticias\/2026\/02\/19\/sporting-doa-donativos-em-acao-solidaria-com-inacio-e-suarez\/\"},\"wordCount\":232,\"image\":{\"@id\":\"https:\/\/portaltela.pt\/noticias\/2026\/02\/19\/sporting-doa-donativos-em-acao-solidaria-com-inacio-e-suarez\/#primaryimage\"},\"thumbnailUrl\":\"https:\/\/portaltela.pt\/s.01k8rhncp4jt1\/2026\/02\/img_1200x721uu2026-02-19-15-50-33-2422530.jpg\",\"keywords\":[\"doa\u00e7\u00e3o\",\"futebol\",\"Marinha\",\"Solidariedade Social\",\"Sporting\",\"Zona Centro\"],\"articleSection\":[\"Desporto\",\"Futebol\"],\"inLanguage\":\"pt-PT\"},{\"@type\":\"WebPage\",\"@id\":\"https:\/\/portaltela.pt\/noticias\/2026\/02\/19\/sporting-doa-donativos-em-acao-solidaria-com-inacio-e-suarez\/\",\"url\":\"https:\/\/portaltela.pt\/noticias\/2026\/02\/19\/sporting-doa-donativos-em-acao-solidaria-com-inacio-e-suarez\/\",\"name\":\"Sporting doa donativos em a\u00e7\u00e3o solid\u00e1ria com In\u00e1cio e Su\u00e1rez - Portal Tela Portugal\",\"isPartOf\":{\"@id\":\"https:\/\/portaltela.pt\/#website\"},\"primaryImageOfPage\":{\"@id\":\"https:\/\/portaltela.pt\/noticias\/2026\/02\/19\/sporting-doa-donativos-em-acao-solidaria-com-inacio-e-suarez\/#primaryimage\"},\"image\":{\"@id\":\"https:\/\/portaltela.pt\/noticias\/2026\/02\/19\/sporting-doa-donativos-em-acao-solidaria-com-inacio-e-suarez\/#primaryimage\"},\"thumbnailUrl\":\"https:\/\/portaltela.pt\/s.01k8rhncp4jt1\/2026\/02\/img_1200x721uu2026-02-19-15-50-33-2422530.jpg\",\"datePublished\":\"2026-02-19T16:11:01+00:00\",\"author\":{\"@id\":\"https:\/\/portaltela.pt\/#\/schema\/person\/c4278d4a6028830caff9ee44b42d32ed\"},\"breadcrumb\":{\"@id\":\"https:\/\/portaltela.pt\/noticias\/2026\/02\/19\/sporting-doa-donativos-em-acao-solidaria-com-inacio-e-suarez\/#breadcrumb\"},\"inLanguage\":\"pt-PT\",\"potentialAction\":[{\"@type\":\"ReadAction\",\"target\":[\"https:\/\/portaltela.pt\/noticias\/2026\/02\/19\/sporting-doa-donativos-em-acao-solidaria-com-inacio-e-suarez\/\"]}]},{\"@type\":\"ImageObject\",\"inLanguage\":\"pt-PT\",\"@id\":\"https:\/\/portaltela.pt\/noticias\/2026\/02\/19\/sporting-doa-donativos-em-acao-solidaria-com-inacio-e-suarez\/#primaryimage\",\"url\":\"https:\/\/portaltela.pt\/s.01k8rhncp4jt1\/2026\/02\/img_1200x721uu2026-02-19-15-50-33-2422530.jpg\",\"contentUrl\":\"https:\/\/portaltela.pt\/s.01k8rhncp4jt1\/2026\/02\/img_1200x721uu2026-02-19-15-50-33-2422530.jpg\",\"width\":796,\"height\":448,\"caption\":\"O abra\u00e7o de Su\u00e1rez a Ars\u00e9nio Cruz e Gon\u00e7alo In\u00e1cio a entregar donativos no Gimnodesportivo da Marinha Grande\"},{\"@type\":\"BreadcrumbList\",\"@id\":\"https:\/\/portaltela.pt\/noticias\/2026\/02\/19\/sporting-doa-donativos-em-acao-solidaria-com-inacio-e-suarez\/#breadcrumb\",\"itemListElement\":[{\"@type\":\"ListItem\",\"position\":1,\"name\":\"In\u00edcio\",\"item\":\"https:\/\/portaltela.pt\/\"},{\"@type\":\"ListItem\",\"position\":2,\"name\":\"Sporting doa donativos em a\u00e7\u00e3o solid\u00e1ria com In\u00e1cio e Su\u00e1rez\"}]},{\"@type\":\"WebSite\",\"@id\":\"https:\/\/portaltela.pt\/#website\",\"url\":\"https:\/\/portaltela.pt\/\",\"name\":\"Portal Tela Portugal\",\"description\":\"\",\"potentialAction\":[{\"@type\":\"SearchAction\",\"target\":{\"@type\":\"EntryPoint\",\"urlTemplate\":\"https:\/\/portaltela.pt\/?s={search_term_string}\"},\"query-input\":{\"@type\":\"PropertyValueSpecification\",\"valueRequired\":true,\"valueName\":\"search_term_string\"}}],\"inLanguage\":\"pt-PT\"},{\"@type\":\"Person\",\"@id\":\"https:\/\/portaltela.pt\/#\/schema\/person\/c4278d4a6028830caff9ee44b42d32ed\",\"name\":\"Telinha\",\"image\":{\"@type\":\"ImageObject\",\"inLanguage\":\"pt-PT\",\"@id\":\"https:\/\/portaltela.pt\/s.01k8rhncp4jt1\/2025\/11\/talking-bot-125x125.png\",\"url\":\"https:\/\/portaltela.pt\/s.01k8rhncp4jt1\/2025\/11\/talking-bot-125x125.png\",\"contentUrl\":\"https:\/\/portaltela.pt\/s.01k8rhncp4jt1\/2025\/11\/talking-bot-125x125.png\",\"caption\":\"Telinha\"},\"sameAs\":[\"https:\/\/portaltela.pt\/\"],\"url\":\"https:\/\/portaltela.pt\/por\/367410592786\/\"}]}<\/script>\n<!-- \/ Yoast SEO plugin. -->","yoast_head_json":{"title":"Sporting doa donativos em a\u00e7\u00e3o solid\u00e1ria com In\u00e1cio e Su\u00e1rez - Portal Tela Portugal","robots":{"index":"index","follow":"follow","max-snippet":"max-snippet:-1","max-image-preview":"max-image-preview:large","max-video-preview":"max-video-preview:-1"},"og_locale":"pt_PT","og_type":"article","og_title":"Sporting doa donativos em a\u00e7\u00e3o solid\u00e1ria com In\u00e1cio e Su\u00e1rez - Portal Tela Portugal","og_description":"O Sporting associou-se \u00e0 solidariedade ap\u00f3s a tempestade Kristin, envolvendo-se com Gon\u00e7alo In\u00e1cio e Luis Su\u00e1rez. Os jogadores foram entregar donativos no Pavilh\u00e3o Gimnodesportivo da Marinha Grande, \u00e0s entidades locais que distribuem apoio \u00e0s fam\u00edlias carenciadas. Os futebolistas visitaram Ars\u00e9nio Cruz, adepto do Sporting de 75 anos, cuja casa ficou destru\u00edda pela tempestade, recebendo um abra\u00e7o dos jogadores. In\u00e1cio ainda convidou Ars\u00e9nio para estar presente no jogo de dia 27, no Est\u00e1dio Jos\u00e9 Alvalade, frente ao Estoril, pela 24.\u00aa jornada. A a\u00e7\u00e3o \u00e9 apresentada como simples gesto de ajuda que, para os envolvidos, faz diferen\u00e7a nas semanas ap\u00f3s o desastre.","og_url":"https:\/\/portaltela.pt\/noticias\/2026\/02\/19\/sporting-doa-donativos-em-acao-solidaria-com-inacio-e-suarez\/","og_site_name":"Portal Tela Portugal","article_published_time":"2026-02-19T16:11:01+00:00","author":"Telinha","twitter_card":"summary_large_image","twitter_misc":{"Escrito por":"Telinha","Tempo estimado de leitura":"1 minuto"},"schema":{"@context":"https:\/\/schema.org","@graph":[{"@type":"Article","@id":"https:\/\/portaltela.pt\/noticias\/2026\/02\/19\/sporting-doa-donativos-em-acao-solidaria-com-inacio-e-suarez\/#article","isPartOf":{"@id":"https:\/\/portaltela.pt\/noticias\/2026\/02\/19\/sporting-doa-donativos-em-acao-solidaria-com-inacio-e-suarez\/"},"author":{"name":"Telinha","@id":"https:\/\/portaltela.pt\/#\/schema\/person\/c4278d4a6028830caff9ee44b42d32ed"},"headline":"Sporting doa donativos em a\u00e7\u00e3o solid\u00e1ria com In\u00e1cio e Su\u00e1rez","datePublished":"2026-02-19T16:11:01+00:00","mainEntityOfPage":{"@id":"https:\/\/portaltela.pt\/noticias\/2026\/02\/19\/sporting-doa-donativos-em-acao-solidaria-com-inacio-e-suarez\/"},"wordCount":232,"image":{"@id":"https:\/\/portaltela.pt\/noticias\/2026\/02\/19\/sporting-doa-donativos-em-acao-solidaria-com-inacio-e-suarez\/#primaryimage"},"thumbnailUrl":"https:\/\/portaltela.pt\/s.01k8rhncp4jt1\/2026\/02\/img_1200x721uu2026-02-19-15-50-33-2422530.jpg","keywords":["doa\u00e7\u00e3o","futebol","Marinha","Solidariedade Social","Sporting","Zona Centro"],"articleSection":["Desporto","Futebol"],"inLanguage":"pt-PT"},{"@type":"WebPage","@id":"https:\/\/portaltela.pt\/noticias\/2026\/02\/19\/sporting-doa-donativos-em-acao-solidaria-com-inacio-e-suarez\/","url":"https:\/\/portaltela.pt\/noticias\/2026\/02\/19\/sporting-doa-donativos-em-acao-solidaria-com-inacio-e-suarez\/","name":"Sporting doa donativos em a\u00e7\u00e3o solid\u00e1ria com In\u00e1cio e Su\u00e1rez - Portal Tela Portugal","isPartOf":{"@id":"https:\/\/portaltela.pt\/#website"},"primaryImageOfPage":{"@id":"https:\/\/portaltela.pt\/noticias\/2026\/02\/19\/sporting-doa-donativos-em-acao-solidaria-com-inacio-e-suarez\/#primaryimage"},"image":{"@id":"https:\/\/portaltela.pt\/noticias\/2026\/02\/19\/sporting-doa-donativos-em-acao-solidaria-com-inacio-e-suarez\/#primaryimage"},"thumbnailUrl":"https:\/\/portaltela.pt\/s.01k8rhncp4jt1\/2026\/02\/img_1200x721uu2026-02-19-15-50-33-2422530.jpg","datePublished":"2026-02-19T16:11:01+00:00","author":{"@id":"https:\/\/portaltela.pt\/#\/schema\/person\/c4278d4a6028830caff9ee44b42d32ed"},"breadcrumb":{"@id":"https:\/\/portaltela.pt\/noticias\/2026\/02\/19\/sporting-doa-donativos-em-acao-solidaria-com-inacio-e-suarez\/#breadcrumb"},"inLanguage":"pt-PT","potentialAction":[{"@type":"ReadAction","target":["https:\/\/portaltela.pt\/noticias\/2026\/02\/19\/sporting-doa-donativos-em-acao-solidaria-com-inacio-e-suarez\/"]}]},{"@type":"ImageObject","inLanguage":"pt-PT","@id":"https:\/\/portaltela.pt\/noticias\/2026\/02\/19\/sporting-doa-donativos-em-acao-solidaria-com-inacio-e-suarez\/#primaryimage","url":"https:\/\/portaltela.pt\/s.01k8rhncp4jt1\/2026\/02\/img_1200x721uu2026-02-19-15-50-33-2422530.jpg","contentUrl":"https:\/\/portaltela.pt\/s.01k8rhncp4jt1\/2026\/02\/img_1200x721uu2026-02-19-15-50-33-2422530.jpg","width":796,"height":448,"caption":"O abra\u00e7o de Su\u00e1rez a Ars\u00e9nio Cruz e Gon\u00e7alo In\u00e1cio a entregar donativos no Gimnodesportivo da Marinha Grande"},{"@type":"BreadcrumbList","@id":"https:\/\/portaltela.pt\/noticias\/2026\/02\/19\/sporting-doa-donativos-em-acao-solidaria-com-inacio-e-suarez\/#breadcrumb","itemListElement":[{"@type":"ListItem","position":1,"name":"In\u00edcio","item":"https:\/\/portaltela.pt\/"},{"@type":"ListItem","position":2,"name":"Sporting doa donativos em a\u00e7\u00e3o solid\u00e1ria com In\u00e1cio e Su\u00e1rez"}]},{"@type":"WebSite","@id":"https:\/\/portaltela.pt\/#website","url":"https:\/\/portaltela.pt\/","name":"Portal Tela Portugal","description":"","potentialAction":[{"@type":"SearchAction","target":{"@type":"EntryPoint","urlTemplate":"https:\/\/portaltela.pt\/?s={search_term_string}"},"query-input":{"@type":"PropertyValueSpecification","valueRequired":true,"valueName":"search_term_string"}}],"inLanguage":"pt-PT"},{"@type":"Person","@id":"https:\/\/portaltela.pt\/#\/schema\/person\/c4278d4a6028830caff9ee44b42d32ed","name":"Telinha","image":{"@type":"ImageObject","inLanguage":"pt-PT","@id":"https:\/\/portaltela.pt\/s.01k8rhncp4jt1\/2025\/11\/talking-bot-125x125.png","url":"https:\/\/portaltela.pt\/s.01k8rhncp4jt1\/2025\/11\/talking-bot-125x125.png","contentUrl":"https:\/\/portaltela.pt\/s.01k8rhncp4jt1\/2025\/11\/talking-bot-125x125.png","caption":"Telinha"},"sameAs":["https:\/\/portaltela.pt\/"],"url":"https:\/\/portaltela.pt\/por\/367410592786\/"}]}},"_links":{"self":[{"href":"https:\/\/portaltela.pt\/api\/wp\/v2\/posts\/217777","targetHints":{"allow":["GET"]}}],"collection":[{"href":"https:\/\/portaltela.pt\/api\/wp\/v2\/posts"}],"about":[{"href":"https:\/\/portaltela.pt\/api\/wp\/v2\/types\/post"}],"author":[{"embeddable":true,"href":"https:\/\/portaltela.pt\/api\/wp\/v2\/users\/2"}],"replies":[{"embeddable":true,"href":"https:\/\/portaltela.pt\/api\/wp\/v2\/comments?post=217777"}],"version-history":[{"count":0,"href":"https:\/\/portaltela.pt\/api\/wp\/v2\/posts\/217777\/revisions"}],"wp:featuredmedia":[{"embeddable":true,"href":"https:\/\/portaltela.pt\/api\/wp\/v2\/media\/217780"}],"wp:attachment":[{"href":"https:\/\/portaltela.pt\/api\/wp\/v2\/media?parent=217777"}],"wp:term":[{"taxonomy":"category","embeddable":true,"href":"https:\/\/portaltela.pt\/api\/wp\/v2\/categories?post=217777"},{"taxonomy":"post_tag","embeddable":true,"href":"https:\/\/portaltela.pt\/api\/wp\/v2\/tags?post=217777"}],"curies":[{"name":"wp","href":"https:\/\/api.w.org\/{rel}","templated":true}]}}