{"id":217768,"date":"2026-02-19T13:10:00","date_gmt":"2026-02-19T16:10:00","guid":{"rendered":"https:\/\/portaltela.pt\/noticias\/2026\/02\/19\/crivit-e-stef-graf-lancam-parceria-internacional-com-o-lema-encontra-o-movimento\/"},"modified":"2026-02-19T13:10:00","modified_gmt":"2026-02-19T16:10:00","slug":"crivit-e-stef-graf-lancam-parceria-internacional-com-o-lema-encontra-o-movimento","status":"publish","type":"post","link":"https:\/\/portaltela.pt\/desporto\/2026\/02\/19\/crivit-e-stef-graf-lancam-parceria-internacional-com-o-lema-encontra-o-movimento\/","title":{"rendered":"CRIVIT e Stef Graf lan\u00e7am parceria internacional com o lema Encontra o Movimento"},"content":{"rendered":"<p>Stefanie Graf junta-se \u00e0 CRIVIT para promover desporto e bem-estar atrav\u00e9s de uma parceria internacional. A campanha \u201cEncontra o Teu Movimento\u201d arranca com uma presen\u00e7a em mais de 30 pa\u00edses e uma gama renovada de produtos, apoiada por uma estrat\u00e9gia 360 graus.<\/p>\n<p>A alian\u00e7a une a ex-atleta de elite e a marca de artigos desportivos, com foco em incentivar rotinas de atividade f\u00edsica adaptadas a cada pessoa. A CRIVIT assume assim uma posi\u00e7\u00e3o de promo\u00e7\u00e3o de estilos de vida activos, em que o bem-estar \u00e9 priorit\u00e1rio.<\/p>\n<p>A campanha est\u00e1 para al\u00e9m do produto, envolvendo m\u00faltiplos canais de marketing e uma presen\u00e7a omnicanal. O objetivo \u00e9 facilitar o acesso a vestu\u00e1rio e equipamento desportivo a pre\u00e7os atrativos, sem descurar a qualidade.<\/p>\n<h3>Parceria e estrat\u00e9gia<\/h3>\n<p>Stefanie Graf traz \u00e0 colabora\u00e7\u00e3o a sua experi\u00eancia no desporto de alto rendimento, incluindo 22 Grand Slams e o Golden Slam. O papel de embaixadora \u00e9 destacado como central para v\u00e1rias modalidades desportivas.<\/p>\n<p>Jens Thiemer, Chief Customer Officer do Lidl International, afirma que a CRIVIT refor\u00e7a a estrat\u00e9gia de marcas pr\u00f3prias fortes. A alian\u00e7a com Graf eleva o desporto, lazer e exerc\u00edcio f\u00edsico a uma prioridade na regi\u00e3o.<\/p>\n<p>Luis Alcalde, Chief Customer Officer do Lidl Portugal, acrescenta que o objetivo \u00e9 tornar o desporto acess\u00edvel a todos. A colabora\u00e7\u00e3o com Graf inspira mais pessoas a adotar h\u00e1bitos ativos.<\/p>\n<h3>Detalhes da campanha<\/h3>\n<p>A campanha come\u00e7a a 14 de fevereiro, com foco em Campismo e Outdoor, Ciclismo, Fitness e Corrida, bem como Desportos Recreativos e de Equipa. O objetivo \u00e9 indicar caminhos para encontrar a pr\u00e1tica ideal.<\/p>\n<p>A CRIVIT, dispon\u00edvel no Lidl, oferece vestu\u00e1rio e equipamento para diversas modalidades. A marca destaca qualidade a pre\u00e7os competitivos para diferentes idades e n\u00edveis de pr\u00e1tica.<\/p>\n<h3>Sobre os intervenientes<\/h3>\n<p>A CRIVIT visa facilitar o acesso a produtos desportivos com boa rela\u00e7\u00e3o qualidade-pre\u00e7o. Lidl refor\u00e7a o seu compromisso com uma oferta inclusiva e \u00fatil para quem inicia ou mant\u00e9m a pr\u00e1tica desportiva.<\/p>\n<p>O Lidl Portugal junta-se \u00e0 iniciativa para promover h\u00e1bitos saud\u00e1veis entre os clientes e acrescentar valor ao portf\u00f3lio de marcas pr\u00f3prias. O movimento busca incentivar escolhas ativas no dia a dia.<\/p>\n","protected":false},"excerpt":{"rendered":"<ul>\n<li>Stefanie Graf passa a ser embaixadora da CRIVIT numa parceria internacional presente em mais de 30 pa\u00edses, com a campanha \u201cEncontra o Teu Movimento\u201d.<\/li>\n<li>A iniciativa combina uma linha de produtos renovada, campanha 360 graus e presen\u00e7a em m\u00faltiplos canais de marketing, associada ao Lidl e ao Grupo Schwarz.<\/li>\n<li>A campanha omnicanal arranca a 14 de fevereiro e foca \u00e1reas como campismo e outdoor, ciclismo, fitness e corrida, bem como desportos recreativos e de equipa.<\/li>\n<li>Graf defende que o movimento deve promover bem-estar e alegria, destacando que a CRIVIT oferece qualidade a bom pre\u00e7o para tornar o desporto acess\u00edvel a todos.<\/li>\n<li>Em Portugal, o Lidl refor\u00e7a o objetivo de tornar vestu\u00e1rio e equipamento desportivo de qualidade acess\u00edveis, com a colabora\u00e7\u00e3o de Graf para inspirar mais pessoas a adotarem uma vida ativa.<\/li>\n<\/ul>\n","protected":false},"author":2,"featured_media":217773,"comment_status":"closed","ping_status":"closed","sticky":false,"template":"","format":"standard","meta":{"footnotes":""},"categories":[21],"tags":[923,3504,152,6137,6135,1014],"class_list":["post-217768","post","type-post","status-publish","format-standard","has-post-thumbnail","hentry","category-desporto","tag-ciclismo","tag-corridas","tag-desporto","tag-desportos-recreativos","tag-fitness","tag-portugal"],"yoast_head":"<!-- This site is optimized with the Yoast SEO plugin v27.2 - https:\/\/yoast.com\/product\/yoast-seo-wordpress\/ -->\n<title>CRIVIT e Stef Graf lan\u00e7am parceria internacional com o lema Encontra o Movimento - Portal Tela Portugal<\/title>\n<meta name=\"robots\" content=\"index, follow, max-snippet:-1, max-image-preview:large, max-video-preview:-1\" \/>\n<meta property=\"og:locale\" content=\"pt_PT\" \/>\n<meta property=\"og:type\" content=\"article\" \/>\n<meta property=\"og:title\" content=\"CRIVIT e Stef Graf lan\u00e7am parceria internacional com o lema Encontra o Movimento - Portal Tela Portugal\" \/>\n<meta property=\"og:description\" content=\"Stefanie Graf passa a ser embaixadora da CRIVIT numa parceria internacional presente em mais de 30 pa\u00edses, com a campanha \u201cEncontra o Teu Movimento\u201d. A iniciativa combina uma linha de produtos renovada, campanha 360 graus e presen\u00e7a em m\u00faltiplos canais de marketing, associada ao Lidl e ao Grupo Schwarz. A campanha omnicanal arranca a 14 de fevereiro e foca \u00e1reas como campismo e outdoor, ciclismo, fitness e corrida, bem como desportos recreativos e de equipa. Graf defende que o movimento deve promover bem-estar e alegria, destacando que a CRIVIT oferece qualidade a bom pre\u00e7o para tornar o desporto acess\u00edvel a todos. Em Portugal, o Lidl refor\u00e7a o objetivo de tornar vestu\u00e1rio e equipamento desportivo de qualidade acess\u00edveis, com a colabora\u00e7\u00e3o de Graf para inspirar mais pessoas a adotarem uma vida ativa.\" \/>\n<meta property=\"og:url\" content=\"https:\/\/portaltela.pt\/noticias\/2026\/02\/19\/crivit-e-stef-graf-lancam-parceria-internacional-com-o-lema-encontra-o-movimento\/\" \/>\n<meta property=\"og:site_name\" content=\"Portal Tela Portugal\" \/>\n<meta property=\"article:published_time\" content=\"2026-02-19T16:10:00+00:00\" \/>\n<meta name=\"author\" content=\"Telinha\" \/>\n<meta name=\"twitter:card\" content=\"summary_large_image\" \/>\n<meta name=\"twitter:label1\" content=\"Escrito por\" \/>\n\t<meta name=\"twitter:data1\" content=\"Telinha\" \/>\n\t<meta name=\"twitter:label2\" content=\"Tempo estimado de leitura\" \/>\n\t<meta name=\"twitter:data2\" content=\"2 minutos\" \/>\n<script type=\"application\/ld+json\" class=\"yoast-schema-graph\">{\"@context\":\"https:\/\/schema.org\",\"@graph\":[{\"@type\":\"Article\",\"@id\":\"https:\/\/portaltela.pt\/noticias\/2026\/02\/19\/crivit-e-stef-graf-lancam-parceria-internacional-com-o-lema-encontra-o-movimento\/#article\",\"isPartOf\":{\"@id\":\"https:\/\/portaltela.pt\/noticias\/2026\/02\/19\/crivit-e-stef-graf-lancam-parceria-internacional-com-o-lema-encontra-o-movimento\/\"},\"author\":{\"name\":\"Telinha\",\"@id\":\"https:\/\/portaltela.pt\/#\/schema\/person\/c4278d4a6028830caff9ee44b42d32ed\"},\"headline\":\"CRIVIT e Stef Graf lan\u00e7am parceria internacional com o lema Encontra o Movimento\",\"datePublished\":\"2026-02-19T16:10:00+00:00\",\"mainEntityOfPage\":{\"@id\":\"https:\/\/portaltela.pt\/noticias\/2026\/02\/19\/crivit-e-stef-graf-lancam-parceria-internacional-com-o-lema-encontra-o-movimento\/\"},\"wordCount\":396,\"image\":{\"@id\":\"https:\/\/portaltela.pt\/noticias\/2026\/02\/19\/crivit-e-stef-graf-lancam-parceria-internacional-com-o-lema-encontra-o-movimento\/#primaryimage\"},\"thumbnailUrl\":\"https:\/\/portaltela.pt\/s.01k8rhncp4jt1\/2026\/02\/img_1280x721uu2026-02-19-16-12-53-2267738.jpg\",\"keywords\":[\"ciclismo\",\"corridas\",\"desporto\",\"Desportos Recreativos\",\"fitness\",\"Portugal\"],\"articleSection\":[\"Desporto\"],\"inLanguage\":\"pt-PT\"},{\"@type\":\"WebPage\",\"@id\":\"https:\/\/portaltela.pt\/noticias\/2026\/02\/19\/crivit-e-stef-graf-lancam-parceria-internacional-com-o-lema-encontra-o-movimento\/\",\"url\":\"https:\/\/portaltela.pt\/noticias\/2026\/02\/19\/crivit-e-stef-graf-lancam-parceria-internacional-com-o-lema-encontra-o-movimento\/\",\"name\":\"CRIVIT e Stef Graf lan\u00e7am parceria internacional com o lema Encontra o Movimento - Portal Tela Portugal\",\"isPartOf\":{\"@id\":\"https:\/\/portaltela.pt\/#website\"},\"primaryImageOfPage\":{\"@id\":\"https:\/\/portaltela.pt\/noticias\/2026\/02\/19\/crivit-e-stef-graf-lancam-parceria-internacional-com-o-lema-encontra-o-movimento\/#primaryimage\"},\"image\":{\"@id\":\"https:\/\/portaltela.pt\/noticias\/2026\/02\/19\/crivit-e-stef-graf-lancam-parceria-internacional-com-o-lema-encontra-o-movimento\/#primaryimage\"},\"thumbnailUrl\":\"https:\/\/portaltela.pt\/s.01k8rhncp4jt1\/2026\/02\/img_1280x721uu2026-02-19-16-12-53-2267738.jpg\",\"datePublished\":\"2026-02-19T16:10:00+00:00\",\"author\":{\"@id\":\"https:\/\/portaltela.pt\/#\/schema\/person\/c4278d4a6028830caff9ee44b42d32ed\"},\"breadcrumb\":{\"@id\":\"https:\/\/portaltela.pt\/noticias\/2026\/02\/19\/crivit-e-stef-graf-lancam-parceria-internacional-com-o-lema-encontra-o-movimento\/#breadcrumb\"},\"inLanguage\":\"pt-PT\",\"potentialAction\":[{\"@type\":\"ReadAction\",\"target\":[\"https:\/\/portaltela.pt\/noticias\/2026\/02\/19\/crivit-e-stef-graf-lancam-parceria-internacional-com-o-lema-encontra-o-movimento\/\"]}]},{\"@type\":\"ImageObject\",\"inLanguage\":\"pt-PT\",\"@id\":\"https:\/\/portaltela.pt\/noticias\/2026\/02\/19\/crivit-e-stef-graf-lancam-parceria-internacional-com-o-lema-encontra-o-movimento\/#primaryimage\",\"url\":\"https:\/\/portaltela.pt\/s.01k8rhncp4jt1\/2026\/02\/img_1280x721uu2026-02-19-16-12-53-2267738.jpg\",\"contentUrl\":\"https:\/\/portaltela.pt\/s.01k8rhncp4jt1\/2026\/02\/img_1280x721uu2026-02-19-16-12-53-2267738.jpg\",\"width\":796,\"height\":448,\"caption\":\"Stefanie Graf junta-se \u00e0 CRIVIT para promover desporto e movimento\"},{\"@type\":\"BreadcrumbList\",\"@id\":\"https:\/\/portaltela.pt\/noticias\/2026\/02\/19\/crivit-e-stef-graf-lancam-parceria-internacional-com-o-lema-encontra-o-movimento\/#breadcrumb\",\"itemListElement\":[{\"@type\":\"ListItem\",\"position\":1,\"name\":\"In\u00edcio\",\"item\":\"https:\/\/portaltela.pt\/\"},{\"@type\":\"ListItem\",\"position\":2,\"name\":\"CRIVIT e Stef Graf lan\u00e7am parceria internacional com o lema Encontra o Movimento\"}]},{\"@type\":\"WebSite\",\"@id\":\"https:\/\/portaltela.pt\/#website\",\"url\":\"https:\/\/portaltela.pt\/\",\"name\":\"Portal Tela Portugal\",\"description\":\"\",\"potentialAction\":[{\"@type\":\"SearchAction\",\"target\":{\"@type\":\"EntryPoint\",\"urlTemplate\":\"https:\/\/portaltela.pt\/?s={search_term_string}\"},\"query-input\":{\"@type\":\"PropertyValueSpecification\",\"valueRequired\":true,\"valueName\":\"search_term_string\"}}],\"inLanguage\":\"pt-PT\"},{\"@type\":\"Person\",\"@id\":\"https:\/\/portaltela.pt\/#\/schema\/person\/c4278d4a6028830caff9ee44b42d32ed\",\"name\":\"Telinha\",\"image\":{\"@type\":\"ImageObject\",\"inLanguage\":\"pt-PT\",\"@id\":\"https:\/\/portaltela.pt\/s.01k8rhncp4jt1\/2025\/11\/talking-bot-125x125.png\",\"url\":\"https:\/\/portaltela.pt\/s.01k8rhncp4jt1\/2025\/11\/talking-bot-125x125.png\",\"contentUrl\":\"https:\/\/portaltela.pt\/s.01k8rhncp4jt1\/2025\/11\/talking-bot-125x125.png\",\"caption\":\"Telinha\"},\"sameAs\":[\"https:\/\/portaltela.pt\/\"],\"url\":\"https:\/\/portaltela.pt\/por\/367410592786\/\"}]}<\/script>\n<!-- \/ Yoast SEO plugin. -->","yoast_head_json":{"title":"CRIVIT e Stef Graf lan\u00e7am parceria internacional com o lema Encontra o Movimento - Portal Tela Portugal","robots":{"index":"index","follow":"follow","max-snippet":"max-snippet:-1","max-image-preview":"max-image-preview:large","max-video-preview":"max-video-preview:-1"},"og_locale":"pt_PT","og_type":"article","og_title":"CRIVIT e Stef Graf lan\u00e7am parceria internacional com o lema Encontra o Movimento - Portal Tela Portugal","og_description":"Stefanie Graf passa a ser embaixadora da CRIVIT numa parceria internacional presente em mais de 30 pa\u00edses, com a campanha \u201cEncontra o Teu Movimento\u201d. A iniciativa combina uma linha de produtos renovada, campanha 360 graus e presen\u00e7a em m\u00faltiplos canais de marketing, associada ao Lidl e ao Grupo Schwarz. A campanha omnicanal arranca a 14 de fevereiro e foca \u00e1reas como campismo e outdoor, ciclismo, fitness e corrida, bem como desportos recreativos e de equipa. Graf defende que o movimento deve promover bem-estar e alegria, destacando que a CRIVIT oferece qualidade a bom pre\u00e7o para tornar o desporto acess\u00edvel a todos. Em Portugal, o Lidl refor\u00e7a o objetivo de tornar vestu\u00e1rio e equipamento desportivo de qualidade acess\u00edveis, com a colabora\u00e7\u00e3o de Graf para inspirar mais pessoas a adotarem uma vida ativa.","og_url":"https:\/\/portaltela.pt\/noticias\/2026\/02\/19\/crivit-e-stef-graf-lancam-parceria-internacional-com-o-lema-encontra-o-movimento\/","og_site_name":"Portal Tela Portugal","article_published_time":"2026-02-19T16:10:00+00:00","author":"Telinha","twitter_card":"summary_large_image","twitter_misc":{"Escrito por":"Telinha","Tempo estimado de leitura":"2 minutos"},"schema":{"@context":"https:\/\/schema.org","@graph":[{"@type":"Article","@id":"https:\/\/portaltela.pt\/noticias\/2026\/02\/19\/crivit-e-stef-graf-lancam-parceria-internacional-com-o-lema-encontra-o-movimento\/#article","isPartOf":{"@id":"https:\/\/portaltela.pt\/noticias\/2026\/02\/19\/crivit-e-stef-graf-lancam-parceria-internacional-com-o-lema-encontra-o-movimento\/"},"author":{"name":"Telinha","@id":"https:\/\/portaltela.pt\/#\/schema\/person\/c4278d4a6028830caff9ee44b42d32ed"},"headline":"CRIVIT e Stef Graf lan\u00e7am parceria internacional com o lema Encontra o Movimento","datePublished":"2026-02-19T16:10:00+00:00","mainEntityOfPage":{"@id":"https:\/\/portaltela.pt\/noticias\/2026\/02\/19\/crivit-e-stef-graf-lancam-parceria-internacional-com-o-lema-encontra-o-movimento\/"},"wordCount":396,"image":{"@id":"https:\/\/portaltela.pt\/noticias\/2026\/02\/19\/crivit-e-stef-graf-lancam-parceria-internacional-com-o-lema-encontra-o-movimento\/#primaryimage"},"thumbnailUrl":"https:\/\/portaltela.pt\/s.01k8rhncp4jt1\/2026\/02\/img_1280x721uu2026-02-19-16-12-53-2267738.jpg","keywords":["ciclismo","corridas","desporto","Desportos Recreativos","fitness","Portugal"],"articleSection":["Desporto"],"inLanguage":"pt-PT"},{"@type":"WebPage","@id":"https:\/\/portaltela.pt\/noticias\/2026\/02\/19\/crivit-e-stef-graf-lancam-parceria-internacional-com-o-lema-encontra-o-movimento\/","url":"https:\/\/portaltela.pt\/noticias\/2026\/02\/19\/crivit-e-stef-graf-lancam-parceria-internacional-com-o-lema-encontra-o-movimento\/","name":"CRIVIT e Stef Graf lan\u00e7am parceria internacional com o lema Encontra o Movimento - Portal Tela Portugal","isPartOf":{"@id":"https:\/\/portaltela.pt\/#website"},"primaryImageOfPage":{"@id":"https:\/\/portaltela.pt\/noticias\/2026\/02\/19\/crivit-e-stef-graf-lancam-parceria-internacional-com-o-lema-encontra-o-movimento\/#primaryimage"},"image":{"@id":"https:\/\/portaltela.pt\/noticias\/2026\/02\/19\/crivit-e-stef-graf-lancam-parceria-internacional-com-o-lema-encontra-o-movimento\/#primaryimage"},"thumbnailUrl":"https:\/\/portaltela.pt\/s.01k8rhncp4jt1\/2026\/02\/img_1280x721uu2026-02-19-16-12-53-2267738.jpg","datePublished":"2026-02-19T16:10:00+00:00","author":{"@id":"https:\/\/portaltela.pt\/#\/schema\/person\/c4278d4a6028830caff9ee44b42d32ed"},"breadcrumb":{"@id":"https:\/\/portaltela.pt\/noticias\/2026\/02\/19\/crivit-e-stef-graf-lancam-parceria-internacional-com-o-lema-encontra-o-movimento\/#breadcrumb"},"inLanguage":"pt-PT","potentialAction":[{"@type":"ReadAction","target":["https:\/\/portaltela.pt\/noticias\/2026\/02\/19\/crivit-e-stef-graf-lancam-parceria-internacional-com-o-lema-encontra-o-movimento\/"]}]},{"@type":"ImageObject","inLanguage":"pt-PT","@id":"https:\/\/portaltela.pt\/noticias\/2026\/02\/19\/crivit-e-stef-graf-lancam-parceria-internacional-com-o-lema-encontra-o-movimento\/#primaryimage","url":"https:\/\/portaltela.pt\/s.01k8rhncp4jt1\/2026\/02\/img_1280x721uu2026-02-19-16-12-53-2267738.jpg","contentUrl":"https:\/\/portaltela.pt\/s.01k8rhncp4jt1\/2026\/02\/img_1280x721uu2026-02-19-16-12-53-2267738.jpg","width":796,"height":448,"caption":"Stefanie Graf junta-se \u00e0 CRIVIT para promover desporto e movimento"},{"@type":"BreadcrumbList","@id":"https:\/\/portaltela.pt\/noticias\/2026\/02\/19\/crivit-e-stef-graf-lancam-parceria-internacional-com-o-lema-encontra-o-movimento\/#breadcrumb","itemListElement":[{"@type":"ListItem","position":1,"name":"In\u00edcio","item":"https:\/\/portaltela.pt\/"},{"@type":"ListItem","position":2,"name":"CRIVIT e Stef Graf lan\u00e7am parceria internacional com o lema Encontra o Movimento"}]},{"@type":"WebSite","@id":"https:\/\/portaltela.pt\/#website","url":"https:\/\/portaltela.pt\/","name":"Portal Tela Portugal","description":"","potentialAction":[{"@type":"SearchAction","target":{"@type":"EntryPoint","urlTemplate":"https:\/\/portaltela.pt\/?s={search_term_string}"},"query-input":{"@type":"PropertyValueSpecification","valueRequired":true,"valueName":"search_term_string"}}],"inLanguage":"pt-PT"},{"@type":"Person","@id":"https:\/\/portaltela.pt\/#\/schema\/person\/c4278d4a6028830caff9ee44b42d32ed","name":"Telinha","image":{"@type":"ImageObject","inLanguage":"pt-PT","@id":"https:\/\/portaltela.pt\/s.01k8rhncp4jt1\/2025\/11\/talking-bot-125x125.png","url":"https:\/\/portaltela.pt\/s.01k8rhncp4jt1\/2025\/11\/talking-bot-125x125.png","contentUrl":"https:\/\/portaltela.pt\/s.01k8rhncp4jt1\/2025\/11\/talking-bot-125x125.png","caption":"Telinha"},"sameAs":["https:\/\/portaltela.pt\/"],"url":"https:\/\/portaltela.pt\/por\/367410592786\/"}]}},"_links":{"self":[{"href":"https:\/\/portaltela.pt\/api\/wp\/v2\/posts\/217768","targetHints":{"allow":["GET"]}}],"collection":[{"href":"https:\/\/portaltela.pt\/api\/wp\/v2\/posts"}],"about":[{"href":"https:\/\/portaltela.pt\/api\/wp\/v2\/types\/post"}],"author":[{"embeddable":true,"href":"https:\/\/portaltela.pt\/api\/wp\/v2\/users\/2"}],"replies":[{"embeddable":true,"href":"https:\/\/portaltela.pt\/api\/wp\/v2\/comments?post=217768"}],"version-history":[{"count":0,"href":"https:\/\/portaltela.pt\/api\/wp\/v2\/posts\/217768\/revisions"}],"wp:featuredmedia":[{"embeddable":true,"href":"https:\/\/portaltela.pt\/api\/wp\/v2\/media\/217773"}],"wp:attachment":[{"href":"https:\/\/portaltela.pt\/api\/wp\/v2\/media?parent=217768"}],"wp:term":[{"taxonomy":"category","embeddable":true,"href":"https:\/\/portaltela.pt\/api\/wp\/v2\/categories?post=217768"},{"taxonomy":"post_tag","embeddable":true,"href":"https:\/\/portaltela.pt\/api\/wp\/v2\/tags?post=217768"}],"curies":[{"name":"wp","href":"https:\/\/api.w.org\/{rel}","templated":true}]}}