{"id":217745,"date":"2026-02-19T12:47:00","date_gmt":"2026-02-19T15:47:00","guid":{"rendered":"https:\/\/portaltela.pt\/noticias\/2026\/02\/19\/ex-principe-andre-enfrenta-vida-marcada-por-escandalos\/"},"modified":"2026-02-19T12:47:00","modified_gmt":"2026-02-19T15:47:00","slug":"ex-principe-andre-enfrenta-vida-marcada-por-escandalos","status":"publish","type":"post","link":"https:\/\/portaltela.pt\/noticias\/internacional\/2026\/02\/19\/ex-principe-andre-enfrenta-vida-marcada-por-escandalos\/","title":{"rendered":"Ex-pr\u00edncipe Andr\u00e9 enfrenta vida marcada por esc\u00e2ndalos"},"content":{"rendered":"<p>Ainda que a deten\u00e7\u00e3o desta quinta-feira n\u00e3o esteja relacionada com crimes sexuais, a pol\u00edcia do Vale do Tamisa investigava, paralelamente, a liga\u00e7\u00e3o do ex-pr\u00edncipe ao financeiro Jeffrey Epstein. A investiga\u00e7\u00e3o centra-se na poss\u00edvel rela\u00e7\u00e3o entre Andrew e o mesmo esquema de abuso de menores associado a Epstein.<\/p>\n<p>Em 2019, numa entrevista \u00e0 BBC, o ex-pr\u00edncipe afirmou que conhecer Epstein teve \u201cresultados muito ben\u00e9ficos\u201d, insinuando que a rela\u00e7\u00e3o o colocou sob a supervis\u00e3o daqueles que condenavam os atos do bilion\u00e1rio. As declara\u00e7\u00f5es intensificaram o escrut\u00ednio p\u00fablico sobre a sua rede de contactos.<\/p>\n<p>Ainda nesse ano, Virginia Giuffre, uma das v\u00edtimas associadas a Epstein, revelou publicamente que amigos do empres\u00e1rio tamb\u00e9m abusavam de menores. Giuffre alegou ter mantido rela\u00e7\u00f5es com Andrew, quando this era menor, numa propriedade em Nova Iorque. O caso contribuiu para o afastamento do pr\u00edncipe da agenda p\u00fablica em 2019.<\/p>\n<h3>Liga\u00e7\u00f5es com Epstein e desdobramentos<\/h3>\n<p>Documentos de Epstein referem uma desloca\u00e7\u00e3o de uma mulher russa, em 2010, ao Reino Unido para facilitar um encontro com Andrew. Os materiais, contendo milhares de fotografias e v\u00eddeos, apontam para eventual tr\u00e1fico humano e abuso sexual. No momento atual, a mulher vive nos EUA e conta com defesa legal.<\/p>\n<p>As autoridades tamb\u00e9m acompanham a poss\u00edvel promiscuidade da rede de Epstein com outras figuras p\u00fablicas. A investiga\u00e7\u00e3o visa esclarecer se houve assist\u00eancia, participa\u00e7\u00e3o ou oculta\u00e7\u00e3o de atividades il\u00edcitas associadas ao ex-financiador.<\/p>\n<h3>Maus-tratos a funcion\u00e1rios<\/h3>\n<p>Paul Page, antigo membro do Royal Protection Group, descreveu, em contexto televisivo, um ambiente de trabalho marcado por comportamentos agressivos do ex-pr\u00edncipe para com os profissionais de seguran\u00e7a. O relato indica um clima de tens\u00e3o e hostilidade dentro da institui\u00e7\u00e3o.<\/p>\n<p>Estas informa\u00e7\u00f5es comp\u00f5em parte de um conjunto de investiga\u00e7\u00f5es em curso sobre a conduta e as liga\u00e7\u00f5es do ex-pr\u00edncipe a Epstein, bem como o impacto na fam\u00edlia real e nas suas estruturas de seguran\u00e7a. As autoridades n\u00e3o avan\u00e7aram com conclus\u00f5es finais at\u00e9 ao momento.<\/p>\n","protected":false},"excerpt":{"rendered":"<ul>\n<li>A pol\u00edcia do Vale do Tamisa investigava, paralelamente \u00e0 deten\u00e7\u00e3o de hoje, a liga\u00e7\u00e3o do ex-pr\u00edncipe Andrew a Jeffrey Epstein, sem rela\u00e7\u00e3o direta com crimes sexuais.<\/li>\n<li>Em 2019, Andrew afirmou \u00e0 BBC que conhecer Epstein teve \u201cresultados muito ben\u00e9ficos\u201d, coment\u00e1rio que suscitou cr\u00edticas.<\/li>\n<li>Virginia Giuffre, v\u00edtima de Epstein, alegou ter mantido rela\u00e7\u00f5es com Andrew tr\u00eas vezes, incluindo numa mans\u00e3o em Nova Iorque quando era menor de idade.<\/li>\n<li>Em novembro de 2019, ap\u00f3s as revela\u00e7\u00f5es, o rei Carlos III retirou os t\u00edtulos reais ao irm\u00e3o, que estava afastado da agenda p\u00fablica desde 2019.<\/li>\n<li>Documentos do caso mencionam a desloca\u00e7\u00e3o, em 2010, de uma mulher russa de 26 anos para o Reino Unido, atrav\u00e9s de Epstein, com o objetivo de promover um encontro sexual com Andrew; pode ter sido v\u00edtima de tr\u00e1fico humano.<\/li>\n<\/ul>\n","protected":false},"author":2,"featured_media":217746,"comment_status":"closed","ping_status":"closed","sticky":false,"template":"","format":"standard","meta":{"footnotes":""},"categories":[4,1],"tags":[5361,5839,208,147,3990,5194],"class_list":["post-217745","post","type-post","status-publish","format-standard","has-post-thumbnail","hentry","category-internacional","category-noticias","tag-a-familia","tag-a-nobreza","tag-abuso-de-menores-dependentes","tag-crime","tag-crimes-sexuais","tag-exploracao-de-menores"],"yoast_head":"<!-- This site is optimized with the Yoast SEO plugin v27.2 - https:\/\/yoast.com\/product\/yoast-seo-wordpress\/ -->\n<title>Ex-pr\u00edncipe Andr\u00e9 enfrenta vida marcada por esc\u00e2ndalos - Portal Tela Portugal<\/title>\n<meta name=\"robots\" content=\"index, follow, max-snippet:-1, max-image-preview:large, max-video-preview:-1\" \/>\n<meta property=\"og:locale\" content=\"pt_PT\" \/>\n<meta property=\"og:type\" content=\"article\" \/>\n<meta property=\"og:title\" content=\"Ex-pr\u00edncipe Andr\u00e9 enfrenta vida marcada por esc\u00e2ndalos - Portal Tela Portugal\" \/>\n<meta property=\"og:description\" content=\"A pol\u00edcia do Vale do Tamisa investigava, paralelamente \u00e0 deten\u00e7\u00e3o de hoje, a liga\u00e7\u00e3o do ex-pr\u00edncipe Andrew a Jeffrey Epstein, sem rela\u00e7\u00e3o direta com crimes sexuais. Em 2019, Andrew afirmou \u00e0 BBC que conhecer Epstein teve \u201cresultados muito ben\u00e9ficos\u201d, coment\u00e1rio que suscitou cr\u00edticas. Virginia Giuffre, v\u00edtima de Epstein, alegou ter mantido rela\u00e7\u00f5es com Andrew tr\u00eas vezes, incluindo numa mans\u00e3o em Nova Iorque quando era menor de idade. Em novembro de 2019, ap\u00f3s as revela\u00e7\u00f5es, o rei Carlos III retirou os t\u00edtulos reais ao irm\u00e3o, que estava afastado da agenda p\u00fablica desde 2019. Documentos do caso mencionam a desloca\u00e7\u00e3o, em 2010, de uma mulher russa de 26 anos para o Reino Unido, atrav\u00e9s de Epstein, com o objetivo de promover um encontro sexual com Andrew; pode ter sido v\u00edtima de tr\u00e1fico humano.\" \/>\n<meta property=\"og:url\" content=\"https:\/\/portaltela.pt\/noticias\/2026\/02\/19\/ex-principe-andre-enfrenta-vida-marcada-por-escandalos\/\" \/>\n<meta property=\"og:site_name\" content=\"Portal Tela Portugal\" \/>\n<meta property=\"article:published_time\" content=\"2026-02-19T15:47:00+00:00\" \/>\n<meta name=\"author\" content=\"Telinha\" \/>\n<meta name=\"twitter:card\" content=\"summary_large_image\" \/>\n<meta name=\"twitter:label1\" content=\"Escrito por\" \/>\n\t<meta name=\"twitter:data1\" content=\"Telinha\" \/>\n\t<meta name=\"twitter:label2\" content=\"Tempo estimado de leitura\" \/>\n\t<meta name=\"twitter:data2\" content=\"2 minutos\" \/>\n<script type=\"application\/ld+json\" class=\"yoast-schema-graph\">{\"@context\":\"https:\/\/schema.org\",\"@graph\":[{\"@type\":\"Article\",\"@id\":\"https:\/\/portaltela.pt\/noticias\/2026\/02\/19\/ex-principe-andre-enfrenta-vida-marcada-por-escandalos\/#article\",\"isPartOf\":{\"@id\":\"https:\/\/portaltela.pt\/noticias\/2026\/02\/19\/ex-principe-andre-enfrenta-vida-marcada-por-escandalos\/\"},\"author\":{\"name\":\"Telinha\",\"@id\":\"https:\/\/portaltela.pt\/#\/schema\/person\/c4278d4a6028830caff9ee44b42d32ed\"},\"headline\":\"Ex-pr\u00edncipe Andr\u00e9 enfrenta vida marcada por esc\u00e2ndalos\",\"datePublished\":\"2026-02-19T15:47:00+00:00\",\"mainEntityOfPage\":{\"@id\":\"https:\/\/portaltela.pt\/noticias\/2026\/02\/19\/ex-principe-andre-enfrenta-vida-marcada-por-escandalos\/\"},\"wordCount\":368,\"image\":{\"@id\":\"https:\/\/portaltela.pt\/noticias\/2026\/02\/19\/ex-principe-andre-enfrenta-vida-marcada-por-escandalos\/#primaryimage\"},\"thumbnailUrl\":\"https:\/\/portaltela.pt\/s.01k8rhncp4jt1\/2026\/02\/image-65.webp\",\"keywords\":[\"A fam\u00edlia\",\"a nobreza\",\"abuso de menores dependentes\",\"crime\",\"crimes sexuais\",\"explora\u00e7\u00e3o de menores\"],\"articleSection\":[\"Internacional\",\"Not\u00edcias\"],\"inLanguage\":\"pt-PT\"},{\"@type\":\"WebPage\",\"@id\":\"https:\/\/portaltela.pt\/noticias\/2026\/02\/19\/ex-principe-andre-enfrenta-vida-marcada-por-escandalos\/\",\"url\":\"https:\/\/portaltela.pt\/noticias\/2026\/02\/19\/ex-principe-andre-enfrenta-vida-marcada-por-escandalos\/\",\"name\":\"Ex-pr\u00edncipe Andr\u00e9 enfrenta vida marcada por esc\u00e2ndalos - Portal Tela Portugal\",\"isPartOf\":{\"@id\":\"https:\/\/portaltela.pt\/#website\"},\"primaryImageOfPage\":{\"@id\":\"https:\/\/portaltela.pt\/noticias\/2026\/02\/19\/ex-principe-andre-enfrenta-vida-marcada-por-escandalos\/#primaryimage\"},\"image\":{\"@id\":\"https:\/\/portaltela.pt\/noticias\/2026\/02\/19\/ex-principe-andre-enfrenta-vida-marcada-por-escandalos\/#primaryimage\"},\"thumbnailUrl\":\"https:\/\/portaltela.pt\/s.01k8rhncp4jt1\/2026\/02\/image-65.webp\",\"datePublished\":\"2026-02-19T15:47:00+00:00\",\"author\":{\"@id\":\"https:\/\/portaltela.pt\/#\/schema\/person\/c4278d4a6028830caff9ee44b42d32ed\"},\"breadcrumb\":{\"@id\":\"https:\/\/portaltela.pt\/noticias\/2026\/02\/19\/ex-principe-andre-enfrenta-vida-marcada-por-escandalos\/#breadcrumb\"},\"inLanguage\":\"pt-PT\",\"potentialAction\":[{\"@type\":\"ReadAction\",\"target\":[\"https:\/\/portaltela.pt\/noticias\/2026\/02\/19\/ex-principe-andre-enfrenta-vida-marcada-por-escandalos\/\"]}]},{\"@type\":\"ImageObject\",\"inLanguage\":\"pt-PT\",\"@id\":\"https:\/\/portaltela.pt\/noticias\/2026\/02\/19\/ex-principe-andre-enfrenta-vida-marcada-por-escandalos\/#primaryimage\",\"url\":\"https:\/\/portaltela.pt\/s.01k8rhncp4jt1\/2026\/02\/image-65.webp\",\"contentUrl\":\"https:\/\/portaltela.pt\/s.01k8rhncp4jt1\/2026\/02\/image-65.webp\",\"width\":1200,\"height\":799,\"caption\":\"Ex-pr\u00edncipe Andr\u00e9 era amigo do criminoso sexual Jeffrey Epstein\"},{\"@type\":\"BreadcrumbList\",\"@id\":\"https:\/\/portaltela.pt\/noticias\/2026\/02\/19\/ex-principe-andre-enfrenta-vida-marcada-por-escandalos\/#breadcrumb\",\"itemListElement\":[{\"@type\":\"ListItem\",\"position\":1,\"name\":\"In\u00edcio\",\"item\":\"https:\/\/portaltela.pt\/\"},{\"@type\":\"ListItem\",\"position\":2,\"name\":\"Ex-pr\u00edncipe Andr\u00e9 enfrenta vida marcada por esc\u00e2ndalos\"}]},{\"@type\":\"WebSite\",\"@id\":\"https:\/\/portaltela.pt\/#website\",\"url\":\"https:\/\/portaltela.pt\/\",\"name\":\"Portal Tela Portugal\",\"description\":\"\",\"potentialAction\":[{\"@type\":\"SearchAction\",\"target\":{\"@type\":\"EntryPoint\",\"urlTemplate\":\"https:\/\/portaltela.pt\/?s={search_term_string}\"},\"query-input\":{\"@type\":\"PropertyValueSpecification\",\"valueRequired\":true,\"valueName\":\"search_term_string\"}}],\"inLanguage\":\"pt-PT\"},{\"@type\":\"Person\",\"@id\":\"https:\/\/portaltela.pt\/#\/schema\/person\/c4278d4a6028830caff9ee44b42d32ed\",\"name\":\"Telinha\",\"image\":{\"@type\":\"ImageObject\",\"inLanguage\":\"pt-PT\",\"@id\":\"https:\/\/portaltela.pt\/s.01k8rhncp4jt1\/2025\/11\/talking-bot-125x125.png\",\"url\":\"https:\/\/portaltela.pt\/s.01k8rhncp4jt1\/2025\/11\/talking-bot-125x125.png\",\"contentUrl\":\"https:\/\/portaltela.pt\/s.01k8rhncp4jt1\/2025\/11\/talking-bot-125x125.png\",\"caption\":\"Telinha\"},\"sameAs\":[\"https:\/\/portaltela.pt\/\"],\"url\":\"https:\/\/portaltela.pt\/por\/367410592786\/\"}]}<\/script>\n<!-- \/ Yoast SEO plugin. -->","yoast_head_json":{"title":"Ex-pr\u00edncipe Andr\u00e9 enfrenta vida marcada por esc\u00e2ndalos - Portal Tela Portugal","robots":{"index":"index","follow":"follow","max-snippet":"max-snippet:-1","max-image-preview":"max-image-preview:large","max-video-preview":"max-video-preview:-1"},"og_locale":"pt_PT","og_type":"article","og_title":"Ex-pr\u00edncipe Andr\u00e9 enfrenta vida marcada por esc\u00e2ndalos - Portal Tela Portugal","og_description":"A pol\u00edcia do Vale do Tamisa investigava, paralelamente \u00e0 deten\u00e7\u00e3o de hoje, a liga\u00e7\u00e3o do ex-pr\u00edncipe Andrew a Jeffrey Epstein, sem rela\u00e7\u00e3o direta com crimes sexuais. Em 2019, Andrew afirmou \u00e0 BBC que conhecer Epstein teve \u201cresultados muito ben\u00e9ficos\u201d, coment\u00e1rio que suscitou cr\u00edticas. Virginia Giuffre, v\u00edtima de Epstein, alegou ter mantido rela\u00e7\u00f5es com Andrew tr\u00eas vezes, incluindo numa mans\u00e3o em Nova Iorque quando era menor de idade. Em novembro de 2019, ap\u00f3s as revela\u00e7\u00f5es, o rei Carlos III retirou os t\u00edtulos reais ao irm\u00e3o, que estava afastado da agenda p\u00fablica desde 2019. Documentos do caso mencionam a desloca\u00e7\u00e3o, em 2010, de uma mulher russa de 26 anos para o Reino Unido, atrav\u00e9s de Epstein, com o objetivo de promover um encontro sexual com Andrew; pode ter sido v\u00edtima de tr\u00e1fico humano.","og_url":"https:\/\/portaltela.pt\/noticias\/2026\/02\/19\/ex-principe-andre-enfrenta-vida-marcada-por-escandalos\/","og_site_name":"Portal Tela Portugal","article_published_time":"2026-02-19T15:47:00+00:00","author":"Telinha","twitter_card":"summary_large_image","twitter_misc":{"Escrito por":"Telinha","Tempo estimado de leitura":"2 minutos"},"schema":{"@context":"https:\/\/schema.org","@graph":[{"@type":"Article","@id":"https:\/\/portaltela.pt\/noticias\/2026\/02\/19\/ex-principe-andre-enfrenta-vida-marcada-por-escandalos\/#article","isPartOf":{"@id":"https:\/\/portaltela.pt\/noticias\/2026\/02\/19\/ex-principe-andre-enfrenta-vida-marcada-por-escandalos\/"},"author":{"name":"Telinha","@id":"https:\/\/portaltela.pt\/#\/schema\/person\/c4278d4a6028830caff9ee44b42d32ed"},"headline":"Ex-pr\u00edncipe Andr\u00e9 enfrenta vida marcada por esc\u00e2ndalos","datePublished":"2026-02-19T15:47:00+00:00","mainEntityOfPage":{"@id":"https:\/\/portaltela.pt\/noticias\/2026\/02\/19\/ex-principe-andre-enfrenta-vida-marcada-por-escandalos\/"},"wordCount":368,"image":{"@id":"https:\/\/portaltela.pt\/noticias\/2026\/02\/19\/ex-principe-andre-enfrenta-vida-marcada-por-escandalos\/#primaryimage"},"thumbnailUrl":"https:\/\/portaltela.pt\/s.01k8rhncp4jt1\/2026\/02\/image-65.webp","keywords":["A fam\u00edlia","a nobreza","abuso de menores dependentes","crime","crimes sexuais","explora\u00e7\u00e3o de menores"],"articleSection":["Internacional","Not\u00edcias"],"inLanguage":"pt-PT"},{"@type":"WebPage","@id":"https:\/\/portaltela.pt\/noticias\/2026\/02\/19\/ex-principe-andre-enfrenta-vida-marcada-por-escandalos\/","url":"https:\/\/portaltela.pt\/noticias\/2026\/02\/19\/ex-principe-andre-enfrenta-vida-marcada-por-escandalos\/","name":"Ex-pr\u00edncipe Andr\u00e9 enfrenta vida marcada por esc\u00e2ndalos - Portal Tela Portugal","isPartOf":{"@id":"https:\/\/portaltela.pt\/#website"},"primaryImageOfPage":{"@id":"https:\/\/portaltela.pt\/noticias\/2026\/02\/19\/ex-principe-andre-enfrenta-vida-marcada-por-escandalos\/#primaryimage"},"image":{"@id":"https:\/\/portaltela.pt\/noticias\/2026\/02\/19\/ex-principe-andre-enfrenta-vida-marcada-por-escandalos\/#primaryimage"},"thumbnailUrl":"https:\/\/portaltela.pt\/s.01k8rhncp4jt1\/2026\/02\/image-65.webp","datePublished":"2026-02-19T15:47:00+00:00","author":{"@id":"https:\/\/portaltela.pt\/#\/schema\/person\/c4278d4a6028830caff9ee44b42d32ed"},"breadcrumb":{"@id":"https:\/\/portaltela.pt\/noticias\/2026\/02\/19\/ex-principe-andre-enfrenta-vida-marcada-por-escandalos\/#breadcrumb"},"inLanguage":"pt-PT","potentialAction":[{"@type":"ReadAction","target":["https:\/\/portaltela.pt\/noticias\/2026\/02\/19\/ex-principe-andre-enfrenta-vida-marcada-por-escandalos\/"]}]},{"@type":"ImageObject","inLanguage":"pt-PT","@id":"https:\/\/portaltela.pt\/noticias\/2026\/02\/19\/ex-principe-andre-enfrenta-vida-marcada-por-escandalos\/#primaryimage","url":"https:\/\/portaltela.pt\/s.01k8rhncp4jt1\/2026\/02\/image-65.webp","contentUrl":"https:\/\/portaltela.pt\/s.01k8rhncp4jt1\/2026\/02\/image-65.webp","width":1200,"height":799,"caption":"Ex-pr\u00edncipe Andr\u00e9 era amigo do criminoso sexual Jeffrey Epstein"},{"@type":"BreadcrumbList","@id":"https:\/\/portaltela.pt\/noticias\/2026\/02\/19\/ex-principe-andre-enfrenta-vida-marcada-por-escandalos\/#breadcrumb","itemListElement":[{"@type":"ListItem","position":1,"name":"In\u00edcio","item":"https:\/\/portaltela.pt\/"},{"@type":"ListItem","position":2,"name":"Ex-pr\u00edncipe Andr\u00e9 enfrenta vida marcada por esc\u00e2ndalos"}]},{"@type":"WebSite","@id":"https:\/\/portaltela.pt\/#website","url":"https:\/\/portaltela.pt\/","name":"Portal Tela Portugal","description":"","potentialAction":[{"@type":"SearchAction","target":{"@type":"EntryPoint","urlTemplate":"https:\/\/portaltela.pt\/?s={search_term_string}"},"query-input":{"@type":"PropertyValueSpecification","valueRequired":true,"valueName":"search_term_string"}}],"inLanguage":"pt-PT"},{"@type":"Person","@id":"https:\/\/portaltela.pt\/#\/schema\/person\/c4278d4a6028830caff9ee44b42d32ed","name":"Telinha","image":{"@type":"ImageObject","inLanguage":"pt-PT","@id":"https:\/\/portaltela.pt\/s.01k8rhncp4jt1\/2025\/11\/talking-bot-125x125.png","url":"https:\/\/portaltela.pt\/s.01k8rhncp4jt1\/2025\/11\/talking-bot-125x125.png","contentUrl":"https:\/\/portaltela.pt\/s.01k8rhncp4jt1\/2025\/11\/talking-bot-125x125.png","caption":"Telinha"},"sameAs":["https:\/\/portaltela.pt\/"],"url":"https:\/\/portaltela.pt\/por\/367410592786\/"}]}},"_links":{"self":[{"href":"https:\/\/portaltela.pt\/api\/wp\/v2\/posts\/217745","targetHints":{"allow":["GET"]}}],"collection":[{"href":"https:\/\/portaltela.pt\/api\/wp\/v2\/posts"}],"about":[{"href":"https:\/\/portaltela.pt\/api\/wp\/v2\/types\/post"}],"author":[{"embeddable":true,"href":"https:\/\/portaltela.pt\/api\/wp\/v2\/users\/2"}],"replies":[{"embeddable":true,"href":"https:\/\/portaltela.pt\/api\/wp\/v2\/comments?post=217745"}],"version-history":[{"count":0,"href":"https:\/\/portaltela.pt\/api\/wp\/v2\/posts\/217745\/revisions"}],"wp:featuredmedia":[{"embeddable":true,"href":"https:\/\/portaltela.pt\/api\/wp\/v2\/media\/217746"}],"wp:attachment":[{"href":"https:\/\/portaltela.pt\/api\/wp\/v2\/media?parent=217745"}],"wp:term":[{"taxonomy":"category","embeddable":true,"href":"https:\/\/portaltela.pt\/api\/wp\/v2\/categories?post=217745"},{"taxonomy":"post_tag","embeddable":true,"href":"https:\/\/portaltela.pt\/api\/wp\/v2\/tags?post=217745"}],"curies":[{"name":"wp","href":"https:\/\/api.w.org\/{rel}","templated":true}]}}