{"id":217741,"date":"2026-02-19T12:58:20","date_gmt":"2026-02-19T15:58:20","guid":{"rendered":"https:\/\/portaltela.pt\/noticias\/2026\/02\/19\/costa-ve-adesao-da-ucrania-a-ue-a-curto-prazo-sem-datas\/"},"modified":"2026-02-19T12:58:20","modified_gmt":"2026-02-19T15:58:20","slug":"costa-ve-adesao-da-ucrania-a-ue-a-curto-prazo-sem-datas","status":"publish","type":"post","link":"https:\/\/portaltela.pt\/noticias\/internacional\/2026\/02\/19\/costa-ve-adesao-da-ucrania-a-ue-a-curto-prazo-sem-datas\/","title":{"rendered":"Costa v\u00ea ades\u00e3o da Ucr\u00e2nia \u00e0 UE a curto prazo, sem datas"},"content":{"rendered":"<p>O presidente do Conselho Europeu, Ant\u00f3nio Costa, disse acreditar que a ades\u00e3o da Ucr\u00e2nia \u00e0 Uni\u00e3o Europeia ocorrer\u00e1 a curto prazo, embora n\u00e3o tenha apontado datas. A afirma\u00e7\u00e3o surge no contexto da sua visita oficial \u00e0 Noruega, em Oslo, para reuni\u00f5es com l\u00edderes europeus.<\/p>\n<p>Costa destacou que o processo de ades\u00e3o faz parte do pr\u00f3prio processo de paz, acrescentando que n\u00e3o \u00e9 apenas fundamental para consolidar a paz, mas tamb\u00e9m para um poss\u00edvel acordo futuro de paz. O objetivo \u00e9 manter o impulso e avan\u00e7ar no alargamento.<\/p>\n<p>Questionado sobre os passos seguintes, o Presidente do Conselho Europeu afirmou esperar que as negocia\u00e7\u00f5es formais se possam abrir o mais r\u00e1pido poss\u00edvel. N\u00e3o garantiu um ano espec\u00edfico, enfatizando a import\u00e2ncia de manter o ritmo.<\/p>\n<p>O l\u00edder portugu\u00eas lembrou que cada processo de ades\u00e3o tem estruturas pr\u00f3prias e que a Hungria tem bloqueado avan\u00e7os, por raz\u00f5es pol\u00edticas e culturais. Considerou que o processo da Ucr\u00e2nia est\u00e1 a progredir mais rapidamente do que o observado noutros casos.<\/p>\n<p>Costa recordou ainda que o seu pa\u00eds aguardou nove anos para aderir \u00e0 UE, argumentando que a Ucr\u00e2nia caminha com maior velocidade. Descreveu a guerra na Ucr\u00e2nia como o maior desafio da Uni\u00e3o Europeia no momento.<\/p>\n<p>Desde o estatuto de pa\u00eds candidato, atribu\u00eddo em junho de 2022, a Ucr\u00e2nia tem enfrentado resist\u00eancia h\u00fangara, ainda que um visto tenha sido concedido ao estatuto. O bloco tem mantido a posi\u00e7\u00e3o de que a ades\u00e3o depende de reformas e de m\u00e9rito.<\/p>\n<p>A Comiss\u00e3o Europeia, num relat\u00f3rio de 2023 sobre o alargamento, confirmou o empenho da Ucr\u00e2nia no caminho para a ades\u00e3o, apontando avan\u00e7os nas reformas fundamentais. Atualmente, a UE lista Ucr\u00e2nia entre os pa\u00edses candidatos junto de Alb\u00e2nia, B\u00f3snia-Herzegovina, Ge\u00f3rgia, Maced\u00f3nia do Norte, Moldova, Montenegro, S\u00e9rvia e Turquia.<\/p>\n<p>Ant\u00f3nio Costa iniciou o mandato de dois anos e meio \u00e0 frente do Conselho Europeu em 1 de dezembro de 2024, tornando-se o primeiro socialista e o primeiro portugu\u00eas a ocupar o cargo. A posi\u00e7\u00e3o manteve-se de forma cont\u00ednua na agenda europeia.<\/p>\n","protected":false},"excerpt":{"rendered":"<ul>\n<li>Costa disse acreditar na ades\u00e3o da Ucr\u00e2nia \u00e0 Uni\u00e3o Europeia a curto prazo, sem indicar datas.<\/li>\n<li>afirmou que o processo de ades\u00e3o faz parte do pr\u00f3prio processo de paz e \u00e9 fundamental para um futuro acordo de paz.<\/li>\n<li>espera que as negocia\u00e7\u00f5es formais sejam abertas o mais rapidamente poss\u00edvel, sem especificar fronteiras de tempo.<\/li>\n<li>mostrou otimismo quanto a avan\u00e7os, mesmo diante do veto h\u00fangaro, e lembrou que a ades\u00e3o pode ser mais r\u00e1pida que em outros casos.<\/li>\n<li>a Ucr\u00e2nia \u00e9 pa\u00eds candidato desde junho de 2022; na lista de candidatos tamb\u00e9m constam Alb\u00e2nia, B\u00f3snia-Herzegovina, Ge\u00f3rgia, Maced\u00f3nia do Norte, Moldova, Montenegro, S\u00e9rvia, Turquia.<\/li>\n<\/ul>\n","protected":false},"author":2,"featured_media":217743,"comment_status":"closed","ping_status":"closed","sticky":false,"template":"","format":"standard","meta":{"footnotes":""},"categories":[4,1],"tags":[3977,2487,2036,5698,2134,2055],"class_list":["post-217741","post","type-post","status-publish","format-standard","has-post-thumbnail","hentry","category-internacional","category-noticias","tag-adesao","tag-europa","tag-negociacoes-internacionais","tag-politica-internacional","tag-ucrania","tag-uniao-europeia"],"yoast_head":"<!-- This site is optimized with the Yoast SEO plugin v27.2 - https:\/\/yoast.com\/product\/yoast-seo-wordpress\/ -->\n<title>Costa v\u00ea ades\u00e3o da Ucr\u00e2nia \u00e0 UE a curto prazo, sem datas - Portal Tela Portugal<\/title>\n<meta name=\"robots\" content=\"index, follow, max-snippet:-1, max-image-preview:large, max-video-preview:-1\" \/>\n<meta property=\"og:locale\" content=\"pt_PT\" \/>\n<meta property=\"og:type\" content=\"article\" \/>\n<meta property=\"og:title\" content=\"Costa v\u00ea ades\u00e3o da Ucr\u00e2nia \u00e0 UE a curto prazo, sem datas - Portal Tela Portugal\" \/>\n<meta property=\"og:description\" content=\"Costa disse acreditar na ades\u00e3o da Ucr\u00e2nia \u00e0 Uni\u00e3o Europeia a curto prazo, sem indicar datas. afirmou que o processo de ades\u00e3o faz parte do pr\u00f3prio processo de paz e \u00e9 fundamental para um futuro acordo de paz. espera que as negocia\u00e7\u00f5es formais sejam abertas o mais rapidamente poss\u00edvel, sem especificar fronteiras de tempo. mostrou otimismo quanto a avan\u00e7os, mesmo diante do veto h\u00fangaro, e lembrou que a ades\u00e3o pode ser mais r\u00e1pida que em outros casos. a Ucr\u00e2nia \u00e9 pa\u00eds candidato desde junho de 2022; na lista de candidatos tamb\u00e9m constam Alb\u00e2nia, B\u00f3snia-Herzegovina, Ge\u00f3rgia, Maced\u00f3nia do Norte, Moldova, Montenegro, S\u00e9rvia, Turquia.\" \/>\n<meta property=\"og:url\" content=\"https:\/\/portaltela.pt\/noticias\/2026\/02\/19\/costa-ve-adesao-da-ucrania-a-ue-a-curto-prazo-sem-datas\/\" \/>\n<meta property=\"og:site_name\" content=\"Portal Tela Portugal\" \/>\n<meta property=\"article:published_time\" content=\"2026-02-19T15:58:20+00:00\" \/>\n<meta name=\"author\" content=\"Telinha\" \/>\n<meta name=\"twitter:card\" content=\"summary_large_image\" \/>\n<meta name=\"twitter:label1\" content=\"Escrito por\" \/>\n\t<meta name=\"twitter:data1\" content=\"Telinha\" \/>\n\t<meta name=\"twitter:label2\" content=\"Tempo estimado de leitura\" \/>\n\t<meta name=\"twitter:data2\" content=\"2 minutos\" \/>\n<script type=\"application\/ld+json\" class=\"yoast-schema-graph\">{\"@context\":\"https:\/\/schema.org\",\"@graph\":[{\"@type\":\"Article\",\"@id\":\"https:\/\/portaltela.pt\/noticias\/2026\/02\/19\/costa-ve-adesao-da-ucrania-a-ue-a-curto-prazo-sem-datas\/#article\",\"isPartOf\":{\"@id\":\"https:\/\/portaltela.pt\/noticias\/2026\/02\/19\/costa-ve-adesao-da-ucrania-a-ue-a-curto-prazo-sem-datas\/\"},\"author\":{\"name\":\"Telinha\",\"@id\":\"https:\/\/portaltela.pt\/#\/schema\/person\/c4278d4a6028830caff9ee44b42d32ed\"},\"headline\":\"Costa v\u00ea ades\u00e3o da Ucr\u00e2nia \u00e0 UE a curto prazo, sem datas\",\"datePublished\":\"2026-02-19T15:58:20+00:00\",\"mainEntityOfPage\":{\"@id\":\"https:\/\/portaltela.pt\/noticias\/2026\/02\/19\/costa-ve-adesao-da-ucrania-a-ue-a-curto-prazo-sem-datas\/\"},\"wordCount\":389,\"image\":{\"@id\":\"https:\/\/portaltela.pt\/noticias\/2026\/02\/19\/costa-ve-adesao-da-ucrania-a-ue-a-curto-prazo-sem-datas\/#primaryimage\"},\"thumbnailUrl\":\"https:\/\/portaltela.pt\/s.01k8rhncp4jt1\/2026\/02\/img_1500x1000uu2026-02-12-11-22-38-2266458-1.jpg\",\"keywords\":[\"ades\u00e3o\",\"Europa\",\"negocia\u00e7\u00f5es internacionais\",\"pol\u00edtica internacional\",\"Ucr\u00e2nia\",\"Uni\u00e3o Europeia\"],\"articleSection\":[\"Internacional\",\"Not\u00edcias\"],\"inLanguage\":\"pt-PT\"},{\"@type\":\"WebPage\",\"@id\":\"https:\/\/portaltela.pt\/noticias\/2026\/02\/19\/costa-ve-adesao-da-ucrania-a-ue-a-curto-prazo-sem-datas\/\",\"url\":\"https:\/\/portaltela.pt\/noticias\/2026\/02\/19\/costa-ve-adesao-da-ucrania-a-ue-a-curto-prazo-sem-datas\/\",\"name\":\"Costa v\u00ea ades\u00e3o da Ucr\u00e2nia \u00e0 UE a curto prazo, sem datas - Portal Tela Portugal\",\"isPartOf\":{\"@id\":\"https:\/\/portaltela.pt\/#website\"},\"primaryImageOfPage\":{\"@id\":\"https:\/\/portaltela.pt\/noticias\/2026\/02\/19\/costa-ve-adesao-da-ucrania-a-ue-a-curto-prazo-sem-datas\/#primaryimage\"},\"image\":{\"@id\":\"https:\/\/portaltela.pt\/noticias\/2026\/02\/19\/costa-ve-adesao-da-ucrania-a-ue-a-curto-prazo-sem-datas\/#primaryimage\"},\"thumbnailUrl\":\"https:\/\/portaltela.pt\/s.01k8rhncp4jt1\/2026\/02\/img_1500x1000uu2026-02-12-11-22-38-2266458-1.jpg\",\"datePublished\":\"2026-02-19T15:58:20+00:00\",\"author\":{\"@id\":\"https:\/\/portaltela.pt\/#\/schema\/person\/c4278d4a6028830caff9ee44b42d32ed\"},\"breadcrumb\":{\"@id\":\"https:\/\/portaltela.pt\/noticias\/2026\/02\/19\/costa-ve-adesao-da-ucrania-a-ue-a-curto-prazo-sem-datas\/#breadcrumb\"},\"inLanguage\":\"pt-PT\",\"potentialAction\":[{\"@type\":\"ReadAction\",\"target\":[\"https:\/\/portaltela.pt\/noticias\/2026\/02\/19\/costa-ve-adesao-da-ucrania-a-ue-a-curto-prazo-sem-datas\/\"]}]},{\"@type\":\"ImageObject\",\"inLanguage\":\"pt-PT\",\"@id\":\"https:\/\/portaltela.pt\/noticias\/2026\/02\/19\/costa-ve-adesao-da-ucrania-a-ue-a-curto-prazo-sem-datas\/#primaryimage\",\"url\":\"https:\/\/portaltela.pt\/s.01k8rhncp4jt1\/2026\/02\/img_1500x1000uu2026-02-12-11-22-38-2266458-1.jpg\",\"contentUrl\":\"https:\/\/portaltela.pt\/s.01k8rhncp4jt1\/2026\/02\/img_1500x1000uu2026-02-12-11-22-38-2266458-1.jpg\",\"width\":1500,\"height\":1000,\"caption\":\"Ant\u00f3nio Costa\"},{\"@type\":\"BreadcrumbList\",\"@id\":\"https:\/\/portaltela.pt\/noticias\/2026\/02\/19\/costa-ve-adesao-da-ucrania-a-ue-a-curto-prazo-sem-datas\/#breadcrumb\",\"itemListElement\":[{\"@type\":\"ListItem\",\"position\":1,\"name\":\"In\u00edcio\",\"item\":\"https:\/\/portaltela.pt\/\"},{\"@type\":\"ListItem\",\"position\":2,\"name\":\"Costa v\u00ea ades\u00e3o da Ucr\u00e2nia \u00e0 UE a curto prazo, sem datas\"}]},{\"@type\":\"WebSite\",\"@id\":\"https:\/\/portaltela.pt\/#website\",\"url\":\"https:\/\/portaltela.pt\/\",\"name\":\"Portal Tela Portugal\",\"description\":\"\",\"potentialAction\":[{\"@type\":\"SearchAction\",\"target\":{\"@type\":\"EntryPoint\",\"urlTemplate\":\"https:\/\/portaltela.pt\/?s={search_term_string}\"},\"query-input\":{\"@type\":\"PropertyValueSpecification\",\"valueRequired\":true,\"valueName\":\"search_term_string\"}}],\"inLanguage\":\"pt-PT\"},{\"@type\":\"Person\",\"@id\":\"https:\/\/portaltela.pt\/#\/schema\/person\/c4278d4a6028830caff9ee44b42d32ed\",\"name\":\"Telinha\",\"image\":{\"@type\":\"ImageObject\",\"inLanguage\":\"pt-PT\",\"@id\":\"https:\/\/portaltela.pt\/s.01k8rhncp4jt1\/2025\/11\/talking-bot-125x125.png\",\"url\":\"https:\/\/portaltela.pt\/s.01k8rhncp4jt1\/2025\/11\/talking-bot-125x125.png\",\"contentUrl\":\"https:\/\/portaltela.pt\/s.01k8rhncp4jt1\/2025\/11\/talking-bot-125x125.png\",\"caption\":\"Telinha\"},\"sameAs\":[\"https:\/\/portaltela.pt\/\"],\"url\":\"https:\/\/portaltela.pt\/por\/367410592786\/\"}]}<\/script>\n<!-- \/ Yoast SEO plugin. -->","yoast_head_json":{"title":"Costa v\u00ea ades\u00e3o da Ucr\u00e2nia \u00e0 UE a curto prazo, sem datas - Portal Tela Portugal","robots":{"index":"index","follow":"follow","max-snippet":"max-snippet:-1","max-image-preview":"max-image-preview:large","max-video-preview":"max-video-preview:-1"},"og_locale":"pt_PT","og_type":"article","og_title":"Costa v\u00ea ades\u00e3o da Ucr\u00e2nia \u00e0 UE a curto prazo, sem datas - Portal Tela Portugal","og_description":"Costa disse acreditar na ades\u00e3o da Ucr\u00e2nia \u00e0 Uni\u00e3o Europeia a curto prazo, sem indicar datas. afirmou que o processo de ades\u00e3o faz parte do pr\u00f3prio processo de paz e \u00e9 fundamental para um futuro acordo de paz. espera que as negocia\u00e7\u00f5es formais sejam abertas o mais rapidamente poss\u00edvel, sem especificar fronteiras de tempo. mostrou otimismo quanto a avan\u00e7os, mesmo diante do veto h\u00fangaro, e lembrou que a ades\u00e3o pode ser mais r\u00e1pida que em outros casos. a Ucr\u00e2nia \u00e9 pa\u00eds candidato desde junho de 2022; na lista de candidatos tamb\u00e9m constam Alb\u00e2nia, B\u00f3snia-Herzegovina, Ge\u00f3rgia, Maced\u00f3nia do Norte, Moldova, Montenegro, S\u00e9rvia, Turquia.","og_url":"https:\/\/portaltela.pt\/noticias\/2026\/02\/19\/costa-ve-adesao-da-ucrania-a-ue-a-curto-prazo-sem-datas\/","og_site_name":"Portal Tela Portugal","article_published_time":"2026-02-19T15:58:20+00:00","author":"Telinha","twitter_card":"summary_large_image","twitter_misc":{"Escrito por":"Telinha","Tempo estimado de leitura":"2 minutos"},"schema":{"@context":"https:\/\/schema.org","@graph":[{"@type":"Article","@id":"https:\/\/portaltela.pt\/noticias\/2026\/02\/19\/costa-ve-adesao-da-ucrania-a-ue-a-curto-prazo-sem-datas\/#article","isPartOf":{"@id":"https:\/\/portaltela.pt\/noticias\/2026\/02\/19\/costa-ve-adesao-da-ucrania-a-ue-a-curto-prazo-sem-datas\/"},"author":{"name":"Telinha","@id":"https:\/\/portaltela.pt\/#\/schema\/person\/c4278d4a6028830caff9ee44b42d32ed"},"headline":"Costa v\u00ea ades\u00e3o da Ucr\u00e2nia \u00e0 UE a curto prazo, sem datas","datePublished":"2026-02-19T15:58:20+00:00","mainEntityOfPage":{"@id":"https:\/\/portaltela.pt\/noticias\/2026\/02\/19\/costa-ve-adesao-da-ucrania-a-ue-a-curto-prazo-sem-datas\/"},"wordCount":389,"image":{"@id":"https:\/\/portaltela.pt\/noticias\/2026\/02\/19\/costa-ve-adesao-da-ucrania-a-ue-a-curto-prazo-sem-datas\/#primaryimage"},"thumbnailUrl":"https:\/\/portaltela.pt\/s.01k8rhncp4jt1\/2026\/02\/img_1500x1000uu2026-02-12-11-22-38-2266458-1.jpg","keywords":["ades\u00e3o","Europa","negocia\u00e7\u00f5es internacionais","pol\u00edtica internacional","Ucr\u00e2nia","Uni\u00e3o Europeia"],"articleSection":["Internacional","Not\u00edcias"],"inLanguage":"pt-PT"},{"@type":"WebPage","@id":"https:\/\/portaltela.pt\/noticias\/2026\/02\/19\/costa-ve-adesao-da-ucrania-a-ue-a-curto-prazo-sem-datas\/","url":"https:\/\/portaltela.pt\/noticias\/2026\/02\/19\/costa-ve-adesao-da-ucrania-a-ue-a-curto-prazo-sem-datas\/","name":"Costa v\u00ea ades\u00e3o da Ucr\u00e2nia \u00e0 UE a curto prazo, sem datas - Portal Tela Portugal","isPartOf":{"@id":"https:\/\/portaltela.pt\/#website"},"primaryImageOfPage":{"@id":"https:\/\/portaltela.pt\/noticias\/2026\/02\/19\/costa-ve-adesao-da-ucrania-a-ue-a-curto-prazo-sem-datas\/#primaryimage"},"image":{"@id":"https:\/\/portaltela.pt\/noticias\/2026\/02\/19\/costa-ve-adesao-da-ucrania-a-ue-a-curto-prazo-sem-datas\/#primaryimage"},"thumbnailUrl":"https:\/\/portaltela.pt\/s.01k8rhncp4jt1\/2026\/02\/img_1500x1000uu2026-02-12-11-22-38-2266458-1.jpg","datePublished":"2026-02-19T15:58:20+00:00","author":{"@id":"https:\/\/portaltela.pt\/#\/schema\/person\/c4278d4a6028830caff9ee44b42d32ed"},"breadcrumb":{"@id":"https:\/\/portaltela.pt\/noticias\/2026\/02\/19\/costa-ve-adesao-da-ucrania-a-ue-a-curto-prazo-sem-datas\/#breadcrumb"},"inLanguage":"pt-PT","potentialAction":[{"@type":"ReadAction","target":["https:\/\/portaltela.pt\/noticias\/2026\/02\/19\/costa-ve-adesao-da-ucrania-a-ue-a-curto-prazo-sem-datas\/"]}]},{"@type":"ImageObject","inLanguage":"pt-PT","@id":"https:\/\/portaltela.pt\/noticias\/2026\/02\/19\/costa-ve-adesao-da-ucrania-a-ue-a-curto-prazo-sem-datas\/#primaryimage","url":"https:\/\/portaltela.pt\/s.01k8rhncp4jt1\/2026\/02\/img_1500x1000uu2026-02-12-11-22-38-2266458-1.jpg","contentUrl":"https:\/\/portaltela.pt\/s.01k8rhncp4jt1\/2026\/02\/img_1500x1000uu2026-02-12-11-22-38-2266458-1.jpg","width":1500,"height":1000,"caption":"Ant\u00f3nio Costa"},{"@type":"BreadcrumbList","@id":"https:\/\/portaltela.pt\/noticias\/2026\/02\/19\/costa-ve-adesao-da-ucrania-a-ue-a-curto-prazo-sem-datas\/#breadcrumb","itemListElement":[{"@type":"ListItem","position":1,"name":"In\u00edcio","item":"https:\/\/portaltela.pt\/"},{"@type":"ListItem","position":2,"name":"Costa v\u00ea ades\u00e3o da Ucr\u00e2nia \u00e0 UE a curto prazo, sem datas"}]},{"@type":"WebSite","@id":"https:\/\/portaltela.pt\/#website","url":"https:\/\/portaltela.pt\/","name":"Portal Tela Portugal","description":"","potentialAction":[{"@type":"SearchAction","target":{"@type":"EntryPoint","urlTemplate":"https:\/\/portaltela.pt\/?s={search_term_string}"},"query-input":{"@type":"PropertyValueSpecification","valueRequired":true,"valueName":"search_term_string"}}],"inLanguage":"pt-PT"},{"@type":"Person","@id":"https:\/\/portaltela.pt\/#\/schema\/person\/c4278d4a6028830caff9ee44b42d32ed","name":"Telinha","image":{"@type":"ImageObject","inLanguage":"pt-PT","@id":"https:\/\/portaltela.pt\/s.01k8rhncp4jt1\/2025\/11\/talking-bot-125x125.png","url":"https:\/\/portaltela.pt\/s.01k8rhncp4jt1\/2025\/11\/talking-bot-125x125.png","contentUrl":"https:\/\/portaltela.pt\/s.01k8rhncp4jt1\/2025\/11\/talking-bot-125x125.png","caption":"Telinha"},"sameAs":["https:\/\/portaltela.pt\/"],"url":"https:\/\/portaltela.pt\/por\/367410592786\/"}]}},"_links":{"self":[{"href":"https:\/\/portaltela.pt\/api\/wp\/v2\/posts\/217741","targetHints":{"allow":["GET"]}}],"collection":[{"href":"https:\/\/portaltela.pt\/api\/wp\/v2\/posts"}],"about":[{"href":"https:\/\/portaltela.pt\/api\/wp\/v2\/types\/post"}],"author":[{"embeddable":true,"href":"https:\/\/portaltela.pt\/api\/wp\/v2\/users\/2"}],"replies":[{"embeddable":true,"href":"https:\/\/portaltela.pt\/api\/wp\/v2\/comments?post=217741"}],"version-history":[{"count":0,"href":"https:\/\/portaltela.pt\/api\/wp\/v2\/posts\/217741\/revisions"}],"wp:featuredmedia":[{"embeddable":true,"href":"https:\/\/portaltela.pt\/api\/wp\/v2\/media\/217743"}],"wp:attachment":[{"href":"https:\/\/portaltela.pt\/api\/wp\/v2\/media?parent=217741"}],"wp:term":[{"taxonomy":"category","embeddable":true,"href":"https:\/\/portaltela.pt\/api\/wp\/v2\/categories?post=217741"},{"taxonomy":"post_tag","embeddable":true,"href":"https:\/\/portaltela.pt\/api\/wp\/v2\/tags?post=217741"}],"curies":[{"name":"wp","href":"https:\/\/api.w.org\/{rel}","templated":true}]}}