{"id":217735,"date":"2026-02-19T12:49:00","date_gmt":"2026-02-19T15:49:00","guid":{"rendered":"https:\/\/portaltela.pt\/noticias\/2026\/02\/19\/liliana-oliveira-comenta-fim-do-relacionamento-entre-marco-costa-e-carolina-pinto\/"},"modified":"2026-02-19T12:49:00","modified_gmt":"2026-02-19T15:49:00","slug":"liliana-oliveira-comenta-fim-do-relacionamento-entre-marco-costa-e-carolina-pinto","status":"publish","type":"post","link":"https:\/\/portaltela.pt\/noticias\/2026\/02\/19\/liliana-oliveira-comenta-fim-do-relacionamento-entre-marco-costa-e-carolina-pinto\/","title":{"rendered":"Liliana Oliveira comenta fim do relacionamento entre Marco Costa e Carolina Pinto"},"content":{"rendered":"<p>Casal anunciou, nas redes sociais, que terminou o relacionamento. Marco Costa e Carolina Pinto n\u00e3o forneceram detalhes adicionais sobre a separa\u00e7\u00e3o.<\/p>\n<p>Liliana Oliveira reagiu, afirmando que os dois s\u00e3o excelentes pais, mantendo o tom de apoio p\u00fablico \u00e0 situa\u00e7\u00e3o. A coment\u00e1rio foi partilhado ap\u00f3s o an\u00fancio do fim da rela\u00e7\u00e3o.<\/p>\n<p>N\u00e3o foram dados esclarecimentos sobre as raz\u00f5es da separa\u00e7\u00e3o nem sobre eventuais acordos entre as partes. A informa\u00e7\u00e3o dispon\u00edvel limita-se ao an\u00fancio nas redes sociais e \u00e0 resposta de Liliana Oliveira.<\/p>\n","protected":false},"excerpt":{"rendered":"<ul>\n<li>Liliana Oliveira afirmou que os dois s\u00e3o excelentes pais, comentando o t\u00e9rmino do relacionamento entre Marco Costa e Carolina Pinto.<\/li>\n<li>O casal confirmou nas redes sociais que terminou a rela\u00e7\u00e3o.<\/li>\n<li>N\u00e3o foram divulgados detalhes adicionais sobre as raz\u00f5es do t\u00e9rmino.<\/li>\n<\/ul>\n","protected":false},"author":2,"featured_media":217736,"comment_status":"closed","ping_status":"closed","sticky":false,"template":"","format":"standard","meta":{"footnotes":""},"categories":[12,1],"tags":[5494,64,6134,41,210,5661],"class_list":["post-217735","post","type-post","status-publish","format-standard","has-post-thumbnail","hentry","category-entretenimento","category-noticias","tag-casais","tag-familia","tag-liliana-oliveira","tag-noticia","tag-pais","tag-pessoas-publicas"],"yoast_head":"<!-- This site is optimized with the Yoast SEO plugin v27.2 - https:\/\/yoast.com\/product\/yoast-seo-wordpress\/ -->\n<title>Liliana Oliveira comenta fim do relacionamento entre Marco Costa e Carolina Pinto - Portal Tela Portugal<\/title>\n<meta name=\"robots\" content=\"index, follow, max-snippet:-1, max-image-preview:large, max-video-preview:-1\" \/>\n<meta property=\"og:locale\" content=\"pt_PT\" \/>\n<meta property=\"og:type\" content=\"article\" \/>\n<meta property=\"og:title\" content=\"Liliana Oliveira comenta fim do relacionamento entre Marco Costa e Carolina Pinto - Portal Tela Portugal\" \/>\n<meta property=\"og:description\" content=\"Liliana Oliveira afirmou que os dois s\u00e3o excelentes pais, comentando o t\u00e9rmino do relacionamento entre Marco Costa e Carolina Pinto. O casal confirmou nas redes sociais que terminou a rela\u00e7\u00e3o. N\u00e3o foram divulgados detalhes adicionais sobre as raz\u00f5es do t\u00e9rmino.\" \/>\n<meta property=\"og:url\" content=\"https:\/\/portaltela.pt\/noticias\/2026\/02\/19\/liliana-oliveira-comenta-fim-do-relacionamento-entre-marco-costa-e-carolina-pinto\/\" \/>\n<meta property=\"og:site_name\" content=\"Portal Tela Portugal\" \/>\n<meta property=\"article:published_time\" content=\"2026-02-19T15:49:00+00:00\" \/>\n<meta name=\"author\" content=\"Telinha\" \/>\n<meta name=\"twitter:card\" content=\"summary_large_image\" \/>\n<meta name=\"twitter:label1\" content=\"Escrito por\" \/>\n\t<meta name=\"twitter:data1\" content=\"Telinha\" \/>\n<script type=\"application\/ld+json\" class=\"yoast-schema-graph\">{\"@context\":\"https:\/\/schema.org\",\"@graph\":[{\"@type\":\"Article\",\"@id\":\"https:\/\/portaltela.pt\/noticias\/2026\/02\/19\/liliana-oliveira-comenta-fim-do-relacionamento-entre-marco-costa-e-carolina-pinto\/#article\",\"isPartOf\":{\"@id\":\"https:\/\/portaltela.pt\/noticias\/2026\/02\/19\/liliana-oliveira-comenta-fim-do-relacionamento-entre-marco-costa-e-carolina-pinto\/\"},\"author\":{\"name\":\"Telinha\",\"@id\":\"https:\/\/portaltela.pt\/#\/schema\/person\/c4278d4a6028830caff9ee44b42d32ed\"},\"headline\":\"Liliana Oliveira comenta fim do relacionamento entre Marco Costa e Carolina Pinto\",\"datePublished\":\"2026-02-19T15:49:00+00:00\",\"mainEntityOfPage\":{\"@id\":\"https:\/\/portaltela.pt\/noticias\/2026\/02\/19\/liliana-oliveira-comenta-fim-do-relacionamento-entre-marco-costa-e-carolina-pinto\/\"},\"wordCount\":106,\"image\":{\"@id\":\"https:\/\/portaltela.pt\/noticias\/2026\/02\/19\/liliana-oliveira-comenta-fim-do-relacionamento-entre-marco-costa-e-carolina-pinto\/#primaryimage\"},\"thumbnailUrl\":\"https:\/\/portaltela.pt\/s.01k8rhncp4jt1\/2026\/02\/img_1280x722uu2026-02-19-15-48-58-2267733.jpg\",\"keywords\":[\"casais\",\"fam\u00edlia\",\"Liliana Oliveira\",\"not\u00edcia\",\"pais\",\"pessoas p\u00fablicas\"],\"articleSection\":[\"Entretenimento\",\"Not\u00edcias\"],\"inLanguage\":\"pt-PT\"},{\"@type\":\"WebPage\",\"@id\":\"https:\/\/portaltela.pt\/noticias\/2026\/02\/19\/liliana-oliveira-comenta-fim-do-relacionamento-entre-marco-costa-e-carolina-pinto\/\",\"url\":\"https:\/\/portaltela.pt\/noticias\/2026\/02\/19\/liliana-oliveira-comenta-fim-do-relacionamento-entre-marco-costa-e-carolina-pinto\/\",\"name\":\"Liliana Oliveira comenta fim do relacionamento entre Marco Costa e Carolina Pinto - Portal Tela Portugal\",\"isPartOf\":{\"@id\":\"https:\/\/portaltela.pt\/#website\"},\"primaryImageOfPage\":{\"@id\":\"https:\/\/portaltela.pt\/noticias\/2026\/02\/19\/liliana-oliveira-comenta-fim-do-relacionamento-entre-marco-costa-e-carolina-pinto\/#primaryimage\"},\"image\":{\"@id\":\"https:\/\/portaltela.pt\/noticias\/2026\/02\/19\/liliana-oliveira-comenta-fim-do-relacionamento-entre-marco-costa-e-carolina-pinto\/#primaryimage\"},\"thumbnailUrl\":\"https:\/\/portaltela.pt\/s.01k8rhncp4jt1\/2026\/02\/img_1280x722uu2026-02-19-15-48-58-2267733.jpg\",\"datePublished\":\"2026-02-19T15:49:00+00:00\",\"author\":{\"@id\":\"https:\/\/portaltela.pt\/#\/schema\/person\/c4278d4a6028830caff9ee44b42d32ed\"},\"breadcrumb\":{\"@id\":\"https:\/\/portaltela.pt\/noticias\/2026\/02\/19\/liliana-oliveira-comenta-fim-do-relacionamento-entre-marco-costa-e-carolina-pinto\/#breadcrumb\"},\"inLanguage\":\"pt-PT\",\"potentialAction\":[{\"@type\":\"ReadAction\",\"target\":[\"https:\/\/portaltela.pt\/noticias\/2026\/02\/19\/liliana-oliveira-comenta-fim-do-relacionamento-entre-marco-costa-e-carolina-pinto\/\"]}]},{\"@type\":\"ImageObject\",\"inLanguage\":\"pt-PT\",\"@id\":\"https:\/\/portaltela.pt\/noticias\/2026\/02\/19\/liliana-oliveira-comenta-fim-do-relacionamento-entre-marco-costa-e-carolina-pinto\/#primaryimage\",\"url\":\"https:\/\/portaltela.pt\/s.01k8rhncp4jt1\/2026\/02\/img_1280x722uu2026-02-19-15-48-58-2267733.jpg\",\"contentUrl\":\"https:\/\/portaltela.pt\/s.01k8rhncp4jt1\/2026\/02\/img_1280x722uu2026-02-19-15-48-58-2267733.jpg\",\"width\":1280,\"height\":722,\"caption\":\"Photo\"},{\"@type\":\"BreadcrumbList\",\"@id\":\"https:\/\/portaltela.pt\/noticias\/2026\/02\/19\/liliana-oliveira-comenta-fim-do-relacionamento-entre-marco-costa-e-carolina-pinto\/#breadcrumb\",\"itemListElement\":[{\"@type\":\"ListItem\",\"position\":1,\"name\":\"In\u00edcio\",\"item\":\"https:\/\/portaltela.pt\/\"},{\"@type\":\"ListItem\",\"position\":2,\"name\":\"Liliana Oliveira comenta fim do relacionamento entre Marco Costa e Carolina Pinto\"}]},{\"@type\":\"WebSite\",\"@id\":\"https:\/\/portaltela.pt\/#website\",\"url\":\"https:\/\/portaltela.pt\/\",\"name\":\"Portal Tela Portugal\",\"description\":\"\",\"potentialAction\":[{\"@type\":\"SearchAction\",\"target\":{\"@type\":\"EntryPoint\",\"urlTemplate\":\"https:\/\/portaltela.pt\/?s={search_term_string}\"},\"query-input\":{\"@type\":\"PropertyValueSpecification\",\"valueRequired\":true,\"valueName\":\"search_term_string\"}}],\"inLanguage\":\"pt-PT\"},{\"@type\":\"Person\",\"@id\":\"https:\/\/portaltela.pt\/#\/schema\/person\/c4278d4a6028830caff9ee44b42d32ed\",\"name\":\"Telinha\",\"image\":{\"@type\":\"ImageObject\",\"inLanguage\":\"pt-PT\",\"@id\":\"https:\/\/portaltela.pt\/s.01k8rhncp4jt1\/2025\/11\/talking-bot-125x125.png\",\"url\":\"https:\/\/portaltela.pt\/s.01k8rhncp4jt1\/2025\/11\/talking-bot-125x125.png\",\"contentUrl\":\"https:\/\/portaltela.pt\/s.01k8rhncp4jt1\/2025\/11\/talking-bot-125x125.png\",\"caption\":\"Telinha\"},\"sameAs\":[\"https:\/\/portaltela.pt\/\"],\"url\":\"https:\/\/portaltela.pt\/por\/367410592786\/\"}]}<\/script>\n<!-- \/ Yoast SEO plugin. -->","yoast_head_json":{"title":"Liliana Oliveira comenta fim do relacionamento entre Marco Costa e Carolina Pinto - Portal Tela Portugal","robots":{"index":"index","follow":"follow","max-snippet":"max-snippet:-1","max-image-preview":"max-image-preview:large","max-video-preview":"max-video-preview:-1"},"og_locale":"pt_PT","og_type":"article","og_title":"Liliana Oliveira comenta fim do relacionamento entre Marco Costa e Carolina Pinto - Portal Tela Portugal","og_description":"Liliana Oliveira afirmou que os dois s\u00e3o excelentes pais, comentando o t\u00e9rmino do relacionamento entre Marco Costa e Carolina Pinto. O casal confirmou nas redes sociais que terminou a rela\u00e7\u00e3o. N\u00e3o foram divulgados detalhes adicionais sobre as raz\u00f5es do t\u00e9rmino.","og_url":"https:\/\/portaltela.pt\/noticias\/2026\/02\/19\/liliana-oliveira-comenta-fim-do-relacionamento-entre-marco-costa-e-carolina-pinto\/","og_site_name":"Portal Tela Portugal","article_published_time":"2026-02-19T15:49:00+00:00","author":"Telinha","twitter_card":"summary_large_image","twitter_misc":{"Escrito por":"Telinha"},"schema":{"@context":"https:\/\/schema.org","@graph":[{"@type":"Article","@id":"https:\/\/portaltela.pt\/noticias\/2026\/02\/19\/liliana-oliveira-comenta-fim-do-relacionamento-entre-marco-costa-e-carolina-pinto\/#article","isPartOf":{"@id":"https:\/\/portaltela.pt\/noticias\/2026\/02\/19\/liliana-oliveira-comenta-fim-do-relacionamento-entre-marco-costa-e-carolina-pinto\/"},"author":{"name":"Telinha","@id":"https:\/\/portaltela.pt\/#\/schema\/person\/c4278d4a6028830caff9ee44b42d32ed"},"headline":"Liliana Oliveira comenta fim do relacionamento entre Marco Costa e Carolina Pinto","datePublished":"2026-02-19T15:49:00+00:00","mainEntityOfPage":{"@id":"https:\/\/portaltela.pt\/noticias\/2026\/02\/19\/liliana-oliveira-comenta-fim-do-relacionamento-entre-marco-costa-e-carolina-pinto\/"},"wordCount":106,"image":{"@id":"https:\/\/portaltela.pt\/noticias\/2026\/02\/19\/liliana-oliveira-comenta-fim-do-relacionamento-entre-marco-costa-e-carolina-pinto\/#primaryimage"},"thumbnailUrl":"https:\/\/portaltela.pt\/s.01k8rhncp4jt1\/2026\/02\/img_1280x722uu2026-02-19-15-48-58-2267733.jpg","keywords":["casais","fam\u00edlia","Liliana Oliveira","not\u00edcia","pais","pessoas p\u00fablicas"],"articleSection":["Entretenimento","Not\u00edcias"],"inLanguage":"pt-PT"},{"@type":"WebPage","@id":"https:\/\/portaltela.pt\/noticias\/2026\/02\/19\/liliana-oliveira-comenta-fim-do-relacionamento-entre-marco-costa-e-carolina-pinto\/","url":"https:\/\/portaltela.pt\/noticias\/2026\/02\/19\/liliana-oliveira-comenta-fim-do-relacionamento-entre-marco-costa-e-carolina-pinto\/","name":"Liliana Oliveira comenta fim do relacionamento entre Marco Costa e Carolina Pinto - Portal Tela Portugal","isPartOf":{"@id":"https:\/\/portaltela.pt\/#website"},"primaryImageOfPage":{"@id":"https:\/\/portaltela.pt\/noticias\/2026\/02\/19\/liliana-oliveira-comenta-fim-do-relacionamento-entre-marco-costa-e-carolina-pinto\/#primaryimage"},"image":{"@id":"https:\/\/portaltela.pt\/noticias\/2026\/02\/19\/liliana-oliveira-comenta-fim-do-relacionamento-entre-marco-costa-e-carolina-pinto\/#primaryimage"},"thumbnailUrl":"https:\/\/portaltela.pt\/s.01k8rhncp4jt1\/2026\/02\/img_1280x722uu2026-02-19-15-48-58-2267733.jpg","datePublished":"2026-02-19T15:49:00+00:00","author":{"@id":"https:\/\/portaltela.pt\/#\/schema\/person\/c4278d4a6028830caff9ee44b42d32ed"},"breadcrumb":{"@id":"https:\/\/portaltela.pt\/noticias\/2026\/02\/19\/liliana-oliveira-comenta-fim-do-relacionamento-entre-marco-costa-e-carolina-pinto\/#breadcrumb"},"inLanguage":"pt-PT","potentialAction":[{"@type":"ReadAction","target":["https:\/\/portaltela.pt\/noticias\/2026\/02\/19\/liliana-oliveira-comenta-fim-do-relacionamento-entre-marco-costa-e-carolina-pinto\/"]}]},{"@type":"ImageObject","inLanguage":"pt-PT","@id":"https:\/\/portaltela.pt\/noticias\/2026\/02\/19\/liliana-oliveira-comenta-fim-do-relacionamento-entre-marco-costa-e-carolina-pinto\/#primaryimage","url":"https:\/\/portaltela.pt\/s.01k8rhncp4jt1\/2026\/02\/img_1280x722uu2026-02-19-15-48-58-2267733.jpg","contentUrl":"https:\/\/portaltela.pt\/s.01k8rhncp4jt1\/2026\/02\/img_1280x722uu2026-02-19-15-48-58-2267733.jpg","width":1280,"height":722,"caption":"Photo"},{"@type":"BreadcrumbList","@id":"https:\/\/portaltela.pt\/noticias\/2026\/02\/19\/liliana-oliveira-comenta-fim-do-relacionamento-entre-marco-costa-e-carolina-pinto\/#breadcrumb","itemListElement":[{"@type":"ListItem","position":1,"name":"In\u00edcio","item":"https:\/\/portaltela.pt\/"},{"@type":"ListItem","position":2,"name":"Liliana Oliveira comenta fim do relacionamento entre Marco Costa e Carolina Pinto"}]},{"@type":"WebSite","@id":"https:\/\/portaltela.pt\/#website","url":"https:\/\/portaltela.pt\/","name":"Portal Tela Portugal","description":"","potentialAction":[{"@type":"SearchAction","target":{"@type":"EntryPoint","urlTemplate":"https:\/\/portaltela.pt\/?s={search_term_string}"},"query-input":{"@type":"PropertyValueSpecification","valueRequired":true,"valueName":"search_term_string"}}],"inLanguage":"pt-PT"},{"@type":"Person","@id":"https:\/\/portaltela.pt\/#\/schema\/person\/c4278d4a6028830caff9ee44b42d32ed","name":"Telinha","image":{"@type":"ImageObject","inLanguage":"pt-PT","@id":"https:\/\/portaltela.pt\/s.01k8rhncp4jt1\/2025\/11\/talking-bot-125x125.png","url":"https:\/\/portaltela.pt\/s.01k8rhncp4jt1\/2025\/11\/talking-bot-125x125.png","contentUrl":"https:\/\/portaltela.pt\/s.01k8rhncp4jt1\/2025\/11\/talking-bot-125x125.png","caption":"Telinha"},"sameAs":["https:\/\/portaltela.pt\/"],"url":"https:\/\/portaltela.pt\/por\/367410592786\/"}]}},"_links":{"self":[{"href":"https:\/\/portaltela.pt\/api\/wp\/v2\/posts\/217735","targetHints":{"allow":["GET"]}}],"collection":[{"href":"https:\/\/portaltela.pt\/api\/wp\/v2\/posts"}],"about":[{"href":"https:\/\/portaltela.pt\/api\/wp\/v2\/types\/post"}],"author":[{"embeddable":true,"href":"https:\/\/portaltela.pt\/api\/wp\/v2\/users\/2"}],"replies":[{"embeddable":true,"href":"https:\/\/portaltela.pt\/api\/wp\/v2\/comments?post=217735"}],"version-history":[{"count":0,"href":"https:\/\/portaltela.pt\/api\/wp\/v2\/posts\/217735\/revisions"}],"wp:featuredmedia":[{"embeddable":true,"href":"https:\/\/portaltela.pt\/api\/wp\/v2\/media\/217736"}],"wp:attachment":[{"href":"https:\/\/portaltela.pt\/api\/wp\/v2\/media?parent=217735"}],"wp:term":[{"taxonomy":"category","embeddable":true,"href":"https:\/\/portaltela.pt\/api\/wp\/v2\/categories?post=217735"},{"taxonomy":"post_tag","embeddable":true,"href":"https:\/\/portaltela.pt\/api\/wp\/v2\/tags?post=217735"}],"curies":[{"name":"wp","href":"https:\/\/api.w.org\/{rel}","templated":true}]}}