{"id":217674,"date":"2026-02-19T12:05:00","date_gmt":"2026-02-19T15:05:00","guid":{"rendered":"https:\/\/portaltela.pt\/noticias\/2026\/02\/19\/idosa-desalojada-apos-incendio-em-albergaria-a-velha\/"},"modified":"2026-02-19T12:05:00","modified_gmt":"2026-02-19T15:05:00","slug":"idosa-desalojada-apos-incendio-em-albergaria-a-velha","status":"publish","type":"post","link":"https:\/\/portaltela.pt\/noticias\/2026\/02\/19\/idosa-desalojada-apos-incendio-em-albergaria-a-velha\/","title":{"rendered":"Idosa desalojada ap\u00f3s inc\u00eandio em Albergaria-a-Velha"},"content":{"rendered":"<p>Um inc\u00eandio em Albergaria-a-Velha, no bairro das Lameirinhas, deixou uma idosa de cerca de 80 anos desalojada. O alerta foi dado \u00e0s 13h30 e os bombeiros da localidade estiveram no local de imediato. A ocorr\u00eancia foi classificada como inc\u00eandio habitacional.<\/p>\n<p>A v\u00edtima foi assistida no local e n\u00e3o necessitou de transporte para hospital. A casa perdeu condi\u00e7\u00f5es de habitabilidade, tornando necess\u00e1rio alojamento tempor\u00e1rio para a idosa.<\/p>\n<p>A GNR de Albergaria-a-Velha foi mobilizada para o local, paralelamente ao apoio j\u00e1 assegurado pelos servi\u00e7os sociais da autarquia, que providenciam alojamento tempor\u00e1rio para a mulher.<\/p>\n<h3>Interven\u00e7\u00e3o e Apoio Social<\/h3>\n<p>As autoridades continuam a averiguar as causas do inc\u00eandio, sem informa\u00e7\u00e3o oficial sobre o que o provocou. A atua\u00e7\u00e3o conjunta entre bombeiros, GNR e servi\u00e7os sociais visa garantir apoio imediato e continuidade de acolhimento.<\/p>\n","protected":false},"excerpt":{"rendered":"<ul>\n<li>Uma idosa de cerca de 80 anos ficou desalojada ap\u00f3s um inc\u00eandio numa casa no bairro das Lameirinhas, em Albergaria-a-Velha.<\/li>\n<li>O alerta foi dado \u00e0s cerca de 13h30, mobilizando os bombeiros de Albergaria-a-Velha para o incidente.<\/li>\n<li>A mulher foi assistida no local e n\u00e3o foi transportada para o hospital.<\/li>\n<li>A habita\u00e7\u00e3o ficou sem condi\u00e7\u00f5es de habitabilidade.<\/li>\n<li>A idosa est\u00e1 a receber apoio dos servi\u00e7os sociais da autarquia, com alojamento tempor\u00e1rio; a GNR de Albergaria-a-Velha foi mobilizada para o local.<\/li>\n<\/ul>\n","protected":false},"author":2,"featured_media":217679,"comment_status":"closed","ping_status":"closed","sticky":false,"template":"","format":"standard","meta":{"footnotes":""},"categories":[1],"tags":[2980,1211,3004,150,1438,5310],"class_list":["post-217674","post","type-post","status-publish","format-standard","has-post-thumbnail","hentry","category-noticias","tag-albergaria-a-velha","tag-apoio-social","tag-desalojados","tag-habitacao","tag-incendio","tag-servicos-sociais"],"yoast_head":"<!-- This site is optimized with the Yoast SEO plugin v27.2 - https:\/\/yoast.com\/product\/yoast-seo-wordpress\/ -->\n<title>Idosa desalojada ap\u00f3s inc\u00eandio em Albergaria-a-Velha - Portal Tela Portugal<\/title>\n<meta name=\"robots\" content=\"index, follow, max-snippet:-1, max-image-preview:large, max-video-preview:-1\" \/>\n<meta property=\"og:locale\" content=\"pt_PT\" \/>\n<meta property=\"og:type\" content=\"article\" \/>\n<meta property=\"og:title\" content=\"Idosa desalojada ap\u00f3s inc\u00eandio em Albergaria-a-Velha - Portal Tela Portugal\" \/>\n<meta property=\"og:description\" content=\"Uma idosa de cerca de 80 anos ficou desalojada ap\u00f3s um inc\u00eandio numa casa no bairro das Lameirinhas, em Albergaria-a-Velha. O alerta foi dado \u00e0s cerca de 13h30, mobilizando os bombeiros de Albergaria-a-Velha para o incidente. A mulher foi assistida no local e n\u00e3o foi transportada para o hospital. A habita\u00e7\u00e3o ficou sem condi\u00e7\u00f5es de habitabilidade. A idosa est\u00e1 a receber apoio dos servi\u00e7os sociais da autarquia, com alojamento tempor\u00e1rio; a GNR de Albergaria-a-Velha foi mobilizada para o local.\" \/>\n<meta property=\"og:url\" content=\"https:\/\/portaltela.pt\/noticias\/2026\/02\/19\/idosa-desalojada-apos-incendio-em-albergaria-a-velha\/\" \/>\n<meta property=\"og:site_name\" content=\"Portal Tela Portugal\" \/>\n<meta property=\"article:published_time\" content=\"2026-02-19T15:05:00+00:00\" \/>\n<meta name=\"author\" content=\"Telinha\" \/>\n<meta name=\"twitter:card\" content=\"summary_large_image\" \/>\n<meta name=\"twitter:label1\" content=\"Escrito por\" \/>\n\t<meta name=\"twitter:data1\" content=\"Telinha\" \/>\n\t<meta name=\"twitter:label2\" content=\"Tempo estimado de leitura\" \/>\n\t<meta name=\"twitter:data2\" content=\"1 minuto\" \/>\n<script type=\"application\/ld+json\" class=\"yoast-schema-graph\">{\"@context\":\"https:\/\/schema.org\",\"@graph\":[{\"@type\":\"Article\",\"@id\":\"https:\/\/portaltela.pt\/noticias\/2026\/02\/19\/idosa-desalojada-apos-incendio-em-albergaria-a-velha\/#article\",\"isPartOf\":{\"@id\":\"https:\/\/portaltela.pt\/noticias\/2026\/02\/19\/idosa-desalojada-apos-incendio-em-albergaria-a-velha\/\"},\"author\":{\"name\":\"Telinha\",\"@id\":\"https:\/\/portaltela.pt\/#\/schema\/person\/c4278d4a6028830caff9ee44b42d32ed\"},\"headline\":\"Idosa desalojada ap\u00f3s inc\u00eandio em Albergaria-a-Velha\",\"datePublished\":\"2026-02-19T15:05:00+00:00\",\"mainEntityOfPage\":{\"@id\":\"https:\/\/portaltela.pt\/noticias\/2026\/02\/19\/idosa-desalojada-apos-incendio-em-albergaria-a-velha\/\"},\"wordCount\":152,\"image\":{\"@id\":\"https:\/\/portaltela.pt\/noticias\/2026\/02\/19\/idosa-desalojada-apos-incendio-em-albergaria-a-velha\/#primaryimage\"},\"thumbnailUrl\":\"https:\/\/portaltela.pt\/s.01k8rhncp4jt1\/2026\/02\/img_1500x1000uu2016-10-13-17-38-00-569529-6.jpg\",\"keywords\":[\"Albergaria-a-Velha\",\"Apoio Social\",\"desalojados\",\"habita\u00e7\u00e3o\",\"inc\u00eandio\",\"servi\u00e7os sociais\"],\"articleSection\":[\"Not\u00edcias\"],\"inLanguage\":\"pt-PT\"},{\"@type\":\"WebPage\",\"@id\":\"https:\/\/portaltela.pt\/noticias\/2026\/02\/19\/idosa-desalojada-apos-incendio-em-albergaria-a-velha\/\",\"url\":\"https:\/\/portaltela.pt\/noticias\/2026\/02\/19\/idosa-desalojada-apos-incendio-em-albergaria-a-velha\/\",\"name\":\"Idosa desalojada ap\u00f3s inc\u00eandio em Albergaria-a-Velha - Portal Tela Portugal\",\"isPartOf\":{\"@id\":\"https:\/\/portaltela.pt\/#website\"},\"primaryImageOfPage\":{\"@id\":\"https:\/\/portaltela.pt\/noticias\/2026\/02\/19\/idosa-desalojada-apos-incendio-em-albergaria-a-velha\/#primaryimage\"},\"image\":{\"@id\":\"https:\/\/portaltela.pt\/noticias\/2026\/02\/19\/idosa-desalojada-apos-incendio-em-albergaria-a-velha\/#primaryimage\"},\"thumbnailUrl\":\"https:\/\/portaltela.pt\/s.01k8rhncp4jt1\/2026\/02\/img_1500x1000uu2016-10-13-17-38-00-569529-6.jpg\",\"datePublished\":\"2026-02-19T15:05:00+00:00\",\"author\":{\"@id\":\"https:\/\/portaltela.pt\/#\/schema\/person\/c4278d4a6028830caff9ee44b42d32ed\"},\"breadcrumb\":{\"@id\":\"https:\/\/portaltela.pt\/noticias\/2026\/02\/19\/idosa-desalojada-apos-incendio-em-albergaria-a-velha\/#breadcrumb\"},\"inLanguage\":\"pt-PT\",\"potentialAction\":[{\"@type\":\"ReadAction\",\"target\":[\"https:\/\/portaltela.pt\/noticias\/2026\/02\/19\/idosa-desalojada-apos-incendio-em-albergaria-a-velha\/\"]}]},{\"@type\":\"ImageObject\",\"inLanguage\":\"pt-PT\",\"@id\":\"https:\/\/portaltela.pt\/noticias\/2026\/02\/19\/idosa-desalojada-apos-incendio-em-albergaria-a-velha\/#primaryimage\",\"url\":\"https:\/\/portaltela.pt\/s.01k8rhncp4jt1\/2026\/02\/img_1500x1000uu2016-10-13-17-38-00-569529-6.jpg\",\"contentUrl\":\"https:\/\/portaltela.pt\/s.01k8rhncp4jt1\/2026\/02\/img_1500x1000uu2016-10-13-17-38-00-569529-6.jpg\",\"width\":796,\"height\":448,\"caption\":\"bombeiros\"},{\"@type\":\"BreadcrumbList\",\"@id\":\"https:\/\/portaltela.pt\/noticias\/2026\/02\/19\/idosa-desalojada-apos-incendio-em-albergaria-a-velha\/#breadcrumb\",\"itemListElement\":[{\"@type\":\"ListItem\",\"position\":1,\"name\":\"In\u00edcio\",\"item\":\"https:\/\/portaltela.pt\/\"},{\"@type\":\"ListItem\",\"position\":2,\"name\":\"Idosa desalojada ap\u00f3s inc\u00eandio em Albergaria-a-Velha\"}]},{\"@type\":\"WebSite\",\"@id\":\"https:\/\/portaltela.pt\/#website\",\"url\":\"https:\/\/portaltela.pt\/\",\"name\":\"Portal Tela Portugal\",\"description\":\"\",\"potentialAction\":[{\"@type\":\"SearchAction\",\"target\":{\"@type\":\"EntryPoint\",\"urlTemplate\":\"https:\/\/portaltela.pt\/?s={search_term_string}\"},\"query-input\":{\"@type\":\"PropertyValueSpecification\",\"valueRequired\":true,\"valueName\":\"search_term_string\"}}],\"inLanguage\":\"pt-PT\"},{\"@type\":\"Person\",\"@id\":\"https:\/\/portaltela.pt\/#\/schema\/person\/c4278d4a6028830caff9ee44b42d32ed\",\"name\":\"Telinha\",\"image\":{\"@type\":\"ImageObject\",\"inLanguage\":\"pt-PT\",\"@id\":\"https:\/\/portaltela.pt\/s.01k8rhncp4jt1\/2025\/11\/talking-bot-125x125.png\",\"url\":\"https:\/\/portaltela.pt\/s.01k8rhncp4jt1\/2025\/11\/talking-bot-125x125.png\",\"contentUrl\":\"https:\/\/portaltela.pt\/s.01k8rhncp4jt1\/2025\/11\/talking-bot-125x125.png\",\"caption\":\"Telinha\"},\"sameAs\":[\"https:\/\/portaltela.pt\/\"],\"url\":\"https:\/\/portaltela.pt\/por\/367410592786\/\"}]}<\/script>\n<!-- \/ Yoast SEO plugin. -->","yoast_head_json":{"title":"Idosa desalojada ap\u00f3s inc\u00eandio em Albergaria-a-Velha - Portal Tela Portugal","robots":{"index":"index","follow":"follow","max-snippet":"max-snippet:-1","max-image-preview":"max-image-preview:large","max-video-preview":"max-video-preview:-1"},"og_locale":"pt_PT","og_type":"article","og_title":"Idosa desalojada ap\u00f3s inc\u00eandio em Albergaria-a-Velha - Portal Tela Portugal","og_description":"Uma idosa de cerca de 80 anos ficou desalojada ap\u00f3s um inc\u00eandio numa casa no bairro das Lameirinhas, em Albergaria-a-Velha. O alerta foi dado \u00e0s cerca de 13h30, mobilizando os bombeiros de Albergaria-a-Velha para o incidente. A mulher foi assistida no local e n\u00e3o foi transportada para o hospital. A habita\u00e7\u00e3o ficou sem condi\u00e7\u00f5es de habitabilidade. A idosa est\u00e1 a receber apoio dos servi\u00e7os sociais da autarquia, com alojamento tempor\u00e1rio; a GNR de Albergaria-a-Velha foi mobilizada para o local.","og_url":"https:\/\/portaltela.pt\/noticias\/2026\/02\/19\/idosa-desalojada-apos-incendio-em-albergaria-a-velha\/","og_site_name":"Portal Tela Portugal","article_published_time":"2026-02-19T15:05:00+00:00","author":"Telinha","twitter_card":"summary_large_image","twitter_misc":{"Escrito por":"Telinha","Tempo estimado de leitura":"1 minuto"},"schema":{"@context":"https:\/\/schema.org","@graph":[{"@type":"Article","@id":"https:\/\/portaltela.pt\/noticias\/2026\/02\/19\/idosa-desalojada-apos-incendio-em-albergaria-a-velha\/#article","isPartOf":{"@id":"https:\/\/portaltela.pt\/noticias\/2026\/02\/19\/idosa-desalojada-apos-incendio-em-albergaria-a-velha\/"},"author":{"name":"Telinha","@id":"https:\/\/portaltela.pt\/#\/schema\/person\/c4278d4a6028830caff9ee44b42d32ed"},"headline":"Idosa desalojada ap\u00f3s inc\u00eandio em Albergaria-a-Velha","datePublished":"2026-02-19T15:05:00+00:00","mainEntityOfPage":{"@id":"https:\/\/portaltela.pt\/noticias\/2026\/02\/19\/idosa-desalojada-apos-incendio-em-albergaria-a-velha\/"},"wordCount":152,"image":{"@id":"https:\/\/portaltela.pt\/noticias\/2026\/02\/19\/idosa-desalojada-apos-incendio-em-albergaria-a-velha\/#primaryimage"},"thumbnailUrl":"https:\/\/portaltela.pt\/s.01k8rhncp4jt1\/2026\/02\/img_1500x1000uu2016-10-13-17-38-00-569529-6.jpg","keywords":["Albergaria-a-Velha","Apoio Social","desalojados","habita\u00e7\u00e3o","inc\u00eandio","servi\u00e7os sociais"],"articleSection":["Not\u00edcias"],"inLanguage":"pt-PT"},{"@type":"WebPage","@id":"https:\/\/portaltela.pt\/noticias\/2026\/02\/19\/idosa-desalojada-apos-incendio-em-albergaria-a-velha\/","url":"https:\/\/portaltela.pt\/noticias\/2026\/02\/19\/idosa-desalojada-apos-incendio-em-albergaria-a-velha\/","name":"Idosa desalojada ap\u00f3s inc\u00eandio em Albergaria-a-Velha - Portal Tela Portugal","isPartOf":{"@id":"https:\/\/portaltela.pt\/#website"},"primaryImageOfPage":{"@id":"https:\/\/portaltela.pt\/noticias\/2026\/02\/19\/idosa-desalojada-apos-incendio-em-albergaria-a-velha\/#primaryimage"},"image":{"@id":"https:\/\/portaltela.pt\/noticias\/2026\/02\/19\/idosa-desalojada-apos-incendio-em-albergaria-a-velha\/#primaryimage"},"thumbnailUrl":"https:\/\/portaltela.pt\/s.01k8rhncp4jt1\/2026\/02\/img_1500x1000uu2016-10-13-17-38-00-569529-6.jpg","datePublished":"2026-02-19T15:05:00+00:00","author":{"@id":"https:\/\/portaltela.pt\/#\/schema\/person\/c4278d4a6028830caff9ee44b42d32ed"},"breadcrumb":{"@id":"https:\/\/portaltela.pt\/noticias\/2026\/02\/19\/idosa-desalojada-apos-incendio-em-albergaria-a-velha\/#breadcrumb"},"inLanguage":"pt-PT","potentialAction":[{"@type":"ReadAction","target":["https:\/\/portaltela.pt\/noticias\/2026\/02\/19\/idosa-desalojada-apos-incendio-em-albergaria-a-velha\/"]}]},{"@type":"ImageObject","inLanguage":"pt-PT","@id":"https:\/\/portaltela.pt\/noticias\/2026\/02\/19\/idosa-desalojada-apos-incendio-em-albergaria-a-velha\/#primaryimage","url":"https:\/\/portaltela.pt\/s.01k8rhncp4jt1\/2026\/02\/img_1500x1000uu2016-10-13-17-38-00-569529-6.jpg","contentUrl":"https:\/\/portaltela.pt\/s.01k8rhncp4jt1\/2026\/02\/img_1500x1000uu2016-10-13-17-38-00-569529-6.jpg","width":796,"height":448,"caption":"bombeiros"},{"@type":"BreadcrumbList","@id":"https:\/\/portaltela.pt\/noticias\/2026\/02\/19\/idosa-desalojada-apos-incendio-em-albergaria-a-velha\/#breadcrumb","itemListElement":[{"@type":"ListItem","position":1,"name":"In\u00edcio","item":"https:\/\/portaltela.pt\/"},{"@type":"ListItem","position":2,"name":"Idosa desalojada ap\u00f3s inc\u00eandio em Albergaria-a-Velha"}]},{"@type":"WebSite","@id":"https:\/\/portaltela.pt\/#website","url":"https:\/\/portaltela.pt\/","name":"Portal Tela Portugal","description":"","potentialAction":[{"@type":"SearchAction","target":{"@type":"EntryPoint","urlTemplate":"https:\/\/portaltela.pt\/?s={search_term_string}"},"query-input":{"@type":"PropertyValueSpecification","valueRequired":true,"valueName":"search_term_string"}}],"inLanguage":"pt-PT"},{"@type":"Person","@id":"https:\/\/portaltela.pt\/#\/schema\/person\/c4278d4a6028830caff9ee44b42d32ed","name":"Telinha","image":{"@type":"ImageObject","inLanguage":"pt-PT","@id":"https:\/\/portaltela.pt\/s.01k8rhncp4jt1\/2025\/11\/talking-bot-125x125.png","url":"https:\/\/portaltela.pt\/s.01k8rhncp4jt1\/2025\/11\/talking-bot-125x125.png","contentUrl":"https:\/\/portaltela.pt\/s.01k8rhncp4jt1\/2025\/11\/talking-bot-125x125.png","caption":"Telinha"},"sameAs":["https:\/\/portaltela.pt\/"],"url":"https:\/\/portaltela.pt\/por\/367410592786\/"}]}},"_links":{"self":[{"href":"https:\/\/portaltela.pt\/api\/wp\/v2\/posts\/217674","targetHints":{"allow":["GET"]}}],"collection":[{"href":"https:\/\/portaltela.pt\/api\/wp\/v2\/posts"}],"about":[{"href":"https:\/\/portaltela.pt\/api\/wp\/v2\/types\/post"}],"author":[{"embeddable":true,"href":"https:\/\/portaltela.pt\/api\/wp\/v2\/users\/2"}],"replies":[{"embeddable":true,"href":"https:\/\/portaltela.pt\/api\/wp\/v2\/comments?post=217674"}],"version-history":[{"count":0,"href":"https:\/\/portaltela.pt\/api\/wp\/v2\/posts\/217674\/revisions"}],"wp:featuredmedia":[{"embeddable":true,"href":"https:\/\/portaltela.pt\/api\/wp\/v2\/media\/217679"}],"wp:attachment":[{"href":"https:\/\/portaltela.pt\/api\/wp\/v2\/media?parent=217674"}],"wp:term":[{"taxonomy":"category","embeddable":true,"href":"https:\/\/portaltela.pt\/api\/wp\/v2\/categories?post=217674"},{"taxonomy":"post_tag","embeddable":true,"href":"https:\/\/portaltela.pt\/api\/wp\/v2\/tags?post=217674"}],"curies":[{"name":"wp","href":"https:\/\/api.w.org\/{rel}","templated":true}]}}