{"id":217672,"date":"2026-02-19T11:57:00","date_gmt":"2026-02-19T14:57:00","guid":{"rendered":"https:\/\/portaltela.pt\/noticias\/2026\/02\/19\/bad-bunny-sera-protagonista-de-western-caribenho\/"},"modified":"2026-02-19T11:57:00","modified_gmt":"2026-02-19T14:57:00","slug":"bad-bunny-sera-protagonista-de-western-caribenho","status":"publish","type":"post","link":"https:\/\/portaltela.pt\/noticias\/2026\/02\/19\/bad-bunny-sera-protagonista-de-western-caribenho\/","title":{"rendered":"Bad Bunny ser\u00e1 protagonista de western caribenho"},"content":{"rendered":"<p>Bad Bunny foi escolhido para protagonizar Porto Rico, o primeiro longa-metragem do rapper Residente. O filme, descrito como um drama hist\u00f3rico \u00e9pico com um toque de western caribenho, j\u00e1 tem Javier Bardem, Viggo Mortensen e Edward Norton no elenco. A produ\u00e7\u00e3o executiva est\u00e1 a cargo de Alejandro G. I\u00f1\u00e1rritu, conhecido cineasta mexicano.<\/p>\n<p>Porto Rico encontra-se em desenvolvimento desde 2023, com a data de estreia a manter-se por anunciar. O enredo junta uma narrativa hist\u00f3rica de larga escala a uma abordagem l\u00edrica, inspirada em factos reais, segundo os produtores. O gui\u00e3o \u00e9 coassinado por Residente e Alexander Dinelaris, argumentista premiado.<\/p>\n<h3>Hist\u00f3ria e protagonista<\/h3>\n<p>A narrativa centra-se em Jos\u00e9 Maldonado Rom\u00e1n, mais conhecido como \u00c1guila Blanca, revolucion\u00e1rio porto-riquenho que viveu entre 1874 e 1932. A hist\u00f3ria acompanha a transi\u00e7\u00e3o de Porto Rico do dom\u00ednio espanhol para o status de territ\u00f3rio dos Estados Unidos, ap\u00f3s a Guerra Hispano-Americana de 1898.<\/p>\n<p>Bad Bunny tem vindo a expandir o seu leque no cinema, participando j\u00e1 em t\u00edtulos como Velocidade Furiosa 9, Narcos: M\u00e9xico, Bullet Train, Caught Stealing e Happy Gilmore 2. A produ\u00e7\u00e3o assenta numa colabora\u00e7\u00e3o entre o universo musical de Residente e o cinema, com a participa\u00e7\u00e3o de grandes nomes do cinema internacional.<\/p>\n<h3>Financiamento e contexto<\/h3>\n<p>O filme \u00e9 cofinanciado pelo departamento de produ\u00e7\u00e3o cinematogr\u00e1fica da Live Nation, principal promotora de concertos a n\u00edvel global. A presen\u00e7a de uma gigante do setor de entretenimento no apoio financeiro destaca-se num projeto com foco hist\u00f3rico e internacional. Porto Rico pretende estrear uma nova vis\u00e3o sobre a hist\u00f3ria da ilha no cinema.<\/p>\n<h3>Perspetivas de produ\u00e7\u00e3o<\/h3>\n<p>Residente descreve o projeto como uma oportunidade de revisitar a hist\u00f3ria de Porto Rico com intensidade e honestidade. O filme pretende combinar grande escala com uma abordagem po\u00e9tica, refletindo a identidade e o passado colonial da ilha. A produ\u00e7\u00e3o j\u00e1 promoveu conversas sobre o legado hist\u00f3rico de Porto Rico no contexto atual.<\/p>\n","protected":false},"excerpt":{"rendered":"<ul>\n<li>Bad Bunny vai interpretar o papel principal no filme Porto Rico, de Residente, descrito como um \u201cdrama hist\u00f3rico \u00e9pico\u201d e um \u201cwestern caribenho\u201d.<\/li>\n<li>O elenco inclui Javier Bardem, Viggo Mortensen e Edward Norton; a produ\u00e7\u00e3o executiva est\u00e1 a cargo de Alejandro G. I\u00f1\u00e1rritu.<\/li>\n<li>Porto Rico est\u00e1 em desenvolvimento desde 2023 e a estreia ainda n\u00e3o foi anunciada; o argumento \u00e9 co-escrito por Residente e Alexander Dinelaris.<\/li>\n<li>A hist\u00f3ria centra-se em Jos\u00e9 Maldonado Rom\u00e1n, conhecido como \u00c1guila Blanca, revolucion\u00e1rio porto-riquenho que testemunhou a transi\u00e7\u00e3o de Porto Rico de col\u00f3nia espanhola para dom\u00ednio dos Estados Unidos.<\/li>\n<li>O filme \u00e9 cofinanciado pelo departamento de produ\u00e7\u00e3o cinematogr\u00e1fica da Live Nation, conforme anunciam os produtores.<\/li>\n<\/ul>\n","protected":false},"author":2,"featured_media":217677,"comment_status":"closed","ping_status":"closed","sticky":false,"template":"","format":"standard","meta":{"footnotes":""},"categories":[12,1],"tags":[112,4294,145,5242,2417,122],"class_list":["post-217672","post","type-post","status-publish","format-standard","has-post-thumbnail","hentry","category-entretenimento","category-noticias","tag-cinema","tag-co-producoes-internacionais","tag-cultura","tag-filmes","tag-financiamento","tag-musica"],"yoast_head":"<!-- This site is optimized with the Yoast SEO plugin v27.2 - https:\/\/yoast.com\/product\/yoast-seo-wordpress\/ -->\n<title>Bad Bunny ser\u00e1 protagonista de western caribenho - Portal Tela Portugal<\/title>\n<meta name=\"robots\" content=\"index, follow, max-snippet:-1, max-image-preview:large, max-video-preview:-1\" \/>\n<meta property=\"og:locale\" content=\"pt_PT\" \/>\n<meta property=\"og:type\" content=\"article\" \/>\n<meta property=\"og:title\" content=\"Bad Bunny ser\u00e1 protagonista de western caribenho - Portal Tela Portugal\" \/>\n<meta property=\"og:description\" content=\"Bad Bunny vai interpretar o papel principal no filme Porto Rico, de Residente, descrito como um \u201cdrama hist\u00f3rico \u00e9pico\u201d e um \u201cwestern caribenho\u201d. O elenco inclui Javier Bardem, Viggo Mortensen e Edward Norton; a produ\u00e7\u00e3o executiva est\u00e1 a cargo de Alejandro G. I\u00f1\u00e1rritu. Porto Rico est\u00e1 em desenvolvimento desde 2023 e a estreia ainda n\u00e3o foi anunciada; o argumento \u00e9 co-escrito por Residente e Alexander Dinelaris. A hist\u00f3ria centra-se em Jos\u00e9 Maldonado Rom\u00e1n, conhecido como \u00c1guila Blanca, revolucion\u00e1rio porto-riquenho que testemunhou a transi\u00e7\u00e3o de Porto Rico de col\u00f3nia espanhola para dom\u00ednio dos Estados Unidos. O filme \u00e9 cofinanciado pelo departamento de produ\u00e7\u00e3o cinematogr\u00e1fica da Live Nation, conforme anunciam os produtores.\" \/>\n<meta property=\"og:url\" content=\"https:\/\/portaltela.pt\/noticias\/2026\/02\/19\/bad-bunny-sera-protagonista-de-western-caribenho\/\" \/>\n<meta property=\"og:site_name\" content=\"Portal Tela Portugal\" \/>\n<meta property=\"article:published_time\" content=\"2026-02-19T14:57:00+00:00\" \/>\n<meta name=\"author\" content=\"Telinha\" \/>\n<meta name=\"twitter:card\" content=\"summary_large_image\" \/>\n<meta name=\"twitter:label1\" content=\"Escrito por\" \/>\n\t<meta name=\"twitter:data1\" content=\"Telinha\" \/>\n\t<meta name=\"twitter:label2\" content=\"Tempo estimado de leitura\" \/>\n\t<meta name=\"twitter:data2\" content=\"2 minutos\" \/>\n<script type=\"application\/ld+json\" class=\"yoast-schema-graph\">{\"@context\":\"https:\/\/schema.org\",\"@graph\":[{\"@type\":\"Article\",\"@id\":\"https:\/\/portaltela.pt\/noticias\/2026\/02\/19\/bad-bunny-sera-protagonista-de-western-caribenho\/#article\",\"isPartOf\":{\"@id\":\"https:\/\/portaltela.pt\/noticias\/2026\/02\/19\/bad-bunny-sera-protagonista-de-western-caribenho\/\"},\"author\":{\"name\":\"Telinha\",\"@id\":\"https:\/\/portaltela.pt\/#\/schema\/person\/c4278d4a6028830caff9ee44b42d32ed\"},\"headline\":\"Bad Bunny ser\u00e1 protagonista de western caribenho\",\"datePublished\":\"2026-02-19T14:57:00+00:00\",\"mainEntityOfPage\":{\"@id\":\"https:\/\/portaltela.pt\/noticias\/2026\/02\/19\/bad-bunny-sera-protagonista-de-western-caribenho\/\"},\"wordCount\":340,\"image\":{\"@id\":\"https:\/\/portaltela.pt\/noticias\/2026\/02\/19\/bad-bunny-sera-protagonista-de-western-caribenho\/#primaryimage\"},\"thumbnailUrl\":\"https:\/\/portaltela.pt\/s.01k8rhncp4jt1\/2026\/02\/2068282.jpg\",\"keywords\":[\"cinema\",\"co-produ\u00e7\u00f5es internacionais\",\"cultura\",\"filmes\",\"financiamento\",\"m\u00fasica\"],\"articleSection\":[\"Entretenimento\",\"Not\u00edcias\"],\"inLanguage\":\"pt-PT\"},{\"@type\":\"WebPage\",\"@id\":\"https:\/\/portaltela.pt\/noticias\/2026\/02\/19\/bad-bunny-sera-protagonista-de-western-caribenho\/\",\"url\":\"https:\/\/portaltela.pt\/noticias\/2026\/02\/19\/bad-bunny-sera-protagonista-de-western-caribenho\/\",\"name\":\"Bad Bunny ser\u00e1 protagonista de western caribenho - Portal Tela Portugal\",\"isPartOf\":{\"@id\":\"https:\/\/portaltela.pt\/#website\"},\"primaryImageOfPage\":{\"@id\":\"https:\/\/portaltela.pt\/noticias\/2026\/02\/19\/bad-bunny-sera-protagonista-de-western-caribenho\/#primaryimage\"},\"image\":{\"@id\":\"https:\/\/portaltela.pt\/noticias\/2026\/02\/19\/bad-bunny-sera-protagonista-de-western-caribenho\/#primaryimage\"},\"thumbnailUrl\":\"https:\/\/portaltela.pt\/s.01k8rhncp4jt1\/2026\/02\/2068282.jpg\",\"datePublished\":\"2026-02-19T14:57:00+00:00\",\"author\":{\"@id\":\"https:\/\/portaltela.pt\/#\/schema\/person\/c4278d4a6028830caff9ee44b42d32ed\"},\"breadcrumb\":{\"@id\":\"https:\/\/portaltela.pt\/noticias\/2026\/02\/19\/bad-bunny-sera-protagonista-de-western-caribenho\/#breadcrumb\"},\"inLanguage\":\"pt-PT\",\"potentialAction\":[{\"@type\":\"ReadAction\",\"target\":[\"https:\/\/portaltela.pt\/noticias\/2026\/02\/19\/bad-bunny-sera-protagonista-de-western-caribenho\/\"]}]},{\"@type\":\"ImageObject\",\"inLanguage\":\"pt-PT\",\"@id\":\"https:\/\/portaltela.pt\/noticias\/2026\/02\/19\/bad-bunny-sera-protagonista-de-western-caribenho\/#primaryimage\",\"url\":\"https:\/\/portaltela.pt\/s.01k8rhncp4jt1\/2026\/02\/2068282.jpg\",\"contentUrl\":\"https:\/\/portaltela.pt\/s.01k8rhncp4jt1\/2026\/02\/2068282.jpg\",\"width\":796,\"height\":448,\"caption\":\"Bad Bunny transformou o intervalo do Super Bowl numa homenagem a Porto Rico\"},{\"@type\":\"BreadcrumbList\",\"@id\":\"https:\/\/portaltela.pt\/noticias\/2026\/02\/19\/bad-bunny-sera-protagonista-de-western-caribenho\/#breadcrumb\",\"itemListElement\":[{\"@type\":\"ListItem\",\"position\":1,\"name\":\"In\u00edcio\",\"item\":\"https:\/\/portaltela.pt\/\"},{\"@type\":\"ListItem\",\"position\":2,\"name\":\"Bad Bunny ser\u00e1 protagonista de western caribenho\"}]},{\"@type\":\"WebSite\",\"@id\":\"https:\/\/portaltela.pt\/#website\",\"url\":\"https:\/\/portaltela.pt\/\",\"name\":\"Portal Tela Portugal\",\"description\":\"\",\"potentialAction\":[{\"@type\":\"SearchAction\",\"target\":{\"@type\":\"EntryPoint\",\"urlTemplate\":\"https:\/\/portaltela.pt\/?s={search_term_string}\"},\"query-input\":{\"@type\":\"PropertyValueSpecification\",\"valueRequired\":true,\"valueName\":\"search_term_string\"}}],\"inLanguage\":\"pt-PT\"},{\"@type\":\"Person\",\"@id\":\"https:\/\/portaltela.pt\/#\/schema\/person\/c4278d4a6028830caff9ee44b42d32ed\",\"name\":\"Telinha\",\"image\":{\"@type\":\"ImageObject\",\"inLanguage\":\"pt-PT\",\"@id\":\"https:\/\/portaltela.pt\/s.01k8rhncp4jt1\/2025\/11\/talking-bot-125x125.png\",\"url\":\"https:\/\/portaltela.pt\/s.01k8rhncp4jt1\/2025\/11\/talking-bot-125x125.png\",\"contentUrl\":\"https:\/\/portaltela.pt\/s.01k8rhncp4jt1\/2025\/11\/talking-bot-125x125.png\",\"caption\":\"Telinha\"},\"sameAs\":[\"https:\/\/portaltela.pt\/\"],\"url\":\"https:\/\/portaltela.pt\/por\/367410592786\/\"}]}<\/script>\n<!-- \/ Yoast SEO plugin. -->","yoast_head_json":{"title":"Bad Bunny ser\u00e1 protagonista de western caribenho - Portal Tela Portugal","robots":{"index":"index","follow":"follow","max-snippet":"max-snippet:-1","max-image-preview":"max-image-preview:large","max-video-preview":"max-video-preview:-1"},"og_locale":"pt_PT","og_type":"article","og_title":"Bad Bunny ser\u00e1 protagonista de western caribenho - Portal Tela Portugal","og_description":"Bad Bunny vai interpretar o papel principal no filme Porto Rico, de Residente, descrito como um \u201cdrama hist\u00f3rico \u00e9pico\u201d e um \u201cwestern caribenho\u201d. O elenco inclui Javier Bardem, Viggo Mortensen e Edward Norton; a produ\u00e7\u00e3o executiva est\u00e1 a cargo de Alejandro G. I\u00f1\u00e1rritu. Porto Rico est\u00e1 em desenvolvimento desde 2023 e a estreia ainda n\u00e3o foi anunciada; o argumento \u00e9 co-escrito por Residente e Alexander Dinelaris. A hist\u00f3ria centra-se em Jos\u00e9 Maldonado Rom\u00e1n, conhecido como \u00c1guila Blanca, revolucion\u00e1rio porto-riquenho que testemunhou a transi\u00e7\u00e3o de Porto Rico de col\u00f3nia espanhola para dom\u00ednio dos Estados Unidos. O filme \u00e9 cofinanciado pelo departamento de produ\u00e7\u00e3o cinematogr\u00e1fica da Live Nation, conforme anunciam os produtores.","og_url":"https:\/\/portaltela.pt\/noticias\/2026\/02\/19\/bad-bunny-sera-protagonista-de-western-caribenho\/","og_site_name":"Portal Tela Portugal","article_published_time":"2026-02-19T14:57:00+00:00","author":"Telinha","twitter_card":"summary_large_image","twitter_misc":{"Escrito por":"Telinha","Tempo estimado de leitura":"2 minutos"},"schema":{"@context":"https:\/\/schema.org","@graph":[{"@type":"Article","@id":"https:\/\/portaltela.pt\/noticias\/2026\/02\/19\/bad-bunny-sera-protagonista-de-western-caribenho\/#article","isPartOf":{"@id":"https:\/\/portaltela.pt\/noticias\/2026\/02\/19\/bad-bunny-sera-protagonista-de-western-caribenho\/"},"author":{"name":"Telinha","@id":"https:\/\/portaltela.pt\/#\/schema\/person\/c4278d4a6028830caff9ee44b42d32ed"},"headline":"Bad Bunny ser\u00e1 protagonista de western caribenho","datePublished":"2026-02-19T14:57:00+00:00","mainEntityOfPage":{"@id":"https:\/\/portaltela.pt\/noticias\/2026\/02\/19\/bad-bunny-sera-protagonista-de-western-caribenho\/"},"wordCount":340,"image":{"@id":"https:\/\/portaltela.pt\/noticias\/2026\/02\/19\/bad-bunny-sera-protagonista-de-western-caribenho\/#primaryimage"},"thumbnailUrl":"https:\/\/portaltela.pt\/s.01k8rhncp4jt1\/2026\/02\/2068282.jpg","keywords":["cinema","co-produ\u00e7\u00f5es internacionais","cultura","filmes","financiamento","m\u00fasica"],"articleSection":["Entretenimento","Not\u00edcias"],"inLanguage":"pt-PT"},{"@type":"WebPage","@id":"https:\/\/portaltela.pt\/noticias\/2026\/02\/19\/bad-bunny-sera-protagonista-de-western-caribenho\/","url":"https:\/\/portaltela.pt\/noticias\/2026\/02\/19\/bad-bunny-sera-protagonista-de-western-caribenho\/","name":"Bad Bunny ser\u00e1 protagonista de western caribenho - Portal Tela Portugal","isPartOf":{"@id":"https:\/\/portaltela.pt\/#website"},"primaryImageOfPage":{"@id":"https:\/\/portaltela.pt\/noticias\/2026\/02\/19\/bad-bunny-sera-protagonista-de-western-caribenho\/#primaryimage"},"image":{"@id":"https:\/\/portaltela.pt\/noticias\/2026\/02\/19\/bad-bunny-sera-protagonista-de-western-caribenho\/#primaryimage"},"thumbnailUrl":"https:\/\/portaltela.pt\/s.01k8rhncp4jt1\/2026\/02\/2068282.jpg","datePublished":"2026-02-19T14:57:00+00:00","author":{"@id":"https:\/\/portaltela.pt\/#\/schema\/person\/c4278d4a6028830caff9ee44b42d32ed"},"breadcrumb":{"@id":"https:\/\/portaltela.pt\/noticias\/2026\/02\/19\/bad-bunny-sera-protagonista-de-western-caribenho\/#breadcrumb"},"inLanguage":"pt-PT","potentialAction":[{"@type":"ReadAction","target":["https:\/\/portaltela.pt\/noticias\/2026\/02\/19\/bad-bunny-sera-protagonista-de-western-caribenho\/"]}]},{"@type":"ImageObject","inLanguage":"pt-PT","@id":"https:\/\/portaltela.pt\/noticias\/2026\/02\/19\/bad-bunny-sera-protagonista-de-western-caribenho\/#primaryimage","url":"https:\/\/portaltela.pt\/s.01k8rhncp4jt1\/2026\/02\/2068282.jpg","contentUrl":"https:\/\/portaltela.pt\/s.01k8rhncp4jt1\/2026\/02\/2068282.jpg","width":796,"height":448,"caption":"Bad Bunny transformou o intervalo do Super Bowl numa homenagem a Porto Rico"},{"@type":"BreadcrumbList","@id":"https:\/\/portaltela.pt\/noticias\/2026\/02\/19\/bad-bunny-sera-protagonista-de-western-caribenho\/#breadcrumb","itemListElement":[{"@type":"ListItem","position":1,"name":"In\u00edcio","item":"https:\/\/portaltela.pt\/"},{"@type":"ListItem","position":2,"name":"Bad Bunny ser\u00e1 protagonista de western caribenho"}]},{"@type":"WebSite","@id":"https:\/\/portaltela.pt\/#website","url":"https:\/\/portaltela.pt\/","name":"Portal Tela Portugal","description":"","potentialAction":[{"@type":"SearchAction","target":{"@type":"EntryPoint","urlTemplate":"https:\/\/portaltela.pt\/?s={search_term_string}"},"query-input":{"@type":"PropertyValueSpecification","valueRequired":true,"valueName":"search_term_string"}}],"inLanguage":"pt-PT"},{"@type":"Person","@id":"https:\/\/portaltela.pt\/#\/schema\/person\/c4278d4a6028830caff9ee44b42d32ed","name":"Telinha","image":{"@type":"ImageObject","inLanguage":"pt-PT","@id":"https:\/\/portaltela.pt\/s.01k8rhncp4jt1\/2025\/11\/talking-bot-125x125.png","url":"https:\/\/portaltela.pt\/s.01k8rhncp4jt1\/2025\/11\/talking-bot-125x125.png","contentUrl":"https:\/\/portaltela.pt\/s.01k8rhncp4jt1\/2025\/11\/talking-bot-125x125.png","caption":"Telinha"},"sameAs":["https:\/\/portaltela.pt\/"],"url":"https:\/\/portaltela.pt\/por\/367410592786\/"}]}},"_links":{"self":[{"href":"https:\/\/portaltela.pt\/api\/wp\/v2\/posts\/217672","targetHints":{"allow":["GET"]}}],"collection":[{"href":"https:\/\/portaltela.pt\/api\/wp\/v2\/posts"}],"about":[{"href":"https:\/\/portaltela.pt\/api\/wp\/v2\/types\/post"}],"author":[{"embeddable":true,"href":"https:\/\/portaltela.pt\/api\/wp\/v2\/users\/2"}],"replies":[{"embeddable":true,"href":"https:\/\/portaltela.pt\/api\/wp\/v2\/comments?post=217672"}],"version-history":[{"count":0,"href":"https:\/\/portaltela.pt\/api\/wp\/v2\/posts\/217672\/revisions"}],"wp:featuredmedia":[{"embeddable":true,"href":"https:\/\/portaltela.pt\/api\/wp\/v2\/media\/217677"}],"wp:attachment":[{"href":"https:\/\/portaltela.pt\/api\/wp\/v2\/media?parent=217672"}],"wp:term":[{"taxonomy":"category","embeddable":true,"href":"https:\/\/portaltela.pt\/api\/wp\/v2\/categories?post=217672"},{"taxonomy":"post_tag","embeddable":true,"href":"https:\/\/portaltela.pt\/api\/wp\/v2\/tags?post=217672"}],"curies":[{"name":"wp","href":"https:\/\/api.w.org\/{rel}","templated":true}]}}