{"id":217621,"date":"2026-02-19T11:34:00","date_gmt":"2026-02-19T14:34:00","guid":{"rendered":"https:\/\/portaltela.pt\/noticias\/2026\/02\/19\/defesa-do-mondego-solicita-congresso-sobre-o-rio-ainda-este-ano\/"},"modified":"2026-02-19T11:34:00","modified_gmt":"2026-02-19T14:34:00","slug":"defesa-do-mondego-solicita-congresso-sobre-o-rio-ainda-este-ano","status":"publish","type":"post","link":"https:\/\/portaltela.pt\/noticias\/2026\/02\/19\/defesa-do-mondego-solicita-congresso-sobre-o-rio-ainda-este-ano\/","title":{"rendered":"Defesa do Mondego solicita congresso sobre o rio ainda este ano"},"content":{"rendered":"<p>O movimento em defesa do Rio Mondego pediu \u00e0 Comiss\u00e3o de Coordena\u00e7\u00e3o e Desenvolvimento Regional do Centro que organize um congresso dedicado ao Mondego ainda este ano. A solicita\u00e7\u00e3o foi feita na quinta-feira.<\/p>\n<p>A organiza\u00e7\u00e3o justifica o pedido com as recentes inunda\u00e7\u00f5es, que destacaram fragilidades na gest\u00e3o do territ\u00f3rio na bacia do maior rio inteiramente portugu\u00eas. O grupo aponta impactos significativos nos recursos econ\u00f3micos e nas comunidades entre distritos.<\/p>\n<p>Segundo o MUNDA, a bacia hidrogr\u00e1fica do Mondego vem registando eros\u00e3o grave dos solos nas zonas que antes eram florestadas, agora incapazes de manter \u00e1gua. O fen\u00f3meno tem sido acompanhado por assoreamento acentuado em v\u00e1rios tro\u00e7os do curso do rio.<\/p>\n<p>O movimento sustenta que os eventos clim\u00e1ticos recentes evidenciam falhas estruturais na governa\u00e7\u00e3o da bacia hidrogr\u00e1fica e na capacidade de resposta das autoridades competentes. A proposta visa discutir estrat\u00e9gias de preven\u00e7\u00e3o e adapta\u00e7\u00e3o.<\/p>\n<p>A entidade tamb\u00e9m defende a partilha de dados, planos de ordenamento do territ\u00f3rio e a\u00e7\u00f5es de recupera\u00e7\u00e3o para mitigar riscos e promover a resili\u00eancia das comunidades afetadas. A ideia \u00e9 promover uma vis\u00e3o integrada da gest\u00e3o fluvial.<\/p>\n<p>N\u00e3o foram divulgadas informa\u00e7\u00f5es sobre datas, convidados ou o formato pretendido para o congresso, apenas a inten\u00e7\u00e3o de realiz\u00e1-lo ainda durante o ano corrente. O CCDR Centro ainda n\u00e3o se pronunciou sobre o pedido.<\/p>\n","protected":false},"excerpt":{"rendered":"<ul>\n<li>O MUNDA pediu \u00e0 Comiss\u00e3o de Coordena\u00e7\u00e3o e Desenvolvimento Regional do Centro para organizar um congresso sobre o Mondego ainda este ano.<\/li>\n<li>A chamada surge ap\u00f3s as recentes inunda\u00e7\u00f5es, que evidenciaram fragilidades na gest\u00e3o do territ\u00f3rio na bacia do maior rio inteiramente portugu\u00eas.<\/li>\n<li>A associa\u00e7\u00e3o diz que o fen\u00f3meno teve impacto significativo nos recursos econ\u00f3micos e nas vidas de v\u00e1rias comunidades intermunicipais.<\/li>\n<li>A bacia do Mondego tem registado grav\u00edssima eros\u00e3o dos solos em zonas antes florestadas, hoje incapazes de reter \u00e1gua.<\/li>\n<li>Observa-se ainda um acentuado assoreamento em muitos tro\u00e7os do seu percurso.<\/li>\n<\/ul>\n","protected":false},"author":2,"featured_media":217626,"comment_status":"closed","ping_status":"closed","sticky":false,"template":"","format":"standard","meta":{"footnotes":""},"categories":[1],"tags":[167,755,3147,2293,2410,1506],"class_list":["post-217621","post","type-post","status-publish","format-standard","has-post-thumbnail","hentry","category-noticias","tag-ambiente","tag-desenvolvimento-sustentavel","tag-gestao-de-recursos-hidricos","tag-inundacoes","tag-mondego","tag-ordenamento-do-territorio"],"yoast_head":"<!-- This site is optimized with the Yoast SEO plugin v27.2 - https:\/\/yoast.com\/product\/yoast-seo-wordpress\/ -->\n<title>Defesa do Mondego solicita congresso sobre o rio ainda este ano - Portal Tela Portugal<\/title>\n<meta name=\"robots\" content=\"index, follow, max-snippet:-1, max-image-preview:large, max-video-preview:-1\" \/>\n<meta property=\"og:locale\" content=\"pt_PT\" \/>\n<meta property=\"og:type\" content=\"article\" \/>\n<meta property=\"og:title\" content=\"Defesa do Mondego solicita congresso sobre o rio ainda este ano - Portal Tela Portugal\" \/>\n<meta property=\"og:description\" content=\"O MUNDA pediu \u00e0 Comiss\u00e3o de Coordena\u00e7\u00e3o e Desenvolvimento Regional do Centro para organizar um congresso sobre o Mondego ainda este ano. A chamada surge ap\u00f3s as recentes inunda\u00e7\u00f5es, que evidenciaram fragilidades na gest\u00e3o do territ\u00f3rio na bacia do maior rio inteiramente portugu\u00eas. A associa\u00e7\u00e3o diz que o fen\u00f3meno teve impacto significativo nos recursos econ\u00f3micos e nas vidas de v\u00e1rias comunidades intermunicipais. A bacia do Mondego tem registado grav\u00edssima eros\u00e3o dos solos em zonas antes florestadas, hoje incapazes de reter \u00e1gua. Observa-se ainda um acentuado assoreamento em muitos tro\u00e7os do seu percurso.\" \/>\n<meta property=\"og:url\" content=\"https:\/\/portaltela.pt\/noticias\/2026\/02\/19\/defesa-do-mondego-solicita-congresso-sobre-o-rio-ainda-este-ano\/\" \/>\n<meta property=\"og:site_name\" content=\"Portal Tela Portugal\" \/>\n<meta property=\"article:published_time\" content=\"2026-02-19T14:34:00+00:00\" \/>\n<meta name=\"author\" content=\"Telinha\" \/>\n<meta name=\"twitter:card\" content=\"summary_large_image\" \/>\n<meta name=\"twitter:label1\" content=\"Escrito por\" \/>\n\t<meta name=\"twitter:data1\" content=\"Telinha\" \/>\n\t<meta name=\"twitter:label2\" content=\"Tempo estimado de leitura\" \/>\n\t<meta name=\"twitter:data2\" content=\"1 minuto\" \/>\n<script type=\"application\/ld+json\" class=\"yoast-schema-graph\">{\"@context\":\"https:\/\/schema.org\",\"@graph\":[{\"@type\":\"Article\",\"@id\":\"https:\/\/portaltela.pt\/noticias\/2026\/02\/19\/defesa-do-mondego-solicita-congresso-sobre-o-rio-ainda-este-ano\/#article\",\"isPartOf\":{\"@id\":\"https:\/\/portaltela.pt\/noticias\/2026\/02\/19\/defesa-do-mondego-solicita-congresso-sobre-o-rio-ainda-este-ano\/\"},\"author\":{\"name\":\"Telinha\",\"@id\":\"https:\/\/portaltela.pt\/#\/schema\/person\/c4278d4a6028830caff9ee44b42d32ed\"},\"headline\":\"Defesa do Mondego solicita congresso sobre o rio ainda este ano\",\"datePublished\":\"2026-02-19T14:34:00+00:00\",\"mainEntityOfPage\":{\"@id\":\"https:\/\/portaltela.pt\/noticias\/2026\/02\/19\/defesa-do-mondego-solicita-congresso-sobre-o-rio-ainda-este-ano\/\"},\"wordCount\":254,\"image\":{\"@id\":\"https:\/\/portaltela.pt\/noticias\/2026\/02\/19\/defesa-do-mondego-solicita-congresso-sobre-o-rio-ainda-este-ano\/#primaryimage\"},\"thumbnailUrl\":\"https:\/\/portaltela.pt\/s.01k8rhncp4jt1\/2026\/02\/img_1500x1000uu2026-02-12-16-14-21-2266501.jpg\",\"keywords\":[\"ambiente\",\"desenvolvimento sustent\u00e1vel\",\"Gest\u00e3o de Recursos H\u00eddricos\",\"inunda\u00e7\u00f5es\",\"Mondego\",\"ordenamento do territ\u00f3rio\"],\"articleSection\":[\"Not\u00edcias\"],\"inLanguage\":\"pt-PT\"},{\"@type\":\"WebPage\",\"@id\":\"https:\/\/portaltela.pt\/noticias\/2026\/02\/19\/defesa-do-mondego-solicita-congresso-sobre-o-rio-ainda-este-ano\/\",\"url\":\"https:\/\/portaltela.pt\/noticias\/2026\/02\/19\/defesa-do-mondego-solicita-congresso-sobre-o-rio-ainda-este-ano\/\",\"name\":\"Defesa do Mondego solicita congresso sobre o rio ainda este ano - Portal Tela Portugal\",\"isPartOf\":{\"@id\":\"https:\/\/portaltela.pt\/#website\"},\"primaryImageOfPage\":{\"@id\":\"https:\/\/portaltela.pt\/noticias\/2026\/02\/19\/defesa-do-mondego-solicita-congresso-sobre-o-rio-ainda-este-ano\/#primaryimage\"},\"image\":{\"@id\":\"https:\/\/portaltela.pt\/noticias\/2026\/02\/19\/defesa-do-mondego-solicita-congresso-sobre-o-rio-ainda-este-ano\/#primaryimage\"},\"thumbnailUrl\":\"https:\/\/portaltela.pt\/s.01k8rhncp4jt1\/2026\/02\/img_1500x1000uu2026-02-12-16-14-21-2266501.jpg\",\"datePublished\":\"2026-02-19T14:34:00+00:00\",\"author\":{\"@id\":\"https:\/\/portaltela.pt\/#\/schema\/person\/c4278d4a6028830caff9ee44b42d32ed\"},\"breadcrumb\":{\"@id\":\"https:\/\/portaltela.pt\/noticias\/2026\/02\/19\/defesa-do-mondego-solicita-congresso-sobre-o-rio-ainda-este-ano\/#breadcrumb\"},\"inLanguage\":\"pt-PT\",\"potentialAction\":[{\"@type\":\"ReadAction\",\"target\":[\"https:\/\/portaltela.pt\/noticias\/2026\/02\/19\/defesa-do-mondego-solicita-congresso-sobre-o-rio-ainda-este-ano\/\"]}]},{\"@type\":\"ImageObject\",\"inLanguage\":\"pt-PT\",\"@id\":\"https:\/\/portaltela.pt\/noticias\/2026\/02\/19\/defesa-do-mondego-solicita-congresso-sobre-o-rio-ainda-este-ano\/#primaryimage\",\"url\":\"https:\/\/portaltela.pt\/s.01k8rhncp4jt1\/2026\/02\/img_1500x1000uu2026-02-12-16-14-21-2266501.jpg\",\"contentUrl\":\"https:\/\/portaltela.pt\/s.01k8rhncp4jt1\/2026\/02\/img_1500x1000uu2026-02-12-16-14-21-2266501.jpg\",\"width\":796,\"height\":448,\"caption\":\"Inunda\u00e7\u00f5es provocadas pelas \u00e1guas do rio Mondego em Montemor-o-Velho\"},{\"@type\":\"BreadcrumbList\",\"@id\":\"https:\/\/portaltela.pt\/noticias\/2026\/02\/19\/defesa-do-mondego-solicita-congresso-sobre-o-rio-ainda-este-ano\/#breadcrumb\",\"itemListElement\":[{\"@type\":\"ListItem\",\"position\":1,\"name\":\"In\u00edcio\",\"item\":\"https:\/\/portaltela.pt\/\"},{\"@type\":\"ListItem\",\"position\":2,\"name\":\"Defesa do Mondego solicita congresso sobre o rio ainda este ano\"}]},{\"@type\":\"WebSite\",\"@id\":\"https:\/\/portaltela.pt\/#website\",\"url\":\"https:\/\/portaltela.pt\/\",\"name\":\"Portal Tela Portugal\",\"description\":\"\",\"potentialAction\":[{\"@type\":\"SearchAction\",\"target\":{\"@type\":\"EntryPoint\",\"urlTemplate\":\"https:\/\/portaltela.pt\/?s={search_term_string}\"},\"query-input\":{\"@type\":\"PropertyValueSpecification\",\"valueRequired\":true,\"valueName\":\"search_term_string\"}}],\"inLanguage\":\"pt-PT\"},{\"@type\":\"Person\",\"@id\":\"https:\/\/portaltela.pt\/#\/schema\/person\/c4278d4a6028830caff9ee44b42d32ed\",\"name\":\"Telinha\",\"image\":{\"@type\":\"ImageObject\",\"inLanguage\":\"pt-PT\",\"@id\":\"https:\/\/portaltela.pt\/s.01k8rhncp4jt1\/2025\/11\/talking-bot-125x125.png\",\"url\":\"https:\/\/portaltela.pt\/s.01k8rhncp4jt1\/2025\/11\/talking-bot-125x125.png\",\"contentUrl\":\"https:\/\/portaltela.pt\/s.01k8rhncp4jt1\/2025\/11\/talking-bot-125x125.png\",\"caption\":\"Telinha\"},\"sameAs\":[\"https:\/\/portaltela.pt\/\"],\"url\":\"https:\/\/portaltela.pt\/por\/367410592786\/\"}]}<\/script>\n<!-- \/ Yoast SEO plugin. -->","yoast_head_json":{"title":"Defesa do Mondego solicita congresso sobre o rio ainda este ano - Portal Tela Portugal","robots":{"index":"index","follow":"follow","max-snippet":"max-snippet:-1","max-image-preview":"max-image-preview:large","max-video-preview":"max-video-preview:-1"},"og_locale":"pt_PT","og_type":"article","og_title":"Defesa do Mondego solicita congresso sobre o rio ainda este ano - Portal Tela Portugal","og_description":"O MUNDA pediu \u00e0 Comiss\u00e3o de Coordena\u00e7\u00e3o e Desenvolvimento Regional do Centro para organizar um congresso sobre o Mondego ainda este ano. A chamada surge ap\u00f3s as recentes inunda\u00e7\u00f5es, que evidenciaram fragilidades na gest\u00e3o do territ\u00f3rio na bacia do maior rio inteiramente portugu\u00eas. A associa\u00e7\u00e3o diz que o fen\u00f3meno teve impacto significativo nos recursos econ\u00f3micos e nas vidas de v\u00e1rias comunidades intermunicipais. A bacia do Mondego tem registado grav\u00edssima eros\u00e3o dos solos em zonas antes florestadas, hoje incapazes de reter \u00e1gua. Observa-se ainda um acentuado assoreamento em muitos tro\u00e7os do seu percurso.","og_url":"https:\/\/portaltela.pt\/noticias\/2026\/02\/19\/defesa-do-mondego-solicita-congresso-sobre-o-rio-ainda-este-ano\/","og_site_name":"Portal Tela Portugal","article_published_time":"2026-02-19T14:34:00+00:00","author":"Telinha","twitter_card":"summary_large_image","twitter_misc":{"Escrito por":"Telinha","Tempo estimado de leitura":"1 minuto"},"schema":{"@context":"https:\/\/schema.org","@graph":[{"@type":"Article","@id":"https:\/\/portaltela.pt\/noticias\/2026\/02\/19\/defesa-do-mondego-solicita-congresso-sobre-o-rio-ainda-este-ano\/#article","isPartOf":{"@id":"https:\/\/portaltela.pt\/noticias\/2026\/02\/19\/defesa-do-mondego-solicita-congresso-sobre-o-rio-ainda-este-ano\/"},"author":{"name":"Telinha","@id":"https:\/\/portaltela.pt\/#\/schema\/person\/c4278d4a6028830caff9ee44b42d32ed"},"headline":"Defesa do Mondego solicita congresso sobre o rio ainda este ano","datePublished":"2026-02-19T14:34:00+00:00","mainEntityOfPage":{"@id":"https:\/\/portaltela.pt\/noticias\/2026\/02\/19\/defesa-do-mondego-solicita-congresso-sobre-o-rio-ainda-este-ano\/"},"wordCount":254,"image":{"@id":"https:\/\/portaltela.pt\/noticias\/2026\/02\/19\/defesa-do-mondego-solicita-congresso-sobre-o-rio-ainda-este-ano\/#primaryimage"},"thumbnailUrl":"https:\/\/portaltela.pt\/s.01k8rhncp4jt1\/2026\/02\/img_1500x1000uu2026-02-12-16-14-21-2266501.jpg","keywords":["ambiente","desenvolvimento sustent\u00e1vel","Gest\u00e3o de Recursos H\u00eddricos","inunda\u00e7\u00f5es","Mondego","ordenamento do territ\u00f3rio"],"articleSection":["Not\u00edcias"],"inLanguage":"pt-PT"},{"@type":"WebPage","@id":"https:\/\/portaltela.pt\/noticias\/2026\/02\/19\/defesa-do-mondego-solicita-congresso-sobre-o-rio-ainda-este-ano\/","url":"https:\/\/portaltela.pt\/noticias\/2026\/02\/19\/defesa-do-mondego-solicita-congresso-sobre-o-rio-ainda-este-ano\/","name":"Defesa do Mondego solicita congresso sobre o rio ainda este ano - Portal Tela Portugal","isPartOf":{"@id":"https:\/\/portaltela.pt\/#website"},"primaryImageOfPage":{"@id":"https:\/\/portaltela.pt\/noticias\/2026\/02\/19\/defesa-do-mondego-solicita-congresso-sobre-o-rio-ainda-este-ano\/#primaryimage"},"image":{"@id":"https:\/\/portaltela.pt\/noticias\/2026\/02\/19\/defesa-do-mondego-solicita-congresso-sobre-o-rio-ainda-este-ano\/#primaryimage"},"thumbnailUrl":"https:\/\/portaltela.pt\/s.01k8rhncp4jt1\/2026\/02\/img_1500x1000uu2026-02-12-16-14-21-2266501.jpg","datePublished":"2026-02-19T14:34:00+00:00","author":{"@id":"https:\/\/portaltela.pt\/#\/schema\/person\/c4278d4a6028830caff9ee44b42d32ed"},"breadcrumb":{"@id":"https:\/\/portaltela.pt\/noticias\/2026\/02\/19\/defesa-do-mondego-solicita-congresso-sobre-o-rio-ainda-este-ano\/#breadcrumb"},"inLanguage":"pt-PT","potentialAction":[{"@type":"ReadAction","target":["https:\/\/portaltela.pt\/noticias\/2026\/02\/19\/defesa-do-mondego-solicita-congresso-sobre-o-rio-ainda-este-ano\/"]}]},{"@type":"ImageObject","inLanguage":"pt-PT","@id":"https:\/\/portaltela.pt\/noticias\/2026\/02\/19\/defesa-do-mondego-solicita-congresso-sobre-o-rio-ainda-este-ano\/#primaryimage","url":"https:\/\/portaltela.pt\/s.01k8rhncp4jt1\/2026\/02\/img_1500x1000uu2026-02-12-16-14-21-2266501.jpg","contentUrl":"https:\/\/portaltela.pt\/s.01k8rhncp4jt1\/2026\/02\/img_1500x1000uu2026-02-12-16-14-21-2266501.jpg","width":796,"height":448,"caption":"Inunda\u00e7\u00f5es provocadas pelas \u00e1guas do rio Mondego em Montemor-o-Velho"},{"@type":"BreadcrumbList","@id":"https:\/\/portaltela.pt\/noticias\/2026\/02\/19\/defesa-do-mondego-solicita-congresso-sobre-o-rio-ainda-este-ano\/#breadcrumb","itemListElement":[{"@type":"ListItem","position":1,"name":"In\u00edcio","item":"https:\/\/portaltela.pt\/"},{"@type":"ListItem","position":2,"name":"Defesa do Mondego solicita congresso sobre o rio ainda este ano"}]},{"@type":"WebSite","@id":"https:\/\/portaltela.pt\/#website","url":"https:\/\/portaltela.pt\/","name":"Portal Tela Portugal","description":"","potentialAction":[{"@type":"SearchAction","target":{"@type":"EntryPoint","urlTemplate":"https:\/\/portaltela.pt\/?s={search_term_string}"},"query-input":{"@type":"PropertyValueSpecification","valueRequired":true,"valueName":"search_term_string"}}],"inLanguage":"pt-PT"},{"@type":"Person","@id":"https:\/\/portaltela.pt\/#\/schema\/person\/c4278d4a6028830caff9ee44b42d32ed","name":"Telinha","image":{"@type":"ImageObject","inLanguage":"pt-PT","@id":"https:\/\/portaltela.pt\/s.01k8rhncp4jt1\/2025\/11\/talking-bot-125x125.png","url":"https:\/\/portaltela.pt\/s.01k8rhncp4jt1\/2025\/11\/talking-bot-125x125.png","contentUrl":"https:\/\/portaltela.pt\/s.01k8rhncp4jt1\/2025\/11\/talking-bot-125x125.png","caption":"Telinha"},"sameAs":["https:\/\/portaltela.pt\/"],"url":"https:\/\/portaltela.pt\/por\/367410592786\/"}]}},"_links":{"self":[{"href":"https:\/\/portaltela.pt\/api\/wp\/v2\/posts\/217621","targetHints":{"allow":["GET"]}}],"collection":[{"href":"https:\/\/portaltela.pt\/api\/wp\/v2\/posts"}],"about":[{"href":"https:\/\/portaltela.pt\/api\/wp\/v2\/types\/post"}],"author":[{"embeddable":true,"href":"https:\/\/portaltela.pt\/api\/wp\/v2\/users\/2"}],"replies":[{"embeddable":true,"href":"https:\/\/portaltela.pt\/api\/wp\/v2\/comments?post=217621"}],"version-history":[{"count":0,"href":"https:\/\/portaltela.pt\/api\/wp\/v2\/posts\/217621\/revisions"}],"wp:featuredmedia":[{"embeddable":true,"href":"https:\/\/portaltela.pt\/api\/wp\/v2\/media\/217626"}],"wp:attachment":[{"href":"https:\/\/portaltela.pt\/api\/wp\/v2\/media?parent=217621"}],"wp:term":[{"taxonomy":"category","embeddable":true,"href":"https:\/\/portaltela.pt\/api\/wp\/v2\/categories?post=217621"},{"taxonomy":"post_tag","embeddable":true,"href":"https:\/\/portaltela.pt\/api\/wp\/v2\/tags?post=217621"}],"curies":[{"name":"wp","href":"https:\/\/api.w.org\/{rel}","templated":true}]}}