{"id":217602,"date":"2026-02-19T11:32:13","date_gmt":"2026-02-19T14:32:13","guid":{"rendered":"https:\/\/portaltela.pt\/noticias\/2026\/02\/19\/protecao-do-galago-ameacado-pontes-de-copa-e-controlo-de-racao-canina\/"},"modified":"2026-02-19T11:32:13","modified_gmt":"2026-02-19T14:32:13","slug":"protecao-do-galago-ameacado-pontes-de-copa-e-controlo-de-racao-canina","status":"publish","type":"post","link":"https:\/\/portaltela.pt\/noticias\/2026\/02\/19\/protecao-do-galago-ameacado-pontes-de-copa-e-controlo-de-racao-canina\/","title":{"rendered":"Prote\u00e7\u00e3o do g\u00e1lago amea\u00e7ado: pontes de copa e controlo de ra\u00e7\u00e3o canina"},"content":{"rendered":"<p>Cientistas defendem que a constru\u00e7\u00e3o de pontes de copa pode ajudar o g\u00e1lago-de-cauda-espessa a recuperar da desfloresta\u00e7\u00e3o que o afeta na \u00c1frica do Sul. O estudo analisa riscos, estrat\u00e9gias de mitiga\u00e7\u00e3o e o papel das comunidades locais na prote\u00e7\u00e3o deste primata nocturno.<\/p>\n<p>Os investigadores Frank Cuozzo e Michelle Sauther, que visitaram a regi\u00e3o desde 2012, alertam para um preocupante decl\u00ednio de habitats. Eles registaram casos de c\u00e3es de companhia, atropelamentos e perda de floresta que ampliam a vulnerabilidade dos g\u00e1lagos.<\/p>\n<p>Em janeiro de 2026, a Endangered Wildlife Trust reclassificou o g\u00e1lago-de-cauda-espessa como quase amea\u00e7ado. A mudan\u00e7a sinaliza uma redu\u00e7\u00e3o populacional cont\u00ednua e real\u00e7a a necessidade de medidas de conserva\u00e7\u00e3o urgentes.<\/p>\n<p>A perda de floresta devido \u00e0 agricultura e ao crescimento urbano for\u00e7a os g\u00e1lagos a invadir zonas habitadas em busca de alimento. Inclusivamente, o encolhimento de habitats \u00e9 estimado em 3,6% por d\u00e9cada, segundo dados de sat\u00e9lite.<\/p>\n<p>Num caso pr\u00f3ximo a Pret\u00f3ria, a constru\u00e7\u00e3o de uma barragem levou ao desaparecimento do habitat preferido destes primatas a montante. Alguns g\u00e1lagos passaram assim a desaparecer da \u00e1rea de estudo.<\/p>\n<p>Especialistas lembram que o tr\u00e1fico de animais de companhia e os atropelamentos t\u00eam impacto significativo, por vezes superior ao esperado. A prote\u00e7\u00e3o passa pela gest\u00e3o de alimento em \u00e1reas residenciais e pela redu\u00e7\u00e3o de riscos rodovi\u00e1rios.<\/p>\n<p>Podem as pontes de copa contribuir para a recupera\u00e7\u00e3o? Os autores sugerem reduzir a alimenta\u00e7\u00e3o de primatas e evitar deixar comida exposta \u00e0 noite para impedir visitas a zonas habitadas.<\/p>\n<p>As pontes de copa permitem a travessia segura de estradas, reduzindo o risco de atropelamento. Este tipo de infraestruturas j\u00e1 foi implementado em v\u00e1rias regi\u00f5es, incluindo a Amaz\u00f3nia, para proteger fauna e manter conectividade entre habitats.<\/p>\n<p>Organiza\u00e7\u00f5es ambientais destacam que estas solu\u00e7\u00f5es s\u00e3o complemento \u00e0 conserva\u00e7\u00e3o, pois isolamentos criados por infraestruturas dificultam o acesso a abrigos, alimenta\u00e7\u00e3o e parceiros, al\u00e9m de reduzir a diversidade gen\u00e9tica.<\/p>\n<p>Apesar do potencial, h\u00e1 escassez de financiamento para conserva\u00e7\u00e3o, o que pode atrasar a constru\u00e7\u00e3o de pontes de copa. Especialistas sublinham a necessidade de priorizar a\u00e7\u00f5es com maior impacto conforme o conhecimento dispon\u00edvel.<\/p>\n<p>No fim, sem travar a desfloresta\u00e7\u00e3o, o g\u00e1lago-de-cauda-espessa corre o risco de aproximar-se ainda mais da extin\u00e7\u00e3o, a menos que se combine prote\u00e7\u00e3o de habitat com medidas eficazes de mitiga\u00e7\u00e3o.<\/p>\n","protected":false},"excerpt":{"rendered":"<ul>\n<li>Em janeiro de 2026, o g\u00e1lago-de-cauda-espessa foi reclassificado como quase amea\u00e7ado pela Endangered Wildlife Trust, devido \u00e0 diminui\u00e7\u00e3o das popula\u00e7\u00f5es.<\/li>\n<li>A desfloresta\u00e7\u00e3o e a perda de habitat est\u00e3o a intensificar-se, for\u00e7ando os g\u00e1lagos a entrar em \u00e1reas residenciais em busca de alimento.<\/li>\n<li>Estima-se que os habitats dos g\u00e1lagos encolham cerca de 3,6 por cento por d\u00e9cada, ritmo superior \u00e0 m\u00e9dia regional de perda de \u00e1reas naturais.<\/li>\n<li>Investigadores sugerem a constru\u00e7\u00e3o de pontes de copa para permitir a travessia de estradas sem risco de atropelamento e reduzir atropelamentos.<\/li>\n<li>Apelan \u00e0 n\u00e3o alimenta\u00e7\u00e3o de primatas e \u00e0 gest\u00e3o de res\u00edduos junto de casas, lembrando que h\u00e1 poucos recursos para conserva\u00e7\u00e3o, o que pode atrasar medidas como as pontes.<\/li>\n<\/ul>\n","protected":false},"author":2,"featured_media":217605,"comment_status":"closed","ping_status":"closed","sticky":false,"template":"","format":"standard","meta":{"footnotes":""},"categories":[1],"tags":[5227,3091,4880,4198,3241,45],"class_list":["post-217602","post","type-post","status-publish","format-standard","has-post-thumbnail","hentry","category-noticias","tag-africa","tag-animais","tag-conservacao-ambiental","tag-conservacao-da-natureza-e-da-biodiversidade","tag-desflorestacao","tag-meio-ambiente"],"yoast_head":"<!-- This site is optimized with the Yoast SEO plugin v27.2 - https:\/\/yoast.com\/product\/yoast-seo-wordpress\/ -->\n<title>Prote\u00e7\u00e3o do g\u00e1lago amea\u00e7ado: pontes de copa e controlo de ra\u00e7\u00e3o canina - Portal Tela Portugal<\/title>\n<meta name=\"robots\" content=\"index, follow, max-snippet:-1, max-image-preview:large, max-video-preview:-1\" \/>\n<meta property=\"og:locale\" content=\"pt_PT\" \/>\n<meta property=\"og:type\" content=\"article\" \/>\n<meta property=\"og:title\" content=\"Prote\u00e7\u00e3o do g\u00e1lago amea\u00e7ado: pontes de copa e controlo de ra\u00e7\u00e3o canina - Portal Tela Portugal\" \/>\n<meta property=\"og:description\" content=\"Em janeiro de 2026, o g\u00e1lago-de-cauda-espessa foi reclassificado como quase amea\u00e7ado pela Endangered Wildlife Trust, devido \u00e0 diminui\u00e7\u00e3o das popula\u00e7\u00f5es. A desfloresta\u00e7\u00e3o e a perda de habitat est\u00e3o a intensificar-se, for\u00e7ando os g\u00e1lagos a entrar em \u00e1reas residenciais em busca de alimento. Estima-se que os habitats dos g\u00e1lagos encolham cerca de 3,6 por cento por d\u00e9cada, ritmo superior \u00e0 m\u00e9dia regional de perda de \u00e1reas naturais. Investigadores sugerem a constru\u00e7\u00e3o de pontes de copa para permitir a travessia de estradas sem risco de atropelamento e reduzir atropelamentos. Apelan \u00e0 n\u00e3o alimenta\u00e7\u00e3o de primatas e \u00e0 gest\u00e3o de res\u00edduos junto de casas, lembrando que h\u00e1 poucos recursos para conserva\u00e7\u00e3o, o que pode atrasar medidas como as pontes.\" \/>\n<meta property=\"og:url\" content=\"https:\/\/portaltela.pt\/noticias\/2026\/02\/19\/protecao-do-galago-ameacado-pontes-de-copa-e-controlo-de-racao-canina\/\" \/>\n<meta property=\"og:site_name\" content=\"Portal Tela Portugal\" \/>\n<meta property=\"article:published_time\" content=\"2026-02-19T14:32:13+00:00\" \/>\n<meta name=\"author\" content=\"Telinha\" \/>\n<meta name=\"twitter:card\" content=\"summary_large_image\" \/>\n<meta name=\"twitter:label1\" content=\"Escrito por\" \/>\n\t<meta name=\"twitter:data1\" content=\"Telinha\" \/>\n\t<meta name=\"twitter:label2\" content=\"Tempo estimado de leitura\" \/>\n\t<meta name=\"twitter:data2\" content=\"2 minutos\" \/>\n<script type=\"application\/ld+json\" class=\"yoast-schema-graph\">{\"@context\":\"https:\/\/schema.org\",\"@graph\":[{\"@type\":\"Article\",\"@id\":\"https:\/\/portaltela.pt\/noticias\/2026\/02\/19\/protecao-do-galago-ameacado-pontes-de-copa-e-controlo-de-racao-canina\/#article\",\"isPartOf\":{\"@id\":\"https:\/\/portaltela.pt\/noticias\/2026\/02\/19\/protecao-do-galago-ameacado-pontes-de-copa-e-controlo-de-racao-canina\/\"},\"author\":{\"name\":\"Telinha\",\"@id\":\"https:\/\/portaltela.pt\/#\/schema\/person\/c4278d4a6028830caff9ee44b42d32ed\"},\"headline\":\"Prote\u00e7\u00e3o do g\u00e1lago amea\u00e7ado: pontes de copa e controlo de ra\u00e7\u00e3o canina\",\"datePublished\":\"2026-02-19T14:32:13+00:00\",\"mainEntityOfPage\":{\"@id\":\"https:\/\/portaltela.pt\/noticias\/2026\/02\/19\/protecao-do-galago-ameacado-pontes-de-copa-e-controlo-de-racao-canina\/\"},\"wordCount\":432,\"image\":{\"@id\":\"https:\/\/portaltela.pt\/noticias\/2026\/02\/19\/protecao-do-galago-ameacado-pontes-de-copa-e-controlo-de-racao-canina\/#primaryimage\"},\"thumbnailUrl\":\"https:\/\/portaltela.pt\/s.01k8rhncp4jt1\/2026\/02\/1536x864_cmsv2_dfa9ef4d-6ec0-5e6f-a7c7-c07596014bc2-9657564.jpg\",\"keywords\":[\"\u00c1frica\",\"animais\",\"conserva\u00e7\u00e3o ambiental\",\"conserva\u00e7\u00e3o da natureza e da biodiversidade\",\"desfloresta\u00e7\u00e3o\",\"meio-ambiente\"],\"articleSection\":[\"Not\u00edcias\"],\"inLanguage\":\"pt-PT\"},{\"@type\":\"WebPage\",\"@id\":\"https:\/\/portaltela.pt\/noticias\/2026\/02\/19\/protecao-do-galago-ameacado-pontes-de-copa-e-controlo-de-racao-canina\/\",\"url\":\"https:\/\/portaltela.pt\/noticias\/2026\/02\/19\/protecao-do-galago-ameacado-pontes-de-copa-e-controlo-de-racao-canina\/\",\"name\":\"Prote\u00e7\u00e3o do g\u00e1lago amea\u00e7ado: pontes de copa e controlo de ra\u00e7\u00e3o canina - Portal Tela Portugal\",\"isPartOf\":{\"@id\":\"https:\/\/portaltela.pt\/#website\"},\"primaryImageOfPage\":{\"@id\":\"https:\/\/portaltela.pt\/noticias\/2026\/02\/19\/protecao-do-galago-ameacado-pontes-de-copa-e-controlo-de-racao-canina\/#primaryimage\"},\"image\":{\"@id\":\"https:\/\/portaltela.pt\/noticias\/2026\/02\/19\/protecao-do-galago-ameacado-pontes-de-copa-e-controlo-de-racao-canina\/#primaryimage\"},\"thumbnailUrl\":\"https:\/\/portaltela.pt\/s.01k8rhncp4jt1\/2026\/02\/1536x864_cmsv2_dfa9ef4d-6ec0-5e6f-a7c7-c07596014bc2-9657564.jpg\",\"datePublished\":\"2026-02-19T14:32:13+00:00\",\"author\":{\"@id\":\"https:\/\/portaltela.pt\/#\/schema\/person\/c4278d4a6028830caff9ee44b42d32ed\"},\"breadcrumb\":{\"@id\":\"https:\/\/portaltela.pt\/noticias\/2026\/02\/19\/protecao-do-galago-ameacado-pontes-de-copa-e-controlo-de-racao-canina\/#breadcrumb\"},\"inLanguage\":\"pt-PT\",\"potentialAction\":[{\"@type\":\"ReadAction\",\"target\":[\"https:\/\/portaltela.pt\/noticias\/2026\/02\/19\/protecao-do-galago-ameacado-pontes-de-copa-e-controlo-de-racao-canina\/\"]}]},{\"@type\":\"ImageObject\",\"inLanguage\":\"pt-PT\",\"@id\":\"https:\/\/portaltela.pt\/noticias\/2026\/02\/19\/protecao-do-galago-ameacado-pontes-de-copa-e-controlo-de-racao-canina\/#primaryimage\",\"url\":\"https:\/\/portaltela.pt\/s.01k8rhncp4jt1\/2026\/02\/1536x864_cmsv2_dfa9ef4d-6ec0-5e6f-a7c7-c07596014bc2-9657564.jpg\",\"contentUrl\":\"https:\/\/portaltela.pt\/s.01k8rhncp4jt1\/2026\/02\/1536x864_cmsv2_dfa9ef4d-6ec0-5e6f-a7c7-c07596014bc2-9657564.jpg\",\"width\":796,\"height\":448,\"caption\":\"G\u00e1lagos espreitam pela porta antes de sair para a noite.\"},{\"@type\":\"BreadcrumbList\",\"@id\":\"https:\/\/portaltela.pt\/noticias\/2026\/02\/19\/protecao-do-galago-ameacado-pontes-de-copa-e-controlo-de-racao-canina\/#breadcrumb\",\"itemListElement\":[{\"@type\":\"ListItem\",\"position\":1,\"name\":\"In\u00edcio\",\"item\":\"https:\/\/portaltela.pt\/\"},{\"@type\":\"ListItem\",\"position\":2,\"name\":\"Prote\u00e7\u00e3o do g\u00e1lago amea\u00e7ado: pontes de copa e controlo de ra\u00e7\u00e3o canina\"}]},{\"@type\":\"WebSite\",\"@id\":\"https:\/\/portaltela.pt\/#website\",\"url\":\"https:\/\/portaltela.pt\/\",\"name\":\"Portal Tela Portugal\",\"description\":\"\",\"potentialAction\":[{\"@type\":\"SearchAction\",\"target\":{\"@type\":\"EntryPoint\",\"urlTemplate\":\"https:\/\/portaltela.pt\/?s={search_term_string}\"},\"query-input\":{\"@type\":\"PropertyValueSpecification\",\"valueRequired\":true,\"valueName\":\"search_term_string\"}}],\"inLanguage\":\"pt-PT\"},{\"@type\":\"Person\",\"@id\":\"https:\/\/portaltela.pt\/#\/schema\/person\/c4278d4a6028830caff9ee44b42d32ed\",\"name\":\"Telinha\",\"image\":{\"@type\":\"ImageObject\",\"inLanguage\":\"pt-PT\",\"@id\":\"https:\/\/portaltela.pt\/s.01k8rhncp4jt1\/2025\/11\/talking-bot-125x125.png\",\"url\":\"https:\/\/portaltela.pt\/s.01k8rhncp4jt1\/2025\/11\/talking-bot-125x125.png\",\"contentUrl\":\"https:\/\/portaltela.pt\/s.01k8rhncp4jt1\/2025\/11\/talking-bot-125x125.png\",\"caption\":\"Telinha\"},\"sameAs\":[\"https:\/\/portaltela.pt\/\"],\"url\":\"https:\/\/portaltela.pt\/por\/367410592786\/\"}]}<\/script>\n<!-- \/ Yoast SEO plugin. -->","yoast_head_json":{"title":"Prote\u00e7\u00e3o do g\u00e1lago amea\u00e7ado: pontes de copa e controlo de ra\u00e7\u00e3o canina - Portal Tela Portugal","robots":{"index":"index","follow":"follow","max-snippet":"max-snippet:-1","max-image-preview":"max-image-preview:large","max-video-preview":"max-video-preview:-1"},"og_locale":"pt_PT","og_type":"article","og_title":"Prote\u00e7\u00e3o do g\u00e1lago amea\u00e7ado: pontes de copa e controlo de ra\u00e7\u00e3o canina - Portal Tela Portugal","og_description":"Em janeiro de 2026, o g\u00e1lago-de-cauda-espessa foi reclassificado como quase amea\u00e7ado pela Endangered Wildlife Trust, devido \u00e0 diminui\u00e7\u00e3o das popula\u00e7\u00f5es. A desfloresta\u00e7\u00e3o e a perda de habitat est\u00e3o a intensificar-se, for\u00e7ando os g\u00e1lagos a entrar em \u00e1reas residenciais em busca de alimento. Estima-se que os habitats dos g\u00e1lagos encolham cerca de 3,6 por cento por d\u00e9cada, ritmo superior \u00e0 m\u00e9dia regional de perda de \u00e1reas naturais. Investigadores sugerem a constru\u00e7\u00e3o de pontes de copa para permitir a travessia de estradas sem risco de atropelamento e reduzir atropelamentos. Apelan \u00e0 n\u00e3o alimenta\u00e7\u00e3o de primatas e \u00e0 gest\u00e3o de res\u00edduos junto de casas, lembrando que h\u00e1 poucos recursos para conserva\u00e7\u00e3o, o que pode atrasar medidas como as pontes.","og_url":"https:\/\/portaltela.pt\/noticias\/2026\/02\/19\/protecao-do-galago-ameacado-pontes-de-copa-e-controlo-de-racao-canina\/","og_site_name":"Portal Tela Portugal","article_published_time":"2026-02-19T14:32:13+00:00","author":"Telinha","twitter_card":"summary_large_image","twitter_misc":{"Escrito por":"Telinha","Tempo estimado de leitura":"2 minutos"},"schema":{"@context":"https:\/\/schema.org","@graph":[{"@type":"Article","@id":"https:\/\/portaltela.pt\/noticias\/2026\/02\/19\/protecao-do-galago-ameacado-pontes-de-copa-e-controlo-de-racao-canina\/#article","isPartOf":{"@id":"https:\/\/portaltela.pt\/noticias\/2026\/02\/19\/protecao-do-galago-ameacado-pontes-de-copa-e-controlo-de-racao-canina\/"},"author":{"name":"Telinha","@id":"https:\/\/portaltela.pt\/#\/schema\/person\/c4278d4a6028830caff9ee44b42d32ed"},"headline":"Prote\u00e7\u00e3o do g\u00e1lago amea\u00e7ado: pontes de copa e controlo de ra\u00e7\u00e3o canina","datePublished":"2026-02-19T14:32:13+00:00","mainEntityOfPage":{"@id":"https:\/\/portaltela.pt\/noticias\/2026\/02\/19\/protecao-do-galago-ameacado-pontes-de-copa-e-controlo-de-racao-canina\/"},"wordCount":432,"image":{"@id":"https:\/\/portaltela.pt\/noticias\/2026\/02\/19\/protecao-do-galago-ameacado-pontes-de-copa-e-controlo-de-racao-canina\/#primaryimage"},"thumbnailUrl":"https:\/\/portaltela.pt\/s.01k8rhncp4jt1\/2026\/02\/1536x864_cmsv2_dfa9ef4d-6ec0-5e6f-a7c7-c07596014bc2-9657564.jpg","keywords":["\u00c1frica","animais","conserva\u00e7\u00e3o ambiental","conserva\u00e7\u00e3o da natureza e da biodiversidade","desfloresta\u00e7\u00e3o","meio-ambiente"],"articleSection":["Not\u00edcias"],"inLanguage":"pt-PT"},{"@type":"WebPage","@id":"https:\/\/portaltela.pt\/noticias\/2026\/02\/19\/protecao-do-galago-ameacado-pontes-de-copa-e-controlo-de-racao-canina\/","url":"https:\/\/portaltela.pt\/noticias\/2026\/02\/19\/protecao-do-galago-ameacado-pontes-de-copa-e-controlo-de-racao-canina\/","name":"Prote\u00e7\u00e3o do g\u00e1lago amea\u00e7ado: pontes de copa e controlo de ra\u00e7\u00e3o canina - Portal Tela Portugal","isPartOf":{"@id":"https:\/\/portaltela.pt\/#website"},"primaryImageOfPage":{"@id":"https:\/\/portaltela.pt\/noticias\/2026\/02\/19\/protecao-do-galago-ameacado-pontes-de-copa-e-controlo-de-racao-canina\/#primaryimage"},"image":{"@id":"https:\/\/portaltela.pt\/noticias\/2026\/02\/19\/protecao-do-galago-ameacado-pontes-de-copa-e-controlo-de-racao-canina\/#primaryimage"},"thumbnailUrl":"https:\/\/portaltela.pt\/s.01k8rhncp4jt1\/2026\/02\/1536x864_cmsv2_dfa9ef4d-6ec0-5e6f-a7c7-c07596014bc2-9657564.jpg","datePublished":"2026-02-19T14:32:13+00:00","author":{"@id":"https:\/\/portaltela.pt\/#\/schema\/person\/c4278d4a6028830caff9ee44b42d32ed"},"breadcrumb":{"@id":"https:\/\/portaltela.pt\/noticias\/2026\/02\/19\/protecao-do-galago-ameacado-pontes-de-copa-e-controlo-de-racao-canina\/#breadcrumb"},"inLanguage":"pt-PT","potentialAction":[{"@type":"ReadAction","target":["https:\/\/portaltela.pt\/noticias\/2026\/02\/19\/protecao-do-galago-ameacado-pontes-de-copa-e-controlo-de-racao-canina\/"]}]},{"@type":"ImageObject","inLanguage":"pt-PT","@id":"https:\/\/portaltela.pt\/noticias\/2026\/02\/19\/protecao-do-galago-ameacado-pontes-de-copa-e-controlo-de-racao-canina\/#primaryimage","url":"https:\/\/portaltela.pt\/s.01k8rhncp4jt1\/2026\/02\/1536x864_cmsv2_dfa9ef4d-6ec0-5e6f-a7c7-c07596014bc2-9657564.jpg","contentUrl":"https:\/\/portaltela.pt\/s.01k8rhncp4jt1\/2026\/02\/1536x864_cmsv2_dfa9ef4d-6ec0-5e6f-a7c7-c07596014bc2-9657564.jpg","width":796,"height":448,"caption":"G\u00e1lagos espreitam pela porta antes de sair para a noite."},{"@type":"BreadcrumbList","@id":"https:\/\/portaltela.pt\/noticias\/2026\/02\/19\/protecao-do-galago-ameacado-pontes-de-copa-e-controlo-de-racao-canina\/#breadcrumb","itemListElement":[{"@type":"ListItem","position":1,"name":"In\u00edcio","item":"https:\/\/portaltela.pt\/"},{"@type":"ListItem","position":2,"name":"Prote\u00e7\u00e3o do g\u00e1lago amea\u00e7ado: pontes de copa e controlo de ra\u00e7\u00e3o canina"}]},{"@type":"WebSite","@id":"https:\/\/portaltela.pt\/#website","url":"https:\/\/portaltela.pt\/","name":"Portal Tela Portugal","description":"","potentialAction":[{"@type":"SearchAction","target":{"@type":"EntryPoint","urlTemplate":"https:\/\/portaltela.pt\/?s={search_term_string}"},"query-input":{"@type":"PropertyValueSpecification","valueRequired":true,"valueName":"search_term_string"}}],"inLanguage":"pt-PT"},{"@type":"Person","@id":"https:\/\/portaltela.pt\/#\/schema\/person\/c4278d4a6028830caff9ee44b42d32ed","name":"Telinha","image":{"@type":"ImageObject","inLanguage":"pt-PT","@id":"https:\/\/portaltela.pt\/s.01k8rhncp4jt1\/2025\/11\/talking-bot-125x125.png","url":"https:\/\/portaltela.pt\/s.01k8rhncp4jt1\/2025\/11\/talking-bot-125x125.png","contentUrl":"https:\/\/portaltela.pt\/s.01k8rhncp4jt1\/2025\/11\/talking-bot-125x125.png","caption":"Telinha"},"sameAs":["https:\/\/portaltela.pt\/"],"url":"https:\/\/portaltela.pt\/por\/367410592786\/"}]}},"_links":{"self":[{"href":"https:\/\/portaltela.pt\/api\/wp\/v2\/posts\/217602","targetHints":{"allow":["GET"]}}],"collection":[{"href":"https:\/\/portaltela.pt\/api\/wp\/v2\/posts"}],"about":[{"href":"https:\/\/portaltela.pt\/api\/wp\/v2\/types\/post"}],"author":[{"embeddable":true,"href":"https:\/\/portaltela.pt\/api\/wp\/v2\/users\/2"}],"replies":[{"embeddable":true,"href":"https:\/\/portaltela.pt\/api\/wp\/v2\/comments?post=217602"}],"version-history":[{"count":0,"href":"https:\/\/portaltela.pt\/api\/wp\/v2\/posts\/217602\/revisions"}],"wp:featuredmedia":[{"embeddable":true,"href":"https:\/\/portaltela.pt\/api\/wp\/v2\/media\/217605"}],"wp:attachment":[{"href":"https:\/\/portaltela.pt\/api\/wp\/v2\/media?parent=217602"}],"wp:term":[{"taxonomy":"category","embeddable":true,"href":"https:\/\/portaltela.pt\/api\/wp\/v2\/categories?post=217602"},{"taxonomy":"post_tag","embeddable":true,"href":"https:\/\/portaltela.pt\/api\/wp\/v2\/tags?post=217602"}],"curies":[{"name":"wp","href":"https:\/\/api.w.org\/{rel}","templated":true}]}}