{"id":217600,"date":"2026-02-19T11:11:00","date_gmt":"2026-02-19T14:11:00","guid":{"rendered":"https:\/\/portaltela.pt\/noticias\/2026\/02\/19\/jovem-turista-desaparece-apos-mergulhar-na-praia-da-arrifana\/"},"modified":"2026-02-19T11:11:00","modified_gmt":"2026-02-19T14:11:00","slug":"jovem-turista-desaparece-apos-mergulhar-na-praia-da-arrifana","status":"publish","type":"post","link":"https:\/\/portaltela.pt\/noticias\/2026\/02\/19\/jovem-turista-desaparece-apos-mergulhar-na-praia-da-arrifana\/","title":{"rendered":"Jovem turista desaparece ap\u00f3s mergulhar na praia da Arrifana"},"content":{"rendered":"<p>O desaparecimento de um jovem turista ocorreu ao fim da manh\u00e3 na praia da Arrifana, em Aljezur. O homem, estrangeiro na casa dos 20 anos, mergulhava com um amigo quando desapareceu junto \u00e0 rebenta\u00e7\u00e3o. As autoridades opinaram que poder\u00e1 ter sido arrastado pela corrente.<\/p>\n<p>O Capit\u00e3o do Porto de Lagos, Hugo da Guia, confirmou o caso e indicou que as buscas iniciaram de imediato por terra, mar e ar. A opera\u00e7\u00e3o contou com o apoio da tripula\u00e7\u00e3o da Esta\u00e7\u00e3o Salva-vidas do Instituto de Socorros a N\u00e1ufragos.<\/p>\n<h3>Opera\u00e7\u00e3o de busca<\/h3>\n<p>Foi utilizadas ainda as capacidades de um drone dos Bombeiros Volunt\u00e1rios de Aljezur e a embarca\u00e7\u00e3o da esta\u00e7\u00e3o salva-vidas. Um helic\u00f3ptero da For\u00e7a A\u00e9rea Portuguesa tamb\u00e9m foi acionado para apoiar as buscas.<\/p>\n<p>A investiga\u00e7\u00e3o sobre as circunst\u00e2ncias do desaparecimento mant\u00e9m-se em curso, com as autoridades a coordenar os trabalhos para localizar o jovem turista e, caso haja necessidade, prestar assist\u00eancia aos familiares.<\/p>\n","protected":false},"excerpt":{"rendered":"<ul>\n<li>Um jovem turista desapareceu na praia da Arrifana ao fim da manh\u00e3, ap\u00f3s mergulho, acompanhado por um amigo, junto \u00e0 rebenta\u00e7\u00e3o.<\/li>\n<li>Segundo o Capit\u00e3o do Porto de Lagos, Hugo da Guia, o jovem, na casa dos vinte anos, foi arrastado pela corrente.<\/li>\n<li>As buscas come\u00e7aram de imediato por terra, mar e ar, com apoio da embarca\u00e7\u00e3o da Esta\u00e7\u00e3o Salva-vidas do Instituto de Socorros a N\u00e1ufragos e de um drone dos Bombeiros Volunt\u00e1rios de Aljezur.<\/li>\n<li>Tamb\u00e9m foi acionado um helic\u00f3ptero da For\u00e7a A\u00e9rea Portuguesa para as opera\u00e7\u00f5es de busca e salvamento.<\/li>\n<li>As autoridades mar\u00edtimas acompanham o desdobramento do caso.<\/li>\n<\/ul>\n","protected":false},"author":2,"featured_media":217604,"comment_status":"closed","ping_status":"closed","sticky":false,"template":"","format":"standard","meta":{"footnotes":""},"categories":[1],"tags":[4558,3937,971,4299,1007,5974],"class_list":["post-217600","post","type-post","status-publish","format-standard","has-post-thumbnail","hentry","category-noticias","tag-a-aeronautica","tag-arrifana","tag-bombeiros","tag-forca-aerea","tag-resgate-maritimo","tag-salvamento-maritimo"],"yoast_head":"<!-- This site is optimized with the Yoast SEO plugin v27.2 - https:\/\/yoast.com\/product\/yoast-seo-wordpress\/ -->\n<title>Jovem turista desaparece ap\u00f3s mergulhar na praia da Arrifana - Portal Tela Portugal<\/title>\n<meta name=\"robots\" content=\"index, follow, max-snippet:-1, max-image-preview:large, max-video-preview:-1\" \/>\n<meta property=\"og:locale\" content=\"pt_PT\" \/>\n<meta property=\"og:type\" content=\"article\" \/>\n<meta property=\"og:title\" content=\"Jovem turista desaparece ap\u00f3s mergulhar na praia da Arrifana - Portal Tela Portugal\" \/>\n<meta property=\"og:description\" content=\"Um jovem turista desapareceu na praia da Arrifana ao fim da manh\u00e3, ap\u00f3s mergulho, acompanhado por um amigo, junto \u00e0 rebenta\u00e7\u00e3o. Segundo o Capit\u00e3o do Porto de Lagos, Hugo da Guia, o jovem, na casa dos vinte anos, foi arrastado pela corrente. As buscas come\u00e7aram de imediato por terra, mar e ar, com apoio da embarca\u00e7\u00e3o da Esta\u00e7\u00e3o Salva-vidas do Instituto de Socorros a N\u00e1ufragos e de um drone dos Bombeiros Volunt\u00e1rios de Aljezur. Tamb\u00e9m foi acionado um helic\u00f3ptero da For\u00e7a A\u00e9rea Portuguesa para as opera\u00e7\u00f5es de busca e salvamento. As autoridades mar\u00edtimas acompanham o desdobramento do caso.\" \/>\n<meta property=\"og:url\" content=\"https:\/\/portaltela.pt\/noticias\/2026\/02\/19\/jovem-turista-desaparece-apos-mergulhar-na-praia-da-arrifana\/\" \/>\n<meta property=\"og:site_name\" content=\"Portal Tela Portugal\" \/>\n<meta property=\"article:published_time\" content=\"2026-02-19T14:11:00+00:00\" \/>\n<meta name=\"author\" content=\"Telinha\" \/>\n<meta name=\"twitter:card\" content=\"summary_large_image\" \/>\n<meta name=\"twitter:label1\" content=\"Escrito por\" \/>\n\t<meta name=\"twitter:data1\" content=\"Telinha\" \/>\n\t<meta name=\"twitter:label2\" content=\"Tempo estimado de leitura\" \/>\n\t<meta name=\"twitter:data2\" content=\"1 minuto\" \/>\n<script type=\"application\/ld+json\" class=\"yoast-schema-graph\">{\"@context\":\"https:\/\/schema.org\",\"@graph\":[{\"@type\":\"Article\",\"@id\":\"https:\/\/portaltela.pt\/noticias\/2026\/02\/19\/jovem-turista-desaparece-apos-mergulhar-na-praia-da-arrifana\/#article\",\"isPartOf\":{\"@id\":\"https:\/\/portaltela.pt\/noticias\/2026\/02\/19\/jovem-turista-desaparece-apos-mergulhar-na-praia-da-arrifana\/\"},\"author\":{\"name\":\"Telinha\",\"@id\":\"https:\/\/portaltela.pt\/#\/schema\/person\/c4278d4a6028830caff9ee44b42d32ed\"},\"headline\":\"Jovem turista desaparece ap\u00f3s mergulhar na praia da Arrifana\",\"datePublished\":\"2026-02-19T14:11:00+00:00\",\"mainEntityOfPage\":{\"@id\":\"https:\/\/portaltela.pt\/noticias\/2026\/02\/19\/jovem-turista-desaparece-apos-mergulhar-na-praia-da-arrifana\/\"},\"wordCount\":177,\"image\":{\"@id\":\"https:\/\/portaltela.pt\/noticias\/2026\/02\/19\/jovem-turista-desaparece-apos-mergulhar-na-praia-da-arrifana\/#primaryimage\"},\"thumbnailUrl\":\"https:\/\/portaltela.pt\/s.01k8rhncp4jt1\/2026\/02\/dc764682-e704-4379-b034-99b1073e0a07_1200x675.jpg\",\"keywords\":[\"a aeron\u00e1utica\",\"Arrifana\",\"bombeiros\",\"For\u00e7a A\u00e9rea\",\"Resgate Mar\u00edtimo\",\"Salvamento Mar\u00edtimo\"],\"articleSection\":[\"Not\u00edcias\"],\"inLanguage\":\"pt-PT\"},{\"@type\":\"WebPage\",\"@id\":\"https:\/\/portaltela.pt\/noticias\/2026\/02\/19\/jovem-turista-desaparece-apos-mergulhar-na-praia-da-arrifana\/\",\"url\":\"https:\/\/portaltela.pt\/noticias\/2026\/02\/19\/jovem-turista-desaparece-apos-mergulhar-na-praia-da-arrifana\/\",\"name\":\"Jovem turista desaparece ap\u00f3s mergulhar na praia da Arrifana - Portal Tela Portugal\",\"isPartOf\":{\"@id\":\"https:\/\/portaltela.pt\/#website\"},\"primaryImageOfPage\":{\"@id\":\"https:\/\/portaltela.pt\/noticias\/2026\/02\/19\/jovem-turista-desaparece-apos-mergulhar-na-praia-da-arrifana\/#primaryimage\"},\"image\":{\"@id\":\"https:\/\/portaltela.pt\/noticias\/2026\/02\/19\/jovem-turista-desaparece-apos-mergulhar-na-praia-da-arrifana\/#primaryimage\"},\"thumbnailUrl\":\"https:\/\/portaltela.pt\/s.01k8rhncp4jt1\/2026\/02\/dc764682-e704-4379-b034-99b1073e0a07_1200x675.jpg\",\"datePublished\":\"2026-02-19T14:11:00+00:00\",\"author\":{\"@id\":\"https:\/\/portaltela.pt\/#\/schema\/person\/c4278d4a6028830caff9ee44b42d32ed\"},\"breadcrumb\":{\"@id\":\"https:\/\/portaltela.pt\/noticias\/2026\/02\/19\/jovem-turista-desaparece-apos-mergulhar-na-praia-da-arrifana\/#breadcrumb\"},\"inLanguage\":\"pt-PT\",\"potentialAction\":[{\"@type\":\"ReadAction\",\"target\":[\"https:\/\/portaltela.pt\/noticias\/2026\/02\/19\/jovem-turista-desaparece-apos-mergulhar-na-praia-da-arrifana\/\"]}]},{\"@type\":\"ImageObject\",\"inLanguage\":\"pt-PT\",\"@id\":\"https:\/\/portaltela.pt\/noticias\/2026\/02\/19\/jovem-turista-desaparece-apos-mergulhar-na-praia-da-arrifana\/#primaryimage\",\"url\":\"https:\/\/portaltela.pt\/s.01k8rhncp4jt1\/2026\/02\/dc764682-e704-4379-b034-99b1073e0a07_1200x675.jpg\",\"contentUrl\":\"https:\/\/portaltela.pt\/s.01k8rhncp4jt1\/2026\/02\/dc764682-e704-4379-b034-99b1073e0a07_1200x675.jpg\",\"width\":796,\"height\":448,\"caption\":\"Tamb\u00e9m foi acionado um helic\u00f3ptero da For\u00e7a A\u00e9rea Portuguesa para as opera\u00e7\u00f5es de busca\"},{\"@type\":\"BreadcrumbList\",\"@id\":\"https:\/\/portaltela.pt\/noticias\/2026\/02\/19\/jovem-turista-desaparece-apos-mergulhar-na-praia-da-arrifana\/#breadcrumb\",\"itemListElement\":[{\"@type\":\"ListItem\",\"position\":1,\"name\":\"In\u00edcio\",\"item\":\"https:\/\/portaltela.pt\/\"},{\"@type\":\"ListItem\",\"position\":2,\"name\":\"Jovem turista desaparece ap\u00f3s mergulhar na praia da Arrifana\"}]},{\"@type\":\"WebSite\",\"@id\":\"https:\/\/portaltela.pt\/#website\",\"url\":\"https:\/\/portaltela.pt\/\",\"name\":\"Portal Tela Portugal\",\"description\":\"\",\"potentialAction\":[{\"@type\":\"SearchAction\",\"target\":{\"@type\":\"EntryPoint\",\"urlTemplate\":\"https:\/\/portaltela.pt\/?s={search_term_string}\"},\"query-input\":{\"@type\":\"PropertyValueSpecification\",\"valueRequired\":true,\"valueName\":\"search_term_string\"}}],\"inLanguage\":\"pt-PT\"},{\"@type\":\"Person\",\"@id\":\"https:\/\/portaltela.pt\/#\/schema\/person\/c4278d4a6028830caff9ee44b42d32ed\",\"name\":\"Telinha\",\"image\":{\"@type\":\"ImageObject\",\"inLanguage\":\"pt-PT\",\"@id\":\"https:\/\/portaltela.pt\/s.01k8rhncp4jt1\/2025\/11\/talking-bot-125x125.png\",\"url\":\"https:\/\/portaltela.pt\/s.01k8rhncp4jt1\/2025\/11\/talking-bot-125x125.png\",\"contentUrl\":\"https:\/\/portaltela.pt\/s.01k8rhncp4jt1\/2025\/11\/talking-bot-125x125.png\",\"caption\":\"Telinha\"},\"sameAs\":[\"https:\/\/portaltela.pt\/\"],\"url\":\"https:\/\/portaltela.pt\/por\/367410592786\/\"}]}<\/script>\n<!-- \/ Yoast SEO plugin. -->","yoast_head_json":{"title":"Jovem turista desaparece ap\u00f3s mergulhar na praia da Arrifana - Portal Tela Portugal","robots":{"index":"index","follow":"follow","max-snippet":"max-snippet:-1","max-image-preview":"max-image-preview:large","max-video-preview":"max-video-preview:-1"},"og_locale":"pt_PT","og_type":"article","og_title":"Jovem turista desaparece ap\u00f3s mergulhar na praia da Arrifana - Portal Tela Portugal","og_description":"Um jovem turista desapareceu na praia da Arrifana ao fim da manh\u00e3, ap\u00f3s mergulho, acompanhado por um amigo, junto \u00e0 rebenta\u00e7\u00e3o. Segundo o Capit\u00e3o do Porto de Lagos, Hugo da Guia, o jovem, na casa dos vinte anos, foi arrastado pela corrente. As buscas come\u00e7aram de imediato por terra, mar e ar, com apoio da embarca\u00e7\u00e3o da Esta\u00e7\u00e3o Salva-vidas do Instituto de Socorros a N\u00e1ufragos e de um drone dos Bombeiros Volunt\u00e1rios de Aljezur. Tamb\u00e9m foi acionado um helic\u00f3ptero da For\u00e7a A\u00e9rea Portuguesa para as opera\u00e7\u00f5es de busca e salvamento. As autoridades mar\u00edtimas acompanham o desdobramento do caso.","og_url":"https:\/\/portaltela.pt\/noticias\/2026\/02\/19\/jovem-turista-desaparece-apos-mergulhar-na-praia-da-arrifana\/","og_site_name":"Portal Tela Portugal","article_published_time":"2026-02-19T14:11:00+00:00","author":"Telinha","twitter_card":"summary_large_image","twitter_misc":{"Escrito por":"Telinha","Tempo estimado de leitura":"1 minuto"},"schema":{"@context":"https:\/\/schema.org","@graph":[{"@type":"Article","@id":"https:\/\/portaltela.pt\/noticias\/2026\/02\/19\/jovem-turista-desaparece-apos-mergulhar-na-praia-da-arrifana\/#article","isPartOf":{"@id":"https:\/\/portaltela.pt\/noticias\/2026\/02\/19\/jovem-turista-desaparece-apos-mergulhar-na-praia-da-arrifana\/"},"author":{"name":"Telinha","@id":"https:\/\/portaltela.pt\/#\/schema\/person\/c4278d4a6028830caff9ee44b42d32ed"},"headline":"Jovem turista desaparece ap\u00f3s mergulhar na praia da Arrifana","datePublished":"2026-02-19T14:11:00+00:00","mainEntityOfPage":{"@id":"https:\/\/portaltela.pt\/noticias\/2026\/02\/19\/jovem-turista-desaparece-apos-mergulhar-na-praia-da-arrifana\/"},"wordCount":177,"image":{"@id":"https:\/\/portaltela.pt\/noticias\/2026\/02\/19\/jovem-turista-desaparece-apos-mergulhar-na-praia-da-arrifana\/#primaryimage"},"thumbnailUrl":"https:\/\/portaltela.pt\/s.01k8rhncp4jt1\/2026\/02\/dc764682-e704-4379-b034-99b1073e0a07_1200x675.jpg","keywords":["a aeron\u00e1utica","Arrifana","bombeiros","For\u00e7a A\u00e9rea","Resgate Mar\u00edtimo","Salvamento Mar\u00edtimo"],"articleSection":["Not\u00edcias"],"inLanguage":"pt-PT"},{"@type":"WebPage","@id":"https:\/\/portaltela.pt\/noticias\/2026\/02\/19\/jovem-turista-desaparece-apos-mergulhar-na-praia-da-arrifana\/","url":"https:\/\/portaltela.pt\/noticias\/2026\/02\/19\/jovem-turista-desaparece-apos-mergulhar-na-praia-da-arrifana\/","name":"Jovem turista desaparece ap\u00f3s mergulhar na praia da Arrifana - Portal Tela Portugal","isPartOf":{"@id":"https:\/\/portaltela.pt\/#website"},"primaryImageOfPage":{"@id":"https:\/\/portaltela.pt\/noticias\/2026\/02\/19\/jovem-turista-desaparece-apos-mergulhar-na-praia-da-arrifana\/#primaryimage"},"image":{"@id":"https:\/\/portaltela.pt\/noticias\/2026\/02\/19\/jovem-turista-desaparece-apos-mergulhar-na-praia-da-arrifana\/#primaryimage"},"thumbnailUrl":"https:\/\/portaltela.pt\/s.01k8rhncp4jt1\/2026\/02\/dc764682-e704-4379-b034-99b1073e0a07_1200x675.jpg","datePublished":"2026-02-19T14:11:00+00:00","author":{"@id":"https:\/\/portaltela.pt\/#\/schema\/person\/c4278d4a6028830caff9ee44b42d32ed"},"breadcrumb":{"@id":"https:\/\/portaltela.pt\/noticias\/2026\/02\/19\/jovem-turista-desaparece-apos-mergulhar-na-praia-da-arrifana\/#breadcrumb"},"inLanguage":"pt-PT","potentialAction":[{"@type":"ReadAction","target":["https:\/\/portaltela.pt\/noticias\/2026\/02\/19\/jovem-turista-desaparece-apos-mergulhar-na-praia-da-arrifana\/"]}]},{"@type":"ImageObject","inLanguage":"pt-PT","@id":"https:\/\/portaltela.pt\/noticias\/2026\/02\/19\/jovem-turista-desaparece-apos-mergulhar-na-praia-da-arrifana\/#primaryimage","url":"https:\/\/portaltela.pt\/s.01k8rhncp4jt1\/2026\/02\/dc764682-e704-4379-b034-99b1073e0a07_1200x675.jpg","contentUrl":"https:\/\/portaltela.pt\/s.01k8rhncp4jt1\/2026\/02\/dc764682-e704-4379-b034-99b1073e0a07_1200x675.jpg","width":796,"height":448,"caption":"Tamb\u00e9m foi acionado um helic\u00f3ptero da For\u00e7a A\u00e9rea Portuguesa para as opera\u00e7\u00f5es de busca"},{"@type":"BreadcrumbList","@id":"https:\/\/portaltela.pt\/noticias\/2026\/02\/19\/jovem-turista-desaparece-apos-mergulhar-na-praia-da-arrifana\/#breadcrumb","itemListElement":[{"@type":"ListItem","position":1,"name":"In\u00edcio","item":"https:\/\/portaltela.pt\/"},{"@type":"ListItem","position":2,"name":"Jovem turista desaparece ap\u00f3s mergulhar na praia da Arrifana"}]},{"@type":"WebSite","@id":"https:\/\/portaltela.pt\/#website","url":"https:\/\/portaltela.pt\/","name":"Portal Tela Portugal","description":"","potentialAction":[{"@type":"SearchAction","target":{"@type":"EntryPoint","urlTemplate":"https:\/\/portaltela.pt\/?s={search_term_string}"},"query-input":{"@type":"PropertyValueSpecification","valueRequired":true,"valueName":"search_term_string"}}],"inLanguage":"pt-PT"},{"@type":"Person","@id":"https:\/\/portaltela.pt\/#\/schema\/person\/c4278d4a6028830caff9ee44b42d32ed","name":"Telinha","image":{"@type":"ImageObject","inLanguage":"pt-PT","@id":"https:\/\/portaltela.pt\/s.01k8rhncp4jt1\/2025\/11\/talking-bot-125x125.png","url":"https:\/\/portaltela.pt\/s.01k8rhncp4jt1\/2025\/11\/talking-bot-125x125.png","contentUrl":"https:\/\/portaltela.pt\/s.01k8rhncp4jt1\/2025\/11\/talking-bot-125x125.png","caption":"Telinha"},"sameAs":["https:\/\/portaltela.pt\/"],"url":"https:\/\/portaltela.pt\/por\/367410592786\/"}]}},"_links":{"self":[{"href":"https:\/\/portaltela.pt\/api\/wp\/v2\/posts\/217600","targetHints":{"allow":["GET"]}}],"collection":[{"href":"https:\/\/portaltela.pt\/api\/wp\/v2\/posts"}],"about":[{"href":"https:\/\/portaltela.pt\/api\/wp\/v2\/types\/post"}],"author":[{"embeddable":true,"href":"https:\/\/portaltela.pt\/api\/wp\/v2\/users\/2"}],"replies":[{"embeddable":true,"href":"https:\/\/portaltela.pt\/api\/wp\/v2\/comments?post=217600"}],"version-history":[{"count":0,"href":"https:\/\/portaltela.pt\/api\/wp\/v2\/posts\/217600\/revisions"}],"wp:featuredmedia":[{"embeddable":true,"href":"https:\/\/portaltela.pt\/api\/wp\/v2\/media\/217604"}],"wp:attachment":[{"href":"https:\/\/portaltela.pt\/api\/wp\/v2\/media?parent=217600"}],"wp:term":[{"taxonomy":"category","embeddable":true,"href":"https:\/\/portaltela.pt\/api\/wp\/v2\/categories?post=217600"},{"taxonomy":"post_tag","embeddable":true,"href":"https:\/\/portaltela.pt\/api\/wp\/v2\/tags?post=217600"}],"curies":[{"name":"wp","href":"https:\/\/api.w.org\/{rel}","templated":true}]}}