{"id":217581,"date":"2026-02-19T11:04:00","date_gmt":"2026-02-19T14:04:00","guid":{"rendered":"https:\/\/portaltela.pt\/noticias\/2026\/02\/19\/medicos-de-familia-passam-a-receber-alteracoes-mensais-na-lista-de-utentes\/"},"modified":"2026-02-19T11:04:00","modified_gmt":"2026-02-19T14:04:00","slug":"medicos-de-familia-passam-a-receber-alteracoes-mensais-na-lista-de-utentes","status":"publish","type":"post","link":"https:\/\/portaltela.pt\/noticias\/2026\/02\/19\/medicos-de-familia-passam-a-receber-alteracoes-mensais-na-lista-de-utentes\/","title":{"rendered":"M\u00e9dicos de fam\u00edlia passam a receber altera\u00e7\u00f5es mensais na lista de utentes"},"content":{"rendered":"<p>A Administra\u00e7\u00e3o Central do Sistema de Sa\u00fade (ACSS) e a Dire\u00e7\u00e3o Executiva do SNS (DE-SNS) anunciaram que os m\u00e9dicos de fam\u00edlia passar\u00e3o a ser informados mensalmente sobre altera\u00e7\u00f5es na lista de utentes. O objetivo \u00e9 manter os profissionais atualizados sobre mudan\u00e7as relevantes.<\/p>\n<p>As entidades asseguram que estas altera\u00e7\u00f5es n\u00e3o implicar\u00e3o um aumento do n\u00famero de utentes atribu\u00eddos a cada m\u00e9dico. A comunica\u00e7\u00e3o regular pretende, ainda, evitar surpresas quanto \u00e0 gest\u00e3o das listas.<\/p>\n<p>O an\u00fancio responde a preocupa\u00e7\u00f5es levantadas pelo sindicato, que tem alertado para o uso de um processo autom\u00e1tico de inscri\u00e7\u00e3o de utentes sem m\u00e9dico de fam\u00edlia. As mudan\u00e7as visam maior clareza e controlo administrativo.<\/p>\n<p>Quem acompanha a medida s\u00e3o as estruturas do ACSS e do DE-SNS, em parceria com os cerca de m\u00e9dicos de fam\u00edlia. Ainda n\u00e3o h\u00e1 indica\u00e7\u00e3o de data de implementa\u00e7\u00e3o exata, mas o objetivo \u00e9 acelerar a transpar\u00eancia na gest\u00e3o das listas.<\/p>\n<p>Para os utentes, a altera\u00e7\u00e3o significa que podem permanecer com o mesmo m\u00e9dico de fam\u00edlia, sem altera\u00e7\u00f5es autom\u00e1ticas sem aviso pr\u00e9vio, com transpar\u00eancia sobre quem est\u00e1 respons\u00e1vel pela sua consulta.<\/p>\n","protected":false},"excerpt":{"rendered":"<ul>\n<li>Os m\u00e9dicos de fam\u00edlia passar\u00e3o a ser informados mensalmente sobre altera\u00e7\u00f5es na lista de utentes.<\/li>\n<li>A Administra\u00e7\u00e3o Central do Sistema de Sa\u00fade (ACSS) e a Dire\u00e7\u00e3o Executiva do SNS (DE-SNS) garantem que as mudan\u00e7as n\u00e3o implicar\u00e3o aumento da lista de utentes.<\/li>\n<li>O esclarecimento surge ap\u00f3s o sindicato alertar para um processo autom\u00e1tico de inscri\u00e7\u00e3o de utentes sem m\u00e9dico de fam\u00edlia.<\/li>\n<li>Os m\u00e9dicos ainda v\u00e3o ter de aguardar algum tempo para saber, de forma autom\u00e1tica, que lhes foi atribu\u00eddo um m\u00e9dico de fam\u00edlia.<\/li>\n<\/ul>\n","protected":false},"author":2,"featured_media":217588,"comment_status":"closed","ping_status":"closed","sticky":false,"template":"","format":"standard","meta":{"footnotes":""},"categories":[1],"tags":[3863,195,4425,172,1775,5708],"class_list":["post-217581","post","type-post","status-publish","format-standard","has-post-thumbnail","hentry","category-noticias","tag-acss","tag-informacao","tag-profissionais-de-saude","tag-saude","tag-sns","tag-transparencia-publica"],"yoast_head":"<!-- This site is optimized with the Yoast SEO plugin v27.2 - https:\/\/yoast.com\/product\/yoast-seo-wordpress\/ -->\n<title>M\u00e9dicos de fam\u00edlia passam a receber altera\u00e7\u00f5es mensais na lista de utentes - Portal Tela Portugal<\/title>\n<meta name=\"robots\" content=\"index, follow, max-snippet:-1, max-image-preview:large, max-video-preview:-1\" \/>\n<meta property=\"og:locale\" content=\"pt_PT\" \/>\n<meta property=\"og:type\" content=\"article\" \/>\n<meta property=\"og:title\" content=\"M\u00e9dicos de fam\u00edlia passam a receber altera\u00e7\u00f5es mensais na lista de utentes - Portal Tela Portugal\" \/>\n<meta property=\"og:description\" content=\"Os m\u00e9dicos de fam\u00edlia passar\u00e3o a ser informados mensalmente sobre altera\u00e7\u00f5es na lista de utentes. A Administra\u00e7\u00e3o Central do Sistema de Sa\u00fade (ACSS) e a Dire\u00e7\u00e3o Executiva do SNS (DE-SNS) garantem que as mudan\u00e7as n\u00e3o implicar\u00e3o aumento da lista de utentes. O esclarecimento surge ap\u00f3s o sindicato alertar para um processo autom\u00e1tico de inscri\u00e7\u00e3o de utentes sem m\u00e9dico de fam\u00edlia. Os m\u00e9dicos ainda v\u00e3o ter de aguardar algum tempo para saber, de forma autom\u00e1tica, que lhes foi atribu\u00eddo um m\u00e9dico de fam\u00edlia.\" \/>\n<meta property=\"og:url\" content=\"https:\/\/portaltela.pt\/noticias\/2026\/02\/19\/medicos-de-familia-passam-a-receber-alteracoes-mensais-na-lista-de-utentes\/\" \/>\n<meta property=\"og:site_name\" content=\"Portal Tela Portugal\" \/>\n<meta property=\"article:published_time\" content=\"2026-02-19T14:04:00+00:00\" \/>\n<meta name=\"author\" content=\"Telinha\" \/>\n<meta name=\"twitter:card\" content=\"summary_large_image\" \/>\n<meta name=\"twitter:label1\" content=\"Escrito por\" \/>\n\t<meta name=\"twitter:data1\" content=\"Telinha\" \/>\n\t<meta name=\"twitter:label2\" content=\"Tempo estimado de leitura\" \/>\n\t<meta name=\"twitter:data2\" content=\"1 minuto\" \/>\n<script type=\"application\/ld+json\" class=\"yoast-schema-graph\">{\"@context\":\"https:\/\/schema.org\",\"@graph\":[{\"@type\":\"Article\",\"@id\":\"https:\/\/portaltela.pt\/noticias\/2026\/02\/19\/medicos-de-familia-passam-a-receber-alteracoes-mensais-na-lista-de-utentes\/#article\",\"isPartOf\":{\"@id\":\"https:\/\/portaltela.pt\/noticias\/2026\/02\/19\/medicos-de-familia-passam-a-receber-alteracoes-mensais-na-lista-de-utentes\/\"},\"author\":{\"name\":\"Telinha\",\"@id\":\"https:\/\/portaltela.pt\/#\/schema\/person\/c4278d4a6028830caff9ee44b42d32ed\"},\"headline\":\"M\u00e9dicos de fam\u00edlia passam a receber altera\u00e7\u00f5es mensais na lista de utentes\",\"datePublished\":\"2026-02-19T14:04:00+00:00\",\"mainEntityOfPage\":{\"@id\":\"https:\/\/portaltela.pt\/noticias\/2026\/02\/19\/medicos-de-familia-passam-a-receber-alteracoes-mensais-na-lista-de-utentes\/\"},\"wordCount\":228,\"image\":{\"@id\":\"https:\/\/portaltela.pt\/noticias\/2026\/02\/19\/medicos-de-familia-passam-a-receber-alteracoes-mensais-na-lista-de-utentes\/#primaryimage\"},\"thumbnailUrl\":\"https:\/\/portaltela.pt\/s.01k8rhncp4jt1\/2026\/02\/2068137.jpg\",\"keywords\":[\"ACSS\",\"informa\u00e7\u00e3o\",\"profissionais de sa\u00fade\",\"sa\u00fade\",\"SNS\",\"transpar\u00eancia p\u00fablica\"],\"articleSection\":[\"Not\u00edcias\"],\"inLanguage\":\"pt-PT\"},{\"@type\":\"WebPage\",\"@id\":\"https:\/\/portaltela.pt\/noticias\/2026\/02\/19\/medicos-de-familia-passam-a-receber-alteracoes-mensais-na-lista-de-utentes\/\",\"url\":\"https:\/\/portaltela.pt\/noticias\/2026\/02\/19\/medicos-de-familia-passam-a-receber-alteracoes-mensais-na-lista-de-utentes\/\",\"name\":\"M\u00e9dicos de fam\u00edlia passam a receber altera\u00e7\u00f5es mensais na lista de utentes - Portal Tela Portugal\",\"isPartOf\":{\"@id\":\"https:\/\/portaltela.pt\/#website\"},\"primaryImageOfPage\":{\"@id\":\"https:\/\/portaltela.pt\/noticias\/2026\/02\/19\/medicos-de-familia-passam-a-receber-alteracoes-mensais-na-lista-de-utentes\/#primaryimage\"},\"image\":{\"@id\":\"https:\/\/portaltela.pt\/noticias\/2026\/02\/19\/medicos-de-familia-passam-a-receber-alteracoes-mensais-na-lista-de-utentes\/#primaryimage\"},\"thumbnailUrl\":\"https:\/\/portaltela.pt\/s.01k8rhncp4jt1\/2026\/02\/2068137.jpg\",\"datePublished\":\"2026-02-19T14:04:00+00:00\",\"author\":{\"@id\":\"https:\/\/portaltela.pt\/#\/schema\/person\/c4278d4a6028830caff9ee44b42d32ed\"},\"breadcrumb\":{\"@id\":\"https:\/\/portaltela.pt\/noticias\/2026\/02\/19\/medicos-de-familia-passam-a-receber-alteracoes-mensais-na-lista-de-utentes\/#breadcrumb\"},\"inLanguage\":\"pt-PT\",\"potentialAction\":[{\"@type\":\"ReadAction\",\"target\":[\"https:\/\/portaltela.pt\/noticias\/2026\/02\/19\/medicos-de-familia-passam-a-receber-alteracoes-mensais-na-lista-de-utentes\/\"]}]},{\"@type\":\"ImageObject\",\"inLanguage\":\"pt-PT\",\"@id\":\"https:\/\/portaltela.pt\/noticias\/2026\/02\/19\/medicos-de-familia-passam-a-receber-alteracoes-mensais-na-lista-de-utentes\/#primaryimage\",\"url\":\"https:\/\/portaltela.pt\/s.01k8rhncp4jt1\/2026\/02\/2068137.jpg\",\"contentUrl\":\"https:\/\/portaltela.pt\/s.01k8rhncp4jt1\/2026\/02\/2068137.jpg\",\"width\":796,\"height\":448,\"caption\":\"O ano passado terminou com 14,6% dos utentes inscritos nos centros de sa\u00fade sem m\u00e9dico de fam\u00edlia atribu\u00eddo\"},{\"@type\":\"BreadcrumbList\",\"@id\":\"https:\/\/portaltela.pt\/noticias\/2026\/02\/19\/medicos-de-familia-passam-a-receber-alteracoes-mensais-na-lista-de-utentes\/#breadcrumb\",\"itemListElement\":[{\"@type\":\"ListItem\",\"position\":1,\"name\":\"In\u00edcio\",\"item\":\"https:\/\/portaltela.pt\/\"},{\"@type\":\"ListItem\",\"position\":2,\"name\":\"M\u00e9dicos de fam\u00edlia passam a receber altera\u00e7\u00f5es mensais na lista de utentes\"}]},{\"@type\":\"WebSite\",\"@id\":\"https:\/\/portaltela.pt\/#website\",\"url\":\"https:\/\/portaltela.pt\/\",\"name\":\"Portal Tela Portugal\",\"description\":\"\",\"potentialAction\":[{\"@type\":\"SearchAction\",\"target\":{\"@type\":\"EntryPoint\",\"urlTemplate\":\"https:\/\/portaltela.pt\/?s={search_term_string}\"},\"query-input\":{\"@type\":\"PropertyValueSpecification\",\"valueRequired\":true,\"valueName\":\"search_term_string\"}}],\"inLanguage\":\"pt-PT\"},{\"@type\":\"Person\",\"@id\":\"https:\/\/portaltela.pt\/#\/schema\/person\/c4278d4a6028830caff9ee44b42d32ed\",\"name\":\"Telinha\",\"image\":{\"@type\":\"ImageObject\",\"inLanguage\":\"pt-PT\",\"@id\":\"https:\/\/portaltela.pt\/s.01k8rhncp4jt1\/2025\/11\/talking-bot-125x125.png\",\"url\":\"https:\/\/portaltela.pt\/s.01k8rhncp4jt1\/2025\/11\/talking-bot-125x125.png\",\"contentUrl\":\"https:\/\/portaltela.pt\/s.01k8rhncp4jt1\/2025\/11\/talking-bot-125x125.png\",\"caption\":\"Telinha\"},\"sameAs\":[\"https:\/\/portaltela.pt\/\"],\"url\":\"https:\/\/portaltela.pt\/por\/367410592786\/\"}]}<\/script>\n<!-- \/ Yoast SEO plugin. -->","yoast_head_json":{"title":"M\u00e9dicos de fam\u00edlia passam a receber altera\u00e7\u00f5es mensais na lista de utentes - Portal Tela Portugal","robots":{"index":"index","follow":"follow","max-snippet":"max-snippet:-1","max-image-preview":"max-image-preview:large","max-video-preview":"max-video-preview:-1"},"og_locale":"pt_PT","og_type":"article","og_title":"M\u00e9dicos de fam\u00edlia passam a receber altera\u00e7\u00f5es mensais na lista de utentes - Portal Tela Portugal","og_description":"Os m\u00e9dicos de fam\u00edlia passar\u00e3o a ser informados mensalmente sobre altera\u00e7\u00f5es na lista de utentes. A Administra\u00e7\u00e3o Central do Sistema de Sa\u00fade (ACSS) e a Dire\u00e7\u00e3o Executiva do SNS (DE-SNS) garantem que as mudan\u00e7as n\u00e3o implicar\u00e3o aumento da lista de utentes. O esclarecimento surge ap\u00f3s o sindicato alertar para um processo autom\u00e1tico de inscri\u00e7\u00e3o de utentes sem m\u00e9dico de fam\u00edlia. Os m\u00e9dicos ainda v\u00e3o ter de aguardar algum tempo para saber, de forma autom\u00e1tica, que lhes foi atribu\u00eddo um m\u00e9dico de fam\u00edlia.","og_url":"https:\/\/portaltela.pt\/noticias\/2026\/02\/19\/medicos-de-familia-passam-a-receber-alteracoes-mensais-na-lista-de-utentes\/","og_site_name":"Portal Tela Portugal","article_published_time":"2026-02-19T14:04:00+00:00","author":"Telinha","twitter_card":"summary_large_image","twitter_misc":{"Escrito por":"Telinha","Tempo estimado de leitura":"1 minuto"},"schema":{"@context":"https:\/\/schema.org","@graph":[{"@type":"Article","@id":"https:\/\/portaltela.pt\/noticias\/2026\/02\/19\/medicos-de-familia-passam-a-receber-alteracoes-mensais-na-lista-de-utentes\/#article","isPartOf":{"@id":"https:\/\/portaltela.pt\/noticias\/2026\/02\/19\/medicos-de-familia-passam-a-receber-alteracoes-mensais-na-lista-de-utentes\/"},"author":{"name":"Telinha","@id":"https:\/\/portaltela.pt\/#\/schema\/person\/c4278d4a6028830caff9ee44b42d32ed"},"headline":"M\u00e9dicos de fam\u00edlia passam a receber altera\u00e7\u00f5es mensais na lista de utentes","datePublished":"2026-02-19T14:04:00+00:00","mainEntityOfPage":{"@id":"https:\/\/portaltela.pt\/noticias\/2026\/02\/19\/medicos-de-familia-passam-a-receber-alteracoes-mensais-na-lista-de-utentes\/"},"wordCount":228,"image":{"@id":"https:\/\/portaltela.pt\/noticias\/2026\/02\/19\/medicos-de-familia-passam-a-receber-alteracoes-mensais-na-lista-de-utentes\/#primaryimage"},"thumbnailUrl":"https:\/\/portaltela.pt\/s.01k8rhncp4jt1\/2026\/02\/2068137.jpg","keywords":["ACSS","informa\u00e7\u00e3o","profissionais de sa\u00fade","sa\u00fade","SNS","transpar\u00eancia p\u00fablica"],"articleSection":["Not\u00edcias"],"inLanguage":"pt-PT"},{"@type":"WebPage","@id":"https:\/\/portaltela.pt\/noticias\/2026\/02\/19\/medicos-de-familia-passam-a-receber-alteracoes-mensais-na-lista-de-utentes\/","url":"https:\/\/portaltela.pt\/noticias\/2026\/02\/19\/medicos-de-familia-passam-a-receber-alteracoes-mensais-na-lista-de-utentes\/","name":"M\u00e9dicos de fam\u00edlia passam a receber altera\u00e7\u00f5es mensais na lista de utentes - Portal Tela Portugal","isPartOf":{"@id":"https:\/\/portaltela.pt\/#website"},"primaryImageOfPage":{"@id":"https:\/\/portaltela.pt\/noticias\/2026\/02\/19\/medicos-de-familia-passam-a-receber-alteracoes-mensais-na-lista-de-utentes\/#primaryimage"},"image":{"@id":"https:\/\/portaltela.pt\/noticias\/2026\/02\/19\/medicos-de-familia-passam-a-receber-alteracoes-mensais-na-lista-de-utentes\/#primaryimage"},"thumbnailUrl":"https:\/\/portaltela.pt\/s.01k8rhncp4jt1\/2026\/02\/2068137.jpg","datePublished":"2026-02-19T14:04:00+00:00","author":{"@id":"https:\/\/portaltela.pt\/#\/schema\/person\/c4278d4a6028830caff9ee44b42d32ed"},"breadcrumb":{"@id":"https:\/\/portaltela.pt\/noticias\/2026\/02\/19\/medicos-de-familia-passam-a-receber-alteracoes-mensais-na-lista-de-utentes\/#breadcrumb"},"inLanguage":"pt-PT","potentialAction":[{"@type":"ReadAction","target":["https:\/\/portaltela.pt\/noticias\/2026\/02\/19\/medicos-de-familia-passam-a-receber-alteracoes-mensais-na-lista-de-utentes\/"]}]},{"@type":"ImageObject","inLanguage":"pt-PT","@id":"https:\/\/portaltela.pt\/noticias\/2026\/02\/19\/medicos-de-familia-passam-a-receber-alteracoes-mensais-na-lista-de-utentes\/#primaryimage","url":"https:\/\/portaltela.pt\/s.01k8rhncp4jt1\/2026\/02\/2068137.jpg","contentUrl":"https:\/\/portaltela.pt\/s.01k8rhncp4jt1\/2026\/02\/2068137.jpg","width":796,"height":448,"caption":"O ano passado terminou com 14,6% dos utentes inscritos nos centros de sa\u00fade sem m\u00e9dico de fam\u00edlia atribu\u00eddo"},{"@type":"BreadcrumbList","@id":"https:\/\/portaltela.pt\/noticias\/2026\/02\/19\/medicos-de-familia-passam-a-receber-alteracoes-mensais-na-lista-de-utentes\/#breadcrumb","itemListElement":[{"@type":"ListItem","position":1,"name":"In\u00edcio","item":"https:\/\/portaltela.pt\/"},{"@type":"ListItem","position":2,"name":"M\u00e9dicos de fam\u00edlia passam a receber altera\u00e7\u00f5es mensais na lista de utentes"}]},{"@type":"WebSite","@id":"https:\/\/portaltela.pt\/#website","url":"https:\/\/portaltela.pt\/","name":"Portal Tela Portugal","description":"","potentialAction":[{"@type":"SearchAction","target":{"@type":"EntryPoint","urlTemplate":"https:\/\/portaltela.pt\/?s={search_term_string}"},"query-input":{"@type":"PropertyValueSpecification","valueRequired":true,"valueName":"search_term_string"}}],"inLanguage":"pt-PT"},{"@type":"Person","@id":"https:\/\/portaltela.pt\/#\/schema\/person\/c4278d4a6028830caff9ee44b42d32ed","name":"Telinha","image":{"@type":"ImageObject","inLanguage":"pt-PT","@id":"https:\/\/portaltela.pt\/s.01k8rhncp4jt1\/2025\/11\/talking-bot-125x125.png","url":"https:\/\/portaltela.pt\/s.01k8rhncp4jt1\/2025\/11\/talking-bot-125x125.png","contentUrl":"https:\/\/portaltela.pt\/s.01k8rhncp4jt1\/2025\/11\/talking-bot-125x125.png","caption":"Telinha"},"sameAs":["https:\/\/portaltela.pt\/"],"url":"https:\/\/portaltela.pt\/por\/367410592786\/"}]}},"_links":{"self":[{"href":"https:\/\/portaltela.pt\/api\/wp\/v2\/posts\/217581","targetHints":{"allow":["GET"]}}],"collection":[{"href":"https:\/\/portaltela.pt\/api\/wp\/v2\/posts"}],"about":[{"href":"https:\/\/portaltela.pt\/api\/wp\/v2\/types\/post"}],"author":[{"embeddable":true,"href":"https:\/\/portaltela.pt\/api\/wp\/v2\/users\/2"}],"replies":[{"embeddable":true,"href":"https:\/\/portaltela.pt\/api\/wp\/v2\/comments?post=217581"}],"version-history":[{"count":0,"href":"https:\/\/portaltela.pt\/api\/wp\/v2\/posts\/217581\/revisions"}],"wp:featuredmedia":[{"embeddable":true,"href":"https:\/\/portaltela.pt\/api\/wp\/v2\/media\/217588"}],"wp:attachment":[{"href":"https:\/\/portaltela.pt\/api\/wp\/v2\/media?parent=217581"}],"wp:term":[{"taxonomy":"category","embeddable":true,"href":"https:\/\/portaltela.pt\/api\/wp\/v2\/categories?post=217581"},{"taxonomy":"post_tag","embeddable":true,"href":"https:\/\/portaltela.pt\/api\/wp\/v2\/tags?post=217581"}],"curies":[{"name":"wp","href":"https:\/\/api.w.org\/{rel}","templated":true}]}}