{"id":217536,"date":"2026-02-19T10:23:43","date_gmt":"2026-02-19T13:23:43","guid":{"rendered":"https:\/\/portaltela.pt\/noticias\/2026\/02\/19\/turismo-do-centro-de-portugal-enfrenta-cancelamentos-em-zonas-nao-afetadas\/"},"modified":"2026-02-19T10:23:43","modified_gmt":"2026-02-19T13:23:43","slug":"turismo-do-centro-de-portugal-enfrenta-cancelamentos-em-zonas-nao-afetadas","status":"publish","type":"post","link":"https:\/\/portaltela.pt\/noticias\/2026\/02\/19\/turismo-do-centro-de-portugal-enfrenta-cancelamentos-em-zonas-nao-afetadas\/","title":{"rendered":"Turismo do Centro de Portugal enfrenta cancelamentos em zonas n\u00e3o afetadas"},"content":{"rendered":"<p>Rui Ventura, presidente do Turismo Centro de Portugal, manifestou preocupa\u00e7\u00e3o com o aumento de cancelamentos de reservas na hotelaria e alojamentos de zonas n\u00e3o afetadas pelo mau tempo. Criticou o alarmismo e insistiu na necessidade de informa\u00e7\u00e3o equilibrada.<\/p>\n<p>O respons\u00e1vel afirmou que o Centro de Portugal \u00e9 vasto, de Arruda dos Vinhos a Ovar, incluindo interior. Embora reconhe\u00e7a dificuldades no territ\u00f3rio, destacou que grande parte da regi\u00e3o n\u00e3o foi afetada pela depress\u00e3o clim\u00e1tica.<\/p>\n<p>\u00c0 margem da 13.\u00aa edi\u00e7\u00e3o dos Workshops Internacionais de Turismo Religioso, em F\u00e1tima, Ventura afirmou que a desinibi\u00e7\u00e3o das reservas est\u00e1 a ocorrer em territ\u00f3rios n\u00e3o atingidos, alimentada por receios gerados pela comunica\u00e7\u00e3o.<\/p>\n<h3>Contexto regional e impacto<\/h3>\n<p>O Turismo Centro de Portugal abrange 100 concelhos distribu\u00eddos por oito CIM. Beiras e Serra da Estrela, Viseu D\u00e3o Laf\u00f5es, Regi\u00e3o de Aveiro e Beira Baixa foram as CIMs que n\u00e3o sofreram danos, segundo o presidente.<\/p>\n<p>Entre as CIMs afetadas est\u00e3o Regi\u00e3o de Leiria, Regi\u00e3o de Coimbra, M\u00e9dio Tejo e Oeste, que registam impactos parciais. Ventura pediu \u00e0s pessoas para visitarem o territ\u00f3rio, destacando a\u6b63\u5e38 recupera\u00e7\u00e3o de \u00e1reas atingidas em conjunto com F\u00e1tima.<\/p>\n<p>Onze a quarenta pontos de dados: o balan\u00e7o de perdas n\u00e3o \u00e9 divulgado pela entidade. O Governo tem mantido informa\u00e7\u00f5es sobre as \u00e1reas mais atingidas pelas depress\u00f5es Kristin, Leonardo e Marta, com dezenas de v\u00edtimas e danos materiais generalizados.<\/p>\n<p>As \u00e1reas mais atingidas concentram-se no Centro, em Lisboa e Vale do Tejo e no Alentejo. A situa\u00e7\u00e3o de calamidade para os 68 concelhos mais afetados terminou no \u00faltimo fim de semana.<\/p>\n","protected":false},"excerpt":{"rendered":"<ul>\n<li>O Turismo Centro de Portugal est\u00e1 preocupado com cancelamentos de reservas na hotelaria e alojamentos em zonas n\u00e3o afetadas pelo mau tempo, devido ao alarmismo.<\/li>\n<li>Rui Ventura disse que o Centro de Portugal \u00e9 vasto, desde Arruda dos Vinhos a Ovar e o interior, e que muitas \u00e1reas n\u00e3o foram atingidas pelo temporal.<\/li>\n<li>O organismo abrange 100 concelhos em oito comunidades intermunicipais; Beiras e Serra da Estrela, Viseu D\u00e3o Laf\u00f5es, Regi\u00e3o de Aveiro e Beira Baixa ficaram fora dos danos.<\/li>\n<li>Em F\u00e1tima, durante os Workshops Internacionais de Turismo Religioso, o presidente pediu que as pessoas continuem a visitar o Centro de Portugal, salientando que Our\u00e9m tamb\u00e9m foi atingido pela depress\u00e3o Kristin, mas o parque hoteleiro da regi\u00e3o funciona.<\/li>\n<li>O temporal Kristin, Leonardo e Marta causou 18 mortes; as regi\u00f5es Centro, Lisboa e Vale do Tejo e Alentejo foram as mais afetadas e a situa\u00e7\u00e3o de calamidade terminou no fim de semana anterior.<\/li>\n<\/ul>\n","protected":false},"author":2,"featured_media":217540,"comment_status":"closed","ping_status":"closed","sticky":false,"template":"","format":"standard","meta":{"footnotes":""},"categories":[1],"tags":[1070,1385,3709,5439,169],"class_list":["post-217536","post","type-post","status-publish","format-standard","has-post-thumbnail","hentry","category-noticias","tag-coimbra","tag-leiria","tag-medio-tejo","tag-regiao-de-aveiro","tag-turismo"],"yoast_head":"<!-- This site is optimized with the Yoast SEO plugin v27.2 - https:\/\/yoast.com\/product\/yoast-seo-wordpress\/ -->\n<title>Turismo do Centro de Portugal enfrenta cancelamentos em zonas n\u00e3o afetadas - Portal Tela Portugal<\/title>\n<meta name=\"robots\" content=\"index, follow, max-snippet:-1, max-image-preview:large, max-video-preview:-1\" \/>\n<meta property=\"og:locale\" content=\"pt_PT\" \/>\n<meta property=\"og:type\" content=\"article\" \/>\n<meta property=\"og:title\" content=\"Turismo do Centro de Portugal enfrenta cancelamentos em zonas n\u00e3o afetadas - Portal Tela Portugal\" \/>\n<meta property=\"og:description\" content=\"O Turismo Centro de Portugal est\u00e1 preocupado com cancelamentos de reservas na hotelaria e alojamentos em zonas n\u00e3o afetadas pelo mau tempo, devido ao alarmismo. Rui Ventura disse que o Centro de Portugal \u00e9 vasto, desde Arruda dos Vinhos a Ovar e o interior, e que muitas \u00e1reas n\u00e3o foram atingidas pelo temporal. O organismo abrange 100 concelhos em oito comunidades intermunicipais; Beiras e Serra da Estrela, Viseu D\u00e3o Laf\u00f5es, Regi\u00e3o de Aveiro e Beira Baixa ficaram fora dos danos. Em F\u00e1tima, durante os Workshops Internacionais de Turismo Religioso, o presidente pediu que as pessoas continuem a visitar o Centro de Portugal, salientando que Our\u00e9m tamb\u00e9m foi atingido pela depress\u00e3o Kristin, mas o parque hoteleiro da regi\u00e3o funciona. O temporal Kristin, Leonardo e Marta causou 18 mortes; as regi\u00f5es Centro, Lisboa e Vale do Tejo e Alentejo foram as mais afetadas e a situa\u00e7\u00e3o de calamidade terminou no fim de semana anterior.\" \/>\n<meta property=\"og:url\" content=\"https:\/\/portaltela.pt\/noticias\/2026\/02\/19\/turismo-do-centro-de-portugal-enfrenta-cancelamentos-em-zonas-nao-afetadas\/\" \/>\n<meta property=\"og:site_name\" content=\"Portal Tela Portugal\" \/>\n<meta property=\"article:published_time\" content=\"2026-02-19T13:23:43+00:00\" \/>\n<meta name=\"author\" content=\"Telinha\" \/>\n<meta name=\"twitter:card\" content=\"summary_large_image\" \/>\n<meta name=\"twitter:label1\" content=\"Escrito por\" \/>\n\t<meta name=\"twitter:data1\" content=\"Telinha\" \/>\n\t<meta name=\"twitter:label2\" content=\"Tempo estimado de leitura\" \/>\n\t<meta name=\"twitter:data2\" content=\"1 minuto\" \/>\n<script type=\"application\/ld+json\" class=\"yoast-schema-graph\">{\"@context\":\"https:\/\/schema.org\",\"@graph\":[{\"@type\":\"Article\",\"@id\":\"https:\/\/portaltela.pt\/noticias\/2026\/02\/19\/turismo-do-centro-de-portugal-enfrenta-cancelamentos-em-zonas-nao-afetadas\/#article\",\"isPartOf\":{\"@id\":\"https:\/\/portaltela.pt\/noticias\/2026\/02\/19\/turismo-do-centro-de-portugal-enfrenta-cancelamentos-em-zonas-nao-afetadas\/\"},\"author\":{\"name\":\"Telinha\",\"@id\":\"https:\/\/portaltela.pt\/#\/schema\/person\/c4278d4a6028830caff9ee44b42d32ed\"},\"headline\":\"Turismo do Centro de Portugal enfrenta cancelamentos em zonas n\u00e3o afetadas\",\"datePublished\":\"2026-02-19T13:23:43+00:00\",\"mainEntityOfPage\":{\"@id\":\"https:\/\/portaltela.pt\/noticias\/2026\/02\/19\/turismo-do-centro-de-portugal-enfrenta-cancelamentos-em-zonas-nao-afetadas\/\"},\"wordCount\":294,\"image\":{\"@id\":\"https:\/\/portaltela.pt\/noticias\/2026\/02\/19\/turismo-do-centro-de-portugal-enfrenta-cancelamentos-em-zonas-nao-afetadas\/#primaryimage\"},\"thumbnailUrl\":\"https:\/\/portaltela.pt\/s.01k8rhncp4jt1\/2026\/02\/img_1500x1000uu2025-10-28-23-55-22-2244199.jpg\",\"keywords\":[\"Coimbra\",\"Leiria\",\"M\u00e9dio Tejo\",\"Regi\u00e3o de Aveiro\",\"turismo\"],\"articleSection\":[\"Not\u00edcias\"],\"inLanguage\":\"pt-PT\"},{\"@type\":\"WebPage\",\"@id\":\"https:\/\/portaltela.pt\/noticias\/2026\/02\/19\/turismo-do-centro-de-portugal-enfrenta-cancelamentos-em-zonas-nao-afetadas\/\",\"url\":\"https:\/\/portaltela.pt\/noticias\/2026\/02\/19\/turismo-do-centro-de-portugal-enfrenta-cancelamentos-em-zonas-nao-afetadas\/\",\"name\":\"Turismo do Centro de Portugal enfrenta cancelamentos em zonas n\u00e3o afetadas - Portal Tela Portugal\",\"isPartOf\":{\"@id\":\"https:\/\/portaltela.pt\/#website\"},\"primaryImageOfPage\":{\"@id\":\"https:\/\/portaltela.pt\/noticias\/2026\/02\/19\/turismo-do-centro-de-portugal-enfrenta-cancelamentos-em-zonas-nao-afetadas\/#primaryimage\"},\"image\":{\"@id\":\"https:\/\/portaltela.pt\/noticias\/2026\/02\/19\/turismo-do-centro-de-portugal-enfrenta-cancelamentos-em-zonas-nao-afetadas\/#primaryimage\"},\"thumbnailUrl\":\"https:\/\/portaltela.pt\/s.01k8rhncp4jt1\/2026\/02\/img_1500x1000uu2025-10-28-23-55-22-2244199.jpg\",\"datePublished\":\"2026-02-19T13:23:43+00:00\",\"author\":{\"@id\":\"https:\/\/portaltela.pt\/#\/schema\/person\/c4278d4a6028830caff9ee44b42d32ed\"},\"breadcrumb\":{\"@id\":\"https:\/\/portaltela.pt\/noticias\/2026\/02\/19\/turismo-do-centro-de-portugal-enfrenta-cancelamentos-em-zonas-nao-afetadas\/#breadcrumb\"},\"inLanguage\":\"pt-PT\",\"potentialAction\":[{\"@type\":\"ReadAction\",\"target\":[\"https:\/\/portaltela.pt\/noticias\/2026\/02\/19\/turismo-do-centro-de-portugal-enfrenta-cancelamentos-em-zonas-nao-afetadas\/\"]}]},{\"@type\":\"ImageObject\",\"inLanguage\":\"pt-PT\",\"@id\":\"https:\/\/portaltela.pt\/noticias\/2026\/02\/19\/turismo-do-centro-de-portugal-enfrenta-cancelamentos-em-zonas-nao-afetadas\/#primaryimage\",\"url\":\"https:\/\/portaltela.pt\/s.01k8rhncp4jt1\/2026\/02\/img_1500x1000uu2025-10-28-23-55-22-2244199.jpg\",\"contentUrl\":\"https:\/\/portaltela.pt\/s.01k8rhncp4jt1\/2026\/02\/img_1500x1000uu2025-10-28-23-55-22-2244199.jpg\",\"width\":796,\"height\":448,\"caption\":\"Turismo\"},{\"@type\":\"BreadcrumbList\",\"@id\":\"https:\/\/portaltela.pt\/noticias\/2026\/02\/19\/turismo-do-centro-de-portugal-enfrenta-cancelamentos-em-zonas-nao-afetadas\/#breadcrumb\",\"itemListElement\":[{\"@type\":\"ListItem\",\"position\":1,\"name\":\"In\u00edcio\",\"item\":\"https:\/\/portaltela.pt\/\"},{\"@type\":\"ListItem\",\"position\":2,\"name\":\"Turismo do Centro de Portugal enfrenta cancelamentos em zonas n\u00e3o afetadas\"}]},{\"@type\":\"WebSite\",\"@id\":\"https:\/\/portaltela.pt\/#website\",\"url\":\"https:\/\/portaltela.pt\/\",\"name\":\"Portal Tela Portugal\",\"description\":\"\",\"potentialAction\":[{\"@type\":\"SearchAction\",\"target\":{\"@type\":\"EntryPoint\",\"urlTemplate\":\"https:\/\/portaltela.pt\/?s={search_term_string}\"},\"query-input\":{\"@type\":\"PropertyValueSpecification\",\"valueRequired\":true,\"valueName\":\"search_term_string\"}}],\"inLanguage\":\"pt-PT\"},{\"@type\":\"Person\",\"@id\":\"https:\/\/portaltela.pt\/#\/schema\/person\/c4278d4a6028830caff9ee44b42d32ed\",\"name\":\"Telinha\",\"image\":{\"@type\":\"ImageObject\",\"inLanguage\":\"pt-PT\",\"@id\":\"https:\/\/portaltela.pt\/s.01k8rhncp4jt1\/2025\/11\/talking-bot-125x125.png\",\"url\":\"https:\/\/portaltela.pt\/s.01k8rhncp4jt1\/2025\/11\/talking-bot-125x125.png\",\"contentUrl\":\"https:\/\/portaltela.pt\/s.01k8rhncp4jt1\/2025\/11\/talking-bot-125x125.png\",\"caption\":\"Telinha\"},\"sameAs\":[\"https:\/\/portaltela.pt\/\"],\"url\":\"https:\/\/portaltela.pt\/por\/367410592786\/\"}]}<\/script>\n<!-- \/ Yoast SEO plugin. -->","yoast_head_json":{"title":"Turismo do Centro de Portugal enfrenta cancelamentos em zonas n\u00e3o afetadas - Portal Tela Portugal","robots":{"index":"index","follow":"follow","max-snippet":"max-snippet:-1","max-image-preview":"max-image-preview:large","max-video-preview":"max-video-preview:-1"},"og_locale":"pt_PT","og_type":"article","og_title":"Turismo do Centro de Portugal enfrenta cancelamentos em zonas n\u00e3o afetadas - Portal Tela Portugal","og_description":"O Turismo Centro de Portugal est\u00e1 preocupado com cancelamentos de reservas na hotelaria e alojamentos em zonas n\u00e3o afetadas pelo mau tempo, devido ao alarmismo. Rui Ventura disse que o Centro de Portugal \u00e9 vasto, desde Arruda dos Vinhos a Ovar e o interior, e que muitas \u00e1reas n\u00e3o foram atingidas pelo temporal. O organismo abrange 100 concelhos em oito comunidades intermunicipais; Beiras e Serra da Estrela, Viseu D\u00e3o Laf\u00f5es, Regi\u00e3o de Aveiro e Beira Baixa ficaram fora dos danos. Em F\u00e1tima, durante os Workshops Internacionais de Turismo Religioso, o presidente pediu que as pessoas continuem a visitar o Centro de Portugal, salientando que Our\u00e9m tamb\u00e9m foi atingido pela depress\u00e3o Kristin, mas o parque hoteleiro da regi\u00e3o funciona. O temporal Kristin, Leonardo e Marta causou 18 mortes; as regi\u00f5es Centro, Lisboa e Vale do Tejo e Alentejo foram as mais afetadas e a situa\u00e7\u00e3o de calamidade terminou no fim de semana anterior.","og_url":"https:\/\/portaltela.pt\/noticias\/2026\/02\/19\/turismo-do-centro-de-portugal-enfrenta-cancelamentos-em-zonas-nao-afetadas\/","og_site_name":"Portal Tela Portugal","article_published_time":"2026-02-19T13:23:43+00:00","author":"Telinha","twitter_card":"summary_large_image","twitter_misc":{"Escrito por":"Telinha","Tempo estimado de leitura":"1 minuto"},"schema":{"@context":"https:\/\/schema.org","@graph":[{"@type":"Article","@id":"https:\/\/portaltela.pt\/noticias\/2026\/02\/19\/turismo-do-centro-de-portugal-enfrenta-cancelamentos-em-zonas-nao-afetadas\/#article","isPartOf":{"@id":"https:\/\/portaltela.pt\/noticias\/2026\/02\/19\/turismo-do-centro-de-portugal-enfrenta-cancelamentos-em-zonas-nao-afetadas\/"},"author":{"name":"Telinha","@id":"https:\/\/portaltela.pt\/#\/schema\/person\/c4278d4a6028830caff9ee44b42d32ed"},"headline":"Turismo do Centro de Portugal enfrenta cancelamentos em zonas n\u00e3o afetadas","datePublished":"2026-02-19T13:23:43+00:00","mainEntityOfPage":{"@id":"https:\/\/portaltela.pt\/noticias\/2026\/02\/19\/turismo-do-centro-de-portugal-enfrenta-cancelamentos-em-zonas-nao-afetadas\/"},"wordCount":294,"image":{"@id":"https:\/\/portaltela.pt\/noticias\/2026\/02\/19\/turismo-do-centro-de-portugal-enfrenta-cancelamentos-em-zonas-nao-afetadas\/#primaryimage"},"thumbnailUrl":"https:\/\/portaltela.pt\/s.01k8rhncp4jt1\/2026\/02\/img_1500x1000uu2025-10-28-23-55-22-2244199.jpg","keywords":["Coimbra","Leiria","M\u00e9dio Tejo","Regi\u00e3o de Aveiro","turismo"],"articleSection":["Not\u00edcias"],"inLanguage":"pt-PT"},{"@type":"WebPage","@id":"https:\/\/portaltela.pt\/noticias\/2026\/02\/19\/turismo-do-centro-de-portugal-enfrenta-cancelamentos-em-zonas-nao-afetadas\/","url":"https:\/\/portaltela.pt\/noticias\/2026\/02\/19\/turismo-do-centro-de-portugal-enfrenta-cancelamentos-em-zonas-nao-afetadas\/","name":"Turismo do Centro de Portugal enfrenta cancelamentos em zonas n\u00e3o afetadas - Portal Tela Portugal","isPartOf":{"@id":"https:\/\/portaltela.pt\/#website"},"primaryImageOfPage":{"@id":"https:\/\/portaltela.pt\/noticias\/2026\/02\/19\/turismo-do-centro-de-portugal-enfrenta-cancelamentos-em-zonas-nao-afetadas\/#primaryimage"},"image":{"@id":"https:\/\/portaltela.pt\/noticias\/2026\/02\/19\/turismo-do-centro-de-portugal-enfrenta-cancelamentos-em-zonas-nao-afetadas\/#primaryimage"},"thumbnailUrl":"https:\/\/portaltela.pt\/s.01k8rhncp4jt1\/2026\/02\/img_1500x1000uu2025-10-28-23-55-22-2244199.jpg","datePublished":"2026-02-19T13:23:43+00:00","author":{"@id":"https:\/\/portaltela.pt\/#\/schema\/person\/c4278d4a6028830caff9ee44b42d32ed"},"breadcrumb":{"@id":"https:\/\/portaltela.pt\/noticias\/2026\/02\/19\/turismo-do-centro-de-portugal-enfrenta-cancelamentos-em-zonas-nao-afetadas\/#breadcrumb"},"inLanguage":"pt-PT","potentialAction":[{"@type":"ReadAction","target":["https:\/\/portaltela.pt\/noticias\/2026\/02\/19\/turismo-do-centro-de-portugal-enfrenta-cancelamentos-em-zonas-nao-afetadas\/"]}]},{"@type":"ImageObject","inLanguage":"pt-PT","@id":"https:\/\/portaltela.pt\/noticias\/2026\/02\/19\/turismo-do-centro-de-portugal-enfrenta-cancelamentos-em-zonas-nao-afetadas\/#primaryimage","url":"https:\/\/portaltela.pt\/s.01k8rhncp4jt1\/2026\/02\/img_1500x1000uu2025-10-28-23-55-22-2244199.jpg","contentUrl":"https:\/\/portaltela.pt\/s.01k8rhncp4jt1\/2026\/02\/img_1500x1000uu2025-10-28-23-55-22-2244199.jpg","width":796,"height":448,"caption":"Turismo"},{"@type":"BreadcrumbList","@id":"https:\/\/portaltela.pt\/noticias\/2026\/02\/19\/turismo-do-centro-de-portugal-enfrenta-cancelamentos-em-zonas-nao-afetadas\/#breadcrumb","itemListElement":[{"@type":"ListItem","position":1,"name":"In\u00edcio","item":"https:\/\/portaltela.pt\/"},{"@type":"ListItem","position":2,"name":"Turismo do Centro de Portugal enfrenta cancelamentos em zonas n\u00e3o afetadas"}]},{"@type":"WebSite","@id":"https:\/\/portaltela.pt\/#website","url":"https:\/\/portaltela.pt\/","name":"Portal Tela Portugal","description":"","potentialAction":[{"@type":"SearchAction","target":{"@type":"EntryPoint","urlTemplate":"https:\/\/portaltela.pt\/?s={search_term_string}"},"query-input":{"@type":"PropertyValueSpecification","valueRequired":true,"valueName":"search_term_string"}}],"inLanguage":"pt-PT"},{"@type":"Person","@id":"https:\/\/portaltela.pt\/#\/schema\/person\/c4278d4a6028830caff9ee44b42d32ed","name":"Telinha","image":{"@type":"ImageObject","inLanguage":"pt-PT","@id":"https:\/\/portaltela.pt\/s.01k8rhncp4jt1\/2025\/11\/talking-bot-125x125.png","url":"https:\/\/portaltela.pt\/s.01k8rhncp4jt1\/2025\/11\/talking-bot-125x125.png","contentUrl":"https:\/\/portaltela.pt\/s.01k8rhncp4jt1\/2025\/11\/talking-bot-125x125.png","caption":"Telinha"},"sameAs":["https:\/\/portaltela.pt\/"],"url":"https:\/\/portaltela.pt\/por\/367410592786\/"}]}},"_links":{"self":[{"href":"https:\/\/portaltela.pt\/api\/wp\/v2\/posts\/217536","targetHints":{"allow":["GET"]}}],"collection":[{"href":"https:\/\/portaltela.pt\/api\/wp\/v2\/posts"}],"about":[{"href":"https:\/\/portaltela.pt\/api\/wp\/v2\/types\/post"}],"author":[{"embeddable":true,"href":"https:\/\/portaltela.pt\/api\/wp\/v2\/users\/2"}],"replies":[{"embeddable":true,"href":"https:\/\/portaltela.pt\/api\/wp\/v2\/comments?post=217536"}],"version-history":[{"count":0,"href":"https:\/\/portaltela.pt\/api\/wp\/v2\/posts\/217536\/revisions"}],"wp:featuredmedia":[{"embeddable":true,"href":"https:\/\/portaltela.pt\/api\/wp\/v2\/media\/217540"}],"wp:attachment":[{"href":"https:\/\/portaltela.pt\/api\/wp\/v2\/media?parent=217536"}],"wp:term":[{"taxonomy":"category","embeddable":true,"href":"https:\/\/portaltela.pt\/api\/wp\/v2\/categories?post=217536"},{"taxonomy":"post_tag","embeddable":true,"href":"https:\/\/portaltela.pt\/api\/wp\/v2\/tags?post=217536"}],"curies":[{"name":"wp","href":"https:\/\/api.w.org\/{rel}","templated":true}]}}