{"id":217531,"date":"2026-02-19T09:07:00","date_gmt":"2026-02-19T12:07:00","guid":{"rendered":"https:\/\/portaltela.pt\/noticias\/2026\/02\/19\/tejo-energia-inicia-em-marco-desmantelamento-da-antiga-central-do-pego\/"},"modified":"2026-02-19T09:07:00","modified_gmt":"2026-02-19T12:07:00","slug":"tejo-energia-inicia-em-marco-desmantelamento-da-antiga-central-do-pego","status":"publish","type":"post","link":"https:\/\/portaltela.pt\/noticias\/2026\/02\/19\/tejo-energia-inicia-em-marco-desmantelamento-da-antiga-central-do-pego\/","title":{"rendered":"Tejo Energia inicia em mar\u00e7o desmantelamento da antiga central do Pego"},"content":{"rendered":"<p>Tejo Energia anunciou que, a partir de mar\u00e7o, iniciar\u00e1 a demoli\u00e7\u00e3o da antiga central termoel\u00e9trica a carv\u00e3o do Pego, em Abrantes. O processo, com dura\u00e7\u00e3o prevista de tr\u00eas anos, marca uma nova fase de reconvers\u00e3o do complexo industrial.<\/p>\n<p>A opera\u00e7\u00e3o envolve a Tejo Energia, respons\u00e1vel pelo complexo, e enquadra-se nas estrat\u00e9gias de moderniza\u00e7\u00e3o e adapta\u00e7\u00e3o da infraestrutura industrial da regi\u00e3o. As entidades reguladoras competentes devem acompanhar as etapas do desmantelamento.<\/p>\n<p>O Pego, localizado na regi\u00e3o de Abrantes, ser\u00e1 alvo de um desmantelamento t\u00e9cnico e sustent\u00e1vel, com foco na gest\u00e3o de res\u00edduos e na recupera\u00e7\u00e3o ambiental da \u00e1rea. O objetivo \u00e9 reduzir impactos e abrir caminho para usos futuros do espa\u00e7o.<\/p>\n","protected":false},"excerpt":{"rendered":"<ul>\n<li>A Tejo Energia vai iniciar em mar\u00e7o o desmantelamento da antiga central termoel\u00e9trica a carv\u00e3o do Pego, em Abrantes.<\/li>\n<li>O processo est\u00e1 previsto prolongar-se durante tr\u00eas anos.<\/li>\n<li>A opera\u00e7\u00e3o marca uma nova fase de reconvers\u00e3o do complexo industrial.<\/li>\n<li>A informa\u00e7\u00e3o foi anunciada pela Tejo Energia.<\/li>\n<\/ul>\n","protected":false},"author":2,"featured_media":217532,"comment_status":"closed","ping_status":"closed","sticky":false,"template":"","format":"standard","meta":{"footnotes":""},"categories":[1],"tags":[1263,167,6124,174,2667,6127],"class_list":["post-217531","post","type-post","status-publish","format-standard","has-post-thumbnail","hentry","category-noticias","tag-abrantes","tag-ambiente","tag-desmantelamento","tag-energia","tag-gestao-de-residuos","tag-recuperacao-ambiental"],"yoast_head":"<!-- This site is optimized with the Yoast SEO plugin v27.2 - https:\/\/yoast.com\/product\/yoast-seo-wordpress\/ -->\n<title>Tejo Energia inicia em mar\u00e7o desmantelamento da antiga central do Pego - Portal Tela Portugal<\/title>\n<meta name=\"robots\" content=\"index, follow, max-snippet:-1, max-image-preview:large, max-video-preview:-1\" \/>\n<meta property=\"og:locale\" content=\"pt_PT\" \/>\n<meta property=\"og:type\" content=\"article\" \/>\n<meta property=\"og:title\" content=\"Tejo Energia inicia em mar\u00e7o desmantelamento da antiga central do Pego - Portal Tela Portugal\" \/>\n<meta property=\"og:description\" content=\"A Tejo Energia vai iniciar em mar\u00e7o o desmantelamento da antiga central termoel\u00e9trica a carv\u00e3o do Pego, em Abrantes. O processo est\u00e1 previsto prolongar-se durante tr\u00eas anos. A opera\u00e7\u00e3o marca uma nova fase de reconvers\u00e3o do complexo industrial. A informa\u00e7\u00e3o foi anunciada pela Tejo Energia.\" \/>\n<meta property=\"og:url\" content=\"https:\/\/portaltela.pt\/noticias\/2026\/02\/19\/tejo-energia-inicia-em-marco-desmantelamento-da-antiga-central-do-pego\/\" \/>\n<meta property=\"og:site_name\" content=\"Portal Tela Portugal\" \/>\n<meta property=\"article:published_time\" content=\"2026-02-19T12:07:00+00:00\" \/>\n<meta name=\"author\" content=\"Telinha\" \/>\n<meta name=\"twitter:card\" content=\"summary_large_image\" \/>\n<meta name=\"twitter:label1\" content=\"Escrito por\" \/>\n\t<meta name=\"twitter:data1\" content=\"Telinha\" \/>\n\t<meta name=\"twitter:label2\" content=\"Tempo estimado de leitura\" \/>\n\t<meta name=\"twitter:data2\" content=\"1 minuto\" \/>\n<script type=\"application\/ld+json\" class=\"yoast-schema-graph\">{\"@context\":\"https:\/\/schema.org\",\"@graph\":[{\"@type\":\"Article\",\"@id\":\"https:\/\/portaltela.pt\/noticias\/2026\/02\/19\/tejo-energia-inicia-em-marco-desmantelamento-da-antiga-central-do-pego\/#article\",\"isPartOf\":{\"@id\":\"https:\/\/portaltela.pt\/noticias\/2026\/02\/19\/tejo-energia-inicia-em-marco-desmantelamento-da-antiga-central-do-pego\/\"},\"author\":{\"name\":\"Telinha\",\"@id\":\"https:\/\/portaltela.pt\/#\/schema\/person\/c4278d4a6028830caff9ee44b42d32ed\"},\"headline\":\"Tejo Energia inicia em mar\u00e7o desmantelamento da antiga central do Pego\",\"datePublished\":\"2026-02-19T12:07:00+00:00\",\"mainEntityOfPage\":{\"@id\":\"https:\/\/portaltela.pt\/noticias\/2026\/02\/19\/tejo-energia-inicia-em-marco-desmantelamento-da-antiga-central-do-pego\/\"},\"wordCount\":141,\"image\":{\"@id\":\"https:\/\/portaltela.pt\/noticias\/2026\/02\/19\/tejo-energia-inicia-em-marco-desmantelamento-da-antiga-central-do-pego\/#primaryimage\"},\"thumbnailUrl\":\"https:\/\/portaltela.pt\/s.01k8rhncp4jt1\/2026\/02\/CACHE_780X1200_ANALOG_WATERMARKED_39897711_4235496_25112022013403.jpg\",\"keywords\":[\"Abrantes\",\"ambiente\",\"desmantelamento\",\"energia\",\"gest\u00e3o de res\u00edduos\",\"recupera\u00e7\u00e3o ambiental\"],\"articleSection\":[\"Not\u00edcias\"],\"inLanguage\":\"pt-PT\"},{\"@type\":\"WebPage\",\"@id\":\"https:\/\/portaltela.pt\/noticias\/2026\/02\/19\/tejo-energia-inicia-em-marco-desmantelamento-da-antiga-central-do-pego\/\",\"url\":\"https:\/\/portaltela.pt\/noticias\/2026\/02\/19\/tejo-energia-inicia-em-marco-desmantelamento-da-antiga-central-do-pego\/\",\"name\":\"Tejo Energia inicia em mar\u00e7o desmantelamento da antiga central do Pego - Portal Tela Portugal\",\"isPartOf\":{\"@id\":\"https:\/\/portaltela.pt\/#website\"},\"primaryImageOfPage\":{\"@id\":\"https:\/\/portaltela.pt\/noticias\/2026\/02\/19\/tejo-energia-inicia-em-marco-desmantelamento-da-antiga-central-do-pego\/#primaryimage\"},\"image\":{\"@id\":\"https:\/\/portaltela.pt\/noticias\/2026\/02\/19\/tejo-energia-inicia-em-marco-desmantelamento-da-antiga-central-do-pego\/#primaryimage\"},\"thumbnailUrl\":\"https:\/\/portaltela.pt\/s.01k8rhncp4jt1\/2026\/02\/CACHE_780X1200_ANALOG_WATERMARKED_39897711_4235496_25112022013403.jpg\",\"datePublished\":\"2026-02-19T12:07:00+00:00\",\"author\":{\"@id\":\"https:\/\/portaltela.pt\/#\/schema\/person\/c4278d4a6028830caff9ee44b42d32ed\"},\"breadcrumb\":{\"@id\":\"https:\/\/portaltela.pt\/noticias\/2026\/02\/19\/tejo-energia-inicia-em-marco-desmantelamento-da-antiga-central-do-pego\/#breadcrumb\"},\"inLanguage\":\"pt-PT\",\"potentialAction\":[{\"@type\":\"ReadAction\",\"target\":[\"https:\/\/portaltela.pt\/noticias\/2026\/02\/19\/tejo-energia-inicia-em-marco-desmantelamento-da-antiga-central-do-pego\/\"]}]},{\"@type\":\"ImageObject\",\"inLanguage\":\"pt-PT\",\"@id\":\"https:\/\/portaltela.pt\/noticias\/2026\/02\/19\/tejo-energia-inicia-em-marco-desmantelamento-da-antiga-central-do-pego\/#primaryimage\",\"url\":\"https:\/\/portaltela.pt\/s.01k8rhncp4jt1\/2026\/02\/CACHE_780X1200_ANALOG_WATERMARKED_39897711_4235496_25112022013403.jpg\",\"contentUrl\":\"https:\/\/portaltela.pt\/s.01k8rhncp4jt1\/2026\/02\/CACHE_780X1200_ANALOG_WATERMARKED_39897711_4235496_25112022013403.jpg\",\"width\":796,\"height\":448,\"caption\":\"Tejo Energia inicia em mar\u00e7o desmantelamento da antiga central a carv\u00e3o do Pego\"},{\"@type\":\"BreadcrumbList\",\"@id\":\"https:\/\/portaltela.pt\/noticias\/2026\/02\/19\/tejo-energia-inicia-em-marco-desmantelamento-da-antiga-central-do-pego\/#breadcrumb\",\"itemListElement\":[{\"@type\":\"ListItem\",\"position\":1,\"name\":\"In\u00edcio\",\"item\":\"https:\/\/portaltela.pt\/\"},{\"@type\":\"ListItem\",\"position\":2,\"name\":\"Tejo Energia inicia em mar\u00e7o desmantelamento da antiga central do Pego\"}]},{\"@type\":\"WebSite\",\"@id\":\"https:\/\/portaltela.pt\/#website\",\"url\":\"https:\/\/portaltela.pt\/\",\"name\":\"Portal Tela Portugal\",\"description\":\"\",\"potentialAction\":[{\"@type\":\"SearchAction\",\"target\":{\"@type\":\"EntryPoint\",\"urlTemplate\":\"https:\/\/portaltela.pt\/?s={search_term_string}\"},\"query-input\":{\"@type\":\"PropertyValueSpecification\",\"valueRequired\":true,\"valueName\":\"search_term_string\"}}],\"inLanguage\":\"pt-PT\"},{\"@type\":\"Person\",\"@id\":\"https:\/\/portaltela.pt\/#\/schema\/person\/c4278d4a6028830caff9ee44b42d32ed\",\"name\":\"Telinha\",\"image\":{\"@type\":\"ImageObject\",\"inLanguage\":\"pt-PT\",\"@id\":\"https:\/\/portaltela.pt\/s.01k8rhncp4jt1\/2025\/11\/talking-bot-125x125.png\",\"url\":\"https:\/\/portaltela.pt\/s.01k8rhncp4jt1\/2025\/11\/talking-bot-125x125.png\",\"contentUrl\":\"https:\/\/portaltela.pt\/s.01k8rhncp4jt1\/2025\/11\/talking-bot-125x125.png\",\"caption\":\"Telinha\"},\"sameAs\":[\"https:\/\/portaltela.pt\/\"],\"url\":\"https:\/\/portaltela.pt\/por\/367410592786\/\"}]}<\/script>\n<!-- \/ Yoast SEO plugin. -->","yoast_head_json":{"title":"Tejo Energia inicia em mar\u00e7o desmantelamento da antiga central do Pego - Portal Tela Portugal","robots":{"index":"index","follow":"follow","max-snippet":"max-snippet:-1","max-image-preview":"max-image-preview:large","max-video-preview":"max-video-preview:-1"},"og_locale":"pt_PT","og_type":"article","og_title":"Tejo Energia inicia em mar\u00e7o desmantelamento da antiga central do Pego - Portal Tela Portugal","og_description":"A Tejo Energia vai iniciar em mar\u00e7o o desmantelamento da antiga central termoel\u00e9trica a carv\u00e3o do Pego, em Abrantes. O processo est\u00e1 previsto prolongar-se durante tr\u00eas anos. A opera\u00e7\u00e3o marca uma nova fase de reconvers\u00e3o do complexo industrial. A informa\u00e7\u00e3o foi anunciada pela Tejo Energia.","og_url":"https:\/\/portaltela.pt\/noticias\/2026\/02\/19\/tejo-energia-inicia-em-marco-desmantelamento-da-antiga-central-do-pego\/","og_site_name":"Portal Tela Portugal","article_published_time":"2026-02-19T12:07:00+00:00","author":"Telinha","twitter_card":"summary_large_image","twitter_misc":{"Escrito por":"Telinha","Tempo estimado de leitura":"1 minuto"},"schema":{"@context":"https:\/\/schema.org","@graph":[{"@type":"Article","@id":"https:\/\/portaltela.pt\/noticias\/2026\/02\/19\/tejo-energia-inicia-em-marco-desmantelamento-da-antiga-central-do-pego\/#article","isPartOf":{"@id":"https:\/\/portaltela.pt\/noticias\/2026\/02\/19\/tejo-energia-inicia-em-marco-desmantelamento-da-antiga-central-do-pego\/"},"author":{"name":"Telinha","@id":"https:\/\/portaltela.pt\/#\/schema\/person\/c4278d4a6028830caff9ee44b42d32ed"},"headline":"Tejo Energia inicia em mar\u00e7o desmantelamento da antiga central do Pego","datePublished":"2026-02-19T12:07:00+00:00","mainEntityOfPage":{"@id":"https:\/\/portaltela.pt\/noticias\/2026\/02\/19\/tejo-energia-inicia-em-marco-desmantelamento-da-antiga-central-do-pego\/"},"wordCount":141,"image":{"@id":"https:\/\/portaltela.pt\/noticias\/2026\/02\/19\/tejo-energia-inicia-em-marco-desmantelamento-da-antiga-central-do-pego\/#primaryimage"},"thumbnailUrl":"https:\/\/portaltela.pt\/s.01k8rhncp4jt1\/2026\/02\/CACHE_780X1200_ANALOG_WATERMARKED_39897711_4235496_25112022013403.jpg","keywords":["Abrantes","ambiente","desmantelamento","energia","gest\u00e3o de res\u00edduos","recupera\u00e7\u00e3o ambiental"],"articleSection":["Not\u00edcias"],"inLanguage":"pt-PT"},{"@type":"WebPage","@id":"https:\/\/portaltela.pt\/noticias\/2026\/02\/19\/tejo-energia-inicia-em-marco-desmantelamento-da-antiga-central-do-pego\/","url":"https:\/\/portaltela.pt\/noticias\/2026\/02\/19\/tejo-energia-inicia-em-marco-desmantelamento-da-antiga-central-do-pego\/","name":"Tejo Energia inicia em mar\u00e7o desmantelamento da antiga central do Pego - Portal Tela Portugal","isPartOf":{"@id":"https:\/\/portaltela.pt\/#website"},"primaryImageOfPage":{"@id":"https:\/\/portaltela.pt\/noticias\/2026\/02\/19\/tejo-energia-inicia-em-marco-desmantelamento-da-antiga-central-do-pego\/#primaryimage"},"image":{"@id":"https:\/\/portaltela.pt\/noticias\/2026\/02\/19\/tejo-energia-inicia-em-marco-desmantelamento-da-antiga-central-do-pego\/#primaryimage"},"thumbnailUrl":"https:\/\/portaltela.pt\/s.01k8rhncp4jt1\/2026\/02\/CACHE_780X1200_ANALOG_WATERMARKED_39897711_4235496_25112022013403.jpg","datePublished":"2026-02-19T12:07:00+00:00","author":{"@id":"https:\/\/portaltela.pt\/#\/schema\/person\/c4278d4a6028830caff9ee44b42d32ed"},"breadcrumb":{"@id":"https:\/\/portaltela.pt\/noticias\/2026\/02\/19\/tejo-energia-inicia-em-marco-desmantelamento-da-antiga-central-do-pego\/#breadcrumb"},"inLanguage":"pt-PT","potentialAction":[{"@type":"ReadAction","target":["https:\/\/portaltela.pt\/noticias\/2026\/02\/19\/tejo-energia-inicia-em-marco-desmantelamento-da-antiga-central-do-pego\/"]}]},{"@type":"ImageObject","inLanguage":"pt-PT","@id":"https:\/\/portaltela.pt\/noticias\/2026\/02\/19\/tejo-energia-inicia-em-marco-desmantelamento-da-antiga-central-do-pego\/#primaryimage","url":"https:\/\/portaltela.pt\/s.01k8rhncp4jt1\/2026\/02\/CACHE_780X1200_ANALOG_WATERMARKED_39897711_4235496_25112022013403.jpg","contentUrl":"https:\/\/portaltela.pt\/s.01k8rhncp4jt1\/2026\/02\/CACHE_780X1200_ANALOG_WATERMARKED_39897711_4235496_25112022013403.jpg","width":796,"height":448,"caption":"Tejo Energia inicia em mar\u00e7o desmantelamento da antiga central a carv\u00e3o do Pego"},{"@type":"BreadcrumbList","@id":"https:\/\/portaltela.pt\/noticias\/2026\/02\/19\/tejo-energia-inicia-em-marco-desmantelamento-da-antiga-central-do-pego\/#breadcrumb","itemListElement":[{"@type":"ListItem","position":1,"name":"In\u00edcio","item":"https:\/\/portaltela.pt\/"},{"@type":"ListItem","position":2,"name":"Tejo Energia inicia em mar\u00e7o desmantelamento da antiga central do Pego"}]},{"@type":"WebSite","@id":"https:\/\/portaltela.pt\/#website","url":"https:\/\/portaltela.pt\/","name":"Portal Tela Portugal","description":"","potentialAction":[{"@type":"SearchAction","target":{"@type":"EntryPoint","urlTemplate":"https:\/\/portaltela.pt\/?s={search_term_string}"},"query-input":{"@type":"PropertyValueSpecification","valueRequired":true,"valueName":"search_term_string"}}],"inLanguage":"pt-PT"},{"@type":"Person","@id":"https:\/\/portaltela.pt\/#\/schema\/person\/c4278d4a6028830caff9ee44b42d32ed","name":"Telinha","image":{"@type":"ImageObject","inLanguage":"pt-PT","@id":"https:\/\/portaltela.pt\/s.01k8rhncp4jt1\/2025\/11\/talking-bot-125x125.png","url":"https:\/\/portaltela.pt\/s.01k8rhncp4jt1\/2025\/11\/talking-bot-125x125.png","contentUrl":"https:\/\/portaltela.pt\/s.01k8rhncp4jt1\/2025\/11\/talking-bot-125x125.png","caption":"Telinha"},"sameAs":["https:\/\/portaltela.pt\/"],"url":"https:\/\/portaltela.pt\/por\/367410592786\/"}]}},"_links":{"self":[{"href":"https:\/\/portaltela.pt\/api\/wp\/v2\/posts\/217531","targetHints":{"allow":["GET"]}}],"collection":[{"href":"https:\/\/portaltela.pt\/api\/wp\/v2\/posts"}],"about":[{"href":"https:\/\/portaltela.pt\/api\/wp\/v2\/types\/post"}],"author":[{"embeddable":true,"href":"https:\/\/portaltela.pt\/api\/wp\/v2\/users\/2"}],"replies":[{"embeddable":true,"href":"https:\/\/portaltela.pt\/api\/wp\/v2\/comments?post=217531"}],"version-history":[{"count":0,"href":"https:\/\/portaltela.pt\/api\/wp\/v2\/posts\/217531\/revisions"}],"wp:featuredmedia":[{"embeddable":true,"href":"https:\/\/portaltela.pt\/api\/wp\/v2\/media\/217532"}],"wp:attachment":[{"href":"https:\/\/portaltela.pt\/api\/wp\/v2\/media?parent=217531"}],"wp:term":[{"taxonomy":"category","embeddable":true,"href":"https:\/\/portaltela.pt\/api\/wp\/v2\/categories?post=217531"},{"taxonomy":"post_tag","embeddable":true,"href":"https:\/\/portaltela.pt\/api\/wp\/v2\/tags?post=217531"}],"curies":[{"name":"wp","href":"https:\/\/api.w.org\/{rel}","templated":true}]}}