{"id":217512,"date":"2026-02-19T10:04:00","date_gmt":"2026-02-19T13:04:00","guid":{"rendered":"https:\/\/portaltela.pt\/noticias\/2026\/02\/19\/tensao-entre-allegri-e-fabregas-apos-insulto-durante-treino\/"},"modified":"2026-02-19T10:04:00","modified_gmt":"2026-02-19T13:04:00","slug":"tensao-entre-allegri-e-fabregas-apos-insulto-durante-treino","status":"publish","type":"post","link":"https:\/\/portaltela.pt\/desporto\/futebol\/2026\/02\/19\/tensao-entre-allegri-e-fabregas-apos-insulto-durante-treino\/","title":{"rendered":"Tens\u00e3o entre Allegri e F\u00e0bregas ap\u00f3s insulto durante treino"},"content":{"rendered":"<p>O Milan-SComo terminou empatado 1-1 e ficou marcado por um momento de tens\u00e3o entre Massimiliano Allegri e Cesc F\u00e0bregas. O incidente ocorreu durante a partida, na linha lateral, quando o treinador espanhol puxou a camisola de Alexis Saelemaekers, levando \u00e0 expuls\u00e3o de Allegri.<\/p>\n<p>Antes do rescaldo, j\u00e1 afastados da aten\u00e7\u00e3o dos adeptos, jornalistas presentes ouviram relatos sobre um desabafo do treinador italiano dirigido a F\u00e0bregas, com express\u00f5es depreciativas. A conversa entre ambos ter-se-\u00e1 concentrado num tom de desd\u00e9m pela qualidade do espanhol.<\/p>\n<p>No cap\u00edtulo desportivo, o Como adianta-se no marcador aos 32 minutos gra\u00e7as a Nico, mas o Milan empatou aos 64 minutos por Rafael Le\u00e3o. O resultado confirmou o 1-1 final entre as duas equipas italianas.<\/p>\n<p>A not\u00edcia aponta ainda para a cobertura dos jornalistas na sala de imprensa, que registou o desenrolar do encontro, incluindo os momentos de tens\u00e3o ap\u00f3s o lance envolvendo Saelemaekers. N\u00e3o h\u00e1 confirma\u00e7\u00e3o de consequ\u00eancias adicionais al\u00e9m da expuls\u00e3o no decorrer do jogo.<\/p>\n","protected":false},"excerpt":{"rendered":"<ul>\n<li>O Milan empatou com o Como por 1-1, em jogo rescaldo disputado na quarta-feira, com Rafael Le\u00e3o a marcar aos 64 minutos.<\/li>\n<li>Durante a partida, Massimiliano Allegri expulsou-se ap\u00f3s protestar contra Alexis Saelmaekers, ap\u00f3s o treinador espanhol ter puxado a camisola do jogador.<\/li>\n<li>Antes das confer\u00eancias de imprensa de rescaldo, jornalistas ouviram Allegri dirigir-se a Cesc F\u00e0bregas com cr\u00edticas, chamando-o de \u201ccrian\u00e7a\u201d e \u201cidiota\u201d.<\/li>\n<li>As palavras dirigidas a F\u00e0bregas teriam inclu\u00eddo \u201c\u00e9s uma crian\u00e7a, \u00e9s um idiota, \u00e9s um mi\u00fado que come\u00e7ou a treinar anteontem\u201d.<\/li>\n<li>O golo do Milan foi inicialmente marcado por Le\u00e3o aos 64 minutos, repondo o empate depois de Nico ter colocado o Como em vantagem aos 32 minutos.<\/li>\n<\/ul>\n","protected":false},"author":2,"featured_media":217516,"comment_status":"closed","ping_status":"closed","sticky":false,"template":"","format":"standard","meta":{"footnotes":""},"categories":[21,24],"tags":[2120,2339,32,5886,1857,2673],"class_list":["post-217512","post","type-post","status-publish","format-standard","has-post-thumbnail","hentry","category-desporto","category-futebol","tag-ac-milan","tag-cesc-fabregas","tag-futebol","tag-insultos","tag-italia","tag-rafael-leao"],"yoast_head":"<!-- This site is optimized with the Yoast SEO plugin v27.2 - https:\/\/yoast.com\/product\/yoast-seo-wordpress\/ -->\n<title>Tens\u00e3o entre Allegri e F\u00e0bregas ap\u00f3s insulto durante treino - Portal Tela Portugal<\/title>\n<meta name=\"robots\" content=\"index, follow, max-snippet:-1, max-image-preview:large, max-video-preview:-1\" \/>\n<meta property=\"og:locale\" content=\"pt_PT\" \/>\n<meta property=\"og:type\" content=\"article\" \/>\n<meta property=\"og:title\" content=\"Tens\u00e3o entre Allegri e F\u00e0bregas ap\u00f3s insulto durante treino - Portal Tela Portugal\" \/>\n<meta property=\"og:description\" content=\"O Milan empatou com o Como por 1-1, em jogo rescaldo disputado na quarta-feira, com Rafael Le\u00e3o a marcar aos 64 minutos. Durante a partida, Massimiliano Allegri expulsou-se ap\u00f3s protestar contra Alexis Saelmaekers, ap\u00f3s o treinador espanhol ter puxado a camisola do jogador. Antes das confer\u00eancias de imprensa de rescaldo, jornalistas ouviram Allegri dirigir-se a Cesc F\u00e0bregas com cr\u00edticas, chamando-o de \u201ccrian\u00e7a\u201d e \u201cidiota\u201d. As palavras dirigidas a F\u00e0bregas teriam inclu\u00eddo \u201c\u00e9s uma crian\u00e7a, \u00e9s um idiota, \u00e9s um mi\u00fado que come\u00e7ou a treinar anteontem\u201d. O golo do Milan foi inicialmente marcado por Le\u00e3o aos 64 minutos, repondo o empate depois de Nico ter colocado o Como em vantagem aos 32 minutos.\" \/>\n<meta property=\"og:url\" content=\"https:\/\/portaltela.pt\/noticias\/2026\/02\/19\/tensao-entre-allegri-e-fabregas-apos-insulto-durante-treino\/\" \/>\n<meta property=\"og:site_name\" content=\"Portal Tela Portugal\" \/>\n<meta property=\"article:published_time\" content=\"2026-02-19T13:04:00+00:00\" \/>\n<meta name=\"author\" content=\"Telinha\" \/>\n<meta name=\"twitter:card\" content=\"summary_large_image\" \/>\n<meta name=\"twitter:label1\" content=\"Escrito por\" \/>\n\t<meta name=\"twitter:data1\" content=\"Telinha\" \/>\n\t<meta name=\"twitter:label2\" content=\"Tempo estimado de leitura\" \/>\n\t<meta name=\"twitter:data2\" content=\"1 minuto\" \/>\n<script type=\"application\/ld+json\" class=\"yoast-schema-graph\">{\"@context\":\"https:\/\/schema.org\",\"@graph\":[{\"@type\":\"Article\",\"@id\":\"https:\/\/portaltela.pt\/noticias\/2026\/02\/19\/tensao-entre-allegri-e-fabregas-apos-insulto-durante-treino\/#article\",\"isPartOf\":{\"@id\":\"https:\/\/portaltela.pt\/noticias\/2026\/02\/19\/tensao-entre-allegri-e-fabregas-apos-insulto-durante-treino\/\"},\"author\":{\"name\":\"Telinha\",\"@id\":\"https:\/\/portaltela.pt\/#\/schema\/person\/c4278d4a6028830caff9ee44b42d32ed\"},\"headline\":\"Tens\u00e3o entre Allegri e F\u00e0bregas ap\u00f3s insulto durante treino\",\"datePublished\":\"2026-02-19T13:04:00+00:00\",\"mainEntityOfPage\":{\"@id\":\"https:\/\/portaltela.pt\/noticias\/2026\/02\/19\/tensao-entre-allegri-e-fabregas-apos-insulto-durante-treino\/\"},\"wordCount\":186,\"image\":{\"@id\":\"https:\/\/portaltela.pt\/noticias\/2026\/02\/19\/tensao-entre-allegri-e-fabregas-apos-insulto-durante-treino\/#primaryimage\"},\"thumbnailUrl\":\"https:\/\/portaltela.pt\/s.01k8rhncp4jt1\/2026\/02\/img_920x518uu2026-02-19-13-04-33-2422504.jpg\",\"keywords\":[\"AC Milan\",\"Cesc F\u00e0bregas\",\"futebol\",\"insultos\",\"It\u00e1lia\",\"Rafael Le\u00e3o\"],\"articleSection\":[\"Desporto\",\"Futebol\"],\"inLanguage\":\"pt-PT\"},{\"@type\":\"WebPage\",\"@id\":\"https:\/\/portaltela.pt\/noticias\/2026\/02\/19\/tensao-entre-allegri-e-fabregas-apos-insulto-durante-treino\/\",\"url\":\"https:\/\/portaltela.pt\/noticias\/2026\/02\/19\/tensao-entre-allegri-e-fabregas-apos-insulto-durante-treino\/\",\"name\":\"Tens\u00e3o entre Allegri e F\u00e0bregas ap\u00f3s insulto durante treino - Portal Tela Portugal\",\"isPartOf\":{\"@id\":\"https:\/\/portaltela.pt\/#website\"},\"primaryImageOfPage\":{\"@id\":\"https:\/\/portaltela.pt\/noticias\/2026\/02\/19\/tensao-entre-allegri-e-fabregas-apos-insulto-durante-treino\/#primaryimage\"},\"image\":{\"@id\":\"https:\/\/portaltela.pt\/noticias\/2026\/02\/19\/tensao-entre-allegri-e-fabregas-apos-insulto-durante-treino\/#primaryimage\"},\"thumbnailUrl\":\"https:\/\/portaltela.pt\/s.01k8rhncp4jt1\/2026\/02\/img_920x518uu2026-02-19-13-04-33-2422504.jpg\",\"datePublished\":\"2026-02-19T13:04:00+00:00\",\"author\":{\"@id\":\"https:\/\/portaltela.pt\/#\/schema\/person\/c4278d4a6028830caff9ee44b42d32ed\"},\"breadcrumb\":{\"@id\":\"https:\/\/portaltela.pt\/noticias\/2026\/02\/19\/tensao-entre-allegri-e-fabregas-apos-insulto-durante-treino\/#breadcrumb\"},\"inLanguage\":\"pt-PT\",\"potentialAction\":[{\"@type\":\"ReadAction\",\"target\":[\"https:\/\/portaltela.pt\/noticias\/2026\/02\/19\/tensao-entre-allegri-e-fabregas-apos-insulto-durante-treino\/\"]}]},{\"@type\":\"ImageObject\",\"inLanguage\":\"pt-PT\",\"@id\":\"https:\/\/portaltela.pt\/noticias\/2026\/02\/19\/tensao-entre-allegri-e-fabregas-apos-insulto-durante-treino\/#primaryimage\",\"url\":\"https:\/\/portaltela.pt\/s.01k8rhncp4jt1\/2026\/02\/img_920x518uu2026-02-19-13-04-33-2422504.jpg\",\"contentUrl\":\"https:\/\/portaltela.pt\/s.01k8rhncp4jt1\/2026\/02\/img_920x518uu2026-02-19-13-04-33-2422504.jpg\",\"width\":796,\"height\":448,\"caption\":\"Tens\u00e3o entre Allegri e F\u00e0bregas:\"},{\"@type\":\"BreadcrumbList\",\"@id\":\"https:\/\/portaltela.pt\/noticias\/2026\/02\/19\/tensao-entre-allegri-e-fabregas-apos-insulto-durante-treino\/#breadcrumb\",\"itemListElement\":[{\"@type\":\"ListItem\",\"position\":1,\"name\":\"In\u00edcio\",\"item\":\"https:\/\/portaltela.pt\/\"},{\"@type\":\"ListItem\",\"position\":2,\"name\":\"Tens\u00e3o entre Allegri e F\u00e0bregas ap\u00f3s insulto durante treino\"}]},{\"@type\":\"WebSite\",\"@id\":\"https:\/\/portaltela.pt\/#website\",\"url\":\"https:\/\/portaltela.pt\/\",\"name\":\"Portal Tela Portugal\",\"description\":\"\",\"potentialAction\":[{\"@type\":\"SearchAction\",\"target\":{\"@type\":\"EntryPoint\",\"urlTemplate\":\"https:\/\/portaltela.pt\/?s={search_term_string}\"},\"query-input\":{\"@type\":\"PropertyValueSpecification\",\"valueRequired\":true,\"valueName\":\"search_term_string\"}}],\"inLanguage\":\"pt-PT\"},{\"@type\":\"Person\",\"@id\":\"https:\/\/portaltela.pt\/#\/schema\/person\/c4278d4a6028830caff9ee44b42d32ed\",\"name\":\"Telinha\",\"image\":{\"@type\":\"ImageObject\",\"inLanguage\":\"pt-PT\",\"@id\":\"https:\/\/portaltela.pt\/s.01k8rhncp4jt1\/2025\/11\/talking-bot-125x125.png\",\"url\":\"https:\/\/portaltela.pt\/s.01k8rhncp4jt1\/2025\/11\/talking-bot-125x125.png\",\"contentUrl\":\"https:\/\/portaltela.pt\/s.01k8rhncp4jt1\/2025\/11\/talking-bot-125x125.png\",\"caption\":\"Telinha\"},\"sameAs\":[\"https:\/\/portaltela.pt\/\"],\"url\":\"https:\/\/portaltela.pt\/por\/367410592786\/\"}]}<\/script>\n<!-- \/ Yoast SEO plugin. -->","yoast_head_json":{"title":"Tens\u00e3o entre Allegri e F\u00e0bregas ap\u00f3s insulto durante treino - Portal Tela Portugal","robots":{"index":"index","follow":"follow","max-snippet":"max-snippet:-1","max-image-preview":"max-image-preview:large","max-video-preview":"max-video-preview:-1"},"og_locale":"pt_PT","og_type":"article","og_title":"Tens\u00e3o entre Allegri e F\u00e0bregas ap\u00f3s insulto durante treino - Portal Tela Portugal","og_description":"O Milan empatou com o Como por 1-1, em jogo rescaldo disputado na quarta-feira, com Rafael Le\u00e3o a marcar aos 64 minutos. Durante a partida, Massimiliano Allegri expulsou-se ap\u00f3s protestar contra Alexis Saelmaekers, ap\u00f3s o treinador espanhol ter puxado a camisola do jogador. Antes das confer\u00eancias de imprensa de rescaldo, jornalistas ouviram Allegri dirigir-se a Cesc F\u00e0bregas com cr\u00edticas, chamando-o de \u201ccrian\u00e7a\u201d e \u201cidiota\u201d. As palavras dirigidas a F\u00e0bregas teriam inclu\u00eddo \u201c\u00e9s uma crian\u00e7a, \u00e9s um idiota, \u00e9s um mi\u00fado que come\u00e7ou a treinar anteontem\u201d. O golo do Milan foi inicialmente marcado por Le\u00e3o aos 64 minutos, repondo o empate depois de Nico ter colocado o Como em vantagem aos 32 minutos.","og_url":"https:\/\/portaltela.pt\/noticias\/2026\/02\/19\/tensao-entre-allegri-e-fabregas-apos-insulto-durante-treino\/","og_site_name":"Portal Tela Portugal","article_published_time":"2026-02-19T13:04:00+00:00","author":"Telinha","twitter_card":"summary_large_image","twitter_misc":{"Escrito por":"Telinha","Tempo estimado de leitura":"1 minuto"},"schema":{"@context":"https:\/\/schema.org","@graph":[{"@type":"Article","@id":"https:\/\/portaltela.pt\/noticias\/2026\/02\/19\/tensao-entre-allegri-e-fabregas-apos-insulto-durante-treino\/#article","isPartOf":{"@id":"https:\/\/portaltela.pt\/noticias\/2026\/02\/19\/tensao-entre-allegri-e-fabregas-apos-insulto-durante-treino\/"},"author":{"name":"Telinha","@id":"https:\/\/portaltela.pt\/#\/schema\/person\/c4278d4a6028830caff9ee44b42d32ed"},"headline":"Tens\u00e3o entre Allegri e F\u00e0bregas ap\u00f3s insulto durante treino","datePublished":"2026-02-19T13:04:00+00:00","mainEntityOfPage":{"@id":"https:\/\/portaltela.pt\/noticias\/2026\/02\/19\/tensao-entre-allegri-e-fabregas-apos-insulto-durante-treino\/"},"wordCount":186,"image":{"@id":"https:\/\/portaltela.pt\/noticias\/2026\/02\/19\/tensao-entre-allegri-e-fabregas-apos-insulto-durante-treino\/#primaryimage"},"thumbnailUrl":"https:\/\/portaltela.pt\/s.01k8rhncp4jt1\/2026\/02\/img_920x518uu2026-02-19-13-04-33-2422504.jpg","keywords":["AC Milan","Cesc F\u00e0bregas","futebol","insultos","It\u00e1lia","Rafael Le\u00e3o"],"articleSection":["Desporto","Futebol"],"inLanguage":"pt-PT"},{"@type":"WebPage","@id":"https:\/\/portaltela.pt\/noticias\/2026\/02\/19\/tensao-entre-allegri-e-fabregas-apos-insulto-durante-treino\/","url":"https:\/\/portaltela.pt\/noticias\/2026\/02\/19\/tensao-entre-allegri-e-fabregas-apos-insulto-durante-treino\/","name":"Tens\u00e3o entre Allegri e F\u00e0bregas ap\u00f3s insulto durante treino - Portal Tela Portugal","isPartOf":{"@id":"https:\/\/portaltela.pt\/#website"},"primaryImageOfPage":{"@id":"https:\/\/portaltela.pt\/noticias\/2026\/02\/19\/tensao-entre-allegri-e-fabregas-apos-insulto-durante-treino\/#primaryimage"},"image":{"@id":"https:\/\/portaltela.pt\/noticias\/2026\/02\/19\/tensao-entre-allegri-e-fabregas-apos-insulto-durante-treino\/#primaryimage"},"thumbnailUrl":"https:\/\/portaltela.pt\/s.01k8rhncp4jt1\/2026\/02\/img_920x518uu2026-02-19-13-04-33-2422504.jpg","datePublished":"2026-02-19T13:04:00+00:00","author":{"@id":"https:\/\/portaltela.pt\/#\/schema\/person\/c4278d4a6028830caff9ee44b42d32ed"},"breadcrumb":{"@id":"https:\/\/portaltela.pt\/noticias\/2026\/02\/19\/tensao-entre-allegri-e-fabregas-apos-insulto-durante-treino\/#breadcrumb"},"inLanguage":"pt-PT","potentialAction":[{"@type":"ReadAction","target":["https:\/\/portaltela.pt\/noticias\/2026\/02\/19\/tensao-entre-allegri-e-fabregas-apos-insulto-durante-treino\/"]}]},{"@type":"ImageObject","inLanguage":"pt-PT","@id":"https:\/\/portaltela.pt\/noticias\/2026\/02\/19\/tensao-entre-allegri-e-fabregas-apos-insulto-durante-treino\/#primaryimage","url":"https:\/\/portaltela.pt\/s.01k8rhncp4jt1\/2026\/02\/img_920x518uu2026-02-19-13-04-33-2422504.jpg","contentUrl":"https:\/\/portaltela.pt\/s.01k8rhncp4jt1\/2026\/02\/img_920x518uu2026-02-19-13-04-33-2422504.jpg","width":796,"height":448,"caption":"Tens\u00e3o entre Allegri e F\u00e0bregas:"},{"@type":"BreadcrumbList","@id":"https:\/\/portaltela.pt\/noticias\/2026\/02\/19\/tensao-entre-allegri-e-fabregas-apos-insulto-durante-treino\/#breadcrumb","itemListElement":[{"@type":"ListItem","position":1,"name":"In\u00edcio","item":"https:\/\/portaltela.pt\/"},{"@type":"ListItem","position":2,"name":"Tens\u00e3o entre Allegri e F\u00e0bregas ap\u00f3s insulto durante treino"}]},{"@type":"WebSite","@id":"https:\/\/portaltela.pt\/#website","url":"https:\/\/portaltela.pt\/","name":"Portal Tela Portugal","description":"","potentialAction":[{"@type":"SearchAction","target":{"@type":"EntryPoint","urlTemplate":"https:\/\/portaltela.pt\/?s={search_term_string}"},"query-input":{"@type":"PropertyValueSpecification","valueRequired":true,"valueName":"search_term_string"}}],"inLanguage":"pt-PT"},{"@type":"Person","@id":"https:\/\/portaltela.pt\/#\/schema\/person\/c4278d4a6028830caff9ee44b42d32ed","name":"Telinha","image":{"@type":"ImageObject","inLanguage":"pt-PT","@id":"https:\/\/portaltela.pt\/s.01k8rhncp4jt1\/2025\/11\/talking-bot-125x125.png","url":"https:\/\/portaltela.pt\/s.01k8rhncp4jt1\/2025\/11\/talking-bot-125x125.png","contentUrl":"https:\/\/portaltela.pt\/s.01k8rhncp4jt1\/2025\/11\/talking-bot-125x125.png","caption":"Telinha"},"sameAs":["https:\/\/portaltela.pt\/"],"url":"https:\/\/portaltela.pt\/por\/367410592786\/"}]}},"_links":{"self":[{"href":"https:\/\/portaltela.pt\/api\/wp\/v2\/posts\/217512","targetHints":{"allow":["GET"]}}],"collection":[{"href":"https:\/\/portaltela.pt\/api\/wp\/v2\/posts"}],"about":[{"href":"https:\/\/portaltela.pt\/api\/wp\/v2\/types\/post"}],"author":[{"embeddable":true,"href":"https:\/\/portaltela.pt\/api\/wp\/v2\/users\/2"}],"replies":[{"embeddable":true,"href":"https:\/\/portaltela.pt\/api\/wp\/v2\/comments?post=217512"}],"version-history":[{"count":0,"href":"https:\/\/portaltela.pt\/api\/wp\/v2\/posts\/217512\/revisions"}],"wp:featuredmedia":[{"embeddable":true,"href":"https:\/\/portaltela.pt\/api\/wp\/v2\/media\/217516"}],"wp:attachment":[{"href":"https:\/\/portaltela.pt\/api\/wp\/v2\/media?parent=217512"}],"wp:term":[{"taxonomy":"category","embeddable":true,"href":"https:\/\/portaltela.pt\/api\/wp\/v2\/categories?post=217512"},{"taxonomy":"post_tag","embeddable":true,"href":"https:\/\/portaltela.pt\/api\/wp\/v2\/tags?post=217512"}],"curies":[{"name":"wp","href":"https:\/\/api.w.org\/{rel}","templated":true}]}}