{"id":217483,"date":"2026-02-19T09:51:00","date_gmt":"2026-02-19T12:51:00","guid":{"rendered":"https:\/\/portaltela.pt\/noticias\/2026\/02\/19\/tejo-energia-inicia-desmantelamento-da-antiga-central-a-carvao-do-pego\/"},"modified":"2026-02-19T09:51:00","modified_gmt":"2026-02-19T12:51:00","slug":"tejo-energia-inicia-desmantelamento-da-antiga-central-a-carvao-do-pego","status":"publish","type":"post","link":"https:\/\/portaltela.pt\/noticias\/2026\/02\/19\/tejo-energia-inicia-desmantelamento-da-antiga-central-a-carvao-do-pego\/","title":{"rendered":"Tejo Energia inicia desmantelamento da antiga central a carv\u00e3o do Pego"},"content":{"rendered":"<p>Tejo Energia avan\u00e7ar\u00e1, a partir de mar\u00e7o, com o desmantelamento da antiga central termoel\u00e9trica a carv\u00e3o do Pego, em Abrantes, desativada em 2021. A demoli\u00e7\u00e3o, com dura\u00e7\u00e3o prevista de tr\u00eas anos, n\u00e3o abranger\u00e1 o ramal ferrovi\u00e1rio nem a ponte, que ficar\u00e3o de fora do processo.<\/p>\n<p>O objetivo \u00e9 devolver os terrenos \u00e0s condi\u00e7\u00f5es de base, assegurando seguran\u00e7a e conformidade ambiental. As torres de refrigera\u00e7\u00e3o (116 metros) e a chamin\u00e9 (225 metros) s\u00f3 ser\u00e3o desmontadas na fase final, atrav\u00e9s de explos\u00f5es controladas. A empresa garante atua\u00e7\u00e3o t\u00e9cnica certificada e alinhada com as autoridades.<\/p>\n<p>Durante o desmantelamento, a reutiliza\u00e7\u00e3o de equipamentos, reciclagem de bet\u00e3o e reaproveitamento de met\u00e1licos ser\u00e3o privilegiadas, com redu\u00e7\u00e3o de res\u00edduos para aterro. Em espera, a produ\u00e7\u00e3o de energia a partir de carv\u00e3o encerrou-se no pa\u00eds h\u00e1 alguns anos.<\/p>\n<h3>Contexto de reconvers\u00e3o energ\u00e9tica<\/h3>\n<p>No pico das obras poder\u00e3o trabalhar cerca de 80 pessoas, com impacto tempor\u00e1rio na economia local. Tamb\u00e9m se antecipa aumento de tr\u00e1fego rodovi\u00e1rio pr\u00f3ximo ao complexo industrial, devido ao transporte de maquinaria e materiais. O desmantelamento resulta da impossibilidade de concretizar o projeto de reconvers\u00e3o energ\u00e9tica apresentado ao Governo em 2022.<\/p>\n<p>A Endesa, concorrente da Tejo Energia, apresentou uma alternativa de cluster h\u00edbrido com foco exclusivamente renov\u00e1vel, que ainda n\u00e3o foi anunciada como conclu\u00edda, estando em avalia\u00e7\u00e3o ambiental. Os trabalhadores da antiga central continuam a receber sal\u00e1rios pagos pelo Estado at\u00e9 serem transferidos para o novo projeto, quando poss\u00edvel.<\/p>\n","protected":false},"excerpt":{"rendered":"<ul>\n<li>A Tejo Energia vai come\u00e7ar em Mar\u00e7o a demoli\u00e7\u00e3o da antiga central termoel\u00e9ctrica a carv\u00e3o do Pego, em Abrantes, desativada em 2021; a demoli\u00e7\u00e3o tem dura\u00e7\u00e3o prevista de tr\u00eas anos e as torres e a chamin\u00e9 ficar\u00e3o para o fim do processo, n\u00e3o intervindo no ramal ferrovi\u00e1rio nem na ponte.<\/li>\n<li>O objetivo \u00e9 repor os terrenos \u00e0s condi\u00e7\u00f5es de base, devolvendo-os em plena seguran\u00e7a e conformidade ambiental, ap\u00f3s o encerramento da \u00faltima central a carv\u00e3o em Portugal.<\/li>\n<li>A demoli\u00e7\u00e3o abranger\u00e1 todas as infraestruturas directamente associadas \u00e0 produ\u00e7\u00e3o de electricidade a partir de carv\u00e3o; as torres de refrigera\u00e7\u00e3o, com 116 metros de altura, e a chamin\u00e9, com 225 metros, ser\u00e3o demolidas na fase final por explosivos controlados.<\/li>\n<li>A reposi\u00e7\u00e3o ambiental privilegiar\u00e1 a reutiliza\u00e7\u00e3o de equipamentos, reciclagem de bet\u00e3o, separa\u00e7\u00e3o e reaproveitamento de metais e minimiza\u00e7\u00e3o de res\u00edduos; o programa pode envolver at\u00e9 oitenta trabalhadores no pico e dever\u00e1 implicar aumento tempor\u00e1rio do tr\u00e1fego rodovi\u00e1rio.<\/li>\n<li>O desmantelamento resulta da impossibilidade de concretizar o projeto de reconvers\u00e3o energ\u00e9tica apresentado ao Governo em 2022; a Endesa tinha proposto um cluster h\u00edbrido de renov\u00e1veis, que est\u00e1 em avalia\u00e7\u00e3o ambiental, e os trabalhadores permanecem com sal\u00e1rios do Estado at\u00e9 serem transferidos.<\/li>\n<\/ul>\n","protected":false},"author":2,"featured_media":217486,"comment_status":"closed","ping_status":"closed","sticky":false,"template":"","format":"standard","meta":{"footnotes":""},"categories":[1],"tags":[167,6124,4697,174,2729,1014],"class_list":["post-217483","post","type-post","status-publish","format-standard","has-post-thumbnail","hentry","category-noticias","tag-ambiente","tag-desmantelamento","tag-endesa","tag-energia","tag-energia-renovavel","tag-portugal"],"yoast_head":"<!-- This site is optimized with the Yoast SEO plugin v27.2 - https:\/\/yoast.com\/product\/yoast-seo-wordpress\/ -->\n<title>Tejo Energia inicia desmantelamento da antiga central a carv\u00e3o do Pego - Portal Tela Portugal<\/title>\n<meta name=\"robots\" content=\"index, follow, max-snippet:-1, max-image-preview:large, max-video-preview:-1\" \/>\n<meta property=\"og:locale\" content=\"pt_PT\" \/>\n<meta property=\"og:type\" content=\"article\" \/>\n<meta property=\"og:title\" content=\"Tejo Energia inicia desmantelamento da antiga central a carv\u00e3o do Pego - Portal Tela Portugal\" \/>\n<meta property=\"og:description\" content=\"A Tejo Energia vai come\u00e7ar em Mar\u00e7o a demoli\u00e7\u00e3o da antiga central termoel\u00e9ctrica a carv\u00e3o do Pego, em Abrantes, desativada em 2021; a demoli\u00e7\u00e3o tem dura\u00e7\u00e3o prevista de tr\u00eas anos e as torres e a chamin\u00e9 ficar\u00e3o para o fim do processo, n\u00e3o intervindo no ramal ferrovi\u00e1rio nem na ponte. O objetivo \u00e9 repor os terrenos \u00e0s condi\u00e7\u00f5es de base, devolvendo-os em plena seguran\u00e7a e conformidade ambiental, ap\u00f3s o encerramento da \u00faltima central a carv\u00e3o em Portugal. A demoli\u00e7\u00e3o abranger\u00e1 todas as infraestruturas directamente associadas \u00e0 produ\u00e7\u00e3o de electricidade a partir de carv\u00e3o; as torres de refrigera\u00e7\u00e3o, com 116 metros de altura, e a chamin\u00e9, com 225 metros, ser\u00e3o demolidas na fase final por explosivos controlados. A reposi\u00e7\u00e3o ambiental privilegiar\u00e1 a reutiliza\u00e7\u00e3o de equipamentos, reciclagem de bet\u00e3o, separa\u00e7\u00e3o e reaproveitamento de metais e minimiza\u00e7\u00e3o de res\u00edduos; o programa pode envolver at\u00e9 oitenta trabalhadores no pico e dever\u00e1 implicar aumento tempor\u00e1rio do tr\u00e1fego rodovi\u00e1rio. O desmantelamento resulta da impossibilidade de concretizar o projeto de reconvers\u00e3o energ\u00e9tica apresentado ao Governo em 2022; a Endesa tinha proposto um cluster h\u00edbrido de renov\u00e1veis, que est\u00e1 em avalia\u00e7\u00e3o ambiental, e os trabalhadores permanecem com sal\u00e1rios do Estado at\u00e9 serem transferidos.\" \/>\n<meta property=\"og:url\" content=\"https:\/\/portaltela.pt\/noticias\/2026\/02\/19\/tejo-energia-inicia-desmantelamento-da-antiga-central-a-carvao-do-pego\/\" \/>\n<meta property=\"og:site_name\" content=\"Portal Tela Portugal\" \/>\n<meta property=\"article:published_time\" content=\"2026-02-19T12:51:00+00:00\" \/>\n<meta name=\"author\" content=\"Telinha\" \/>\n<meta name=\"twitter:card\" content=\"summary_large_image\" \/>\n<meta name=\"twitter:label1\" content=\"Escrito por\" \/>\n\t<meta name=\"twitter:data1\" content=\"Telinha\" \/>\n\t<meta name=\"twitter:label2\" content=\"Tempo estimado de leitura\" \/>\n\t<meta name=\"twitter:data2\" content=\"1 minuto\" \/>\n<script type=\"application\/ld+json\" class=\"yoast-schema-graph\">{\"@context\":\"https:\/\/schema.org\",\"@graph\":[{\"@type\":\"Article\",\"@id\":\"https:\/\/portaltela.pt\/noticias\/2026\/02\/19\/tejo-energia-inicia-desmantelamento-da-antiga-central-a-carvao-do-pego\/#article\",\"isPartOf\":{\"@id\":\"https:\/\/portaltela.pt\/noticias\/2026\/02\/19\/tejo-energia-inicia-desmantelamento-da-antiga-central-a-carvao-do-pego\/\"},\"author\":{\"name\":\"Telinha\",\"@id\":\"https:\/\/portaltela.pt\/#\/schema\/person\/c4278d4a6028830caff9ee44b42d32ed\"},\"headline\":\"Tejo Energia inicia desmantelamento da antiga central a carv\u00e3o do Pego\",\"datePublished\":\"2026-02-19T12:51:00+00:00\",\"mainEntityOfPage\":{\"@id\":\"https:\/\/portaltela.pt\/noticias\/2026\/02\/19\/tejo-energia-inicia-desmantelamento-da-antiga-central-a-carvao-do-pego\/\"},\"wordCount\":283,\"image\":{\"@id\":\"https:\/\/portaltela.pt\/noticias\/2026\/02\/19\/tejo-energia-inicia-desmantelamento-da-antiga-central-a-carvao-do-pego\/#primaryimage\"},\"thumbnailUrl\":\"https:\/\/portaltela.pt\/s.01k8rhncp4jt1\/2026\/02\/2068253.jpg\",\"keywords\":[\"ambiente\",\"desmantelamento\",\"Endesa\",\"energia\",\"energia renov\u00e1vel\",\"Portugal\"],\"articleSection\":[\"Not\u00edcias\"],\"inLanguage\":\"pt-PT\"},{\"@type\":\"WebPage\",\"@id\":\"https:\/\/portaltela.pt\/noticias\/2026\/02\/19\/tejo-energia-inicia-desmantelamento-da-antiga-central-a-carvao-do-pego\/\",\"url\":\"https:\/\/portaltela.pt\/noticias\/2026\/02\/19\/tejo-energia-inicia-desmantelamento-da-antiga-central-a-carvao-do-pego\/\",\"name\":\"Tejo Energia inicia desmantelamento da antiga central a carv\u00e3o do Pego - Portal Tela Portugal\",\"isPartOf\":{\"@id\":\"https:\/\/portaltela.pt\/#website\"},\"primaryImageOfPage\":{\"@id\":\"https:\/\/portaltela.pt\/noticias\/2026\/02\/19\/tejo-energia-inicia-desmantelamento-da-antiga-central-a-carvao-do-pego\/#primaryimage\"},\"image\":{\"@id\":\"https:\/\/portaltela.pt\/noticias\/2026\/02\/19\/tejo-energia-inicia-desmantelamento-da-antiga-central-a-carvao-do-pego\/#primaryimage\"},\"thumbnailUrl\":\"https:\/\/portaltela.pt\/s.01k8rhncp4jt1\/2026\/02\/2068253.jpg\",\"datePublished\":\"2026-02-19T12:51:00+00:00\",\"author\":{\"@id\":\"https:\/\/portaltela.pt\/#\/schema\/person\/c4278d4a6028830caff9ee44b42d32ed\"},\"breadcrumb\":{\"@id\":\"https:\/\/portaltela.pt\/noticias\/2026\/02\/19\/tejo-energia-inicia-desmantelamento-da-antiga-central-a-carvao-do-pego\/#breadcrumb\"},\"inLanguage\":\"pt-PT\",\"potentialAction\":[{\"@type\":\"ReadAction\",\"target\":[\"https:\/\/portaltela.pt\/noticias\/2026\/02\/19\/tejo-energia-inicia-desmantelamento-da-antiga-central-a-carvao-do-pego\/\"]}]},{\"@type\":\"ImageObject\",\"inLanguage\":\"pt-PT\",\"@id\":\"https:\/\/portaltela.pt\/noticias\/2026\/02\/19\/tejo-energia-inicia-desmantelamento-da-antiga-central-a-carvao-do-pego\/#primaryimage\",\"url\":\"https:\/\/portaltela.pt\/s.01k8rhncp4jt1\/2026\/02\/2068253.jpg\",\"contentUrl\":\"https:\/\/portaltela.pt\/s.01k8rhncp4jt1\/2026\/02\/2068253.jpg\",\"width\":796,\"height\":448,\"caption\":\"As torres da antiga Central Termoel\u00e9ctrica do Pego s\u00f3 ser\u00e3o demolidas no final de um processo que levar\u00e1 tr\u00eas anos\"},{\"@type\":\"BreadcrumbList\",\"@id\":\"https:\/\/portaltela.pt\/noticias\/2026\/02\/19\/tejo-energia-inicia-desmantelamento-da-antiga-central-a-carvao-do-pego\/#breadcrumb\",\"itemListElement\":[{\"@type\":\"ListItem\",\"position\":1,\"name\":\"In\u00edcio\",\"item\":\"https:\/\/portaltela.pt\/\"},{\"@type\":\"ListItem\",\"position\":2,\"name\":\"Tejo Energia inicia desmantelamento da antiga central a carv\u00e3o do Pego\"}]},{\"@type\":\"WebSite\",\"@id\":\"https:\/\/portaltela.pt\/#website\",\"url\":\"https:\/\/portaltela.pt\/\",\"name\":\"Portal Tela Portugal\",\"description\":\"\",\"potentialAction\":[{\"@type\":\"SearchAction\",\"target\":{\"@type\":\"EntryPoint\",\"urlTemplate\":\"https:\/\/portaltela.pt\/?s={search_term_string}\"},\"query-input\":{\"@type\":\"PropertyValueSpecification\",\"valueRequired\":true,\"valueName\":\"search_term_string\"}}],\"inLanguage\":\"pt-PT\"},{\"@type\":\"Person\",\"@id\":\"https:\/\/portaltela.pt\/#\/schema\/person\/c4278d4a6028830caff9ee44b42d32ed\",\"name\":\"Telinha\",\"image\":{\"@type\":\"ImageObject\",\"inLanguage\":\"pt-PT\",\"@id\":\"https:\/\/portaltela.pt\/s.01k8rhncp4jt1\/2025\/11\/talking-bot-125x125.png\",\"url\":\"https:\/\/portaltela.pt\/s.01k8rhncp4jt1\/2025\/11\/talking-bot-125x125.png\",\"contentUrl\":\"https:\/\/portaltela.pt\/s.01k8rhncp4jt1\/2025\/11\/talking-bot-125x125.png\",\"caption\":\"Telinha\"},\"sameAs\":[\"https:\/\/portaltela.pt\/\"],\"url\":\"https:\/\/portaltela.pt\/por\/367410592786\/\"}]}<\/script>\n<!-- \/ Yoast SEO plugin. -->","yoast_head_json":{"title":"Tejo Energia inicia desmantelamento da antiga central a carv\u00e3o do Pego - Portal Tela Portugal","robots":{"index":"index","follow":"follow","max-snippet":"max-snippet:-1","max-image-preview":"max-image-preview:large","max-video-preview":"max-video-preview:-1"},"og_locale":"pt_PT","og_type":"article","og_title":"Tejo Energia inicia desmantelamento da antiga central a carv\u00e3o do Pego - Portal Tela Portugal","og_description":"A Tejo Energia vai come\u00e7ar em Mar\u00e7o a demoli\u00e7\u00e3o da antiga central termoel\u00e9ctrica a carv\u00e3o do Pego, em Abrantes, desativada em 2021; a demoli\u00e7\u00e3o tem dura\u00e7\u00e3o prevista de tr\u00eas anos e as torres e a chamin\u00e9 ficar\u00e3o para o fim do processo, n\u00e3o intervindo no ramal ferrovi\u00e1rio nem na ponte. O objetivo \u00e9 repor os terrenos \u00e0s condi\u00e7\u00f5es de base, devolvendo-os em plena seguran\u00e7a e conformidade ambiental, ap\u00f3s o encerramento da \u00faltima central a carv\u00e3o em Portugal. A demoli\u00e7\u00e3o abranger\u00e1 todas as infraestruturas directamente associadas \u00e0 produ\u00e7\u00e3o de electricidade a partir de carv\u00e3o; as torres de refrigera\u00e7\u00e3o, com 116 metros de altura, e a chamin\u00e9, com 225 metros, ser\u00e3o demolidas na fase final por explosivos controlados. A reposi\u00e7\u00e3o ambiental privilegiar\u00e1 a reutiliza\u00e7\u00e3o de equipamentos, reciclagem de bet\u00e3o, separa\u00e7\u00e3o e reaproveitamento de metais e minimiza\u00e7\u00e3o de res\u00edduos; o programa pode envolver at\u00e9 oitenta trabalhadores no pico e dever\u00e1 implicar aumento tempor\u00e1rio do tr\u00e1fego rodovi\u00e1rio. O desmantelamento resulta da impossibilidade de concretizar o projeto de reconvers\u00e3o energ\u00e9tica apresentado ao Governo em 2022; a Endesa tinha proposto um cluster h\u00edbrido de renov\u00e1veis, que est\u00e1 em avalia\u00e7\u00e3o ambiental, e os trabalhadores permanecem com sal\u00e1rios do Estado at\u00e9 serem transferidos.","og_url":"https:\/\/portaltela.pt\/noticias\/2026\/02\/19\/tejo-energia-inicia-desmantelamento-da-antiga-central-a-carvao-do-pego\/","og_site_name":"Portal Tela Portugal","article_published_time":"2026-02-19T12:51:00+00:00","author":"Telinha","twitter_card":"summary_large_image","twitter_misc":{"Escrito por":"Telinha","Tempo estimado de leitura":"1 minuto"},"schema":{"@context":"https:\/\/schema.org","@graph":[{"@type":"Article","@id":"https:\/\/portaltela.pt\/noticias\/2026\/02\/19\/tejo-energia-inicia-desmantelamento-da-antiga-central-a-carvao-do-pego\/#article","isPartOf":{"@id":"https:\/\/portaltela.pt\/noticias\/2026\/02\/19\/tejo-energia-inicia-desmantelamento-da-antiga-central-a-carvao-do-pego\/"},"author":{"name":"Telinha","@id":"https:\/\/portaltela.pt\/#\/schema\/person\/c4278d4a6028830caff9ee44b42d32ed"},"headline":"Tejo Energia inicia desmantelamento da antiga central a carv\u00e3o do Pego","datePublished":"2026-02-19T12:51:00+00:00","mainEntityOfPage":{"@id":"https:\/\/portaltela.pt\/noticias\/2026\/02\/19\/tejo-energia-inicia-desmantelamento-da-antiga-central-a-carvao-do-pego\/"},"wordCount":283,"image":{"@id":"https:\/\/portaltela.pt\/noticias\/2026\/02\/19\/tejo-energia-inicia-desmantelamento-da-antiga-central-a-carvao-do-pego\/#primaryimage"},"thumbnailUrl":"https:\/\/portaltela.pt\/s.01k8rhncp4jt1\/2026\/02\/2068253.jpg","keywords":["ambiente","desmantelamento","Endesa","energia","energia renov\u00e1vel","Portugal"],"articleSection":["Not\u00edcias"],"inLanguage":"pt-PT"},{"@type":"WebPage","@id":"https:\/\/portaltela.pt\/noticias\/2026\/02\/19\/tejo-energia-inicia-desmantelamento-da-antiga-central-a-carvao-do-pego\/","url":"https:\/\/portaltela.pt\/noticias\/2026\/02\/19\/tejo-energia-inicia-desmantelamento-da-antiga-central-a-carvao-do-pego\/","name":"Tejo Energia inicia desmantelamento da antiga central a carv\u00e3o do Pego - Portal Tela Portugal","isPartOf":{"@id":"https:\/\/portaltela.pt\/#website"},"primaryImageOfPage":{"@id":"https:\/\/portaltela.pt\/noticias\/2026\/02\/19\/tejo-energia-inicia-desmantelamento-da-antiga-central-a-carvao-do-pego\/#primaryimage"},"image":{"@id":"https:\/\/portaltela.pt\/noticias\/2026\/02\/19\/tejo-energia-inicia-desmantelamento-da-antiga-central-a-carvao-do-pego\/#primaryimage"},"thumbnailUrl":"https:\/\/portaltela.pt\/s.01k8rhncp4jt1\/2026\/02\/2068253.jpg","datePublished":"2026-02-19T12:51:00+00:00","author":{"@id":"https:\/\/portaltela.pt\/#\/schema\/person\/c4278d4a6028830caff9ee44b42d32ed"},"breadcrumb":{"@id":"https:\/\/portaltela.pt\/noticias\/2026\/02\/19\/tejo-energia-inicia-desmantelamento-da-antiga-central-a-carvao-do-pego\/#breadcrumb"},"inLanguage":"pt-PT","potentialAction":[{"@type":"ReadAction","target":["https:\/\/portaltela.pt\/noticias\/2026\/02\/19\/tejo-energia-inicia-desmantelamento-da-antiga-central-a-carvao-do-pego\/"]}]},{"@type":"ImageObject","inLanguage":"pt-PT","@id":"https:\/\/portaltela.pt\/noticias\/2026\/02\/19\/tejo-energia-inicia-desmantelamento-da-antiga-central-a-carvao-do-pego\/#primaryimage","url":"https:\/\/portaltela.pt\/s.01k8rhncp4jt1\/2026\/02\/2068253.jpg","contentUrl":"https:\/\/portaltela.pt\/s.01k8rhncp4jt1\/2026\/02\/2068253.jpg","width":796,"height":448,"caption":"As torres da antiga Central Termoel\u00e9ctrica do Pego s\u00f3 ser\u00e3o demolidas no final de um processo que levar\u00e1 tr\u00eas anos"},{"@type":"BreadcrumbList","@id":"https:\/\/portaltela.pt\/noticias\/2026\/02\/19\/tejo-energia-inicia-desmantelamento-da-antiga-central-a-carvao-do-pego\/#breadcrumb","itemListElement":[{"@type":"ListItem","position":1,"name":"In\u00edcio","item":"https:\/\/portaltela.pt\/"},{"@type":"ListItem","position":2,"name":"Tejo Energia inicia desmantelamento da antiga central a carv\u00e3o do Pego"}]},{"@type":"WebSite","@id":"https:\/\/portaltela.pt\/#website","url":"https:\/\/portaltela.pt\/","name":"Portal Tela Portugal","description":"","potentialAction":[{"@type":"SearchAction","target":{"@type":"EntryPoint","urlTemplate":"https:\/\/portaltela.pt\/?s={search_term_string}"},"query-input":{"@type":"PropertyValueSpecification","valueRequired":true,"valueName":"search_term_string"}}],"inLanguage":"pt-PT"},{"@type":"Person","@id":"https:\/\/portaltela.pt\/#\/schema\/person\/c4278d4a6028830caff9ee44b42d32ed","name":"Telinha","image":{"@type":"ImageObject","inLanguage":"pt-PT","@id":"https:\/\/portaltela.pt\/s.01k8rhncp4jt1\/2025\/11\/talking-bot-125x125.png","url":"https:\/\/portaltela.pt\/s.01k8rhncp4jt1\/2025\/11\/talking-bot-125x125.png","contentUrl":"https:\/\/portaltela.pt\/s.01k8rhncp4jt1\/2025\/11\/talking-bot-125x125.png","caption":"Telinha"},"sameAs":["https:\/\/portaltela.pt\/"],"url":"https:\/\/portaltela.pt\/por\/367410592786\/"}]}},"_links":{"self":[{"href":"https:\/\/portaltela.pt\/api\/wp\/v2\/posts\/217483","targetHints":{"allow":["GET"]}}],"collection":[{"href":"https:\/\/portaltela.pt\/api\/wp\/v2\/posts"}],"about":[{"href":"https:\/\/portaltela.pt\/api\/wp\/v2\/types\/post"}],"author":[{"embeddable":true,"href":"https:\/\/portaltela.pt\/api\/wp\/v2\/users\/2"}],"replies":[{"embeddable":true,"href":"https:\/\/portaltela.pt\/api\/wp\/v2\/comments?post=217483"}],"version-history":[{"count":0,"href":"https:\/\/portaltela.pt\/api\/wp\/v2\/posts\/217483\/revisions"}],"wp:featuredmedia":[{"embeddable":true,"href":"https:\/\/portaltela.pt\/api\/wp\/v2\/media\/217486"}],"wp:attachment":[{"href":"https:\/\/portaltela.pt\/api\/wp\/v2\/media?parent=217483"}],"wp:term":[{"taxonomy":"category","embeddable":true,"href":"https:\/\/portaltela.pt\/api\/wp\/v2\/categories?post=217483"},{"taxonomy":"post_tag","embeddable":true,"href":"https:\/\/portaltela.pt\/api\/wp\/v2\/tags?post=217483"}],"curies":[{"name":"wp","href":"https:\/\/api.w.org\/{rel}","templated":true}]}}