{"id":217474,"date":"2026-02-19T09:38:21","date_gmt":"2026-02-19T12:38:21","guid":{"rendered":"https:\/\/portaltela.pt\/noticias\/2026\/02\/19\/lisboa-e-vale-do-tejo-registam-1079-milhoes-de-prejuizos-agricolas\/"},"modified":"2026-02-19T09:38:21","modified_gmt":"2026-02-19T12:38:21","slug":"lisboa-e-vale-do-tejo-registam-1079-milhoes-de-prejuizos-agricolas","status":"publish","type":"post","link":"https:\/\/portaltela.pt\/noticias\/economia\/2026\/02\/19\/lisboa-e-vale-do-tejo-registam-1079-milhoes-de-prejuizos-agricolas\/","title":{"rendered":"Lisboa e Vale do Tejo registam 107,9 milh\u00f5es de preju\u00edzos agr\u00edcolas"},"content":{"rendered":"<p>Lisboa e Vale do Tejo registam 107,9 milh\u00f5es de euros em preju\u00edzos na agricultura provocados pelo mau tempo desde 29 de janeiro. Os n\u00fameros surgem da CCDR e refletem candidaturas aos apoios para repor o potencial agr\u00edcola.<\/p>\n<p>At\u00e9 hoje, 1.129 candidaturas foram apresentadas, totalizando 107,9 ME em montante. Na v\u00e9spera eram 1.054 candidaturas e 99,2 ME de preju\u00edzos declarados.<\/p>\n<h3>Preju\u00edzos globais e distribui\u00e7\u00e3o por itens<\/h3>\n<p>Danos em armaz\u00e9ns e constru\u00e7\u00f5es somam 61,9 ME, entre estufas e estruturas de apoio. Culturas permanentes representam 20,8 ME, m\u00e1quinas 8,4 ME, culturas tempor\u00e1rias 7,3 ME e morte de animais 582 mil euros.<\/p>\n<p>Dezenas de candidaturas ultrapassam o teto de apoio (400 mil euros), correspondendo a um preju\u00edzo declarado pr\u00f3ximo de 55 milh\u00f5es. 57 candidaturas superam esse limite, com nove casos acima de um milh\u00e3o.<\/p>\n<h3>Distribui\u00e7\u00e3o regional dos preju\u00edzos<\/h3>\n<p>Oeste \u00e9 a regi\u00e3o mais afetada, com mais de 42 ME. Torres Vedras lidera com 14,2 ME, seguida de Caldas da Rainha (7,1) e Alcoba\u00e7a (5,4). Outros munic\u00edpios apresentam perdas inferiores a 5 ME.<\/p>\n<p>A Lez\u00edria do Tejo soma mais de 28 ME, com Azambuja (8,7) e Benavente (3,7) entre os mais atingidos. Santar\u00e9m e Coruche tamb\u00e9m registam valores relevantes.<\/p>\n<p>O M\u00e9dio Tejo reporta 14,8 ME, com Our\u00e9m (4,6) e Ferreira do Z\u00eazere (3,1) entre as zonas de maior preju\u00edzo. Tomar e Abrantes est\u00e3o entre as \u00e1reas com valores significativos.<\/p>\n<p>A Pen\u00ednsula de Set\u00fabal declarou 10,4 ME, concentrados em Alcochete (5,4) e Montijo (3,3). Mafra concentra a maioria da Grande Lisboa com 1,5 ME, totalizando 2,3 ME na regi\u00e3o.<\/p>\n<h3>Contexto t\u00e9cnico e impacto humano<\/h3>\n<p>Ao todo, 18 pessoas morreram em Portugal devido \u00e0s depress\u00f5es Kristin, Leonardo e Marta. Houve centenas de feridos, desalojados e danos materiais significativos, incluindo cortes de energia, \u00e1gua e estradas.<\/p>\n<p>As regi\u00f5es Centro, Lisboa e Vale do Tejo e Alentejo foram as mais atingidas. A situa\u00e7\u00e3o de calamidade que afetava 68 concelhos terminou a 15 de fevereiro.<\/p>\n","protected":false},"excerpt":{"rendered":"<ul>\n<li>Agricultores de Lisboa e Vale do Tejo declararam 107,9 milh\u00f5es de euros de preju\u00edzos na agricultura causados pelo mau tempo, entre 29 de janeiro e esta quinta-feira, segundo a CCDR.<\/li>\n<li>Foram submetidas 1.129 candidaturas aos apoios para repor o potencial produtivo, num montante total de 107,9 milh\u00f5es de euros (pendentes de an\u00e1lise).<\/li>\n<li>Setenta e cinco candidaturas ultrapassam o teto de apoio de 400 mil euros, correspondendo a cerca de 55 milh\u00f5es de euros de preju\u00edzo declarado; nove casos superam um milh\u00e3o de euros.<\/li>\n<li>A regi\u00e3o mais afetada foi o Oeste, com mais de 42 milh\u00f5es de euros, seguida pela Lez\u00edria do Tejo, M\u00e9dio Tejo, Pen\u00ednsula de Set\u00fabal e Grande Lisboa, com diversas localiza\u00e7\u00f5es detalhadas.<\/li>\n<li>Dezoito pessoas morreram em Portugal devido \u00e0s depress\u00f5es Kristin, Leonardo e Marta; a calamidade que afetou 68 concelhos terminou a 15 de fevereiro.<\/li>\n<\/ul>\n","protected":false},"author":2,"featured_media":217475,"comment_status":"closed","ping_status":"closed","sticky":false,"template":"","format":"standard","meta":{"footnotes":""},"categories":[2,1],"tags":[179,4966,28,981,6110,994],"class_list":["post-217474","post","type-post","status-publish","format-standard","has-post-thumbnail","hentry","category-economia","category-noticias","tag-agricultura","tag-calamidades","tag-economia","tag-lisboa","tag-prejuizos","tag-setubal"],"yoast_head":"<!-- This site is optimized with the Yoast SEO plugin v27.2 - https:\/\/yoast.com\/product\/yoast-seo-wordpress\/ -->\n<title>Lisboa e Vale do Tejo registam 107,9 milh\u00f5es de preju\u00edzos agr\u00edcolas - Portal Tela Portugal<\/title>\n<meta name=\"robots\" content=\"index, follow, max-snippet:-1, max-image-preview:large, max-video-preview:-1\" \/>\n<meta property=\"og:locale\" content=\"pt_PT\" \/>\n<meta property=\"og:type\" content=\"article\" \/>\n<meta property=\"og:title\" content=\"Lisboa e Vale do Tejo registam 107,9 milh\u00f5es de preju\u00edzos agr\u00edcolas - Portal Tela Portugal\" \/>\n<meta property=\"og:description\" content=\"Agricultores de Lisboa e Vale do Tejo declararam 107,9 milh\u00f5es de euros de preju\u00edzos na agricultura causados pelo mau tempo, entre 29 de janeiro e esta quinta-feira, segundo a CCDR. Foram submetidas 1.129 candidaturas aos apoios para repor o potencial produtivo, num montante total de 107,9 milh\u00f5es de euros (pendentes de an\u00e1lise). Setenta e cinco candidaturas ultrapassam o teto de apoio de 400 mil euros, correspondendo a cerca de 55 milh\u00f5es de euros de preju\u00edzo declarado; nove casos superam um milh\u00e3o de euros. A regi\u00e3o mais afetada foi o Oeste, com mais de 42 milh\u00f5es de euros, seguida pela Lez\u00edria do Tejo, M\u00e9dio Tejo, Pen\u00ednsula de Set\u00fabal e Grande Lisboa, com diversas localiza\u00e7\u00f5es detalhadas. Dezoito pessoas morreram em Portugal devido \u00e0s depress\u00f5es Kristin, Leonardo e Marta; a calamidade que afetou 68 concelhos terminou a 15 de fevereiro.\" \/>\n<meta property=\"og:url\" content=\"https:\/\/portaltela.pt\/noticias\/2026\/02\/19\/lisboa-e-vale-do-tejo-registam-1079-milhoes-de-prejuizos-agricolas\/\" \/>\n<meta property=\"og:site_name\" content=\"Portal Tela Portugal\" \/>\n<meta property=\"article:published_time\" content=\"2026-02-19T12:38:21+00:00\" \/>\n<meta name=\"author\" content=\"Telinha\" \/>\n<meta name=\"twitter:card\" content=\"summary_large_image\" \/>\n<meta name=\"twitter:label1\" content=\"Escrito por\" \/>\n\t<meta name=\"twitter:data1\" content=\"Telinha\" \/>\n\t<meta name=\"twitter:label2\" content=\"Tempo estimado de leitura\" \/>\n\t<meta name=\"twitter:data2\" content=\"2 minutos\" \/>\n<script type=\"application\/ld+json\" class=\"yoast-schema-graph\">{\"@context\":\"https:\/\/schema.org\",\"@graph\":[{\"@type\":\"Article\",\"@id\":\"https:\/\/portaltela.pt\/noticias\/2026\/02\/19\/lisboa-e-vale-do-tejo-registam-1079-milhoes-de-prejuizos-agricolas\/#article\",\"isPartOf\":{\"@id\":\"https:\/\/portaltela.pt\/noticias\/2026\/02\/19\/lisboa-e-vale-do-tejo-registam-1079-milhoes-de-prejuizos-agricolas\/\"},\"author\":{\"name\":\"Telinha\",\"@id\":\"https:\/\/portaltela.pt\/#\/schema\/person\/c4278d4a6028830caff9ee44b42d32ed\"},\"headline\":\"Lisboa e Vale do Tejo registam 107,9 milh\u00f5es de preju\u00edzos agr\u00edcolas\",\"datePublished\":\"2026-02-19T12:38:21+00:00\",\"mainEntityOfPage\":{\"@id\":\"https:\/\/portaltela.pt\/noticias\/2026\/02\/19\/lisboa-e-vale-do-tejo-registam-1079-milhoes-de-prejuizos-agricolas\/\"},\"wordCount\":330,\"image\":{\"@id\":\"https:\/\/portaltela.pt\/noticias\/2026\/02\/19\/lisboa-e-vale-do-tejo-registam-1079-milhoes-de-prejuizos-agricolas\/#primaryimage\"},\"thumbnailUrl\":\"https:\/\/portaltela.pt\/s.01k8rhncp4jt1\/2026\/02\/img_1500x1000uu2026-02-12-16-14-22-2266502-1.jpg\",\"keywords\":[\"agricultura\",\"calamidades\",\"economia\",\"Lisboa\",\"preju\u00edzos\",\"Set\u00fabal\"],\"articleSection\":[\"Economia\",\"Not\u00edcias\"],\"inLanguage\":\"pt-PT\"},{\"@type\":\"WebPage\",\"@id\":\"https:\/\/portaltela.pt\/noticias\/2026\/02\/19\/lisboa-e-vale-do-tejo-registam-1079-milhoes-de-prejuizos-agricolas\/\",\"url\":\"https:\/\/portaltela.pt\/noticias\/2026\/02\/19\/lisboa-e-vale-do-tejo-registam-1079-milhoes-de-prejuizos-agricolas\/\",\"name\":\"Lisboa e Vale do Tejo registam 107,9 milh\u00f5es de preju\u00edzos agr\u00edcolas - Portal Tela Portugal\",\"isPartOf\":{\"@id\":\"https:\/\/portaltela.pt\/#website\"},\"primaryImageOfPage\":{\"@id\":\"https:\/\/portaltela.pt\/noticias\/2026\/02\/19\/lisboa-e-vale-do-tejo-registam-1079-milhoes-de-prejuizos-agricolas\/#primaryimage\"},\"image\":{\"@id\":\"https:\/\/portaltela.pt\/noticias\/2026\/02\/19\/lisboa-e-vale-do-tejo-registam-1079-milhoes-de-prejuizos-agricolas\/#primaryimage\"},\"thumbnailUrl\":\"https:\/\/portaltela.pt\/s.01k8rhncp4jt1\/2026\/02\/img_1500x1000uu2026-02-12-16-14-22-2266502-1.jpg\",\"datePublished\":\"2026-02-19T12:38:21+00:00\",\"author\":{\"@id\":\"https:\/\/portaltela.pt\/#\/schema\/person\/c4278d4a6028830caff9ee44b42d32ed\"},\"breadcrumb\":{\"@id\":\"https:\/\/portaltela.pt\/noticias\/2026\/02\/19\/lisboa-e-vale-do-tejo-registam-1079-milhoes-de-prejuizos-agricolas\/#breadcrumb\"},\"inLanguage\":\"pt-PT\",\"potentialAction\":[{\"@type\":\"ReadAction\",\"target\":[\"https:\/\/portaltela.pt\/noticias\/2026\/02\/19\/lisboa-e-vale-do-tejo-registam-1079-milhoes-de-prejuizos-agricolas\/\"]}]},{\"@type\":\"ImageObject\",\"inLanguage\":\"pt-PT\",\"@id\":\"https:\/\/portaltela.pt\/noticias\/2026\/02\/19\/lisboa-e-vale-do-tejo-registam-1079-milhoes-de-prejuizos-agricolas\/#primaryimage\",\"url\":\"https:\/\/portaltela.pt\/s.01k8rhncp4jt1\/2026\/02\/img_1500x1000uu2026-02-12-16-14-22-2266502-1.jpg\",\"contentUrl\":\"https:\/\/portaltela.pt\/s.01k8rhncp4jt1\/2026\/02\/img_1500x1000uu2026-02-12-16-14-22-2266502-1.jpg\",\"width\":796,\"height\":448,\"caption\":\"Inunda\u00e7\u00f5es provocadas pelas \u00e1guas do rio Mondego em Montemor-o-Velho\"},{\"@type\":\"BreadcrumbList\",\"@id\":\"https:\/\/portaltela.pt\/noticias\/2026\/02\/19\/lisboa-e-vale-do-tejo-registam-1079-milhoes-de-prejuizos-agricolas\/#breadcrumb\",\"itemListElement\":[{\"@type\":\"ListItem\",\"position\":1,\"name\":\"In\u00edcio\",\"item\":\"https:\/\/portaltela.pt\/\"},{\"@type\":\"ListItem\",\"position\":2,\"name\":\"Lisboa e Vale do Tejo registam 107,9 milh\u00f5es de preju\u00edzos agr\u00edcolas\"}]},{\"@type\":\"WebSite\",\"@id\":\"https:\/\/portaltela.pt\/#website\",\"url\":\"https:\/\/portaltela.pt\/\",\"name\":\"Portal Tela Portugal\",\"description\":\"\",\"potentialAction\":[{\"@type\":\"SearchAction\",\"target\":{\"@type\":\"EntryPoint\",\"urlTemplate\":\"https:\/\/portaltela.pt\/?s={search_term_string}\"},\"query-input\":{\"@type\":\"PropertyValueSpecification\",\"valueRequired\":true,\"valueName\":\"search_term_string\"}}],\"inLanguage\":\"pt-PT\"},{\"@type\":\"Person\",\"@id\":\"https:\/\/portaltela.pt\/#\/schema\/person\/c4278d4a6028830caff9ee44b42d32ed\",\"name\":\"Telinha\",\"image\":{\"@type\":\"ImageObject\",\"inLanguage\":\"pt-PT\",\"@id\":\"https:\/\/portaltela.pt\/s.01k8rhncp4jt1\/2025\/11\/talking-bot-125x125.png\",\"url\":\"https:\/\/portaltela.pt\/s.01k8rhncp4jt1\/2025\/11\/talking-bot-125x125.png\",\"contentUrl\":\"https:\/\/portaltela.pt\/s.01k8rhncp4jt1\/2025\/11\/talking-bot-125x125.png\",\"caption\":\"Telinha\"},\"sameAs\":[\"https:\/\/portaltela.pt\/\"],\"url\":\"https:\/\/portaltela.pt\/por\/367410592786\/\"}]}<\/script>\n<!-- \/ Yoast SEO plugin. -->","yoast_head_json":{"title":"Lisboa e Vale do Tejo registam 107,9 milh\u00f5es de preju\u00edzos agr\u00edcolas - Portal Tela Portugal","robots":{"index":"index","follow":"follow","max-snippet":"max-snippet:-1","max-image-preview":"max-image-preview:large","max-video-preview":"max-video-preview:-1"},"og_locale":"pt_PT","og_type":"article","og_title":"Lisboa e Vale do Tejo registam 107,9 milh\u00f5es de preju\u00edzos agr\u00edcolas - Portal Tela Portugal","og_description":"Agricultores de Lisboa e Vale do Tejo declararam 107,9 milh\u00f5es de euros de preju\u00edzos na agricultura causados pelo mau tempo, entre 29 de janeiro e esta quinta-feira, segundo a CCDR. Foram submetidas 1.129 candidaturas aos apoios para repor o potencial produtivo, num montante total de 107,9 milh\u00f5es de euros (pendentes de an\u00e1lise). Setenta e cinco candidaturas ultrapassam o teto de apoio de 400 mil euros, correspondendo a cerca de 55 milh\u00f5es de euros de preju\u00edzo declarado; nove casos superam um milh\u00e3o de euros. A regi\u00e3o mais afetada foi o Oeste, com mais de 42 milh\u00f5es de euros, seguida pela Lez\u00edria do Tejo, M\u00e9dio Tejo, Pen\u00ednsula de Set\u00fabal e Grande Lisboa, com diversas localiza\u00e7\u00f5es detalhadas. Dezoito pessoas morreram em Portugal devido \u00e0s depress\u00f5es Kristin, Leonardo e Marta; a calamidade que afetou 68 concelhos terminou a 15 de fevereiro.","og_url":"https:\/\/portaltela.pt\/noticias\/2026\/02\/19\/lisboa-e-vale-do-tejo-registam-1079-milhoes-de-prejuizos-agricolas\/","og_site_name":"Portal Tela Portugal","article_published_time":"2026-02-19T12:38:21+00:00","author":"Telinha","twitter_card":"summary_large_image","twitter_misc":{"Escrito por":"Telinha","Tempo estimado de leitura":"2 minutos"},"schema":{"@context":"https:\/\/schema.org","@graph":[{"@type":"Article","@id":"https:\/\/portaltela.pt\/noticias\/2026\/02\/19\/lisboa-e-vale-do-tejo-registam-1079-milhoes-de-prejuizos-agricolas\/#article","isPartOf":{"@id":"https:\/\/portaltela.pt\/noticias\/2026\/02\/19\/lisboa-e-vale-do-tejo-registam-1079-milhoes-de-prejuizos-agricolas\/"},"author":{"name":"Telinha","@id":"https:\/\/portaltela.pt\/#\/schema\/person\/c4278d4a6028830caff9ee44b42d32ed"},"headline":"Lisboa e Vale do Tejo registam 107,9 milh\u00f5es de preju\u00edzos agr\u00edcolas","datePublished":"2026-02-19T12:38:21+00:00","mainEntityOfPage":{"@id":"https:\/\/portaltela.pt\/noticias\/2026\/02\/19\/lisboa-e-vale-do-tejo-registam-1079-milhoes-de-prejuizos-agricolas\/"},"wordCount":330,"image":{"@id":"https:\/\/portaltela.pt\/noticias\/2026\/02\/19\/lisboa-e-vale-do-tejo-registam-1079-milhoes-de-prejuizos-agricolas\/#primaryimage"},"thumbnailUrl":"https:\/\/portaltela.pt\/s.01k8rhncp4jt1\/2026\/02\/img_1500x1000uu2026-02-12-16-14-22-2266502-1.jpg","keywords":["agricultura","calamidades","economia","Lisboa","preju\u00edzos","Set\u00fabal"],"articleSection":["Economia","Not\u00edcias"],"inLanguage":"pt-PT"},{"@type":"WebPage","@id":"https:\/\/portaltela.pt\/noticias\/2026\/02\/19\/lisboa-e-vale-do-tejo-registam-1079-milhoes-de-prejuizos-agricolas\/","url":"https:\/\/portaltela.pt\/noticias\/2026\/02\/19\/lisboa-e-vale-do-tejo-registam-1079-milhoes-de-prejuizos-agricolas\/","name":"Lisboa e Vale do Tejo registam 107,9 milh\u00f5es de preju\u00edzos agr\u00edcolas - Portal Tela Portugal","isPartOf":{"@id":"https:\/\/portaltela.pt\/#website"},"primaryImageOfPage":{"@id":"https:\/\/portaltela.pt\/noticias\/2026\/02\/19\/lisboa-e-vale-do-tejo-registam-1079-milhoes-de-prejuizos-agricolas\/#primaryimage"},"image":{"@id":"https:\/\/portaltela.pt\/noticias\/2026\/02\/19\/lisboa-e-vale-do-tejo-registam-1079-milhoes-de-prejuizos-agricolas\/#primaryimage"},"thumbnailUrl":"https:\/\/portaltela.pt\/s.01k8rhncp4jt1\/2026\/02\/img_1500x1000uu2026-02-12-16-14-22-2266502-1.jpg","datePublished":"2026-02-19T12:38:21+00:00","author":{"@id":"https:\/\/portaltela.pt\/#\/schema\/person\/c4278d4a6028830caff9ee44b42d32ed"},"breadcrumb":{"@id":"https:\/\/portaltela.pt\/noticias\/2026\/02\/19\/lisboa-e-vale-do-tejo-registam-1079-milhoes-de-prejuizos-agricolas\/#breadcrumb"},"inLanguage":"pt-PT","potentialAction":[{"@type":"ReadAction","target":["https:\/\/portaltela.pt\/noticias\/2026\/02\/19\/lisboa-e-vale-do-tejo-registam-1079-milhoes-de-prejuizos-agricolas\/"]}]},{"@type":"ImageObject","inLanguage":"pt-PT","@id":"https:\/\/portaltela.pt\/noticias\/2026\/02\/19\/lisboa-e-vale-do-tejo-registam-1079-milhoes-de-prejuizos-agricolas\/#primaryimage","url":"https:\/\/portaltela.pt\/s.01k8rhncp4jt1\/2026\/02\/img_1500x1000uu2026-02-12-16-14-22-2266502-1.jpg","contentUrl":"https:\/\/portaltela.pt\/s.01k8rhncp4jt1\/2026\/02\/img_1500x1000uu2026-02-12-16-14-22-2266502-1.jpg","width":796,"height":448,"caption":"Inunda\u00e7\u00f5es provocadas pelas \u00e1guas do rio Mondego em Montemor-o-Velho"},{"@type":"BreadcrumbList","@id":"https:\/\/portaltela.pt\/noticias\/2026\/02\/19\/lisboa-e-vale-do-tejo-registam-1079-milhoes-de-prejuizos-agricolas\/#breadcrumb","itemListElement":[{"@type":"ListItem","position":1,"name":"In\u00edcio","item":"https:\/\/portaltela.pt\/"},{"@type":"ListItem","position":2,"name":"Lisboa e Vale do Tejo registam 107,9 milh\u00f5es de preju\u00edzos agr\u00edcolas"}]},{"@type":"WebSite","@id":"https:\/\/portaltela.pt\/#website","url":"https:\/\/portaltela.pt\/","name":"Portal Tela Portugal","description":"","potentialAction":[{"@type":"SearchAction","target":{"@type":"EntryPoint","urlTemplate":"https:\/\/portaltela.pt\/?s={search_term_string}"},"query-input":{"@type":"PropertyValueSpecification","valueRequired":true,"valueName":"search_term_string"}}],"inLanguage":"pt-PT"},{"@type":"Person","@id":"https:\/\/portaltela.pt\/#\/schema\/person\/c4278d4a6028830caff9ee44b42d32ed","name":"Telinha","image":{"@type":"ImageObject","inLanguage":"pt-PT","@id":"https:\/\/portaltela.pt\/s.01k8rhncp4jt1\/2025\/11\/talking-bot-125x125.png","url":"https:\/\/portaltela.pt\/s.01k8rhncp4jt1\/2025\/11\/talking-bot-125x125.png","contentUrl":"https:\/\/portaltela.pt\/s.01k8rhncp4jt1\/2025\/11\/talking-bot-125x125.png","caption":"Telinha"},"sameAs":["https:\/\/portaltela.pt\/"],"url":"https:\/\/portaltela.pt\/por\/367410592786\/"}]}},"_links":{"self":[{"href":"https:\/\/portaltela.pt\/api\/wp\/v2\/posts\/217474","targetHints":{"allow":["GET"]}}],"collection":[{"href":"https:\/\/portaltela.pt\/api\/wp\/v2\/posts"}],"about":[{"href":"https:\/\/portaltela.pt\/api\/wp\/v2\/types\/post"}],"author":[{"embeddable":true,"href":"https:\/\/portaltela.pt\/api\/wp\/v2\/users\/2"}],"replies":[{"embeddable":true,"href":"https:\/\/portaltela.pt\/api\/wp\/v2\/comments?post=217474"}],"version-history":[{"count":0,"href":"https:\/\/portaltela.pt\/api\/wp\/v2\/posts\/217474\/revisions"}],"wp:featuredmedia":[{"embeddable":true,"href":"https:\/\/portaltela.pt\/api\/wp\/v2\/media\/217475"}],"wp:attachment":[{"href":"https:\/\/portaltela.pt\/api\/wp\/v2\/media?parent=217474"}],"wp:term":[{"taxonomy":"category","embeddable":true,"href":"https:\/\/portaltela.pt\/api\/wp\/v2\/categories?post=217474"},{"taxonomy":"post_tag","embeddable":true,"href":"https:\/\/portaltela.pt\/api\/wp\/v2\/tags?post=217474"}],"curies":[{"name":"wp","href":"https:\/\/api.w.org\/{rel}","templated":true}]}}