{"id":217464,"date":"2026-02-19T09:33:00","date_gmt":"2026-02-19T12:33:00","guid":{"rendered":"https:\/\/portaltela.pt\/noticias\/2026\/02\/19\/carlos-iii-reage-a-detencao-do-irmao-ex-principe-andre\/"},"modified":"2026-02-19T09:33:00","modified_gmt":"2026-02-19T12:33:00","slug":"carlos-iii-reage-a-detencao-do-irmao-ex-principe-andre","status":"publish","type":"post","link":"https:\/\/portaltela.pt\/noticias\/internacional\/2026\/02\/19\/carlos-iii-reage-a-detencao-do-irmao-ex-principe-andre\/","title":{"rendered":"Carlos III reage \u00e0 deten\u00e7\u00e3o do irm\u00e3o, ex-pr\u00edncipe Andr\u00e9"},"content":{"rendered":"<p>O rei Carlos III reagiu \u00e0 deten\u00e7\u00e3o do irm\u00e3o, o ex-pr\u00edncipe Andr\u00e9, anunciando apoio e coopera\u00e7\u00e3o total com as autoridades. O comunicado, divulgado pela BBC, refere preocupa\u00e7\u00f5es com as suspeitas de conduta impr\u00f3pria no exerc\u00edcio de fun\u00e7\u00f5es p\u00fablicas.<\/p>\n<p>O soberano afirma que o processo deve decorrer de forma completa, justa e adequada, acompanhando o trabalho das autoridades competentes. Reitera ainda que a lei deve seguir o seu curso e que n\u00e3o pretende comentar atualiza\u00e7\u00f5es durante a investiga\u00e7\u00e3o.<\/p>\n<p>Carlos III acrescenta que a fam\u00edlia continuar\u00e1 a cumprir o seu dever, mantendo o servi\u00e7o p\u00fablico como prioridade, enquanto a investiga\u00e7\u00e3o decorre.<\/p>\n<h3>Deten\u00e7\u00e3o e investiga\u00e7\u00e3o<\/h3>\n<p>A Pol\u00edcia do Vale do Tamisa deteve Andrew Mountbatten-Windsor, no dia do seu 66\u00ba anivers\u00e1rio, na resid\u00eancia de Sandringham, em Norfolk. A pol\u00edcia confirmou a deten\u00e7\u00e3o de um homem na casa dos 60 anos por suspeita de m\u00e1 conduta em fun\u00e7\u00f5es p\u00fablicas, sem divulgar a identidade.<\/p>\n<p>A deten\u00e7\u00e3o marca a abertura oficial do inqu\u00e9rito pela m\u00e1 conduta em fun\u00e7\u00f5es p\u00fablicas. O Minist\u00e9rio P\u00fablico brit\u00e2nico indica que, caso haja condena\u00e7\u00e3o, pode implicar pena de pris\u00e3o perp\u00e9tua.<\/p>\n<p>Andrew dever\u00e1 permanecer em deten\u00e7\u00e3o entre 12 e 24 horas para interrogat\u00f3rio, em condi\u00e7\u00f5es padr\u00e3o na cela. A casa real n\u00e3o forneceu detalhes adicionais sobre o andamento do caso.<\/p>\n<h3>Contexto adicional<\/h3>\n<p>As investiga\u00e7\u00f5es tamb\u00e9m envolvem mensagens trocadas, divulgadas pelo Departamento de Justi\u00e7a dos EUA, entre Andrew e Jeffrey Epstein. As comunica\u00e7\u00f5es referem-se a visitas oficiais a Hong Kong, Vietname e Singapura, bem como a potenciais oportunidades de investimento, segundo relatos da imprensa.<\/p>\n<p>Andrew Mountbatten-Windsor \u00e9 o filho do meio de Isabel II e, apesar de ter abdicado de fun\u00e7\u00f5es p\u00fablicas em 2022, tornou-se o primeiro membro da fam\u00edlia real brit\u00e2nica a ser ativamente investigado pela pol\u00edcia. O ex-pr\u00edncipe negou irregularidades e expressou arrependimento pela rela\u00e7\u00e3o com Epstein.<\/p>\n","protected":false},"excerpt":{"rendered":"<ul>\n<li>O rei Carlos III reagiu \u00e0 deten\u00e7\u00e3o do ex-pr\u00edncipe Andr\u00e9, afirmando que a lei deve seguir o seu curso e que as autoridades t\u00eam o nosso apoio e coopera\u00e7\u00e3o total.<\/li>\n<li>Andrew Mountbatten-Windsor foi detido na manh\u00e3 de quinta-feira na casa de Sandringham, aos 66 anos, por suspeita de m\u00e1 conduta no exerc\u00edcio de fun\u00e7\u00f5es p\u00fablicas.<\/li>\n<li>A deten\u00e7\u00e3o coincide com a abertura oficial da investiga\u00e7\u00e3o sobre esse crime, com potencial de pena de pris\u00e3o perpeta se condenado, conforme o Minist\u00e9rio P\u00fablico brit\u00e2nico.<\/li>\n<li>O ex-pr\u00edncipe Andr\u00e9 dever\u00e1 ficar detido entre 12 a 24 horas para interrogat\u00f3rio, sem condi\u00e7\u00f5es especiais na cela.<\/li>\n<li>Andr\u00e9 nega irregularidades, afirma arrepender-se da amizade com Jeffrey Epstein, e a not\u00edcia envolve mensagens trocadas com Epstein sobre visitas oficiais.<\/li>\n<\/ul>\n","protected":false},"author":2,"featured_media":217469,"comment_status":"closed","ping_status":"closed","sticky":false,"template":"","format":"standard","meta":{"footnotes":""},"categories":[4,1],"tags":[4970,4139,64,215,3428,2111],"class_list":["post-217464","post","type-post","status-publish","format-standard","has-post-thumbnail","hentry","category-internacional","category-noticias","tag-andrew-mountbatten-windsor","tag-detencao","tag-familia","tag-investigacao","tag-isabel-ii","tag-reino-unido"],"yoast_head":"<!-- This site is optimized with the Yoast SEO plugin v27.2 - https:\/\/yoast.com\/product\/yoast-seo-wordpress\/ -->\n<title>Carlos III reage \u00e0 deten\u00e7\u00e3o do irm\u00e3o, ex-pr\u00edncipe Andr\u00e9 - Portal Tela Portugal<\/title>\n<meta name=\"robots\" content=\"index, follow, max-snippet:-1, max-image-preview:large, max-video-preview:-1\" \/>\n<meta property=\"og:locale\" content=\"pt_PT\" \/>\n<meta property=\"og:type\" content=\"article\" \/>\n<meta property=\"og:title\" content=\"Carlos III reage \u00e0 deten\u00e7\u00e3o do irm\u00e3o, ex-pr\u00edncipe Andr\u00e9 - Portal Tela Portugal\" \/>\n<meta property=\"og:description\" content=\"O rei Carlos III reagiu \u00e0 deten\u00e7\u00e3o do ex-pr\u00edncipe Andr\u00e9, afirmando que a lei deve seguir o seu curso e que as autoridades t\u00eam o nosso apoio e coopera\u00e7\u00e3o total. Andrew Mountbatten-Windsor foi detido na manh\u00e3 de quinta-feira na casa de Sandringham, aos 66 anos, por suspeita de m\u00e1 conduta no exerc\u00edcio de fun\u00e7\u00f5es p\u00fablicas. A deten\u00e7\u00e3o coincide com a abertura oficial da investiga\u00e7\u00e3o sobre esse crime, com potencial de pena de pris\u00e3o perpeta se condenado, conforme o Minist\u00e9rio P\u00fablico brit\u00e2nico. O ex-pr\u00edncipe Andr\u00e9 dever\u00e1 ficar detido entre 12 a 24 horas para interrogat\u00f3rio, sem condi\u00e7\u00f5es especiais na cela. Andr\u00e9 nega irregularidades, afirma arrepender-se da amizade com Jeffrey Epstein, e a not\u00edcia envolve mensagens trocadas com Epstein sobre visitas oficiais.\" \/>\n<meta property=\"og:url\" content=\"https:\/\/portaltela.pt\/noticias\/2026\/02\/19\/carlos-iii-reage-a-detencao-do-irmao-ex-principe-andre\/\" \/>\n<meta property=\"og:site_name\" content=\"Portal Tela Portugal\" \/>\n<meta property=\"article:published_time\" content=\"2026-02-19T12:33:00+00:00\" \/>\n<meta name=\"author\" content=\"Telinha\" \/>\n<meta name=\"twitter:card\" content=\"summary_large_image\" \/>\n<meta name=\"twitter:label1\" content=\"Escrito por\" \/>\n\t<meta name=\"twitter:data1\" content=\"Telinha\" \/>\n\t<meta name=\"twitter:label2\" content=\"Tempo estimado de leitura\" \/>\n\t<meta name=\"twitter:data2\" content=\"2 minutos\" \/>\n<script type=\"application\/ld+json\" class=\"yoast-schema-graph\">{\"@context\":\"https:\/\/schema.org\",\"@graph\":[{\"@type\":\"Article\",\"@id\":\"https:\/\/portaltela.pt\/noticias\/2026\/02\/19\/carlos-iii-reage-a-detencao-do-irmao-ex-principe-andre\/#article\",\"isPartOf\":{\"@id\":\"https:\/\/portaltela.pt\/noticias\/2026\/02\/19\/carlos-iii-reage-a-detencao-do-irmao-ex-principe-andre\/\"},\"author\":{\"name\":\"Telinha\",\"@id\":\"https:\/\/portaltela.pt\/#\/schema\/person\/c4278d4a6028830caff9ee44b42d32ed\"},\"headline\":\"Carlos III reage \u00e0 deten\u00e7\u00e3o do irm\u00e3o, ex-pr\u00edncipe Andr\u00e9\",\"datePublished\":\"2026-02-19T12:33:00+00:00\",\"mainEntityOfPage\":{\"@id\":\"https:\/\/portaltela.pt\/noticias\/2026\/02\/19\/carlos-iii-reage-a-detencao-do-irmao-ex-principe-andre\/\"},\"wordCount\":349,\"image\":{\"@id\":\"https:\/\/portaltela.pt\/noticias\/2026\/02\/19\/carlos-iii-reage-a-detencao-do-irmao-ex-principe-andre\/#primaryimage\"},\"thumbnailUrl\":\"https:\/\/portaltela.pt\/s.01k8rhncp4jt1\/2026\/02\/2068255.jpg\",\"keywords\":[\"Andrew Mountbatten-Windsor\",\"deten\u00e7\u00e3o\",\"fam\u00edlia\",\"investiga\u00e7\u00e3o\",\"Isabel II\",\"Reino Unido\"],\"articleSection\":[\"Internacional\",\"Not\u00edcias\"],\"inLanguage\":\"pt-PT\"},{\"@type\":\"WebPage\",\"@id\":\"https:\/\/portaltela.pt\/noticias\/2026\/02\/19\/carlos-iii-reage-a-detencao-do-irmao-ex-principe-andre\/\",\"url\":\"https:\/\/portaltela.pt\/noticias\/2026\/02\/19\/carlos-iii-reage-a-detencao-do-irmao-ex-principe-andre\/\",\"name\":\"Carlos III reage \u00e0 deten\u00e7\u00e3o do irm\u00e3o, ex-pr\u00edncipe Andr\u00e9 - Portal Tela Portugal\",\"isPartOf\":{\"@id\":\"https:\/\/portaltela.pt\/#website\"},\"primaryImageOfPage\":{\"@id\":\"https:\/\/portaltela.pt\/noticias\/2026\/02\/19\/carlos-iii-reage-a-detencao-do-irmao-ex-principe-andre\/#primaryimage\"},\"image\":{\"@id\":\"https:\/\/portaltela.pt\/noticias\/2026\/02\/19\/carlos-iii-reage-a-detencao-do-irmao-ex-principe-andre\/#primaryimage\"},\"thumbnailUrl\":\"https:\/\/portaltela.pt\/s.01k8rhncp4jt1\/2026\/02\/2068255.jpg\",\"datePublished\":\"2026-02-19T12:33:00+00:00\",\"author\":{\"@id\":\"https:\/\/portaltela.pt\/#\/schema\/person\/c4278d4a6028830caff9ee44b42d32ed\"},\"breadcrumb\":{\"@id\":\"https:\/\/portaltela.pt\/noticias\/2026\/02\/19\/carlos-iii-reage-a-detencao-do-irmao-ex-principe-andre\/#breadcrumb\"},\"inLanguage\":\"pt-PT\",\"potentialAction\":[{\"@type\":\"ReadAction\",\"target\":[\"https:\/\/portaltela.pt\/noticias\/2026\/02\/19\/carlos-iii-reage-a-detencao-do-irmao-ex-principe-andre\/\"]}]},{\"@type\":\"ImageObject\",\"inLanguage\":\"pt-PT\",\"@id\":\"https:\/\/portaltela.pt\/noticias\/2026\/02\/19\/carlos-iii-reage-a-detencao-do-irmao-ex-principe-andre\/#primaryimage\",\"url\":\"https:\/\/portaltela.pt\/s.01k8rhncp4jt1\/2026\/02\/2068255.jpg\",\"contentUrl\":\"https:\/\/portaltela.pt\/s.01k8rhncp4jt1\/2026\/02\/2068255.jpg\",\"width\":796,\"height\":448,\"caption\":\"Carlos III numa visita nesta quarta-feira em Barking, Londres\"},{\"@type\":\"BreadcrumbList\",\"@id\":\"https:\/\/portaltela.pt\/noticias\/2026\/02\/19\/carlos-iii-reage-a-detencao-do-irmao-ex-principe-andre\/#breadcrumb\",\"itemListElement\":[{\"@type\":\"ListItem\",\"position\":1,\"name\":\"In\u00edcio\",\"item\":\"https:\/\/portaltela.pt\/\"},{\"@type\":\"ListItem\",\"position\":2,\"name\":\"Carlos III reage \u00e0 deten\u00e7\u00e3o do irm\u00e3o, ex-pr\u00edncipe Andr\u00e9\"}]},{\"@type\":\"WebSite\",\"@id\":\"https:\/\/portaltela.pt\/#website\",\"url\":\"https:\/\/portaltela.pt\/\",\"name\":\"Portal Tela Portugal\",\"description\":\"\",\"potentialAction\":[{\"@type\":\"SearchAction\",\"target\":{\"@type\":\"EntryPoint\",\"urlTemplate\":\"https:\/\/portaltela.pt\/?s={search_term_string}\"},\"query-input\":{\"@type\":\"PropertyValueSpecification\",\"valueRequired\":true,\"valueName\":\"search_term_string\"}}],\"inLanguage\":\"pt-PT\"},{\"@type\":\"Person\",\"@id\":\"https:\/\/portaltela.pt\/#\/schema\/person\/c4278d4a6028830caff9ee44b42d32ed\",\"name\":\"Telinha\",\"image\":{\"@type\":\"ImageObject\",\"inLanguage\":\"pt-PT\",\"@id\":\"https:\/\/portaltela.pt\/s.01k8rhncp4jt1\/2025\/11\/talking-bot-125x125.png\",\"url\":\"https:\/\/portaltela.pt\/s.01k8rhncp4jt1\/2025\/11\/talking-bot-125x125.png\",\"contentUrl\":\"https:\/\/portaltela.pt\/s.01k8rhncp4jt1\/2025\/11\/talking-bot-125x125.png\",\"caption\":\"Telinha\"},\"sameAs\":[\"https:\/\/portaltela.pt\/\"],\"url\":\"https:\/\/portaltela.pt\/por\/367410592786\/\"}]}<\/script>\n<!-- \/ Yoast SEO plugin. -->","yoast_head_json":{"title":"Carlos III reage \u00e0 deten\u00e7\u00e3o do irm\u00e3o, ex-pr\u00edncipe Andr\u00e9 - Portal Tela Portugal","robots":{"index":"index","follow":"follow","max-snippet":"max-snippet:-1","max-image-preview":"max-image-preview:large","max-video-preview":"max-video-preview:-1"},"og_locale":"pt_PT","og_type":"article","og_title":"Carlos III reage \u00e0 deten\u00e7\u00e3o do irm\u00e3o, ex-pr\u00edncipe Andr\u00e9 - Portal Tela Portugal","og_description":"O rei Carlos III reagiu \u00e0 deten\u00e7\u00e3o do ex-pr\u00edncipe Andr\u00e9, afirmando que a lei deve seguir o seu curso e que as autoridades t\u00eam o nosso apoio e coopera\u00e7\u00e3o total. Andrew Mountbatten-Windsor foi detido na manh\u00e3 de quinta-feira na casa de Sandringham, aos 66 anos, por suspeita de m\u00e1 conduta no exerc\u00edcio de fun\u00e7\u00f5es p\u00fablicas. A deten\u00e7\u00e3o coincide com a abertura oficial da investiga\u00e7\u00e3o sobre esse crime, com potencial de pena de pris\u00e3o perpeta se condenado, conforme o Minist\u00e9rio P\u00fablico brit\u00e2nico. O ex-pr\u00edncipe Andr\u00e9 dever\u00e1 ficar detido entre 12 a 24 horas para interrogat\u00f3rio, sem condi\u00e7\u00f5es especiais na cela. Andr\u00e9 nega irregularidades, afirma arrepender-se da amizade com Jeffrey Epstein, e a not\u00edcia envolve mensagens trocadas com Epstein sobre visitas oficiais.","og_url":"https:\/\/portaltela.pt\/noticias\/2026\/02\/19\/carlos-iii-reage-a-detencao-do-irmao-ex-principe-andre\/","og_site_name":"Portal Tela Portugal","article_published_time":"2026-02-19T12:33:00+00:00","author":"Telinha","twitter_card":"summary_large_image","twitter_misc":{"Escrito por":"Telinha","Tempo estimado de leitura":"2 minutos"},"schema":{"@context":"https:\/\/schema.org","@graph":[{"@type":"Article","@id":"https:\/\/portaltela.pt\/noticias\/2026\/02\/19\/carlos-iii-reage-a-detencao-do-irmao-ex-principe-andre\/#article","isPartOf":{"@id":"https:\/\/portaltela.pt\/noticias\/2026\/02\/19\/carlos-iii-reage-a-detencao-do-irmao-ex-principe-andre\/"},"author":{"name":"Telinha","@id":"https:\/\/portaltela.pt\/#\/schema\/person\/c4278d4a6028830caff9ee44b42d32ed"},"headline":"Carlos III reage \u00e0 deten\u00e7\u00e3o do irm\u00e3o, ex-pr\u00edncipe Andr\u00e9","datePublished":"2026-02-19T12:33:00+00:00","mainEntityOfPage":{"@id":"https:\/\/portaltela.pt\/noticias\/2026\/02\/19\/carlos-iii-reage-a-detencao-do-irmao-ex-principe-andre\/"},"wordCount":349,"image":{"@id":"https:\/\/portaltela.pt\/noticias\/2026\/02\/19\/carlos-iii-reage-a-detencao-do-irmao-ex-principe-andre\/#primaryimage"},"thumbnailUrl":"https:\/\/portaltela.pt\/s.01k8rhncp4jt1\/2026\/02\/2068255.jpg","keywords":["Andrew Mountbatten-Windsor","deten\u00e7\u00e3o","fam\u00edlia","investiga\u00e7\u00e3o","Isabel II","Reino Unido"],"articleSection":["Internacional","Not\u00edcias"],"inLanguage":"pt-PT"},{"@type":"WebPage","@id":"https:\/\/portaltela.pt\/noticias\/2026\/02\/19\/carlos-iii-reage-a-detencao-do-irmao-ex-principe-andre\/","url":"https:\/\/portaltela.pt\/noticias\/2026\/02\/19\/carlos-iii-reage-a-detencao-do-irmao-ex-principe-andre\/","name":"Carlos III reage \u00e0 deten\u00e7\u00e3o do irm\u00e3o, ex-pr\u00edncipe Andr\u00e9 - Portal Tela Portugal","isPartOf":{"@id":"https:\/\/portaltela.pt\/#website"},"primaryImageOfPage":{"@id":"https:\/\/portaltela.pt\/noticias\/2026\/02\/19\/carlos-iii-reage-a-detencao-do-irmao-ex-principe-andre\/#primaryimage"},"image":{"@id":"https:\/\/portaltela.pt\/noticias\/2026\/02\/19\/carlos-iii-reage-a-detencao-do-irmao-ex-principe-andre\/#primaryimage"},"thumbnailUrl":"https:\/\/portaltela.pt\/s.01k8rhncp4jt1\/2026\/02\/2068255.jpg","datePublished":"2026-02-19T12:33:00+00:00","author":{"@id":"https:\/\/portaltela.pt\/#\/schema\/person\/c4278d4a6028830caff9ee44b42d32ed"},"breadcrumb":{"@id":"https:\/\/portaltela.pt\/noticias\/2026\/02\/19\/carlos-iii-reage-a-detencao-do-irmao-ex-principe-andre\/#breadcrumb"},"inLanguage":"pt-PT","potentialAction":[{"@type":"ReadAction","target":["https:\/\/portaltela.pt\/noticias\/2026\/02\/19\/carlos-iii-reage-a-detencao-do-irmao-ex-principe-andre\/"]}]},{"@type":"ImageObject","inLanguage":"pt-PT","@id":"https:\/\/portaltela.pt\/noticias\/2026\/02\/19\/carlos-iii-reage-a-detencao-do-irmao-ex-principe-andre\/#primaryimage","url":"https:\/\/portaltela.pt\/s.01k8rhncp4jt1\/2026\/02\/2068255.jpg","contentUrl":"https:\/\/portaltela.pt\/s.01k8rhncp4jt1\/2026\/02\/2068255.jpg","width":796,"height":448,"caption":"Carlos III numa visita nesta quarta-feira em Barking, Londres"},{"@type":"BreadcrumbList","@id":"https:\/\/portaltela.pt\/noticias\/2026\/02\/19\/carlos-iii-reage-a-detencao-do-irmao-ex-principe-andre\/#breadcrumb","itemListElement":[{"@type":"ListItem","position":1,"name":"In\u00edcio","item":"https:\/\/portaltela.pt\/"},{"@type":"ListItem","position":2,"name":"Carlos III reage \u00e0 deten\u00e7\u00e3o do irm\u00e3o, ex-pr\u00edncipe Andr\u00e9"}]},{"@type":"WebSite","@id":"https:\/\/portaltela.pt\/#website","url":"https:\/\/portaltela.pt\/","name":"Portal Tela Portugal","description":"","potentialAction":[{"@type":"SearchAction","target":{"@type":"EntryPoint","urlTemplate":"https:\/\/portaltela.pt\/?s={search_term_string}"},"query-input":{"@type":"PropertyValueSpecification","valueRequired":true,"valueName":"search_term_string"}}],"inLanguage":"pt-PT"},{"@type":"Person","@id":"https:\/\/portaltela.pt\/#\/schema\/person\/c4278d4a6028830caff9ee44b42d32ed","name":"Telinha","image":{"@type":"ImageObject","inLanguage":"pt-PT","@id":"https:\/\/portaltela.pt\/s.01k8rhncp4jt1\/2025\/11\/talking-bot-125x125.png","url":"https:\/\/portaltela.pt\/s.01k8rhncp4jt1\/2025\/11\/talking-bot-125x125.png","contentUrl":"https:\/\/portaltela.pt\/s.01k8rhncp4jt1\/2025\/11\/talking-bot-125x125.png","caption":"Telinha"},"sameAs":["https:\/\/portaltela.pt\/"],"url":"https:\/\/portaltela.pt\/por\/367410592786\/"}]}},"_links":{"self":[{"href":"https:\/\/portaltela.pt\/api\/wp\/v2\/posts\/217464","targetHints":{"allow":["GET"]}}],"collection":[{"href":"https:\/\/portaltela.pt\/api\/wp\/v2\/posts"}],"about":[{"href":"https:\/\/portaltela.pt\/api\/wp\/v2\/types\/post"}],"author":[{"embeddable":true,"href":"https:\/\/portaltela.pt\/api\/wp\/v2\/users\/2"}],"replies":[{"embeddable":true,"href":"https:\/\/portaltela.pt\/api\/wp\/v2\/comments?post=217464"}],"version-history":[{"count":0,"href":"https:\/\/portaltela.pt\/api\/wp\/v2\/posts\/217464\/revisions"}],"wp:featuredmedia":[{"embeddable":true,"href":"https:\/\/portaltela.pt\/api\/wp\/v2\/media\/217469"}],"wp:attachment":[{"href":"https:\/\/portaltela.pt\/api\/wp\/v2\/media?parent=217464"}],"wp:term":[{"taxonomy":"category","embeddable":true,"href":"https:\/\/portaltela.pt\/api\/wp\/v2\/categories?post=217464"},{"taxonomy":"post_tag","embeddable":true,"href":"https:\/\/portaltela.pt\/api\/wp\/v2\/tags?post=217464"}],"curies":[{"name":"wp","href":"https:\/\/api.w.org\/{rel}","templated":true}]}}