{"id":217396,"date":"2026-02-19T08:58:00","date_gmt":"2026-02-19T11:58:00","guid":{"rendered":"https:\/\/portaltela.pt\/noticias\/2026\/02\/19\/mau-tempo-reduz-prazo-para-isencao-na-renovacao-do-cartao-de-cidadao\/"},"modified":"2026-02-19T08:58:00","modified_gmt":"2026-02-19T11:58:00","slug":"mau-tempo-reduz-prazo-para-isencao-na-renovacao-do-cartao-de-cidadao","status":"publish","type":"post","link":"https:\/\/portaltela.pt\/noticias\/politica\/2026\/02\/19\/mau-tempo-reduz-prazo-para-isencao-na-renovacao-do-cartao-de-cidadao\/","title":{"rendered":"Mau tempo reduz prazo para isen\u00e7\u00e3o na renova\u00e7\u00e3o do cart\u00e3o de cidad\u00e3o"},"content":{"rendered":"<p>O Governo clarificou as regras da isen\u00e7\u00e3o de taxas na emiss\u00e3o e renova\u00e7\u00e3o do cart\u00e3o de cidad\u00e3o, ap\u00f3s as distrac\u0327\u00f5es provocadas pela tempestade Kristin. O prazo para solicitar a renova\u00e7\u00e3o com isen\u00e7\u00e3o passou a ser 30 dias ap\u00f3s a cessa\u00e7\u00e3o da declara\u00e7\u00e3o de calamidade, aumentando o tempo dispon\u00edvel para os afetados.<\/p>\n<p>A modifica\u00e7\u00e3o foi publicada numa portaria de atualiza\u00e7\u00e3o ao Di\u00e1rio da Rep\u00fablica, tendo em conta a extens\u00e3o dos danos e a prorroga\u00e7\u00e3o da calamidade em v\u00e1rias zonas. A altera\u00e7\u00e3o altera o prazo inicialmente fixado para 31 de Mar\u00e7o, passando a 17 de Mar\u00e7o, conforme o estado da calamidade.<\/p>\n<p>A ordem original, publicada a 6 de Fevereiro, previa a isen\u00e7\u00e3o para cidad\u00e3os com cart\u00f5es de cidad\u00e3o ou bilhetes de identidade vital\u00edcios perdidos, extraviados ou inutilizados por motivos imput\u00e1veis aos fen\u00f3menos adversos da tempestade. Agora o enquadramento inclui documentos danificados por eventos ocorridos nos concelhos abrangidos pela declara\u00e7\u00e3o de calamidade.<\/p>\n<p>A nova reda\u00e7\u00e3o especifica ainda que a isen\u00e7\u00e3o s\u00f3 se aplica desde que n\u00e3o haja altera\u00e7\u00e3o dos dados do titular. A comprova\u00e7\u00e3o do motivo da perda, extravio ou inutiliza\u00e7\u00e3o pode ser feita por meio de declara\u00e7\u00e3o emitida por espa\u00e7os de atendimento nos servi\u00e7os de atendimento ao p\u00fablico, pelo munic\u00edpio ou junta de freguesia, ou por declara\u00e7\u00e3o sob compromisso de honra do titular.<\/p>\n<p>A declara\u00e7\u00e3o de calamidade, emitida ap\u00f3s a passagem de Kristin pela zona Centro, terminou a 15 de Fevereiro e foi prorrogada duas vezes. No total, 68 concelhos foram abrangidos, mais oito do que os 60 iniciais. Alguns munic\u00edpios ficaram de fora e continuam a pedir inclus\u00e3o, com o Governo a considerar novas extens\u00f5es.<\/p>\n<p>O Partido Socialista informou que pretende fundamentar uma reabertura da calamidade at\u00e9 ao final de Junho, dada a dimens\u00e3o dos estragos provocados pelo conjunto de tempestades que atingiu o pa\u00eds desde o fim de Janeiro. A medida visa apoiar a reconstru\u00e7\u00e3o de casas e infraestruturas afetadas.<\/p>\n","protected":false},"excerpt":{"rendered":"<ul>\n<li>A portaria publica reduziu o prazo para pedir isen\u00e7\u00e3o na renova\u00e7\u00e3o do cart\u00e3o de cidad\u00e3o para at\u00e9 17 de mar\u00e7o, em vez de 31 de mar\u00e7o.<\/li>\n<li>A medida aplica-se aos documentos afetados pelos efeitos da tempestade Kristin, abrangendo os concelhos em calamidade e respetivo per\u00edodo de vig\u00eancia.<\/li>\n<li>A isen\u00e7\u00e3o exige que n\u00e3o haja altera\u00e7\u00e3o dos dados do titular e admite comprovativos como declara\u00e7\u00e3o do munic\u00edpio, junta de freguesia ou compromisso de honra do titular.<\/li>\n<li>A declara\u00e7\u00e3o de calamidade terminou a 15 de fevereiro e foi prorrogada duas vezes, abrangendo 68 concelhos.<\/li>\n<li>O Partido Socialista prop\u00f5e manter a situa\u00e7\u00e3o de calamidade at\u00e9 30 de junho, face aos danos causados pelo conjunto de tempestades.<\/li>\n<\/ul>\n","protected":false},"author":2,"featured_media":217403,"comment_status":"closed","ping_status":"closed","sticky":false,"template":"","format":"standard","meta":{"footnotes":""},"categories":[1,5],"tags":[4687,3823,6122,373,34,1221],"class_list":["post-217396","post","type-post","status-publish","format-standard","has-post-thumbnail","hentry","category-noticias","category-politica","tag-calamidade-publica","tag-cartao-de-cidadao","tag-cartoes","tag-concelhos","tag-governo","tag-servicos-publicos"],"yoast_head":"<!-- This site is optimized with the Yoast SEO plugin v27.2 - https:\/\/yoast.com\/product\/yoast-seo-wordpress\/ -->\n<title>Mau tempo reduz prazo para isen\u00e7\u00e3o na renova\u00e7\u00e3o do cart\u00e3o de cidad\u00e3o - Portal Tela Portugal<\/title>\n<meta name=\"robots\" content=\"index, follow, max-snippet:-1, max-image-preview:large, max-video-preview:-1\" \/>\n<meta property=\"og:locale\" content=\"pt_PT\" \/>\n<meta property=\"og:type\" content=\"article\" \/>\n<meta property=\"og:title\" content=\"Mau tempo reduz prazo para isen\u00e7\u00e3o na renova\u00e7\u00e3o do cart\u00e3o de cidad\u00e3o - Portal Tela Portugal\" \/>\n<meta property=\"og:description\" content=\"A portaria publica reduziu o prazo para pedir isen\u00e7\u00e3o na renova\u00e7\u00e3o do cart\u00e3o de cidad\u00e3o para at\u00e9 17 de mar\u00e7o, em vez de 31 de mar\u00e7o. A medida aplica-se aos documentos afetados pelos efeitos da tempestade Kristin, abrangendo os concelhos em calamidade e respetivo per\u00edodo de vig\u00eancia. A isen\u00e7\u00e3o exige que n\u00e3o haja altera\u00e7\u00e3o dos dados do titular e admite comprovativos como declara\u00e7\u00e3o do munic\u00edpio, junta de freguesia ou compromisso de honra do titular. A declara\u00e7\u00e3o de calamidade terminou a 15 de fevereiro e foi prorrogada duas vezes, abrangendo 68 concelhos. O Partido Socialista prop\u00f5e manter a situa\u00e7\u00e3o de calamidade at\u00e9 30 de junho, face aos danos causados pelo conjunto de tempestades.\" \/>\n<meta property=\"og:url\" content=\"https:\/\/portaltela.pt\/noticias\/2026\/02\/19\/mau-tempo-reduz-prazo-para-isencao-na-renovacao-do-cartao-de-cidadao\/\" \/>\n<meta property=\"og:site_name\" content=\"Portal Tela Portugal\" \/>\n<meta property=\"article:published_time\" content=\"2026-02-19T11:58:00+00:00\" \/>\n<meta name=\"author\" content=\"Telinha\" \/>\n<meta name=\"twitter:card\" content=\"summary_large_image\" \/>\n<meta name=\"twitter:label1\" content=\"Escrito por\" \/>\n\t<meta name=\"twitter:data1\" content=\"Telinha\" \/>\n\t<meta name=\"twitter:label2\" content=\"Tempo estimado de leitura\" \/>\n\t<meta name=\"twitter:data2\" content=\"2 minutos\" \/>\n<script type=\"application\/ld+json\" class=\"yoast-schema-graph\">{\"@context\":\"https:\/\/schema.org\",\"@graph\":[{\"@type\":\"Article\",\"@id\":\"https:\/\/portaltela.pt\/noticias\/2026\/02\/19\/mau-tempo-reduz-prazo-para-isencao-na-renovacao-do-cartao-de-cidadao\/#article\",\"isPartOf\":{\"@id\":\"https:\/\/portaltela.pt\/noticias\/2026\/02\/19\/mau-tempo-reduz-prazo-para-isencao-na-renovacao-do-cartao-de-cidadao\/\"},\"author\":{\"name\":\"Telinha\",\"@id\":\"https:\/\/portaltela.pt\/#\/schema\/person\/c4278d4a6028830caff9ee44b42d32ed\"},\"headline\":\"Mau tempo reduz prazo para isen\u00e7\u00e3o na renova\u00e7\u00e3o do cart\u00e3o de cidad\u00e3o\",\"datePublished\":\"2026-02-19T11:58:00+00:00\",\"mainEntityOfPage\":{\"@id\":\"https:\/\/portaltela.pt\/noticias\/2026\/02\/19\/mau-tempo-reduz-prazo-para-isencao-na-renovacao-do-cartao-de-cidadao\/\"},\"wordCount\":370,\"image\":{\"@id\":\"https:\/\/portaltela.pt\/noticias\/2026\/02\/19\/mau-tempo-reduz-prazo-para-isencao-na-renovacao-do-cartao-de-cidadao\/#primaryimage\"},\"thumbnailUrl\":\"https:\/\/portaltela.pt\/s.01k8rhncp4jt1\/2026\/02\/2068224.jpg\",\"keywords\":[\"calamidade p\u00fablica\",\"Cart\u00e3o de Cidad\u00e3o\",\"cart\u00f5es\",\"concelhos\",\"governo\",\"servi\u00e7os p\u00fablicos\"],\"articleSection\":[\"Not\u00edcias\",\"Pol\u00edtica\"],\"inLanguage\":\"pt-PT\"},{\"@type\":\"WebPage\",\"@id\":\"https:\/\/portaltela.pt\/noticias\/2026\/02\/19\/mau-tempo-reduz-prazo-para-isencao-na-renovacao-do-cartao-de-cidadao\/\",\"url\":\"https:\/\/portaltela.pt\/noticias\/2026\/02\/19\/mau-tempo-reduz-prazo-para-isencao-na-renovacao-do-cartao-de-cidadao\/\",\"name\":\"Mau tempo reduz prazo para isen\u00e7\u00e3o na renova\u00e7\u00e3o do cart\u00e3o de cidad\u00e3o - Portal Tela Portugal\",\"isPartOf\":{\"@id\":\"https:\/\/portaltela.pt\/#website\"},\"primaryImageOfPage\":{\"@id\":\"https:\/\/portaltela.pt\/noticias\/2026\/02\/19\/mau-tempo-reduz-prazo-para-isencao-na-renovacao-do-cartao-de-cidadao\/#primaryimage\"},\"image\":{\"@id\":\"https:\/\/portaltela.pt\/noticias\/2026\/02\/19\/mau-tempo-reduz-prazo-para-isencao-na-renovacao-do-cartao-de-cidadao\/#primaryimage\"},\"thumbnailUrl\":\"https:\/\/portaltela.pt\/s.01k8rhncp4jt1\/2026\/02\/2068224.jpg\",\"datePublished\":\"2026-02-19T11:58:00+00:00\",\"author\":{\"@id\":\"https:\/\/portaltela.pt\/#\/schema\/person\/c4278d4a6028830caff9ee44b42d32ed\"},\"breadcrumb\":{\"@id\":\"https:\/\/portaltela.pt\/noticias\/2026\/02\/19\/mau-tempo-reduz-prazo-para-isencao-na-renovacao-do-cartao-de-cidadao\/#breadcrumb\"},\"inLanguage\":\"pt-PT\",\"potentialAction\":[{\"@type\":\"ReadAction\",\"target\":[\"https:\/\/portaltela.pt\/noticias\/2026\/02\/19\/mau-tempo-reduz-prazo-para-isencao-na-renovacao-do-cartao-de-cidadao\/\"]}]},{\"@type\":\"ImageObject\",\"inLanguage\":\"pt-PT\",\"@id\":\"https:\/\/portaltela.pt\/noticias\/2026\/02\/19\/mau-tempo-reduz-prazo-para-isencao-na-renovacao-do-cartao-de-cidadao\/#primaryimage\",\"url\":\"https:\/\/portaltela.pt\/s.01k8rhncp4jt1\/2026\/02\/2068224.jpg\",\"contentUrl\":\"https:\/\/portaltela.pt\/s.01k8rhncp4jt1\/2026\/02\/2068224.jpg\",\"width\":796,\"height\":448,\"caption\":\"Houve centenas de habita\u00e7\u00f5es destru\u00eddas ou danificadas pelo vento, chuva ou inunda\u00e7\u00f5es\"},{\"@type\":\"BreadcrumbList\",\"@id\":\"https:\/\/portaltela.pt\/noticias\/2026\/02\/19\/mau-tempo-reduz-prazo-para-isencao-na-renovacao-do-cartao-de-cidadao\/#breadcrumb\",\"itemListElement\":[{\"@type\":\"ListItem\",\"position\":1,\"name\":\"In\u00edcio\",\"item\":\"https:\/\/portaltela.pt\/\"},{\"@type\":\"ListItem\",\"position\":2,\"name\":\"Mau tempo reduz prazo para isen\u00e7\u00e3o na renova\u00e7\u00e3o do cart\u00e3o de cidad\u00e3o\"}]},{\"@type\":\"WebSite\",\"@id\":\"https:\/\/portaltela.pt\/#website\",\"url\":\"https:\/\/portaltela.pt\/\",\"name\":\"Portal Tela Portugal\",\"description\":\"\",\"potentialAction\":[{\"@type\":\"SearchAction\",\"target\":{\"@type\":\"EntryPoint\",\"urlTemplate\":\"https:\/\/portaltela.pt\/?s={search_term_string}\"},\"query-input\":{\"@type\":\"PropertyValueSpecification\",\"valueRequired\":true,\"valueName\":\"search_term_string\"}}],\"inLanguage\":\"pt-PT\"},{\"@type\":\"Person\",\"@id\":\"https:\/\/portaltela.pt\/#\/schema\/person\/c4278d4a6028830caff9ee44b42d32ed\",\"name\":\"Telinha\",\"image\":{\"@type\":\"ImageObject\",\"inLanguage\":\"pt-PT\",\"@id\":\"https:\/\/portaltela.pt\/s.01k8rhncp4jt1\/2025\/11\/talking-bot-125x125.png\",\"url\":\"https:\/\/portaltela.pt\/s.01k8rhncp4jt1\/2025\/11\/talking-bot-125x125.png\",\"contentUrl\":\"https:\/\/portaltela.pt\/s.01k8rhncp4jt1\/2025\/11\/talking-bot-125x125.png\",\"caption\":\"Telinha\"},\"sameAs\":[\"https:\/\/portaltela.pt\/\"],\"url\":\"https:\/\/portaltela.pt\/por\/367410592786\/\"}]}<\/script>\n<!-- \/ Yoast SEO plugin. -->","yoast_head_json":{"title":"Mau tempo reduz prazo para isen\u00e7\u00e3o na renova\u00e7\u00e3o do cart\u00e3o de cidad\u00e3o - Portal Tela Portugal","robots":{"index":"index","follow":"follow","max-snippet":"max-snippet:-1","max-image-preview":"max-image-preview:large","max-video-preview":"max-video-preview:-1"},"og_locale":"pt_PT","og_type":"article","og_title":"Mau tempo reduz prazo para isen\u00e7\u00e3o na renova\u00e7\u00e3o do cart\u00e3o de cidad\u00e3o - Portal Tela Portugal","og_description":"A portaria publica reduziu o prazo para pedir isen\u00e7\u00e3o na renova\u00e7\u00e3o do cart\u00e3o de cidad\u00e3o para at\u00e9 17 de mar\u00e7o, em vez de 31 de mar\u00e7o. A medida aplica-se aos documentos afetados pelos efeitos da tempestade Kristin, abrangendo os concelhos em calamidade e respetivo per\u00edodo de vig\u00eancia. A isen\u00e7\u00e3o exige que n\u00e3o haja altera\u00e7\u00e3o dos dados do titular e admite comprovativos como declara\u00e7\u00e3o do munic\u00edpio, junta de freguesia ou compromisso de honra do titular. A declara\u00e7\u00e3o de calamidade terminou a 15 de fevereiro e foi prorrogada duas vezes, abrangendo 68 concelhos. O Partido Socialista prop\u00f5e manter a situa\u00e7\u00e3o de calamidade at\u00e9 30 de junho, face aos danos causados pelo conjunto de tempestades.","og_url":"https:\/\/portaltela.pt\/noticias\/2026\/02\/19\/mau-tempo-reduz-prazo-para-isencao-na-renovacao-do-cartao-de-cidadao\/","og_site_name":"Portal Tela Portugal","article_published_time":"2026-02-19T11:58:00+00:00","author":"Telinha","twitter_card":"summary_large_image","twitter_misc":{"Escrito por":"Telinha","Tempo estimado de leitura":"2 minutos"},"schema":{"@context":"https:\/\/schema.org","@graph":[{"@type":"Article","@id":"https:\/\/portaltela.pt\/noticias\/2026\/02\/19\/mau-tempo-reduz-prazo-para-isencao-na-renovacao-do-cartao-de-cidadao\/#article","isPartOf":{"@id":"https:\/\/portaltela.pt\/noticias\/2026\/02\/19\/mau-tempo-reduz-prazo-para-isencao-na-renovacao-do-cartao-de-cidadao\/"},"author":{"name":"Telinha","@id":"https:\/\/portaltela.pt\/#\/schema\/person\/c4278d4a6028830caff9ee44b42d32ed"},"headline":"Mau tempo reduz prazo para isen\u00e7\u00e3o na renova\u00e7\u00e3o do cart\u00e3o de cidad\u00e3o","datePublished":"2026-02-19T11:58:00+00:00","mainEntityOfPage":{"@id":"https:\/\/portaltela.pt\/noticias\/2026\/02\/19\/mau-tempo-reduz-prazo-para-isencao-na-renovacao-do-cartao-de-cidadao\/"},"wordCount":370,"image":{"@id":"https:\/\/portaltela.pt\/noticias\/2026\/02\/19\/mau-tempo-reduz-prazo-para-isencao-na-renovacao-do-cartao-de-cidadao\/#primaryimage"},"thumbnailUrl":"https:\/\/portaltela.pt\/s.01k8rhncp4jt1\/2026\/02\/2068224.jpg","keywords":["calamidade p\u00fablica","Cart\u00e3o de Cidad\u00e3o","cart\u00f5es","concelhos","governo","servi\u00e7os p\u00fablicos"],"articleSection":["Not\u00edcias","Pol\u00edtica"],"inLanguage":"pt-PT"},{"@type":"WebPage","@id":"https:\/\/portaltela.pt\/noticias\/2026\/02\/19\/mau-tempo-reduz-prazo-para-isencao-na-renovacao-do-cartao-de-cidadao\/","url":"https:\/\/portaltela.pt\/noticias\/2026\/02\/19\/mau-tempo-reduz-prazo-para-isencao-na-renovacao-do-cartao-de-cidadao\/","name":"Mau tempo reduz prazo para isen\u00e7\u00e3o na renova\u00e7\u00e3o do cart\u00e3o de cidad\u00e3o - Portal Tela Portugal","isPartOf":{"@id":"https:\/\/portaltela.pt\/#website"},"primaryImageOfPage":{"@id":"https:\/\/portaltela.pt\/noticias\/2026\/02\/19\/mau-tempo-reduz-prazo-para-isencao-na-renovacao-do-cartao-de-cidadao\/#primaryimage"},"image":{"@id":"https:\/\/portaltela.pt\/noticias\/2026\/02\/19\/mau-tempo-reduz-prazo-para-isencao-na-renovacao-do-cartao-de-cidadao\/#primaryimage"},"thumbnailUrl":"https:\/\/portaltela.pt\/s.01k8rhncp4jt1\/2026\/02\/2068224.jpg","datePublished":"2026-02-19T11:58:00+00:00","author":{"@id":"https:\/\/portaltela.pt\/#\/schema\/person\/c4278d4a6028830caff9ee44b42d32ed"},"breadcrumb":{"@id":"https:\/\/portaltela.pt\/noticias\/2026\/02\/19\/mau-tempo-reduz-prazo-para-isencao-na-renovacao-do-cartao-de-cidadao\/#breadcrumb"},"inLanguage":"pt-PT","potentialAction":[{"@type":"ReadAction","target":["https:\/\/portaltela.pt\/noticias\/2026\/02\/19\/mau-tempo-reduz-prazo-para-isencao-na-renovacao-do-cartao-de-cidadao\/"]}]},{"@type":"ImageObject","inLanguage":"pt-PT","@id":"https:\/\/portaltela.pt\/noticias\/2026\/02\/19\/mau-tempo-reduz-prazo-para-isencao-na-renovacao-do-cartao-de-cidadao\/#primaryimage","url":"https:\/\/portaltela.pt\/s.01k8rhncp4jt1\/2026\/02\/2068224.jpg","contentUrl":"https:\/\/portaltela.pt\/s.01k8rhncp4jt1\/2026\/02\/2068224.jpg","width":796,"height":448,"caption":"Houve centenas de habita\u00e7\u00f5es destru\u00eddas ou danificadas pelo vento, chuva ou inunda\u00e7\u00f5es"},{"@type":"BreadcrumbList","@id":"https:\/\/portaltela.pt\/noticias\/2026\/02\/19\/mau-tempo-reduz-prazo-para-isencao-na-renovacao-do-cartao-de-cidadao\/#breadcrumb","itemListElement":[{"@type":"ListItem","position":1,"name":"In\u00edcio","item":"https:\/\/portaltela.pt\/"},{"@type":"ListItem","position":2,"name":"Mau tempo reduz prazo para isen\u00e7\u00e3o na renova\u00e7\u00e3o do cart\u00e3o de cidad\u00e3o"}]},{"@type":"WebSite","@id":"https:\/\/portaltela.pt\/#website","url":"https:\/\/portaltela.pt\/","name":"Portal Tela Portugal","description":"","potentialAction":[{"@type":"SearchAction","target":{"@type":"EntryPoint","urlTemplate":"https:\/\/portaltela.pt\/?s={search_term_string}"},"query-input":{"@type":"PropertyValueSpecification","valueRequired":true,"valueName":"search_term_string"}}],"inLanguage":"pt-PT"},{"@type":"Person","@id":"https:\/\/portaltela.pt\/#\/schema\/person\/c4278d4a6028830caff9ee44b42d32ed","name":"Telinha","image":{"@type":"ImageObject","inLanguage":"pt-PT","@id":"https:\/\/portaltela.pt\/s.01k8rhncp4jt1\/2025\/11\/talking-bot-125x125.png","url":"https:\/\/portaltela.pt\/s.01k8rhncp4jt1\/2025\/11\/talking-bot-125x125.png","contentUrl":"https:\/\/portaltela.pt\/s.01k8rhncp4jt1\/2025\/11\/talking-bot-125x125.png","caption":"Telinha"},"sameAs":["https:\/\/portaltela.pt\/"],"url":"https:\/\/portaltela.pt\/por\/367410592786\/"}]}},"_links":{"self":[{"href":"https:\/\/portaltela.pt\/api\/wp\/v2\/posts\/217396","targetHints":{"allow":["GET"]}}],"collection":[{"href":"https:\/\/portaltela.pt\/api\/wp\/v2\/posts"}],"about":[{"href":"https:\/\/portaltela.pt\/api\/wp\/v2\/types\/post"}],"author":[{"embeddable":true,"href":"https:\/\/portaltela.pt\/api\/wp\/v2\/users\/2"}],"replies":[{"embeddable":true,"href":"https:\/\/portaltela.pt\/api\/wp\/v2\/comments?post=217396"}],"version-history":[{"count":0,"href":"https:\/\/portaltela.pt\/api\/wp\/v2\/posts\/217396\/revisions"}],"wp:featuredmedia":[{"embeddable":true,"href":"https:\/\/portaltela.pt\/api\/wp\/v2\/media\/217403"}],"wp:attachment":[{"href":"https:\/\/portaltela.pt\/api\/wp\/v2\/media?parent=217396"}],"wp:term":[{"taxonomy":"category","embeddable":true,"href":"https:\/\/portaltela.pt\/api\/wp\/v2\/categories?post=217396"},{"taxonomy":"post_tag","embeddable":true,"href":"https:\/\/portaltela.pt\/api\/wp\/v2\/tags?post=217396"}],"curies":[{"name":"wp","href":"https:\/\/api.w.org\/{rel}","templated":true}]}}